{"id":184667,"date":"2026-01-30T13:27:00","date_gmt":"2026-01-30T16:27:00","guid":{"rendered":"https:\/\/portaltela.pt\/noticias\/2026\/01\/30\/investigacao-conclui-suicidio-como-causa-da-morte-do-empresario-pedro-ferraz\/"},"modified":"2026-01-30T13:27:00","modified_gmt":"2026-01-30T16:27:00","slug":"investigacao-conclui-suicidio-como-causa-da-morte-do-empresario-pedro-ferraz","status":"publish","type":"post","link":"https:\/\/portaltela.pt\/noticias\/internacional\/2026\/01\/30\/investigacao-conclui-suicidio-como-causa-da-morte-do-empresario-pedro-ferraz\/","title":{"rendered":"Investiga\u00e7\u00e3o conclui suic\u00eddio como causa da morte do empres\u00e1rio Pedro Ferraz"},"content":{"rendered":"<p>Pedro Ferraz Correia dos Reis, administrador do banco BCI, morreu no dia 19 de janeiro em Maputo, numa casa de banho p\u00fablica do Polana Serena Hotel. A causa foi investigada pelas autoridades portuguesas e mo\u00e7ambicanas, com coopera\u00e7\u00e3o entre os dois pa\u00edses.<\/p>\n<p>A morte ocorreu em Maputo, em Mo\u00e7ambique, e envolveu empresas portuguesas de refer\u00eancia, incluindo o Caixa Geral de Dep\u00f3sitos e o BPI, detentores de participa\u00e7\u00e3o no BCI mo\u00e7ambicano. A not\u00edcia gerou como\u00e7\u00e3o na comunidade portuguesa e mo\u00e7ambicana.<\/p>\n<p>Na segunda-feira seguinte, chegou a Maputo uma equipa portuguesa da Pol\u00edcia Judici\u00e1ria e do Instituto Nacional de Medicina Legal e Ci\u00eancias Forenses, enviada pelo Governo de Portugal, para apoiar a investiga\u00e7\u00e3o.<\/p>\n<h3>Investiga\u00e7\u00e3o conjunta<\/h3>\n<p>Nesta sexta-feira, numa confer\u00eancia de imprensa conjunta da PJ portuguesa e do Servi\u00e7o Nacional de Investiga\u00e7\u00e3o Criminal de Mo\u00e7ambique, foi confirmada a hip\u00f3tese de suic\u00eddio. Inicialmente, devido \u00e0 viol\u00eancia observada, existiam d\u00favidas quanto \u00e0 causa.<\/p>\n<p>Foi realizada inspe\u00e7\u00e3o ao local e v\u00e1rias dilig\u00eancias, conduzidas por equipas de Portugal e Mo\u00e7ambique. As conclus\u00f5es preliminares do SERNIC apontaram para a possibilidade de suic\u00eddio, sem interven\u00e7\u00e3o de terceiros.<\/p>\n<p>O trabalho conjunto de equipas multidisciplinares consolidou os elementos de prova. As informa\u00e7\u00f5es reunidas foram apresentadas, garantindo coer\u00eancia com os acontecimentos.<\/p>\n","protected":false},"excerpt":{"rendered":"<ul>\n<li>Pedro Ferraz Correia dos Reis, administrador do banco BCI (subsidi\u00e1ria mo\u00e7ambicana do grupo CGD e do BPI), cometeu suic\u00eddio num banheiro p\u00fablico do Polana Serena Hotel, em Maputo, no dia 19 de janeiro.<\/li>\n<li>A morte gerou choques na comunidade portuguesa e mo\u00e7ambicana e desencadeou coopera\u00e7\u00e3o entre Portugal e Mo\u00e7ambique na investiga\u00e7\u00e3o.<\/li>\n<li>Uma equipa portuguesa, composta por elementos da Pol\u00edcia Judici\u00e1ria e do Instituto Nacional de Medicina Legal e Ci\u00eancias Forenses, chegou a Mo\u00e7ambique na segunda-feira a pedido do Governo portugu\u00eas.<\/li>\n<li>Em confer\u00eancia conjunta, a PJ portuguesa e o Sernic mo\u00e7ambicano anunciaram que as conclus\u00f5es preliminares apontavam para suic\u00eddio, afastando a interven\u00e7\u00e3o de terceiros.<\/li>\n<li>O trabalho conjunto de equipas multidisciplinares consolidou as provas e apresentou, nesta sexta-feira, as conclus\u00f5es oficiais.<\/li>\n<\/ul>\n","protected":false},"author":2,"featured_media":184690,"comment_status":"closed","ping_status":"closed","sticky":false,"template":"","format":"standard","meta":{"footnotes":""},"categories":[4,1],"tags":[3171,256,215,1911,1802],"class_list":["post-184667","post","type-post","status-publish","format-standard","has-post-thumbnail","hentry","category-internacional","category-noticias","tag-caixa-geral-de-depositos","tag-cooperacao-internacional","tag-investigacao","tag-mocambique","tag-policia-judiciaria"],"yoast_head":"<!-- This site is optimized with the Yoast SEO plugin v27.2 - https:\/\/yoast.com\/product\/yoast-seo-wordpress\/ -->\n<title>Investiga\u00e7\u00e3o conclui suic\u00eddio como causa da morte do empres\u00e1rio Pedro Ferraz - Portal Tela Portugal<\/title>\n<meta name=\"robots\" content=\"index, follow, max-snippet:-1, max-image-preview:large, max-video-preview:-1\" \/>\n<meta property=\"og:locale\" content=\"pt_PT\" \/>\n<meta property=\"og:type\" content=\"article\" \/>\n<meta property=\"og:title\" content=\"Investiga\u00e7\u00e3o conclui suic\u00eddio como causa da morte do empres\u00e1rio Pedro Ferraz - Portal Tela Portugal\" \/>\n<meta property=\"og:description\" content=\"Pedro Ferraz Correia dos Reis, administrador do banco BCI (subsidi\u00e1ria mo\u00e7ambicana do grupo CGD e do BPI), cometeu suic\u00eddio num banheiro p\u00fablico do Polana Serena Hotel, em Maputo, no dia 19 de janeiro. A morte gerou choques na comunidade portuguesa e mo\u00e7ambicana e desencadeou coopera\u00e7\u00e3o entre Portugal e Mo\u00e7ambique na investiga\u00e7\u00e3o. Uma equipa portuguesa, composta por elementos da Pol\u00edcia Judici\u00e1ria e do Instituto Nacional de Medicina Legal e Ci\u00eancias Forenses, chegou a Mo\u00e7ambique na segunda-feira a pedido do Governo portugu\u00eas. Em confer\u00eancia conjunta, a PJ portuguesa e o Sernic mo\u00e7ambicano anunciaram que as conclus\u00f5es preliminares apontavam para suic\u00eddio, afastando a interven\u00e7\u00e3o de terceiros. O trabalho conjunto de equipas multidisciplinares consolidou as provas e apresentou, nesta sexta-feira, as conclus\u00f5es oficiais.\" \/>\n<meta property=\"og:url\" content=\"https:\/\/portaltela.pt\/noticias\/2026\/01\/30\/investigacao-conclui-suicidio-como-causa-da-morte-do-empresario-pedro-ferraz\/\" \/>\n<meta property=\"og:site_name\" content=\"Portal Tela Portugal\" \/>\n<meta property=\"article:published_time\" content=\"2026-01-30T16:27:00+00:00\" \/>\n<meta name=\"author\" content=\"Telinha\" \/>\n<meta name=\"twitter:card\" content=\"summary_large_image\" \/>\n<meta name=\"twitter:label1\" content=\"Escrito por\" \/>\n\t<meta name=\"twitter:data1\" content=\"Telinha\" \/>\n\t<meta name=\"twitter:label2\" content=\"Tempo estimado de leitura\" \/>\n\t<meta name=\"twitter:data2\" content=\"1 minuto\" \/>\n<script type=\"application\/ld+json\" class=\"yoast-schema-graph\">{\"@context\":\"https:\/\/schema.org\",\"@graph\":[{\"@type\":\"Article\",\"@id\":\"https:\/\/portaltela.pt\/noticias\/2026\/01\/30\/investigacao-conclui-suicidio-como-causa-da-morte-do-empresario-pedro-ferraz\/#article\",\"isPartOf\":{\"@id\":\"https:\/\/portaltela.pt\/noticias\/2026\/01\/30\/investigacao-conclui-suicidio-como-causa-da-morte-do-empresario-pedro-ferraz\/\"},\"author\":{\"name\":\"Telinha\",\"@id\":\"https:\/\/portaltela.pt\/#\/schema\/person\/c4278d4a6028830caff9ee44b42d32ed\"},\"headline\":\"Investiga\u00e7\u00e3o conclui suic\u00eddio como causa da morte do empres\u00e1rio Pedro Ferraz\",\"datePublished\":\"2026-01-30T16:27:00+00:00\",\"mainEntityOfPage\":{\"@id\":\"https:\/\/portaltela.pt\/noticias\/2026\/01\/30\/investigacao-conclui-suicidio-como-causa-da-morte-do-empresario-pedro-ferraz\/\"},\"wordCount\":242,\"image\":{\"@id\":\"https:\/\/portaltela.pt\/noticias\/2026\/01\/30\/investigacao-conclui-suicidio-como-causa-da-morte-do-empresario-pedro-ferraz\/#primaryimage\"},\"thumbnailUrl\":\"https:\/\/portaltela.pt\/s.01k8rhncp4jt1\/2026\/01\/image-2136.jpg\",\"keywords\":[\"Caixa Geral de Dep\u00f3sitos\",\"coopera\u00e7\u00e3o internacional\",\"investiga\u00e7\u00e3o\",\"Mo\u00e7ambique\",\"Pol\u00edcia Judici\u00e1ria\"],\"articleSection\":[\"Internacional\",\"Not\u00edcias\"],\"inLanguage\":\"pt-PT\"},{\"@type\":\"WebPage\",\"@id\":\"https:\/\/portaltela.pt\/noticias\/2026\/01\/30\/investigacao-conclui-suicidio-como-causa-da-morte-do-empresario-pedro-ferraz\/\",\"url\":\"https:\/\/portaltela.pt\/noticias\/2026\/01\/30\/investigacao-conclui-suicidio-como-causa-da-morte-do-empresario-pedro-ferraz\/\",\"name\":\"Investiga\u00e7\u00e3o conclui suic\u00eddio como causa da morte do empres\u00e1rio Pedro Ferraz - Portal Tela Portugal\",\"isPartOf\":{\"@id\":\"https:\/\/portaltela.pt\/#website\"},\"primaryImageOfPage\":{\"@id\":\"https:\/\/portaltela.pt\/noticias\/2026\/01\/30\/investigacao-conclui-suicidio-como-causa-da-morte-do-empresario-pedro-ferraz\/#primaryimage\"},\"image\":{\"@id\":\"https:\/\/portaltela.pt\/noticias\/2026\/01\/30\/investigacao-conclui-suicidio-como-causa-da-morte-do-empresario-pedro-ferraz\/#primaryimage\"},\"thumbnailUrl\":\"https:\/\/portaltela.pt\/s.01k8rhncp4jt1\/2026\/01\/image-2136.jpg\",\"datePublished\":\"2026-01-30T16:27:00+00:00\",\"author\":{\"@id\":\"https:\/\/portaltela.pt\/#\/schema\/person\/c4278d4a6028830caff9ee44b42d32ed\"},\"breadcrumb\":{\"@id\":\"https:\/\/portaltela.pt\/noticias\/2026\/01\/30\/investigacao-conclui-suicidio-como-causa-da-morte-do-empresario-pedro-ferraz\/#breadcrumb\"},\"inLanguage\":\"pt-PT\",\"potentialAction\":[{\"@type\":\"ReadAction\",\"target\":[\"https:\/\/portaltela.pt\/noticias\/2026\/01\/30\/investigacao-conclui-suicidio-como-causa-da-morte-do-empresario-pedro-ferraz\/\"]}]},{\"@type\":\"ImageObject\",\"inLanguage\":\"pt-PT\",\"@id\":\"https:\/\/portaltela.pt\/noticias\/2026\/01\/30\/investigacao-conclui-suicidio-como-causa-da-morte-do-empresario-pedro-ferraz\/#primaryimage\",\"url\":\"https:\/\/portaltela.pt\/s.01k8rhncp4jt1\/2026\/01\/image-2136.jpg\",\"contentUrl\":\"https:\/\/portaltela.pt\/s.01k8rhncp4jt1\/2026\/01\/image-2136.jpg\",\"width\":796,\"height\":448,\"caption\":\"Morte de Pedro Ferraz Correia dos Reis chocou a comunidade portuguesa e mo\u00e7ambicana\"},{\"@type\":\"BreadcrumbList\",\"@id\":\"https:\/\/portaltela.pt\/noticias\/2026\/01\/30\/investigacao-conclui-suicidio-como-causa-da-morte-do-empresario-pedro-ferraz\/#breadcrumb\",\"itemListElement\":[{\"@type\":\"ListItem\",\"position\":1,\"name\":\"In\u00edcio\",\"item\":\"https:\/\/portaltela.pt\/\"},{\"@type\":\"ListItem\",\"position\":2,\"name\":\"Investiga\u00e7\u00e3o conclui suic\u00eddio como causa da morte do empres\u00e1rio Pedro Ferraz\"}]},{\"@type\":\"WebSite\",\"@id\":\"https:\/\/portaltela.pt\/#website\",\"url\":\"https:\/\/portaltela.pt\/\",\"name\":\"Portal Tela Portugal\",\"description\":\"\",\"potentialAction\":[{\"@type\":\"SearchAction\",\"target\":{\"@type\":\"EntryPoint\",\"urlTemplate\":\"https:\/\/portaltela.pt\/?s={search_term_string}\"},\"query-input\":{\"@type\":\"PropertyValueSpecification\",\"valueRequired\":true,\"valueName\":\"search_term_string\"}}],\"inLanguage\":\"pt-PT\"},{\"@type\":\"Person\",\"@id\":\"https:\/\/portaltela.pt\/#\/schema\/person\/c4278d4a6028830caff9ee44b42d32ed\",\"name\":\"Telinha\",\"image\":{\"@type\":\"ImageObject\",\"inLanguage\":\"pt-PT\",\"@id\":\"https:\/\/portaltela.pt\/s.01k8rhncp4jt1\/2025\/11\/talking-bot-125x125.png\",\"url\":\"https:\/\/portaltela.pt\/s.01k8rhncp4jt1\/2025\/11\/talking-bot-125x125.png\",\"contentUrl\":\"https:\/\/portaltela.pt\/s.01k8rhncp4jt1\/2025\/11\/talking-bot-125x125.png\",\"caption\":\"Telinha\"},\"sameAs\":[\"https:\/\/portaltela.pt\/\"],\"url\":\"https:\/\/portaltela.pt\/por\/367410592786\/\"}]}<\/script>\n<!-- \/ Yoast SEO plugin. -->","yoast_head_json":{"title":"Investiga\u00e7\u00e3o conclui suic\u00eddio como causa da morte do empres\u00e1rio Pedro Ferraz - Portal Tela Portugal","robots":{"index":"index","follow":"follow","max-snippet":"max-snippet:-1","max-image-preview":"max-image-preview:large","max-video-preview":"max-video-preview:-1"},"og_locale":"pt_PT","og_type":"article","og_title":"Investiga\u00e7\u00e3o conclui suic\u00eddio como causa da morte do empres\u00e1rio Pedro Ferraz - Portal Tela Portugal","og_description":"Pedro Ferraz Correia dos Reis, administrador do banco BCI (subsidi\u00e1ria mo\u00e7ambicana do grupo CGD e do BPI), cometeu suic\u00eddio num banheiro p\u00fablico do Polana Serena Hotel, em Maputo, no dia 19 de janeiro. A morte gerou choques na comunidade portuguesa e mo\u00e7ambicana e desencadeou coopera\u00e7\u00e3o entre Portugal e Mo\u00e7ambique na investiga\u00e7\u00e3o. Uma equipa portuguesa, composta por elementos da Pol\u00edcia Judici\u00e1ria e do Instituto Nacional de Medicina Legal e Ci\u00eancias Forenses, chegou a Mo\u00e7ambique na segunda-feira a pedido do Governo portugu\u00eas. Em confer\u00eancia conjunta, a PJ portuguesa e o Sernic mo\u00e7ambicano anunciaram que as conclus\u00f5es preliminares apontavam para suic\u00eddio, afastando a interven\u00e7\u00e3o de terceiros. O trabalho conjunto de equipas multidisciplinares consolidou as provas e apresentou, nesta sexta-feira, as conclus\u00f5es oficiais.","og_url":"https:\/\/portaltela.pt\/noticias\/2026\/01\/30\/investigacao-conclui-suicidio-como-causa-da-morte-do-empresario-pedro-ferraz\/","og_site_name":"Portal Tela Portugal","article_published_time":"2026-01-30T16:27:00+00:00","author":"Telinha","twitter_card":"summary_large_image","twitter_misc":{"Escrito por":"Telinha","Tempo estimado de leitura":"1 minuto"},"schema":{"@context":"https:\/\/schema.org","@graph":[{"@type":"Article","@id":"https:\/\/portaltela.pt\/noticias\/2026\/01\/30\/investigacao-conclui-suicidio-como-causa-da-morte-do-empresario-pedro-ferraz\/#article","isPartOf":{"@id":"https:\/\/portaltela.pt\/noticias\/2026\/01\/30\/investigacao-conclui-suicidio-como-causa-da-morte-do-empresario-pedro-ferraz\/"},"author":{"name":"Telinha","@id":"https:\/\/portaltela.pt\/#\/schema\/person\/c4278d4a6028830caff9ee44b42d32ed"},"headline":"Investiga\u00e7\u00e3o conclui suic\u00eddio como causa da morte do empres\u00e1rio Pedro Ferraz","datePublished":"2026-01-30T16:27:00+00:00","mainEntityOfPage":{"@id":"https:\/\/portaltela.pt\/noticias\/2026\/01\/30\/investigacao-conclui-suicidio-como-causa-da-morte-do-empresario-pedro-ferraz\/"},"wordCount":242,"image":{"@id":"https:\/\/portaltela.pt\/noticias\/2026\/01\/30\/investigacao-conclui-suicidio-como-causa-da-morte-do-empresario-pedro-ferraz\/#primaryimage"},"thumbnailUrl":"https:\/\/portaltela.pt\/s.01k8rhncp4jt1\/2026\/01\/image-2136.jpg","keywords":["Caixa Geral de Dep\u00f3sitos","coopera\u00e7\u00e3o internacional","investiga\u00e7\u00e3o","Mo\u00e7ambique","Pol\u00edcia Judici\u00e1ria"],"articleSection":["Internacional","Not\u00edcias"],"inLanguage":"pt-PT"},{"@type":"WebPage","@id":"https:\/\/portaltela.pt\/noticias\/2026\/01\/30\/investigacao-conclui-suicidio-como-causa-da-morte-do-empresario-pedro-ferraz\/","url":"https:\/\/portaltela.pt\/noticias\/2026\/01\/30\/investigacao-conclui-suicidio-como-causa-da-morte-do-empresario-pedro-ferraz\/","name":"Investiga\u00e7\u00e3o conclui suic\u00eddio como causa da morte do empres\u00e1rio Pedro Ferraz - Portal Tela Portugal","isPartOf":{"@id":"https:\/\/portaltela.pt\/#website"},"primaryImageOfPage":{"@id":"https:\/\/portaltela.pt\/noticias\/2026\/01\/30\/investigacao-conclui-suicidio-como-causa-da-morte-do-empresario-pedro-ferraz\/#primaryimage"},"image":{"@id":"https:\/\/portaltela.pt\/noticias\/2026\/01\/30\/investigacao-conclui-suicidio-como-causa-da-morte-do-empresario-pedro-ferraz\/#primaryimage"},"thumbnailUrl":"https:\/\/portaltela.pt\/s.01k8rhncp4jt1\/2026\/01\/image-2136.jpg","datePublished":"2026-01-30T16:27:00+00:00","author":{"@id":"https:\/\/portaltela.pt\/#\/schema\/person\/c4278d4a6028830caff9ee44b42d32ed"},"breadcrumb":{"@id":"https:\/\/portaltela.pt\/noticias\/2026\/01\/30\/investigacao-conclui-suicidio-como-causa-da-morte-do-empresario-pedro-ferraz\/#breadcrumb"},"inLanguage":"pt-PT","potentialAction":[{"@type":"ReadAction","target":["https:\/\/portaltela.pt\/noticias\/2026\/01\/30\/investigacao-conclui-suicidio-como-causa-da-morte-do-empresario-pedro-ferraz\/"]}]},{"@type":"ImageObject","inLanguage":"pt-PT","@id":"https:\/\/portaltela.pt\/noticias\/2026\/01\/30\/investigacao-conclui-suicidio-como-causa-da-morte-do-empresario-pedro-ferraz\/#primaryimage","url":"https:\/\/portaltela.pt\/s.01k8rhncp4jt1\/2026\/01\/image-2136.jpg","contentUrl":"https:\/\/portaltela.pt\/s.01k8rhncp4jt1\/2026\/01\/image-2136.jpg","width":796,"height":448,"caption":"Morte de Pedro Ferraz Correia dos Reis chocou a comunidade portuguesa e mo\u00e7ambicana"},{"@type":"BreadcrumbList","@id":"https:\/\/portaltela.pt\/noticias\/2026\/01\/30\/investigacao-conclui-suicidio-como-causa-da-morte-do-empresario-pedro-ferraz\/#breadcrumb","itemListElement":[{"@type":"ListItem","position":1,"name":"In\u00edcio","item":"https:\/\/portaltela.pt\/"},{"@type":"ListItem","position":2,"name":"Investiga\u00e7\u00e3o conclui suic\u00eddio como causa da morte do empres\u00e1rio Pedro Ferraz"}]},{"@type":"WebSite","@id":"https:\/\/portaltela.pt\/#website","url":"https:\/\/portaltela.pt\/","name":"Portal Tela Portugal","description":"","potentialAction":[{"@type":"SearchAction","target":{"@type":"EntryPoint","urlTemplate":"https:\/\/portaltela.pt\/?s={search_term_string}"},"query-input":{"@type":"PropertyValueSpecification","valueRequired":true,"valueName":"search_term_string"}}],"inLanguage":"pt-PT"},{"@type":"Person","@id":"https:\/\/portaltela.pt\/#\/schema\/person\/c4278d4a6028830caff9ee44b42d32ed","name":"Telinha","image":{"@type":"ImageObject","inLanguage":"pt-PT","@id":"https:\/\/portaltela.pt\/s.01k8rhncp4jt1\/2025\/11\/talking-bot-125x125.png","url":"https:\/\/portaltela.pt\/s.01k8rhncp4jt1\/2025\/11\/talking-bot-125x125.png","contentUrl":"https:\/\/portaltela.pt\/s.01k8rhncp4jt1\/2025\/11\/talking-bot-125x125.png","caption":"Telinha"},"sameAs":["https:\/\/portaltela.pt\/"],"url":"https:\/\/portaltela.pt\/por\/367410592786\/"}]}},"_links":{"self":[{"href":"https:\/\/portaltela.pt\/api\/wp\/v2\/posts\/184667","targetHints":{"allow":["GET"]}}],"collection":[{"href":"https:\/\/portaltela.pt\/api\/wp\/v2\/posts"}],"about":[{"href":"https:\/\/portaltela.pt\/api\/wp\/v2\/types\/post"}],"author":[{"embeddable":true,"href":"https:\/\/portaltela.pt\/api\/wp\/v2\/users\/2"}],"replies":[{"embeddable":true,"href":"https:\/\/portaltela.pt\/api\/wp\/v2\/comments?post=184667"}],"version-history":[{"count":0,"href":"https:\/\/portaltela.pt\/api\/wp\/v2\/posts\/184667\/revisions"}],"wp:featuredmedia":[{"embeddable":true,"href":"https:\/\/portaltela.pt\/api\/wp\/v2\/media\/184690"}],"wp:attachment":[{"href":"https:\/\/portaltela.pt\/api\/wp\/v2\/media?parent=184667"}],"wp:term":[{"taxonomy":"category","embeddable":true,"href":"https:\/\/portaltela.pt\/api\/wp\/v2\/categories?post=184667"},{"taxonomy":"post_tag","embeddable":true,"href":"https:\/\/portaltela.pt\/api\/wp\/v2\/tags?post=184667"}],"curies":[{"name":"wp","href":"https:\/\/api.w.org\/{rel}","templated":true}]}}