{"id":184638,"date":"2026-01-30T13:15:00","date_gmt":"2026-01-30T16:15:00","guid":{"rendered":"https:\/\/portaltela.pt\/noticias\/2026\/01\/30\/recante-apresenta-abordagem-ao-cante-alentejano-em-espetaculo-na-casa-do-alentejo\/"},"modified":"2026-01-30T13:15:00","modified_gmt":"2026-01-30T16:15:00","slug":"recante-apresenta-abordagem-ao-cante-alentejano-em-espetaculo-na-casa-do-alentejo","status":"publish","type":"post","link":"https:\/\/portaltela.pt\/noticias\/2026\/01\/30\/recante-apresenta-abordagem-ao-cante-alentejano-em-espetaculo-na-casa-do-alentejo\/","title":{"rendered":"Recante apresenta abordagem ao cante alentejano em espet\u00e1culo na Casa do Alentejo"},"content":{"rendered":"<p>Os Recante v\u00e3o estrear-se na Casa do Alentejo, em Lisboa, num concerto a 28 de fevereiro \u00e0s 21h30. A atua\u00e7\u00e3o prop\u00f5e uma fus\u00e3o entre o cancioneiro alentejano e influ\u00eancias de electr\u00f3nica e experimenta\u00e7\u00e3o contempor\u00e2nea. O projeto nasceu em 2023 e tem explorado novas abordagens a partir da tradi\u00e7\u00e3o.<\/p>\n<p>A banda desenvolve uma sonoridade que usa o cante alentejano como base, mantendo o respeito pelo cancioneiro e considerando a tradi\u00e7\u00e3o como um organismo vivo. Maria, a vocalista, afirma a vontade de experimentar, sem deixar de lado a raiz musical.<\/p>\n<p>Desde a sua cria\u00e7\u00e3o, os Recante atuaram em palcos nacionais e internacionais, incluindo o Cineteatro de Almod\u00f4var e o Teatro Municipal de Portim\u00e3o, bem como em festivais como Festival F, Festival Perif\u00e9rico e o Festival de Literatura de S\u00e3o Tom\u00e9 e Pr\u00edncipe.<\/p>\n<h3>Participa\u00e7\u00e3o do Grupo Coral Ra\u00edzes do Cante<\/h3>\n<p>O concerto na Casa do Alentejo contar\u00e1 com o Grupo Coral Ra\u00edzes do Cante, de Cuba, numa interse\u00e7\u00e3o entre tradi\u00e7\u00e3o coral e a abordagem contempor\u00e2nea dos Recante. O encontro enriquece o programa.<\/p>\n<p>Para a vocalista, atuar neste espa\u00e7o tem um significado simb\u00f3lico, ligado \u00e0 mem\u00f3ria e \u00e0 identidade do local. Lu\u00eds Caracinha, guitarrista e fundador, indica que o espet\u00e1culo convida o p\u00fablico a uma viagem sonora diferente da pop.<\/p>\n<p>A casa de mem\u00f3ria alentejana recebe a apresenta\u00e7\u00e3o, num espa\u00e7o que separa o tradicional do moderno. O objetivo \u00e9 manter a m\u00fasica viva e em di\u00e1logo com o tempo. O concerto \u00e9 organizado pela associa\u00e7\u00e3o A Tal Emersa.<\/p>\n<p>A produ\u00e7\u00e3o \u00e9 da Epopeia Records, em co-produ\u00e7\u00e3o com a Casa do Alentejo, com apoio da C\u00e2mara Municipal da Cuba. Os bilhetes j\u00e1 est\u00e3o dispon\u00edveis para venda.<\/p>\n","protected":false},"excerpt":{"rendered":"<ul>\n<li>Recante estreia-se na Casa do Alentejo, em Lisboa, no dia 28 de fevereiro \u00e0s 21h30, num concerto que funde a can\u00e7\u00e3o alentejana com eletr\u00f3nica e experimenta\u00e7\u00e3o contempor\u00e2nea.<\/li>\n<li>O projeto, criado em 2023, desenvolve uma sonoridade que parte do cancioneiro alentejano, mantendo o respeito pelo patrim\u00f3nio e considerando a tradi\u00e7\u00e3o como organismo vivo.<\/li>\n<li>O concerto conta com a participa\u00e7\u00e3o do Grupo Coral Ra\u00edzes do Cante, de Cuba, que une tradi\u00e7\u00e3o coral a abordagens mais modernas dos Recante.<\/li>\n<li>A organiza\u00e7\u00e3o \u00e9 da associa\u00e7\u00e3o A Tal Emersa, com produ\u00e7\u00e3o da Epopeia Records em co-produ\u00e7\u00e3o com a Casa do Alentejo, e apoio da C\u00e2mara Municipal da Cuba.<\/li>\n<li>Maria Jo\u00e3o Jones afirma que o grupo est\u00e1 em constru\u00e7\u00e3o permanente e que pretende manter a m\u00fasica viva e em di\u00e1logo com o tempo.<\/li>\n<\/ul>\n","protected":false},"author":2,"featured_media":184658,"comment_status":"closed","ping_status":"closed","sticky":false,"template":"","format":"standard","meta":{"footnotes":""},"categories":[1],"tags":[883,2491,593,3674,981,122],"class_list":["post-184638","post","type-post","status-publish","format-standard","has-post-thumbnail","hentry","category-noticias","tag-alentejo","tag-cante-alentejano","tag-concertos","tag-festival","tag-lisboa","tag-musica"],"yoast_head":"<!-- This site is optimized with the Yoast SEO plugin v27.2 - https:\/\/yoast.com\/product\/yoast-seo-wordpress\/ -->\n<title>Recante apresenta abordagem ao cante alentejano em espet\u00e1culo na Casa do Alentejo - Portal Tela Portugal<\/title>\n<meta name=\"robots\" content=\"index, follow, max-snippet:-1, max-image-preview:large, max-video-preview:-1\" \/>\n<meta property=\"og:locale\" content=\"pt_PT\" \/>\n<meta property=\"og:type\" content=\"article\" \/>\n<meta property=\"og:title\" content=\"Recante apresenta abordagem ao cante alentejano em espet\u00e1culo na Casa do Alentejo - Portal Tela Portugal\" \/>\n<meta property=\"og:description\" content=\"Recante estreia-se na Casa do Alentejo, em Lisboa, no dia 28 de fevereiro \u00e0s 21h30, num concerto que funde a can\u00e7\u00e3o alentejana com eletr\u00f3nica e experimenta\u00e7\u00e3o contempor\u00e2nea. O projeto, criado em 2023, desenvolve uma sonoridade que parte do cancioneiro alentejano, mantendo o respeito pelo patrim\u00f3nio e considerando a tradi\u00e7\u00e3o como organismo vivo. O concerto conta com a participa\u00e7\u00e3o do Grupo Coral Ra\u00edzes do Cante, de Cuba, que une tradi\u00e7\u00e3o coral a abordagens mais modernas dos Recante. A organiza\u00e7\u00e3o \u00e9 da associa\u00e7\u00e3o A Tal Emersa, com produ\u00e7\u00e3o da Epopeia Records em co-produ\u00e7\u00e3o com a Casa do Alentejo, e apoio da C\u00e2mara Municipal da Cuba. Maria Jo\u00e3o Jones afirma que o grupo est\u00e1 em constru\u00e7\u00e3o permanente e que pretende manter a m\u00fasica viva e em di\u00e1logo com o tempo.\" \/>\n<meta property=\"og:url\" content=\"https:\/\/portaltela.pt\/noticias\/2026\/01\/30\/recante-apresenta-abordagem-ao-cante-alentejano-em-espetaculo-na-casa-do-alentejo\/\" \/>\n<meta property=\"og:site_name\" content=\"Portal Tela Portugal\" \/>\n<meta property=\"article:published_time\" content=\"2026-01-30T16:15:00+00:00\" \/>\n<meta name=\"author\" content=\"Telinha\" \/>\n<meta name=\"twitter:card\" content=\"summary_large_image\" \/>\n<meta name=\"twitter:label1\" content=\"Escrito por\" \/>\n\t<meta name=\"twitter:data1\" content=\"Telinha\" \/>\n\t<meta name=\"twitter:label2\" content=\"Tempo estimado de leitura\" \/>\n\t<meta name=\"twitter:data2\" content=\"2 minutos\" \/>\n<script type=\"application\/ld+json\" class=\"yoast-schema-graph\">{\"@context\":\"https:\/\/schema.org\",\"@graph\":[{\"@type\":\"Article\",\"@id\":\"https:\/\/portaltela.pt\/noticias\/2026\/01\/30\/recante-apresenta-abordagem-ao-cante-alentejano-em-espetaculo-na-casa-do-alentejo\/#article\",\"isPartOf\":{\"@id\":\"https:\/\/portaltela.pt\/noticias\/2026\/01\/30\/recante-apresenta-abordagem-ao-cante-alentejano-em-espetaculo-na-casa-do-alentejo\/\"},\"author\":{\"name\":\"Telinha\",\"@id\":\"https:\/\/portaltela.pt\/#\/schema\/person\/c4278d4a6028830caff9ee44b42d32ed\"},\"headline\":\"Recante apresenta abordagem ao cante alentejano em espet\u00e1culo na Casa do Alentejo\",\"datePublished\":\"2026-01-30T16:15:00+00:00\",\"mainEntityOfPage\":{\"@id\":\"https:\/\/portaltela.pt\/noticias\/2026\/01\/30\/recante-apresenta-abordagem-ao-cante-alentejano-em-espetaculo-na-casa-do-alentejo\/\"},\"wordCount\":316,\"image\":{\"@id\":\"https:\/\/portaltela.pt\/noticias\/2026\/01\/30\/recante-apresenta-abordagem-ao-cante-alentejano-em-espetaculo-na-casa-do-alentejo\/#primaryimage\"},\"thumbnailUrl\":\"https:\/\/portaltela.pt\/s.01k8rhncp4jt1\/2026\/01\/imagem_odigital-1200-x-675-px-13-4.jpg\",\"keywords\":[\"Alentejo\",\"Cante Alentejano\",\"concertos\",\"festival\",\"Lisboa\",\"m\u00fasica\"],\"articleSection\":[\"Not\u00edcias\"],\"inLanguage\":\"pt-PT\"},{\"@type\":\"WebPage\",\"@id\":\"https:\/\/portaltela.pt\/noticias\/2026\/01\/30\/recante-apresenta-abordagem-ao-cante-alentejano-em-espetaculo-na-casa-do-alentejo\/\",\"url\":\"https:\/\/portaltela.pt\/noticias\/2026\/01\/30\/recante-apresenta-abordagem-ao-cante-alentejano-em-espetaculo-na-casa-do-alentejo\/\",\"name\":\"Recante apresenta abordagem ao cante alentejano em espet\u00e1culo na Casa do Alentejo - Portal Tela Portugal\",\"isPartOf\":{\"@id\":\"https:\/\/portaltela.pt\/#website\"},\"primaryImageOfPage\":{\"@id\":\"https:\/\/portaltela.pt\/noticias\/2026\/01\/30\/recante-apresenta-abordagem-ao-cante-alentejano-em-espetaculo-na-casa-do-alentejo\/#primaryimage\"},\"image\":{\"@id\":\"https:\/\/portaltela.pt\/noticias\/2026\/01\/30\/recante-apresenta-abordagem-ao-cante-alentejano-em-espetaculo-na-casa-do-alentejo\/#primaryimage\"},\"thumbnailUrl\":\"https:\/\/portaltela.pt\/s.01k8rhncp4jt1\/2026\/01\/imagem_odigital-1200-x-675-px-13-4.jpg\",\"datePublished\":\"2026-01-30T16:15:00+00:00\",\"author\":{\"@id\":\"https:\/\/portaltela.pt\/#\/schema\/person\/c4278d4a6028830caff9ee44b42d32ed\"},\"breadcrumb\":{\"@id\":\"https:\/\/portaltela.pt\/noticias\/2026\/01\/30\/recante-apresenta-abordagem-ao-cante-alentejano-em-espetaculo-na-casa-do-alentejo\/#breadcrumb\"},\"inLanguage\":\"pt-PT\",\"potentialAction\":[{\"@type\":\"ReadAction\",\"target\":[\"https:\/\/portaltela.pt\/noticias\/2026\/01\/30\/recante-apresenta-abordagem-ao-cante-alentejano-em-espetaculo-na-casa-do-alentejo\/\"]}]},{\"@type\":\"ImageObject\",\"inLanguage\":\"pt-PT\",\"@id\":\"https:\/\/portaltela.pt\/noticias\/2026\/01\/30\/recante-apresenta-abordagem-ao-cante-alentejano-em-espetaculo-na-casa-do-alentejo\/#primaryimage\",\"url\":\"https:\/\/portaltela.pt\/s.01k8rhncp4jt1\/2026\/01\/imagem_odigital-1200-x-675-px-13-4.jpg\",\"contentUrl\":\"https:\/\/portaltela.pt\/s.01k8rhncp4jt1\/2026\/01\/imagem_odigital-1200-x-675-px-13-4.jpg\",\"width\":796,\"height\":448,\"caption\":\"Recante apresentam nova abordagem ao cante alentejano em espet\u00e1culo na Casa do Alentejo\"},{\"@type\":\"BreadcrumbList\",\"@id\":\"https:\/\/portaltela.pt\/noticias\/2026\/01\/30\/recante-apresenta-abordagem-ao-cante-alentejano-em-espetaculo-na-casa-do-alentejo\/#breadcrumb\",\"itemListElement\":[{\"@type\":\"ListItem\",\"position\":1,\"name\":\"In\u00edcio\",\"item\":\"https:\/\/portaltela.pt\/\"},{\"@type\":\"ListItem\",\"position\":2,\"name\":\"Recante apresenta abordagem ao cante alentejano em espet\u00e1culo na Casa do Alentejo\"}]},{\"@type\":\"WebSite\",\"@id\":\"https:\/\/portaltela.pt\/#website\",\"url\":\"https:\/\/portaltela.pt\/\",\"name\":\"Portal Tela Portugal\",\"description\":\"\",\"potentialAction\":[{\"@type\":\"SearchAction\",\"target\":{\"@type\":\"EntryPoint\",\"urlTemplate\":\"https:\/\/portaltela.pt\/?s={search_term_string}\"},\"query-input\":{\"@type\":\"PropertyValueSpecification\",\"valueRequired\":true,\"valueName\":\"search_term_string\"}}],\"inLanguage\":\"pt-PT\"},{\"@type\":\"Person\",\"@id\":\"https:\/\/portaltela.pt\/#\/schema\/person\/c4278d4a6028830caff9ee44b42d32ed\",\"name\":\"Telinha\",\"image\":{\"@type\":\"ImageObject\",\"inLanguage\":\"pt-PT\",\"@id\":\"https:\/\/portaltela.pt\/s.01k8rhncp4jt1\/2025\/11\/talking-bot-125x125.png\",\"url\":\"https:\/\/portaltela.pt\/s.01k8rhncp4jt1\/2025\/11\/talking-bot-125x125.png\",\"contentUrl\":\"https:\/\/portaltela.pt\/s.01k8rhncp4jt1\/2025\/11\/talking-bot-125x125.png\",\"caption\":\"Telinha\"},\"sameAs\":[\"https:\/\/portaltela.pt\/\"],\"url\":\"https:\/\/portaltela.pt\/por\/367410592786\/\"}]}<\/script>\n<!-- \/ Yoast SEO plugin. -->","yoast_head_json":{"title":"Recante apresenta abordagem ao cante alentejano em espet\u00e1culo na Casa do Alentejo - Portal Tela Portugal","robots":{"index":"index","follow":"follow","max-snippet":"max-snippet:-1","max-image-preview":"max-image-preview:large","max-video-preview":"max-video-preview:-1"},"og_locale":"pt_PT","og_type":"article","og_title":"Recante apresenta abordagem ao cante alentejano em espet\u00e1culo na Casa do Alentejo - Portal Tela Portugal","og_description":"Recante estreia-se na Casa do Alentejo, em Lisboa, no dia 28 de fevereiro \u00e0s 21h30, num concerto que funde a can\u00e7\u00e3o alentejana com eletr\u00f3nica e experimenta\u00e7\u00e3o contempor\u00e2nea. O projeto, criado em 2023, desenvolve uma sonoridade que parte do cancioneiro alentejano, mantendo o respeito pelo patrim\u00f3nio e considerando a tradi\u00e7\u00e3o como organismo vivo. O concerto conta com a participa\u00e7\u00e3o do Grupo Coral Ra\u00edzes do Cante, de Cuba, que une tradi\u00e7\u00e3o coral a abordagens mais modernas dos Recante. A organiza\u00e7\u00e3o \u00e9 da associa\u00e7\u00e3o A Tal Emersa, com produ\u00e7\u00e3o da Epopeia Records em co-produ\u00e7\u00e3o com a Casa do Alentejo, e apoio da C\u00e2mara Municipal da Cuba. Maria Jo\u00e3o Jones afirma que o grupo est\u00e1 em constru\u00e7\u00e3o permanente e que pretende manter a m\u00fasica viva e em di\u00e1logo com o tempo.","og_url":"https:\/\/portaltela.pt\/noticias\/2026\/01\/30\/recante-apresenta-abordagem-ao-cante-alentejano-em-espetaculo-na-casa-do-alentejo\/","og_site_name":"Portal Tela Portugal","article_published_time":"2026-01-30T16:15:00+00:00","author":"Telinha","twitter_card":"summary_large_image","twitter_misc":{"Escrito por":"Telinha","Tempo estimado de leitura":"2 minutos"},"schema":{"@context":"https:\/\/schema.org","@graph":[{"@type":"Article","@id":"https:\/\/portaltela.pt\/noticias\/2026\/01\/30\/recante-apresenta-abordagem-ao-cante-alentejano-em-espetaculo-na-casa-do-alentejo\/#article","isPartOf":{"@id":"https:\/\/portaltela.pt\/noticias\/2026\/01\/30\/recante-apresenta-abordagem-ao-cante-alentejano-em-espetaculo-na-casa-do-alentejo\/"},"author":{"name":"Telinha","@id":"https:\/\/portaltela.pt\/#\/schema\/person\/c4278d4a6028830caff9ee44b42d32ed"},"headline":"Recante apresenta abordagem ao cante alentejano em espet\u00e1culo na Casa do Alentejo","datePublished":"2026-01-30T16:15:00+00:00","mainEntityOfPage":{"@id":"https:\/\/portaltela.pt\/noticias\/2026\/01\/30\/recante-apresenta-abordagem-ao-cante-alentejano-em-espetaculo-na-casa-do-alentejo\/"},"wordCount":316,"image":{"@id":"https:\/\/portaltela.pt\/noticias\/2026\/01\/30\/recante-apresenta-abordagem-ao-cante-alentejano-em-espetaculo-na-casa-do-alentejo\/#primaryimage"},"thumbnailUrl":"https:\/\/portaltela.pt\/s.01k8rhncp4jt1\/2026\/01\/imagem_odigital-1200-x-675-px-13-4.jpg","keywords":["Alentejo","Cante Alentejano","concertos","festival","Lisboa","m\u00fasica"],"articleSection":["Not\u00edcias"],"inLanguage":"pt-PT"},{"@type":"WebPage","@id":"https:\/\/portaltela.pt\/noticias\/2026\/01\/30\/recante-apresenta-abordagem-ao-cante-alentejano-em-espetaculo-na-casa-do-alentejo\/","url":"https:\/\/portaltela.pt\/noticias\/2026\/01\/30\/recante-apresenta-abordagem-ao-cante-alentejano-em-espetaculo-na-casa-do-alentejo\/","name":"Recante apresenta abordagem ao cante alentejano em espet\u00e1culo na Casa do Alentejo - Portal Tela Portugal","isPartOf":{"@id":"https:\/\/portaltela.pt\/#website"},"primaryImageOfPage":{"@id":"https:\/\/portaltela.pt\/noticias\/2026\/01\/30\/recante-apresenta-abordagem-ao-cante-alentejano-em-espetaculo-na-casa-do-alentejo\/#primaryimage"},"image":{"@id":"https:\/\/portaltela.pt\/noticias\/2026\/01\/30\/recante-apresenta-abordagem-ao-cante-alentejano-em-espetaculo-na-casa-do-alentejo\/#primaryimage"},"thumbnailUrl":"https:\/\/portaltela.pt\/s.01k8rhncp4jt1\/2026\/01\/imagem_odigital-1200-x-675-px-13-4.jpg","datePublished":"2026-01-30T16:15:00+00:00","author":{"@id":"https:\/\/portaltela.pt\/#\/schema\/person\/c4278d4a6028830caff9ee44b42d32ed"},"breadcrumb":{"@id":"https:\/\/portaltela.pt\/noticias\/2026\/01\/30\/recante-apresenta-abordagem-ao-cante-alentejano-em-espetaculo-na-casa-do-alentejo\/#breadcrumb"},"inLanguage":"pt-PT","potentialAction":[{"@type":"ReadAction","target":["https:\/\/portaltela.pt\/noticias\/2026\/01\/30\/recante-apresenta-abordagem-ao-cante-alentejano-em-espetaculo-na-casa-do-alentejo\/"]}]},{"@type":"ImageObject","inLanguage":"pt-PT","@id":"https:\/\/portaltela.pt\/noticias\/2026\/01\/30\/recante-apresenta-abordagem-ao-cante-alentejano-em-espetaculo-na-casa-do-alentejo\/#primaryimage","url":"https:\/\/portaltela.pt\/s.01k8rhncp4jt1\/2026\/01\/imagem_odigital-1200-x-675-px-13-4.jpg","contentUrl":"https:\/\/portaltela.pt\/s.01k8rhncp4jt1\/2026\/01\/imagem_odigital-1200-x-675-px-13-4.jpg","width":796,"height":448,"caption":"Recante apresentam nova abordagem ao cante alentejano em espet\u00e1culo na Casa do Alentejo"},{"@type":"BreadcrumbList","@id":"https:\/\/portaltela.pt\/noticias\/2026\/01\/30\/recante-apresenta-abordagem-ao-cante-alentejano-em-espetaculo-na-casa-do-alentejo\/#breadcrumb","itemListElement":[{"@type":"ListItem","position":1,"name":"In\u00edcio","item":"https:\/\/portaltela.pt\/"},{"@type":"ListItem","position":2,"name":"Recante apresenta abordagem ao cante alentejano em espet\u00e1culo na Casa do Alentejo"}]},{"@type":"WebSite","@id":"https:\/\/portaltela.pt\/#website","url":"https:\/\/portaltela.pt\/","name":"Portal Tela Portugal","description":"","potentialAction":[{"@type":"SearchAction","target":{"@type":"EntryPoint","urlTemplate":"https:\/\/portaltela.pt\/?s={search_term_string}"},"query-input":{"@type":"PropertyValueSpecification","valueRequired":true,"valueName":"search_term_string"}}],"inLanguage":"pt-PT"},{"@type":"Person","@id":"https:\/\/portaltela.pt\/#\/schema\/person\/c4278d4a6028830caff9ee44b42d32ed","name":"Telinha","image":{"@type":"ImageObject","inLanguage":"pt-PT","@id":"https:\/\/portaltela.pt\/s.01k8rhncp4jt1\/2025\/11\/talking-bot-125x125.png","url":"https:\/\/portaltela.pt\/s.01k8rhncp4jt1\/2025\/11\/talking-bot-125x125.png","contentUrl":"https:\/\/portaltela.pt\/s.01k8rhncp4jt1\/2025\/11\/talking-bot-125x125.png","caption":"Telinha"},"sameAs":["https:\/\/portaltela.pt\/"],"url":"https:\/\/portaltela.pt\/por\/367410592786\/"}]}},"_links":{"self":[{"href":"https:\/\/portaltela.pt\/api\/wp\/v2\/posts\/184638","targetHints":{"allow":["GET"]}}],"collection":[{"href":"https:\/\/portaltela.pt\/api\/wp\/v2\/posts"}],"about":[{"href":"https:\/\/portaltela.pt\/api\/wp\/v2\/types\/post"}],"author":[{"embeddable":true,"href":"https:\/\/portaltela.pt\/api\/wp\/v2\/users\/2"}],"replies":[{"embeddable":true,"href":"https:\/\/portaltela.pt\/api\/wp\/v2\/comments?post=184638"}],"version-history":[{"count":0,"href":"https:\/\/portaltela.pt\/api\/wp\/v2\/posts\/184638\/revisions"}],"wp:featuredmedia":[{"embeddable":true,"href":"https:\/\/portaltela.pt\/api\/wp\/v2\/media\/184658"}],"wp:attachment":[{"href":"https:\/\/portaltela.pt\/api\/wp\/v2\/media?parent=184638"}],"wp:term":[{"taxonomy":"category","embeddable":true,"href":"https:\/\/portaltela.pt\/api\/wp\/v2\/categories?post=184638"},{"taxonomy":"post_tag","embeddable":true,"href":"https:\/\/portaltela.pt\/api\/wp\/v2\/tags?post=184638"}],"curies":[{"name":"wp","href":"https:\/\/api.w.org\/{rel}","templated":true}]}}