{"id":184637,"date":"2026-01-30T13:23:00","date_gmt":"2026-01-30T16:23:00","guid":{"rendered":"https:\/\/portaltela.pt\/noticias\/2026\/01\/30\/cao-morto-apos-agressao-de-adolescentes-em-area-de-elite-no-brasil\/"},"modified":"2026-01-30T13:23:00","modified_gmt":"2026-01-30T16:23:00","slug":"cao-morto-apos-agressao-de-adolescentes-em-area-de-elite-no-brasil","status":"publish","type":"post","link":"https:\/\/portaltela.pt\/noticias\/2026\/01\/30\/cao-morto-apos-agressao-de-adolescentes-em-area-de-elite-no-brasil\/","title":{"rendered":"C\u00e3o morto ap\u00f3s agress\u00e3o de adolescentes em \u00e1rea de elite no Brasil"},"content":{"rendered":"<p>O animal conhecido como Orelha, um c\u00e3o vadio de Praia Brava, Florian\u00f3polis, foi morto ap\u00f3s agress\u00f5es de quatro adolescentes. O caso ocorreu no dia 4 de janeiro, com a not\u00edcia tornada p\u00fablica duas semanas depois. A Pol\u00edcia Civil j\u00e1 identificou pelo menos quatro suspeitos, com base em imagens de c\u00e2maras e relatos de moradores.<\/p>\n<p>Orelha era alimentado pela comunidade local h\u00e1 v\u00e1rios anos e tornou-se s\u00edmbolo de conviv\u00eancia no bairro. O animal foi encontrado em estado grave durante uma caminhada de uma pessoa que o cuidava, e acabou eutanizado numa cl\u00ednica veterin\u00e1ria devido aos ferimentos.<\/p>\n<p>A not\u00edcia provocou indigna\u00e7\u00e3o nas redes sociais e nas ruas de Praia Brava. Associa\u00e7\u00f5es de moradores referem que Orelha representava o cuidado comunit\u00e1rio com os animais da zona.<\/p>\n<p>Segundo a pol\u00edcia, o mesmo grupo de adolescentes tentou ainda afogar outro c\u00e3o vadio da Praia Brava, chamado Caramelo, num epis\u00f3dio relacionado. A investiga\u00e7\u00e3o permanece em curso, sem previs\u00e3o de conclus\u00e3o.<\/p>\n<p>A repercuss\u00e3o internacional ganhou eco com uso da hashtag Justi\u00e7aPorOrelha, acompanhada por v\u00e1rias personalidades. Protests j\u00e1 reuniram dezenas de pessoas em a\u00e7\u00f5es p\u00fablicas na zona.<\/p>\n<h3>Envolvimento comunit\u00e1rio e a\u00e7\u00f5es legais<\/h3>\n<p>A Associa\u00e7\u00e3o de Moradores de Praia Brava divulgou que o c\u00e3o fazia parte do quotidiano do bairro e que o caso mobiliza a comunidade na defesa de animais. O \u00f3rg\u00e3o reiterou a necessidade de prote\u00e7\u00e3o, empatia e responsabilidade.<\/p>\n<h3>Apoio internacional<\/h3>\n<p>A organiza\u00e7\u00e3o n\u00e3o-governamental portuguesa IRA, dedicada \u00e0 prote\u00e7\u00e3o animal, manifestou-se pelas redes sociais. O grupo enfatizou a import\u00e2ncia de ensinar crian\u00e7as a respeitar criaturas que n\u00e3o se podem defender.<\/p>\n","protected":false},"excerpt":{"rendered":"<ul>\n<li>Orelha, um c\u00e3o vadio de cerca de 10 anos e s\u00edmbolo de Praia Brava, Florian\u00f3polis, morreu depois de agress\u00f5es cometidas por quatro adolescentes; o caso aconteceu a 4 de janeiro e s\u00f3 foi tornado p\u00fablico duas semanas depois.<\/li>\n<li>A Pol\u00edcia Civil identificou pelo menos quatro suspeitos, com base em imagens de c\u00e2maras de vigil\u00e2ncia e relatos de moradores; o mesmo grupo ter\u00e1 tentado afogar outro c\u00e3o da mesma praia.<\/li>\n<li>Orelha foi encontrado ca\u00eddo e agonizado durante uma caminhada, levado a uma cl\u00ednica veterin\u00e1ria e, pela gravidade dos ferimentos, foi eutanizado.<\/li>\n<li>O crime gerou protestos nas ruas de Praia Brava e nas redes sociais, com a hashtag Justi\u00e7aPorOrelha, onde dezenas de pessoas j\u00e1 se reuniram em duas manifesta\u00e7\u00f5es p\u00fablicas.<\/li>\n<li>Em Portugal, a associa\u00e7\u00e3o IRA juntou-se \u00e0 causa, sublinhando que respeitar animais ensina empatia, responsabilidade e humanidade \u00e0s crian\u00e7as.<\/li>\n<\/ul>\n","protected":false},"author":2,"featured_media":184656,"comment_status":"closed","ping_status":"closed","sticky":false,"template":"","format":"standard","meta":{"footnotes":""},"categories":[1],"tags":[3091,4577,2547,803,4001,2857],"class_list":["post-184637","post","type-post","status-publish","format-standard","has-post-thumbnail","hentry","category-noticias","tag-animais","tag-animais-de-companhia","tag-brasil","tag-justica","tag-maus-tratos-a-animais","tag-protestos"],"yoast_head":"<!-- This site is optimized with the Yoast SEO plugin v27.2 - https:\/\/yoast.com\/product\/yoast-seo-wordpress\/ -->\n<title>C\u00e3o morto ap\u00f3s agress\u00e3o de adolescentes em \u00e1rea de elite no Brasil - Portal Tela Portugal<\/title>\n<meta name=\"robots\" content=\"index, follow, max-snippet:-1, max-image-preview:large, max-video-preview:-1\" \/>\n<meta property=\"og:locale\" content=\"pt_PT\" \/>\n<meta property=\"og:type\" content=\"article\" \/>\n<meta property=\"og:title\" content=\"C\u00e3o morto ap\u00f3s agress\u00e3o de adolescentes em \u00e1rea de elite no Brasil - Portal Tela Portugal\" \/>\n<meta property=\"og:description\" content=\"Orelha, um c\u00e3o vadio de cerca de 10 anos e s\u00edmbolo de Praia Brava, Florian\u00f3polis, morreu depois de agress\u00f5es cometidas por quatro adolescentes; o caso aconteceu a 4 de janeiro e s\u00f3 foi tornado p\u00fablico duas semanas depois. A Pol\u00edcia Civil identificou pelo menos quatro suspeitos, com base em imagens de c\u00e2maras de vigil\u00e2ncia e relatos de moradores; o mesmo grupo ter\u00e1 tentado afogar outro c\u00e3o da mesma praia. Orelha foi encontrado ca\u00eddo e agonizado durante uma caminhada, levado a uma cl\u00ednica veterin\u00e1ria e, pela gravidade dos ferimentos, foi eutanizado. O crime gerou protestos nas ruas de Praia Brava e nas redes sociais, com a hashtag Justi\u00e7aPorOrelha, onde dezenas de pessoas j\u00e1 se reuniram em duas manifesta\u00e7\u00f5es p\u00fablicas. Em Portugal, a associa\u00e7\u00e3o IRA juntou-se \u00e0 causa, sublinhando que respeitar animais ensina empatia, responsabilidade e humanidade \u00e0s crian\u00e7as.\" \/>\n<meta property=\"og:url\" content=\"https:\/\/portaltela.pt\/noticias\/2026\/01\/30\/cao-morto-apos-agressao-de-adolescentes-em-area-de-elite-no-brasil\/\" \/>\n<meta property=\"og:site_name\" content=\"Portal Tela Portugal\" \/>\n<meta property=\"article:published_time\" content=\"2026-01-30T16:23:00+00:00\" \/>\n<meta name=\"author\" content=\"Telinha\" \/>\n<meta name=\"twitter:card\" content=\"summary_large_image\" \/>\n<meta name=\"twitter:label1\" content=\"Escrito por\" \/>\n\t<meta name=\"twitter:data1\" content=\"Telinha\" \/>\n\t<meta name=\"twitter:label2\" content=\"Tempo estimado de leitura\" \/>\n\t<meta name=\"twitter:data2\" content=\"1 minuto\" \/>\n<script type=\"application\/ld+json\" class=\"yoast-schema-graph\">{\"@context\":\"https:\/\/schema.org\",\"@graph\":[{\"@type\":\"Article\",\"@id\":\"https:\/\/portaltela.pt\/noticias\/2026\/01\/30\/cao-morto-apos-agressao-de-adolescentes-em-area-de-elite-no-brasil\/#article\",\"isPartOf\":{\"@id\":\"https:\/\/portaltela.pt\/noticias\/2026\/01\/30\/cao-morto-apos-agressao-de-adolescentes-em-area-de-elite-no-brasil\/\"},\"author\":{\"name\":\"Telinha\",\"@id\":\"https:\/\/portaltela.pt\/#\/schema\/person\/c4278d4a6028830caff9ee44b42d32ed\"},\"headline\":\"C\u00e3o morto ap\u00f3s agress\u00e3o de adolescentes em \u00e1rea de elite no Brasil\",\"datePublished\":\"2026-01-30T16:23:00+00:00\",\"mainEntityOfPage\":{\"@id\":\"https:\/\/portaltela.pt\/noticias\/2026\/01\/30\/cao-morto-apos-agressao-de-adolescentes-em-area-de-elite-no-brasil\/\"},\"wordCount\":306,\"image\":{\"@id\":\"https:\/\/portaltela.pt\/noticias\/2026\/01\/30\/cao-morto-apos-agressao-de-adolescentes-em-area-de-elite-no-brasil\/#primaryimage\"},\"thumbnailUrl\":\"https:\/\/portaltela.pt\/s.01k8rhncp4jt1\/2026\/01\/image-2134.jpg\",\"keywords\":[\"animais\",\"animais de companhia\",\"Brasil\",\"justi\u00e7a\",\"maus-tratos a animais\",\"protestos\"],\"articleSection\":[\"Not\u00edcias\"],\"inLanguage\":\"pt-PT\"},{\"@type\":\"WebPage\",\"@id\":\"https:\/\/portaltela.pt\/noticias\/2026\/01\/30\/cao-morto-apos-agressao-de-adolescentes-em-area-de-elite-no-brasil\/\",\"url\":\"https:\/\/portaltela.pt\/noticias\/2026\/01\/30\/cao-morto-apos-agressao-de-adolescentes-em-area-de-elite-no-brasil\/\",\"name\":\"C\u00e3o morto ap\u00f3s agress\u00e3o de adolescentes em \u00e1rea de elite no Brasil - Portal Tela Portugal\",\"isPartOf\":{\"@id\":\"https:\/\/portaltela.pt\/#website\"},\"primaryImageOfPage\":{\"@id\":\"https:\/\/portaltela.pt\/noticias\/2026\/01\/30\/cao-morto-apos-agressao-de-adolescentes-em-area-de-elite-no-brasil\/#primaryimage\"},\"image\":{\"@id\":\"https:\/\/portaltela.pt\/noticias\/2026\/01\/30\/cao-morto-apos-agressao-de-adolescentes-em-area-de-elite-no-brasil\/#primaryimage\"},\"thumbnailUrl\":\"https:\/\/portaltela.pt\/s.01k8rhncp4jt1\/2026\/01\/image-2134.jpg\",\"datePublished\":\"2026-01-30T16:23:00+00:00\",\"author\":{\"@id\":\"https:\/\/portaltela.pt\/#\/schema\/person\/c4278d4a6028830caff9ee44b42d32ed\"},\"breadcrumb\":{\"@id\":\"https:\/\/portaltela.pt\/noticias\/2026\/01\/30\/cao-morto-apos-agressao-de-adolescentes-em-area-de-elite-no-brasil\/#breadcrumb\"},\"inLanguage\":\"pt-PT\",\"potentialAction\":[{\"@type\":\"ReadAction\",\"target\":[\"https:\/\/portaltela.pt\/noticias\/2026\/01\/30\/cao-morto-apos-agressao-de-adolescentes-em-area-de-elite-no-brasil\/\"]}]},{\"@type\":\"ImageObject\",\"inLanguage\":\"pt-PT\",\"@id\":\"https:\/\/portaltela.pt\/noticias\/2026\/01\/30\/cao-morto-apos-agressao-de-adolescentes-em-area-de-elite-no-brasil\/#primaryimage\",\"url\":\"https:\/\/portaltela.pt\/s.01k8rhncp4jt1\/2026\/01\/image-2134.jpg\",\"contentUrl\":\"https:\/\/portaltela.pt\/s.01k8rhncp4jt1\/2026\/01\/image-2134.jpg\",\"width\":796,\"height\":448,\"caption\":\"A morte de Orelha motivou uma onda de como\u00e7\u00e3o e indigna\u00e7\u00e3o gerais\"},{\"@type\":\"BreadcrumbList\",\"@id\":\"https:\/\/portaltela.pt\/noticias\/2026\/01\/30\/cao-morto-apos-agressao-de-adolescentes-em-area-de-elite-no-brasil\/#breadcrumb\",\"itemListElement\":[{\"@type\":\"ListItem\",\"position\":1,\"name\":\"In\u00edcio\",\"item\":\"https:\/\/portaltela.pt\/\"},{\"@type\":\"ListItem\",\"position\":2,\"name\":\"C\u00e3o morto ap\u00f3s agress\u00e3o de adolescentes em \u00e1rea de elite no Brasil\"}]},{\"@type\":\"WebSite\",\"@id\":\"https:\/\/portaltela.pt\/#website\",\"url\":\"https:\/\/portaltela.pt\/\",\"name\":\"Portal Tela Portugal\",\"description\":\"\",\"potentialAction\":[{\"@type\":\"SearchAction\",\"target\":{\"@type\":\"EntryPoint\",\"urlTemplate\":\"https:\/\/portaltela.pt\/?s={search_term_string}\"},\"query-input\":{\"@type\":\"PropertyValueSpecification\",\"valueRequired\":true,\"valueName\":\"search_term_string\"}}],\"inLanguage\":\"pt-PT\"},{\"@type\":\"Person\",\"@id\":\"https:\/\/portaltela.pt\/#\/schema\/person\/c4278d4a6028830caff9ee44b42d32ed\",\"name\":\"Telinha\",\"image\":{\"@type\":\"ImageObject\",\"inLanguage\":\"pt-PT\",\"@id\":\"https:\/\/portaltela.pt\/s.01k8rhncp4jt1\/2025\/11\/talking-bot-125x125.png\",\"url\":\"https:\/\/portaltela.pt\/s.01k8rhncp4jt1\/2025\/11\/talking-bot-125x125.png\",\"contentUrl\":\"https:\/\/portaltela.pt\/s.01k8rhncp4jt1\/2025\/11\/talking-bot-125x125.png\",\"caption\":\"Telinha\"},\"sameAs\":[\"https:\/\/portaltela.pt\/\"],\"url\":\"https:\/\/portaltela.pt\/por\/367410592786\/\"}]}<\/script>\n<!-- \/ Yoast SEO plugin. -->","yoast_head_json":{"title":"C\u00e3o morto ap\u00f3s agress\u00e3o de adolescentes em \u00e1rea de elite no Brasil - Portal Tela Portugal","robots":{"index":"index","follow":"follow","max-snippet":"max-snippet:-1","max-image-preview":"max-image-preview:large","max-video-preview":"max-video-preview:-1"},"og_locale":"pt_PT","og_type":"article","og_title":"C\u00e3o morto ap\u00f3s agress\u00e3o de adolescentes em \u00e1rea de elite no Brasil - Portal Tela Portugal","og_description":"Orelha, um c\u00e3o vadio de cerca de 10 anos e s\u00edmbolo de Praia Brava, Florian\u00f3polis, morreu depois de agress\u00f5es cometidas por quatro adolescentes; o caso aconteceu a 4 de janeiro e s\u00f3 foi tornado p\u00fablico duas semanas depois. A Pol\u00edcia Civil identificou pelo menos quatro suspeitos, com base em imagens de c\u00e2maras de vigil\u00e2ncia e relatos de moradores; o mesmo grupo ter\u00e1 tentado afogar outro c\u00e3o da mesma praia. Orelha foi encontrado ca\u00eddo e agonizado durante uma caminhada, levado a uma cl\u00ednica veterin\u00e1ria e, pela gravidade dos ferimentos, foi eutanizado. O crime gerou protestos nas ruas de Praia Brava e nas redes sociais, com a hashtag Justi\u00e7aPorOrelha, onde dezenas de pessoas j\u00e1 se reuniram em duas manifesta\u00e7\u00f5es p\u00fablicas. Em Portugal, a associa\u00e7\u00e3o IRA juntou-se \u00e0 causa, sublinhando que respeitar animais ensina empatia, responsabilidade e humanidade \u00e0s crian\u00e7as.","og_url":"https:\/\/portaltela.pt\/noticias\/2026\/01\/30\/cao-morto-apos-agressao-de-adolescentes-em-area-de-elite-no-brasil\/","og_site_name":"Portal Tela Portugal","article_published_time":"2026-01-30T16:23:00+00:00","author":"Telinha","twitter_card":"summary_large_image","twitter_misc":{"Escrito por":"Telinha","Tempo estimado de leitura":"1 minuto"},"schema":{"@context":"https:\/\/schema.org","@graph":[{"@type":"Article","@id":"https:\/\/portaltela.pt\/noticias\/2026\/01\/30\/cao-morto-apos-agressao-de-adolescentes-em-area-de-elite-no-brasil\/#article","isPartOf":{"@id":"https:\/\/portaltela.pt\/noticias\/2026\/01\/30\/cao-morto-apos-agressao-de-adolescentes-em-area-de-elite-no-brasil\/"},"author":{"name":"Telinha","@id":"https:\/\/portaltela.pt\/#\/schema\/person\/c4278d4a6028830caff9ee44b42d32ed"},"headline":"C\u00e3o morto ap\u00f3s agress\u00e3o de adolescentes em \u00e1rea de elite no Brasil","datePublished":"2026-01-30T16:23:00+00:00","mainEntityOfPage":{"@id":"https:\/\/portaltela.pt\/noticias\/2026\/01\/30\/cao-morto-apos-agressao-de-adolescentes-em-area-de-elite-no-brasil\/"},"wordCount":306,"image":{"@id":"https:\/\/portaltela.pt\/noticias\/2026\/01\/30\/cao-morto-apos-agressao-de-adolescentes-em-area-de-elite-no-brasil\/#primaryimage"},"thumbnailUrl":"https:\/\/portaltela.pt\/s.01k8rhncp4jt1\/2026\/01\/image-2134.jpg","keywords":["animais","animais de companhia","Brasil","justi\u00e7a","maus-tratos a animais","protestos"],"articleSection":["Not\u00edcias"],"inLanguage":"pt-PT"},{"@type":"WebPage","@id":"https:\/\/portaltela.pt\/noticias\/2026\/01\/30\/cao-morto-apos-agressao-de-adolescentes-em-area-de-elite-no-brasil\/","url":"https:\/\/portaltela.pt\/noticias\/2026\/01\/30\/cao-morto-apos-agressao-de-adolescentes-em-area-de-elite-no-brasil\/","name":"C\u00e3o morto ap\u00f3s agress\u00e3o de adolescentes em \u00e1rea de elite no Brasil - Portal Tela Portugal","isPartOf":{"@id":"https:\/\/portaltela.pt\/#website"},"primaryImageOfPage":{"@id":"https:\/\/portaltela.pt\/noticias\/2026\/01\/30\/cao-morto-apos-agressao-de-adolescentes-em-area-de-elite-no-brasil\/#primaryimage"},"image":{"@id":"https:\/\/portaltela.pt\/noticias\/2026\/01\/30\/cao-morto-apos-agressao-de-adolescentes-em-area-de-elite-no-brasil\/#primaryimage"},"thumbnailUrl":"https:\/\/portaltela.pt\/s.01k8rhncp4jt1\/2026\/01\/image-2134.jpg","datePublished":"2026-01-30T16:23:00+00:00","author":{"@id":"https:\/\/portaltela.pt\/#\/schema\/person\/c4278d4a6028830caff9ee44b42d32ed"},"breadcrumb":{"@id":"https:\/\/portaltela.pt\/noticias\/2026\/01\/30\/cao-morto-apos-agressao-de-adolescentes-em-area-de-elite-no-brasil\/#breadcrumb"},"inLanguage":"pt-PT","potentialAction":[{"@type":"ReadAction","target":["https:\/\/portaltela.pt\/noticias\/2026\/01\/30\/cao-morto-apos-agressao-de-adolescentes-em-area-de-elite-no-brasil\/"]}]},{"@type":"ImageObject","inLanguage":"pt-PT","@id":"https:\/\/portaltela.pt\/noticias\/2026\/01\/30\/cao-morto-apos-agressao-de-adolescentes-em-area-de-elite-no-brasil\/#primaryimage","url":"https:\/\/portaltela.pt\/s.01k8rhncp4jt1\/2026\/01\/image-2134.jpg","contentUrl":"https:\/\/portaltela.pt\/s.01k8rhncp4jt1\/2026\/01\/image-2134.jpg","width":796,"height":448,"caption":"A morte de Orelha motivou uma onda de como\u00e7\u00e3o e indigna\u00e7\u00e3o gerais"},{"@type":"BreadcrumbList","@id":"https:\/\/portaltela.pt\/noticias\/2026\/01\/30\/cao-morto-apos-agressao-de-adolescentes-em-area-de-elite-no-brasil\/#breadcrumb","itemListElement":[{"@type":"ListItem","position":1,"name":"In\u00edcio","item":"https:\/\/portaltela.pt\/"},{"@type":"ListItem","position":2,"name":"C\u00e3o morto ap\u00f3s agress\u00e3o de adolescentes em \u00e1rea de elite no Brasil"}]},{"@type":"WebSite","@id":"https:\/\/portaltela.pt\/#website","url":"https:\/\/portaltela.pt\/","name":"Portal Tela Portugal","description":"","potentialAction":[{"@type":"SearchAction","target":{"@type":"EntryPoint","urlTemplate":"https:\/\/portaltela.pt\/?s={search_term_string}"},"query-input":{"@type":"PropertyValueSpecification","valueRequired":true,"valueName":"search_term_string"}}],"inLanguage":"pt-PT"},{"@type":"Person","@id":"https:\/\/portaltela.pt\/#\/schema\/person\/c4278d4a6028830caff9ee44b42d32ed","name":"Telinha","image":{"@type":"ImageObject","inLanguage":"pt-PT","@id":"https:\/\/portaltela.pt\/s.01k8rhncp4jt1\/2025\/11\/talking-bot-125x125.png","url":"https:\/\/portaltela.pt\/s.01k8rhncp4jt1\/2025\/11\/talking-bot-125x125.png","contentUrl":"https:\/\/portaltela.pt\/s.01k8rhncp4jt1\/2025\/11\/talking-bot-125x125.png","caption":"Telinha"},"sameAs":["https:\/\/portaltela.pt\/"],"url":"https:\/\/portaltela.pt\/por\/367410592786\/"}]}},"_links":{"self":[{"href":"https:\/\/portaltela.pt\/api\/wp\/v2\/posts\/184637","targetHints":{"allow":["GET"]}}],"collection":[{"href":"https:\/\/portaltela.pt\/api\/wp\/v2\/posts"}],"about":[{"href":"https:\/\/portaltela.pt\/api\/wp\/v2\/types\/post"}],"author":[{"embeddable":true,"href":"https:\/\/portaltela.pt\/api\/wp\/v2\/users\/2"}],"replies":[{"embeddable":true,"href":"https:\/\/portaltela.pt\/api\/wp\/v2\/comments?post=184637"}],"version-history":[{"count":0,"href":"https:\/\/portaltela.pt\/api\/wp\/v2\/posts\/184637\/revisions"}],"wp:featuredmedia":[{"embeddable":true,"href":"https:\/\/portaltela.pt\/api\/wp\/v2\/media\/184656"}],"wp:attachment":[{"href":"https:\/\/portaltela.pt\/api\/wp\/v2\/media?parent=184637"}],"wp:term":[{"taxonomy":"category","embeddable":true,"href":"https:\/\/portaltela.pt\/api\/wp\/v2\/categories?post=184637"},{"taxonomy":"post_tag","embeddable":true,"href":"https:\/\/portaltela.pt\/api\/wp\/v2\/tags?post=184637"}],"curies":[{"name":"wp","href":"https:\/\/api.w.org\/{rel}","templated":true}]}}