{"id":184631,"date":"2026-01-30T13:21:00","date_gmt":"2026-01-30T16:21:00","guid":{"rendered":"https:\/\/portaltela.pt\/noticias\/2026\/01\/30\/pj-confirma-suicidio-de-banqueiro-portugues-em-mocambique\/"},"modified":"2026-01-30T13:21:00","modified_gmt":"2026-01-30T16:21:00","slug":"pj-confirma-suicidio-de-banqueiro-portugues-em-mocambique","status":"publish","type":"post","link":"https:\/\/portaltela.pt\/noticias\/2026\/01\/30\/pj-confirma-suicidio-de-banqueiro-portugues-em-mocambique\/","title":{"rendered":"PJ confirma suic\u00eddio de banqueiro portugu\u00eas em Mo\u00e7ambique"},"content":{"rendered":"<p>A Pol\u00edcia Judici\u00e1ria confirmou que Pedro Ferraz Reis, banqueiro portugu\u00eas, se suicidou em Maputo, Mo\u00e7ambique. O facto ocorreu no Serena Polana Hotel, na noite de 19 de janeiro, ap\u00f3s ser alvo de chantagens e amea\u00e7as relacionadas com a sua vida pessoal. A investiga\u00e7\u00e3o avan\u00e7a com base em evid\u00eancias recolhidas no local.<\/p>\n<p>A comitiva portuguesa deslocou-se a Mo\u00e7ambique para apoio t\u00e9cnico, integrada pela PJ e pelo Instituto de Medicina Legal. N\u00e3o foi identificada interven\u00e7\u00e3o de terceiros no sucedido, segundo a investiga\u00e7\u00e3o.<\/p>\n<p>As autoridades tiveram acesso a imagens de videovigil\u00e2ncia que mostram Ferraz Reis a adquirir veneno para ratos e duas facas antes de se dirigir \u00e0s casas de banho do hotel. A fonte pr\u00f3xima \u00e0 investiga\u00e7\u00e3o indica que o banqueiro ingeriu uma quantidade mortal de veneno, seguido de um golpe no cora\u00e7\u00e3o.<\/p>\n<p>Pedro Ferraz Reis, 52 anos, foi encontrado sem vida nas capaca de banho do hotel. O corpo chegou a Portugal na \u00faltima quarta-feira, j\u00e1 acompanhado por familiares e pelos investigadores da PJ e do Instituto de Medicina Legal. O CM acompanhou o desenvolvimento da opera\u00e7\u00e3o.<\/p>\n","protected":false},"excerpt":{"rendered":"<ul>\n<li>A Pol\u00edcia Judici\u00e1ria confirmou o suic\u00eddio do banqueiro portugu\u00eas Pedro Ferraz Reis, no Serena Polana Hotel, em Maputo, Mo\u00e7ambique.<\/li>\n<li>A investiga\u00e7\u00e3o aponta que as amea\u00e7as e chantagens, ligadas \u00e0 sua vida pessoal, teriam motivado o ato.<\/li>\n<li>A comitiva portuguesa, com a PJ e o Instituto de Medicina Legal, descartou interven\u00e7\u00e3o de terceiros.<\/li>\n<li>Imagens de videovigil\u00e2ncia mostraram que o administrador do Banco Comercial de Investimento (BCI) Mo\u00e7ambique comprou veneno para ratos e duas facas antes do ato.<\/li>\n<li>Pedro Ferraz Reis, de 52 anos, foi encontrado morto a 19 de janeiro; o corpo chegou a Portugal na quarta-feira, acompanhado pelos investigadores.<\/li>\n<\/ul>\n","protected":false},"author":2,"featured_media":184677,"comment_status":"closed","ping_status":"closed","sticky":false,"template":"","format":"standard","meta":{"footnotes":""},"categories":[1],"tags":[147,4850,215,1911,1014,2234],"class_list":["post-184631","post","type-post","status-publish","format-standard","has-post-thumbnail","hentry","category-noticias","tag-crime","tag-instituto-de-medicina-legal","tag-investigacao","tag-mocambique","tag-portugal","tag-videovigilancia"],"yoast_head":"<!-- This site is optimized with the Yoast SEO plugin v27.2 - https:\/\/yoast.com\/product\/yoast-seo-wordpress\/ -->\n<title>PJ confirma suic\u00eddio de banqueiro portugu\u00eas em Mo\u00e7ambique - Portal Tela Portugal<\/title>\n<meta name=\"robots\" content=\"index, follow, max-snippet:-1, max-image-preview:large, max-video-preview:-1\" \/>\n<meta property=\"og:locale\" content=\"pt_PT\" \/>\n<meta property=\"og:type\" content=\"article\" \/>\n<meta property=\"og:title\" content=\"PJ confirma suic\u00eddio de banqueiro portugu\u00eas em Mo\u00e7ambique - Portal Tela Portugal\" \/>\n<meta property=\"og:description\" content=\"A Pol\u00edcia Judici\u00e1ria confirmou o suic\u00eddio do banqueiro portugu\u00eas Pedro Ferraz Reis, no Serena Polana Hotel, em Maputo, Mo\u00e7ambique. A investiga\u00e7\u00e3o aponta que as amea\u00e7as e chantagens, ligadas \u00e0 sua vida pessoal, teriam motivado o ato. A comitiva portuguesa, com a PJ e o Instituto de Medicina Legal, descartou interven\u00e7\u00e3o de terceiros. Imagens de videovigil\u00e2ncia mostraram que o administrador do Banco Comercial de Investimento (BCI) Mo\u00e7ambique comprou veneno para ratos e duas facas antes do ato. Pedro Ferraz Reis, de 52 anos, foi encontrado morto a 19 de janeiro; o corpo chegou a Portugal na quarta-feira, acompanhado pelos investigadores.\" \/>\n<meta property=\"og:url\" content=\"https:\/\/portaltela.pt\/noticias\/2026\/01\/30\/pj-confirma-suicidio-de-banqueiro-portugues-em-mocambique\/\" \/>\n<meta property=\"og:site_name\" content=\"Portal Tela Portugal\" \/>\n<meta property=\"article:published_time\" content=\"2026-01-30T16:21:00+00:00\" \/>\n<meta name=\"author\" content=\"Telinha\" \/>\n<meta name=\"twitter:card\" content=\"summary_large_image\" \/>\n<meta name=\"twitter:label1\" content=\"Escrito por\" \/>\n\t<meta name=\"twitter:data1\" content=\"Telinha\" \/>\n\t<meta name=\"twitter:label2\" content=\"Tempo estimado de leitura\" \/>\n\t<meta name=\"twitter:data2\" content=\"1 minuto\" \/>\n<script type=\"application\/ld+json\" class=\"yoast-schema-graph\">{\"@context\":\"https:\/\/schema.org\",\"@graph\":[{\"@type\":\"Article\",\"@id\":\"https:\/\/portaltela.pt\/noticias\/2026\/01\/30\/pj-confirma-suicidio-de-banqueiro-portugues-em-mocambique\/#article\",\"isPartOf\":{\"@id\":\"https:\/\/portaltela.pt\/noticias\/2026\/01\/30\/pj-confirma-suicidio-de-banqueiro-portugues-em-mocambique\/\"},\"author\":{\"name\":\"Telinha\",\"@id\":\"https:\/\/portaltela.pt\/#\/schema\/person\/c4278d4a6028830caff9ee44b42d32ed\"},\"headline\":\"PJ confirma suic\u00eddio de banqueiro portugu\u00eas em Mo\u00e7ambique\",\"datePublished\":\"2026-01-30T16:21:00+00:00\",\"mainEntityOfPage\":{\"@id\":\"https:\/\/portaltela.pt\/noticias\/2026\/01\/30\/pj-confirma-suicidio-de-banqueiro-portugues-em-mocambique\/\"},\"wordCount\":203,\"image\":{\"@id\":\"https:\/\/portaltela.pt\/noticias\/2026\/01\/30\/pj-confirma-suicidio-de-banqueiro-portugues-em-mocambique\/#primaryimage\"},\"thumbnailUrl\":\"https:\/\/portaltela.pt\/s.01k8rhncp4jt1\/2026\/01\/img_1500x1000uu2026-01-20-19-26-32-2261552-im-639053870755997849.jpg\",\"keywords\":[\"crime\",\"Instituto de Medicina Legal\",\"investiga\u00e7\u00e3o\",\"Mo\u00e7ambique\",\"Portugal\",\"videovigil\u00e2ncia\"],\"articleSection\":[\"Not\u00edcias\"],\"inLanguage\":\"pt-PT\"},{\"@type\":\"WebPage\",\"@id\":\"https:\/\/portaltela.pt\/noticias\/2026\/01\/30\/pj-confirma-suicidio-de-banqueiro-portugues-em-mocambique\/\",\"url\":\"https:\/\/portaltela.pt\/noticias\/2026\/01\/30\/pj-confirma-suicidio-de-banqueiro-portugues-em-mocambique\/\",\"name\":\"PJ confirma suic\u00eddio de banqueiro portugu\u00eas em Mo\u00e7ambique - Portal Tela Portugal\",\"isPartOf\":{\"@id\":\"https:\/\/portaltela.pt\/#website\"},\"primaryImageOfPage\":{\"@id\":\"https:\/\/portaltela.pt\/noticias\/2026\/01\/30\/pj-confirma-suicidio-de-banqueiro-portugues-em-mocambique\/#primaryimage\"},\"image\":{\"@id\":\"https:\/\/portaltela.pt\/noticias\/2026\/01\/30\/pj-confirma-suicidio-de-banqueiro-portugues-em-mocambique\/#primaryimage\"},\"thumbnailUrl\":\"https:\/\/portaltela.pt\/s.01k8rhncp4jt1\/2026\/01\/img_1500x1000uu2026-01-20-19-26-32-2261552-im-639053870755997849.jpg\",\"datePublished\":\"2026-01-30T16:21:00+00:00\",\"author\":{\"@id\":\"https:\/\/portaltela.pt\/#\/schema\/person\/c4278d4a6028830caff9ee44b42d32ed\"},\"breadcrumb\":{\"@id\":\"https:\/\/portaltela.pt\/noticias\/2026\/01\/30\/pj-confirma-suicidio-de-banqueiro-portugues-em-mocambique\/#breadcrumb\"},\"inLanguage\":\"pt-PT\",\"potentialAction\":[{\"@type\":\"ReadAction\",\"target\":[\"https:\/\/portaltela.pt\/noticias\/2026\/01\/30\/pj-confirma-suicidio-de-banqueiro-portugues-em-mocambique\/\"]}]},{\"@type\":\"ImageObject\",\"inLanguage\":\"pt-PT\",\"@id\":\"https:\/\/portaltela.pt\/noticias\/2026\/01\/30\/pj-confirma-suicidio-de-banqueiro-portugues-em-mocambique\/#primaryimage\",\"url\":\"https:\/\/portaltela.pt\/s.01k8rhncp4jt1\/2026\/01\/img_1500x1000uu2026-01-20-19-26-32-2261552-im-639053870755997849.jpg\",\"contentUrl\":\"https:\/\/portaltela.pt\/s.01k8rhncp4jt1\/2026\/01\/img_1500x1000uu2026-01-20-19-26-32-2261552-im-639053870755997849.jpg\",\"width\":796,\"height\":448,\"caption\":\"Pedro Ferraz Reis foi encontrado sem vida a 19 de janeiro\"},{\"@type\":\"BreadcrumbList\",\"@id\":\"https:\/\/portaltela.pt\/noticias\/2026\/01\/30\/pj-confirma-suicidio-de-banqueiro-portugues-em-mocambique\/#breadcrumb\",\"itemListElement\":[{\"@type\":\"ListItem\",\"position\":1,\"name\":\"In\u00edcio\",\"item\":\"https:\/\/portaltela.pt\/\"},{\"@type\":\"ListItem\",\"position\":2,\"name\":\"PJ confirma suic\u00eddio de banqueiro portugu\u00eas em Mo\u00e7ambique\"}]},{\"@type\":\"WebSite\",\"@id\":\"https:\/\/portaltela.pt\/#website\",\"url\":\"https:\/\/portaltela.pt\/\",\"name\":\"Portal Tela Portugal\",\"description\":\"\",\"potentialAction\":[{\"@type\":\"SearchAction\",\"target\":{\"@type\":\"EntryPoint\",\"urlTemplate\":\"https:\/\/portaltela.pt\/?s={search_term_string}\"},\"query-input\":{\"@type\":\"PropertyValueSpecification\",\"valueRequired\":true,\"valueName\":\"search_term_string\"}}],\"inLanguage\":\"pt-PT\"},{\"@type\":\"Person\",\"@id\":\"https:\/\/portaltela.pt\/#\/schema\/person\/c4278d4a6028830caff9ee44b42d32ed\",\"name\":\"Telinha\",\"image\":{\"@type\":\"ImageObject\",\"inLanguage\":\"pt-PT\",\"@id\":\"https:\/\/portaltela.pt\/s.01k8rhncp4jt1\/2025\/11\/talking-bot-125x125.png\",\"url\":\"https:\/\/portaltela.pt\/s.01k8rhncp4jt1\/2025\/11\/talking-bot-125x125.png\",\"contentUrl\":\"https:\/\/portaltela.pt\/s.01k8rhncp4jt1\/2025\/11\/talking-bot-125x125.png\",\"caption\":\"Telinha\"},\"sameAs\":[\"https:\/\/portaltela.pt\/\"],\"url\":\"https:\/\/portaltela.pt\/por\/367410592786\/\"}]}<\/script>\n<!-- \/ Yoast SEO plugin. -->","yoast_head_json":{"title":"PJ confirma suic\u00eddio de banqueiro portugu\u00eas em Mo\u00e7ambique - Portal Tela Portugal","robots":{"index":"index","follow":"follow","max-snippet":"max-snippet:-1","max-image-preview":"max-image-preview:large","max-video-preview":"max-video-preview:-1"},"og_locale":"pt_PT","og_type":"article","og_title":"PJ confirma suic\u00eddio de banqueiro portugu\u00eas em Mo\u00e7ambique - Portal Tela Portugal","og_description":"A Pol\u00edcia Judici\u00e1ria confirmou o suic\u00eddio do banqueiro portugu\u00eas Pedro Ferraz Reis, no Serena Polana Hotel, em Maputo, Mo\u00e7ambique. A investiga\u00e7\u00e3o aponta que as amea\u00e7as e chantagens, ligadas \u00e0 sua vida pessoal, teriam motivado o ato. A comitiva portuguesa, com a PJ e o Instituto de Medicina Legal, descartou interven\u00e7\u00e3o de terceiros. Imagens de videovigil\u00e2ncia mostraram que o administrador do Banco Comercial de Investimento (BCI) Mo\u00e7ambique comprou veneno para ratos e duas facas antes do ato. Pedro Ferraz Reis, de 52 anos, foi encontrado morto a 19 de janeiro; o corpo chegou a Portugal na quarta-feira, acompanhado pelos investigadores.","og_url":"https:\/\/portaltela.pt\/noticias\/2026\/01\/30\/pj-confirma-suicidio-de-banqueiro-portugues-em-mocambique\/","og_site_name":"Portal Tela Portugal","article_published_time":"2026-01-30T16:21:00+00:00","author":"Telinha","twitter_card":"summary_large_image","twitter_misc":{"Escrito por":"Telinha","Tempo estimado de leitura":"1 minuto"},"schema":{"@context":"https:\/\/schema.org","@graph":[{"@type":"Article","@id":"https:\/\/portaltela.pt\/noticias\/2026\/01\/30\/pj-confirma-suicidio-de-banqueiro-portugues-em-mocambique\/#article","isPartOf":{"@id":"https:\/\/portaltela.pt\/noticias\/2026\/01\/30\/pj-confirma-suicidio-de-banqueiro-portugues-em-mocambique\/"},"author":{"name":"Telinha","@id":"https:\/\/portaltela.pt\/#\/schema\/person\/c4278d4a6028830caff9ee44b42d32ed"},"headline":"PJ confirma suic\u00eddio de banqueiro portugu\u00eas em Mo\u00e7ambique","datePublished":"2026-01-30T16:21:00+00:00","mainEntityOfPage":{"@id":"https:\/\/portaltela.pt\/noticias\/2026\/01\/30\/pj-confirma-suicidio-de-banqueiro-portugues-em-mocambique\/"},"wordCount":203,"image":{"@id":"https:\/\/portaltela.pt\/noticias\/2026\/01\/30\/pj-confirma-suicidio-de-banqueiro-portugues-em-mocambique\/#primaryimage"},"thumbnailUrl":"https:\/\/portaltela.pt\/s.01k8rhncp4jt1\/2026\/01\/img_1500x1000uu2026-01-20-19-26-32-2261552-im-639053870755997849.jpg","keywords":["crime","Instituto de Medicina Legal","investiga\u00e7\u00e3o","Mo\u00e7ambique","Portugal","videovigil\u00e2ncia"],"articleSection":["Not\u00edcias"],"inLanguage":"pt-PT"},{"@type":"WebPage","@id":"https:\/\/portaltela.pt\/noticias\/2026\/01\/30\/pj-confirma-suicidio-de-banqueiro-portugues-em-mocambique\/","url":"https:\/\/portaltela.pt\/noticias\/2026\/01\/30\/pj-confirma-suicidio-de-banqueiro-portugues-em-mocambique\/","name":"PJ confirma suic\u00eddio de banqueiro portugu\u00eas em Mo\u00e7ambique - Portal Tela Portugal","isPartOf":{"@id":"https:\/\/portaltela.pt\/#website"},"primaryImageOfPage":{"@id":"https:\/\/portaltela.pt\/noticias\/2026\/01\/30\/pj-confirma-suicidio-de-banqueiro-portugues-em-mocambique\/#primaryimage"},"image":{"@id":"https:\/\/portaltela.pt\/noticias\/2026\/01\/30\/pj-confirma-suicidio-de-banqueiro-portugues-em-mocambique\/#primaryimage"},"thumbnailUrl":"https:\/\/portaltela.pt\/s.01k8rhncp4jt1\/2026\/01\/img_1500x1000uu2026-01-20-19-26-32-2261552-im-639053870755997849.jpg","datePublished":"2026-01-30T16:21:00+00:00","author":{"@id":"https:\/\/portaltela.pt\/#\/schema\/person\/c4278d4a6028830caff9ee44b42d32ed"},"breadcrumb":{"@id":"https:\/\/portaltela.pt\/noticias\/2026\/01\/30\/pj-confirma-suicidio-de-banqueiro-portugues-em-mocambique\/#breadcrumb"},"inLanguage":"pt-PT","potentialAction":[{"@type":"ReadAction","target":["https:\/\/portaltela.pt\/noticias\/2026\/01\/30\/pj-confirma-suicidio-de-banqueiro-portugues-em-mocambique\/"]}]},{"@type":"ImageObject","inLanguage":"pt-PT","@id":"https:\/\/portaltela.pt\/noticias\/2026\/01\/30\/pj-confirma-suicidio-de-banqueiro-portugues-em-mocambique\/#primaryimage","url":"https:\/\/portaltela.pt\/s.01k8rhncp4jt1\/2026\/01\/img_1500x1000uu2026-01-20-19-26-32-2261552-im-639053870755997849.jpg","contentUrl":"https:\/\/portaltela.pt\/s.01k8rhncp4jt1\/2026\/01\/img_1500x1000uu2026-01-20-19-26-32-2261552-im-639053870755997849.jpg","width":796,"height":448,"caption":"Pedro Ferraz Reis foi encontrado sem vida a 19 de janeiro"},{"@type":"BreadcrumbList","@id":"https:\/\/portaltela.pt\/noticias\/2026\/01\/30\/pj-confirma-suicidio-de-banqueiro-portugues-em-mocambique\/#breadcrumb","itemListElement":[{"@type":"ListItem","position":1,"name":"In\u00edcio","item":"https:\/\/portaltela.pt\/"},{"@type":"ListItem","position":2,"name":"PJ confirma suic\u00eddio de banqueiro portugu\u00eas em Mo\u00e7ambique"}]},{"@type":"WebSite","@id":"https:\/\/portaltela.pt\/#website","url":"https:\/\/portaltela.pt\/","name":"Portal Tela Portugal","description":"","potentialAction":[{"@type":"SearchAction","target":{"@type":"EntryPoint","urlTemplate":"https:\/\/portaltela.pt\/?s={search_term_string}"},"query-input":{"@type":"PropertyValueSpecification","valueRequired":true,"valueName":"search_term_string"}}],"inLanguage":"pt-PT"},{"@type":"Person","@id":"https:\/\/portaltela.pt\/#\/schema\/person\/c4278d4a6028830caff9ee44b42d32ed","name":"Telinha","image":{"@type":"ImageObject","inLanguage":"pt-PT","@id":"https:\/\/portaltela.pt\/s.01k8rhncp4jt1\/2025\/11\/talking-bot-125x125.png","url":"https:\/\/portaltela.pt\/s.01k8rhncp4jt1\/2025\/11\/talking-bot-125x125.png","contentUrl":"https:\/\/portaltela.pt\/s.01k8rhncp4jt1\/2025\/11\/talking-bot-125x125.png","caption":"Telinha"},"sameAs":["https:\/\/portaltela.pt\/"],"url":"https:\/\/portaltela.pt\/por\/367410592786\/"}]}},"_links":{"self":[{"href":"https:\/\/portaltela.pt\/api\/wp\/v2\/posts\/184631","targetHints":{"allow":["GET"]}}],"collection":[{"href":"https:\/\/portaltela.pt\/api\/wp\/v2\/posts"}],"about":[{"href":"https:\/\/portaltela.pt\/api\/wp\/v2\/types\/post"}],"author":[{"embeddable":true,"href":"https:\/\/portaltela.pt\/api\/wp\/v2\/users\/2"}],"replies":[{"embeddable":true,"href":"https:\/\/portaltela.pt\/api\/wp\/v2\/comments?post=184631"}],"version-history":[{"count":0,"href":"https:\/\/portaltela.pt\/api\/wp\/v2\/posts\/184631\/revisions"}],"wp:featuredmedia":[{"embeddable":true,"href":"https:\/\/portaltela.pt\/api\/wp\/v2\/media\/184677"}],"wp:attachment":[{"href":"https:\/\/portaltela.pt\/api\/wp\/v2\/media?parent=184631"}],"wp:term":[{"taxonomy":"category","embeddable":true,"href":"https:\/\/portaltela.pt\/api\/wp\/v2\/categories?post=184631"},{"taxonomy":"post_tag","embeddable":true,"href":"https:\/\/portaltela.pt\/api\/wp\/v2\/tags?post=184631"}],"curies":[{"name":"wp","href":"https:\/\/api.w.org\/{rel}","templated":true}]}}