{"id":184610,"date":"2026-01-30T13:02:00","date_gmt":"2026-01-30T16:02:00","guid":{"rendered":"https:\/\/portaltela.pt\/noticias\/2026\/01\/30\/autoeuropa-aprova-acordo-laboral-com-aumento-minimo-de-100-euros\/"},"modified":"2026-01-30T13:02:00","modified_gmt":"2026-01-30T16:02:00","slug":"autoeuropa-aprova-acordo-laboral-com-aumento-minimo-de-100-euros","status":"publish","type":"post","link":"https:\/\/portaltela.pt\/noticias\/2026\/01\/30\/autoeuropa-aprova-acordo-laboral-com-aumento-minimo-de-100-euros\/","title":{"rendered":"Autoeuropa aprova acordo laboral com aumento m\u00ednimo de 100 euros"},"content":{"rendered":"<p>A Comiss\u00e3o de Trabalhadores (CT) e a administra\u00e7\u00e3o da Volkswagen Autoeuropa chegaram a um pr\u00e9-acordo laboral que vigora at\u00e9 junho de 2027. O acordo prev\u00ea aumentos salariais, refor\u00e7o de benef\u00edcios e novas regras de turnos, a confirmar em referendo entre cerca de 5000 trabalhadores do quadro.<\/p>\n<p>O texto do pr\u00e9-acordo estabelece aumentos de 2,8% j\u00e1 este m\u00eas, seguidos de 2,5% em outubro, com um m\u00ednimo garantido de 50 euros em cada tranche. Al\u00e9m disso, um pr\u00e9mio \u00fanico de 500 euros ser\u00e1 pago ap\u00f3s a assinatura, como complemento do aumento salarial de 50 euros em janeiro e outubro.<\/p>\n<p>H\u00e1 ainda um pr\u00e9mio de assiduidade de 50 euros mensais entre janeiro e junho de 2027, com alargamento de situa\u00e7\u00f5es eleg\u00edveis. A proposta prev\u00ea um aumento do pr\u00e9mio de objetivos at\u00e9 150% em 2026 e 2027 e a implementa\u00e7\u00e3o de um novo modelo de turnos a partir de junho de 2026, dependente da aprova\u00e7\u00e3o no referendo.<\/p>\n<p>A empresa tamb\u00e9m prev\u00ea o refor\u00e7o de benef\u00edcios sociais, como o aumento do subs\u00eddio de refei\u00e7\u00e3o para cinco euros e o pagamento integral do sal\u00e1rio em caso de layoff. A administra\u00e7\u00e3o indica que os investimentos na f\u00e1brica implicar\u00e3o paragens for\u00e7adas programadas.<\/p>\n<h3>Condi\u00e7\u00f5es salariais e benef\u00edcios<\/h3>\n<p>As paragens, necess\u00e1rias por obras de descarboniza\u00e7\u00e3o e pela transi\u00e7\u00e3o para a mobilidade el\u00e9ctrica, poder\u00e3o reduzir a produ\u00e7\u00e3o anual em cerca de 10%. O ID.1, o novo ve\u00edculo el\u00e9trico da VW para o mercado de entrada, est\u00e1 entre os projetos-chave na f\u00e1brica de Palmela, Set\u00fabal.<\/p>\n<p>A CT real\u00e7a ainda que a Autoeuropa recebe apoio p\u00fablico de 30 milh\u00f5es de euros do Estado, contribuindo para a competitividade na busca por uma nova lideran\u00e7a e neg\u00f3cios. A f\u00e1brica enfrenta uma fase de grande transforma\u00e7\u00e3o, com forte investimento e transforma\u00e7\u00e3o de \u00e1reas de produ\u00e7\u00e3o.<\/p>\n<h3>Impacto na produ\u00e7\u00e3o e pr\u00f3ximos passos<\/h3>\n<p>A produ\u00e7\u00e3o deve manter-se est\u00e1vel durante a vig\u00eancia do acordo, mas est\u00e1 prevista uma redu\u00e7\u00e3o anual por for\u00e7a das obras. As audi\u00eancias e plen\u00e1rios da CT continuam, com quatro reuni\u00f5es marcadas, tr\u00eas j\u00e1 realizadas e a \u00faltima agendada para sexta-feira.<\/p>\n<p>O referendo servir\u00e1 para confirmar ou rejeitar o acordo, que pode incluir ainda mudan\u00e7as nos turnos a partir de junho de 2026, sujeitas a aprova\u00e7\u00e3o dos trabalhadores. Em caso de aprova\u00e7\u00e3o, o conjunto de medidas entrar\u00e1 em vigor conforme definido no texto acordado.<\/p>\n","protected":false},"excerpt":{"rendered":"<ul>\n<li>A Autoeuropa (VW) e a Comiss\u00e3o de Trabalhadores chegaram a um pr\u00e9-acordo laboral v\u00e1lido at\u00e9 junho de 2027, com vota\u00e7\u00f5es em referendo marcadas para quinta e sexta-feira da pr\u00f3xima semana, entre cerca de 5 mil trabalhadores.<\/li>\n<li>O acordo prev\u00ea aumentos salariais de 2,8% j\u00e1 este m\u00eas e mais 2,5% em outubro, ambos com um m\u00ednimo garantido de 50 euros, al\u00e9m de um pr\u00e9mio \u00fanico de 500 euros ap\u00f3s a assinatura, caso aprovado.<\/li>\n<li>Inclui ainda um pr\u00e9mio de assiduidade de 50 euros mensais entre janeiro e junho de 2027, com alargamento de exce\u00e7\u00f5es de elegibilidade, e o pagamento integral do sal\u00e1rio em caso de layoff.<\/li>\n<li>A proposta prev\u00ea um novo modelo de turnos a partir de junho de 2026, sujeito \u00e0 aprova\u00e7\u00e3o dos trabalhadores, bem como o aumento do subs\u00eddio de refei\u00e7\u00e3o para cinco euros.<\/li>\n<li>A empresa antecipa semanas longas de paragem em 2026 devido a investimentos na f\u00e1brica, com uma eventual quebra de produ\u00e7\u00e3o anual em cerca de 10%, enquanto a unidade manter\u00e1 o foco na descarboniza\u00e7\u00e3o e na mobilidade el\u00e9ctrica do ID.1.<\/li>\n<\/ul>\n","protected":false},"author":2,"featured_media":184623,"comment_status":"closed","ping_status":"closed","sticky":false,"template":"","format":"standard","meta":{"footnotes":""},"categories":[1],"tags":[1054,2110,1066,994,4827,2201],"class_list":["post-184610","post","type-post","status-publish","format-standard","has-post-thumbnail","hentry","category-noticias","tag-descarbonizacao-territorial","tag-mobilidade","tag-palmela","tag-setubal","tag-subsidio-de-refeicao","tag-trabalho"],"yoast_head":"<!-- This site is optimized with the Yoast SEO plugin v27.2 - https:\/\/yoast.com\/product\/yoast-seo-wordpress\/ -->\n<title>Autoeuropa aprova acordo laboral com aumento m\u00ednimo de 100 euros - Portal Tela Portugal<\/title>\n<meta name=\"robots\" content=\"index, follow, max-snippet:-1, max-image-preview:large, max-video-preview:-1\" \/>\n<meta property=\"og:locale\" content=\"pt_PT\" \/>\n<meta property=\"og:type\" content=\"article\" \/>\n<meta property=\"og:title\" content=\"Autoeuropa aprova acordo laboral com aumento m\u00ednimo de 100 euros - Portal Tela Portugal\" \/>\n<meta property=\"og:description\" content=\"A Autoeuropa (VW) e a Comiss\u00e3o de Trabalhadores chegaram a um pr\u00e9-acordo laboral v\u00e1lido at\u00e9 junho de 2027, com vota\u00e7\u00f5es em referendo marcadas para quinta e sexta-feira da pr\u00f3xima semana, entre cerca de 5 mil trabalhadores. O acordo prev\u00ea aumentos salariais de 2,8% j\u00e1 este m\u00eas e mais 2,5% em outubro, ambos com um m\u00ednimo garantido de 50 euros, al\u00e9m de um pr\u00e9mio \u00fanico de 500 euros ap\u00f3s a assinatura, caso aprovado. Inclui ainda um pr\u00e9mio de assiduidade de 50 euros mensais entre janeiro e junho de 2027, com alargamento de exce\u00e7\u00f5es de elegibilidade, e o pagamento integral do sal\u00e1rio em caso de layoff. A proposta prev\u00ea um novo modelo de turnos a partir de junho de 2026, sujeito \u00e0 aprova\u00e7\u00e3o dos trabalhadores, bem como o aumento do subs\u00eddio de refei\u00e7\u00e3o para cinco euros. A empresa antecipa semanas longas de paragem em 2026 devido a investimentos na f\u00e1brica, com uma eventual quebra de produ\u00e7\u00e3o anual em cerca de 10%, enquanto a unidade manter\u00e1 o foco na descarboniza\u00e7\u00e3o e na mobilidade el\u00e9ctrica do ID.1.\" \/>\n<meta property=\"og:url\" content=\"https:\/\/portaltela.pt\/noticias\/2026\/01\/30\/autoeuropa-aprova-acordo-laboral-com-aumento-minimo-de-100-euros\/\" \/>\n<meta property=\"og:site_name\" content=\"Portal Tela Portugal\" \/>\n<meta property=\"article:published_time\" content=\"2026-01-30T16:02:00+00:00\" \/>\n<meta name=\"author\" content=\"Telinha\" \/>\n<meta name=\"twitter:card\" content=\"summary_large_image\" \/>\n<meta name=\"twitter:label1\" content=\"Escrito por\" \/>\n\t<meta name=\"twitter:data1\" content=\"Telinha\" \/>\n\t<meta name=\"twitter:label2\" content=\"Tempo estimado de leitura\" \/>\n\t<meta name=\"twitter:data2\" content=\"2 minutos\" \/>\n<script type=\"application\/ld+json\" class=\"yoast-schema-graph\">{\"@context\":\"https:\/\/schema.org\",\"@graph\":[{\"@type\":\"Article\",\"@id\":\"https:\/\/portaltela.pt\/noticias\/2026\/01\/30\/autoeuropa-aprova-acordo-laboral-com-aumento-minimo-de-100-euros\/#article\",\"isPartOf\":{\"@id\":\"https:\/\/portaltela.pt\/noticias\/2026\/01\/30\/autoeuropa-aprova-acordo-laboral-com-aumento-minimo-de-100-euros\/\"},\"author\":{\"name\":\"Telinha\",\"@id\":\"https:\/\/portaltela.pt\/#\/schema\/person\/c4278d4a6028830caff9ee44b42d32ed\"},\"headline\":\"Autoeuropa aprova acordo laboral com aumento m\u00ednimo de 100 euros\",\"datePublished\":\"2026-01-30T16:02:00+00:00\",\"mainEntityOfPage\":{\"@id\":\"https:\/\/portaltela.pt\/noticias\/2026\/01\/30\/autoeuropa-aprova-acordo-laboral-com-aumento-minimo-de-100-euros\/\"},\"wordCount\":434,\"image\":{\"@id\":\"https:\/\/portaltela.pt\/noticias\/2026\/01\/30\/autoeuropa-aprova-acordo-laboral-com-aumento-minimo-de-100-euros\/#primaryimage\"},\"thumbnailUrl\":\"https:\/\/portaltela.pt\/s.01k8rhncp4jt1\/2026\/01\/2063045.jpg\",\"keywords\":[\"descarboniza\u00e7\u00e3o territorial\",\"mobilidade\",\"Palmela\",\"Set\u00fabal\",\"subs\u00eddio de refei\u00e7\u00e3o\",\"trabalho\"],\"articleSection\":[\"Not\u00edcias\"],\"inLanguage\":\"pt-PT\"},{\"@type\":\"WebPage\",\"@id\":\"https:\/\/portaltela.pt\/noticias\/2026\/01\/30\/autoeuropa-aprova-acordo-laboral-com-aumento-minimo-de-100-euros\/\",\"url\":\"https:\/\/portaltela.pt\/noticias\/2026\/01\/30\/autoeuropa-aprova-acordo-laboral-com-aumento-minimo-de-100-euros\/\",\"name\":\"Autoeuropa aprova acordo laboral com aumento m\u00ednimo de 100 euros - Portal Tela Portugal\",\"isPartOf\":{\"@id\":\"https:\/\/portaltela.pt\/#website\"},\"primaryImageOfPage\":{\"@id\":\"https:\/\/portaltela.pt\/noticias\/2026\/01\/30\/autoeuropa-aprova-acordo-laboral-com-aumento-minimo-de-100-euros\/#primaryimage\"},\"image\":{\"@id\":\"https:\/\/portaltela.pt\/noticias\/2026\/01\/30\/autoeuropa-aprova-acordo-laboral-com-aumento-minimo-de-100-euros\/#primaryimage\"},\"thumbnailUrl\":\"https:\/\/portaltela.pt\/s.01k8rhncp4jt1\/2026\/01\/2063045.jpg\",\"datePublished\":\"2026-01-30T16:02:00+00:00\",\"author\":{\"@id\":\"https:\/\/portaltela.pt\/#\/schema\/person\/c4278d4a6028830caff9ee44b42d32ed\"},\"breadcrumb\":{\"@id\":\"https:\/\/portaltela.pt\/noticias\/2026\/01\/30\/autoeuropa-aprova-acordo-laboral-com-aumento-minimo-de-100-euros\/#breadcrumb\"},\"inLanguage\":\"pt-PT\",\"potentialAction\":[{\"@type\":\"ReadAction\",\"target\":[\"https:\/\/portaltela.pt\/noticias\/2026\/01\/30\/autoeuropa-aprova-acordo-laboral-com-aumento-minimo-de-100-euros\/\"]}]},{\"@type\":\"ImageObject\",\"inLanguage\":\"pt-PT\",\"@id\":\"https:\/\/portaltela.pt\/noticias\/2026\/01\/30\/autoeuropa-aprova-acordo-laboral-com-aumento-minimo-de-100-euros\/#primaryimage\",\"url\":\"https:\/\/portaltela.pt\/s.01k8rhncp4jt1\/2026\/01\/2063045.jpg\",\"contentUrl\":\"https:\/\/portaltela.pt\/s.01k8rhncp4jt1\/2026\/01\/2063045.jpg\",\"width\":796,\"height\":448,\"caption\":\"Cerca de 5000 pessoas trabalham na Volkswagen Autoeuropa, em Palmela, distrito de Set\u00fabal, naquela que \u00e9 a maior montadora de autom\u00f3veis de Portugal\"},{\"@type\":\"BreadcrumbList\",\"@id\":\"https:\/\/portaltela.pt\/noticias\/2026\/01\/30\/autoeuropa-aprova-acordo-laboral-com-aumento-minimo-de-100-euros\/#breadcrumb\",\"itemListElement\":[{\"@type\":\"ListItem\",\"position\":1,\"name\":\"In\u00edcio\",\"item\":\"https:\/\/portaltela.pt\/\"},{\"@type\":\"ListItem\",\"position\":2,\"name\":\"Autoeuropa aprova acordo laboral com aumento m\u00ednimo de 100 euros\"}]},{\"@type\":\"WebSite\",\"@id\":\"https:\/\/portaltela.pt\/#website\",\"url\":\"https:\/\/portaltela.pt\/\",\"name\":\"Portal Tela Portugal\",\"description\":\"\",\"potentialAction\":[{\"@type\":\"SearchAction\",\"target\":{\"@type\":\"EntryPoint\",\"urlTemplate\":\"https:\/\/portaltela.pt\/?s={search_term_string}\"},\"query-input\":{\"@type\":\"PropertyValueSpecification\",\"valueRequired\":true,\"valueName\":\"search_term_string\"}}],\"inLanguage\":\"pt-PT\"},{\"@type\":\"Person\",\"@id\":\"https:\/\/portaltela.pt\/#\/schema\/person\/c4278d4a6028830caff9ee44b42d32ed\",\"name\":\"Telinha\",\"image\":{\"@type\":\"ImageObject\",\"inLanguage\":\"pt-PT\",\"@id\":\"https:\/\/portaltela.pt\/s.01k8rhncp4jt1\/2025\/11\/talking-bot-125x125.png\",\"url\":\"https:\/\/portaltela.pt\/s.01k8rhncp4jt1\/2025\/11\/talking-bot-125x125.png\",\"contentUrl\":\"https:\/\/portaltela.pt\/s.01k8rhncp4jt1\/2025\/11\/talking-bot-125x125.png\",\"caption\":\"Telinha\"},\"sameAs\":[\"https:\/\/portaltela.pt\/\"],\"url\":\"https:\/\/portaltela.pt\/por\/367410592786\/\"}]}<\/script>\n<!-- \/ Yoast SEO plugin. -->","yoast_head_json":{"title":"Autoeuropa aprova acordo laboral com aumento m\u00ednimo de 100 euros - Portal Tela Portugal","robots":{"index":"index","follow":"follow","max-snippet":"max-snippet:-1","max-image-preview":"max-image-preview:large","max-video-preview":"max-video-preview:-1"},"og_locale":"pt_PT","og_type":"article","og_title":"Autoeuropa aprova acordo laboral com aumento m\u00ednimo de 100 euros - Portal Tela Portugal","og_description":"A Autoeuropa (VW) e a Comiss\u00e3o de Trabalhadores chegaram a um pr\u00e9-acordo laboral v\u00e1lido at\u00e9 junho de 2027, com vota\u00e7\u00f5es em referendo marcadas para quinta e sexta-feira da pr\u00f3xima semana, entre cerca de 5 mil trabalhadores. O acordo prev\u00ea aumentos salariais de 2,8% j\u00e1 este m\u00eas e mais 2,5% em outubro, ambos com um m\u00ednimo garantido de 50 euros, al\u00e9m de um pr\u00e9mio \u00fanico de 500 euros ap\u00f3s a assinatura, caso aprovado. Inclui ainda um pr\u00e9mio de assiduidade de 50 euros mensais entre janeiro e junho de 2027, com alargamento de exce\u00e7\u00f5es de elegibilidade, e o pagamento integral do sal\u00e1rio em caso de layoff. A proposta prev\u00ea um novo modelo de turnos a partir de junho de 2026, sujeito \u00e0 aprova\u00e7\u00e3o dos trabalhadores, bem como o aumento do subs\u00eddio de refei\u00e7\u00e3o para cinco euros. A empresa antecipa semanas longas de paragem em 2026 devido a investimentos na f\u00e1brica, com uma eventual quebra de produ\u00e7\u00e3o anual em cerca de 10%, enquanto a unidade manter\u00e1 o foco na descarboniza\u00e7\u00e3o e na mobilidade el\u00e9ctrica do ID.1.","og_url":"https:\/\/portaltela.pt\/noticias\/2026\/01\/30\/autoeuropa-aprova-acordo-laboral-com-aumento-minimo-de-100-euros\/","og_site_name":"Portal Tela Portugal","article_published_time":"2026-01-30T16:02:00+00:00","author":"Telinha","twitter_card":"summary_large_image","twitter_misc":{"Escrito por":"Telinha","Tempo estimado de leitura":"2 minutos"},"schema":{"@context":"https:\/\/schema.org","@graph":[{"@type":"Article","@id":"https:\/\/portaltela.pt\/noticias\/2026\/01\/30\/autoeuropa-aprova-acordo-laboral-com-aumento-minimo-de-100-euros\/#article","isPartOf":{"@id":"https:\/\/portaltela.pt\/noticias\/2026\/01\/30\/autoeuropa-aprova-acordo-laboral-com-aumento-minimo-de-100-euros\/"},"author":{"name":"Telinha","@id":"https:\/\/portaltela.pt\/#\/schema\/person\/c4278d4a6028830caff9ee44b42d32ed"},"headline":"Autoeuropa aprova acordo laboral com aumento m\u00ednimo de 100 euros","datePublished":"2026-01-30T16:02:00+00:00","mainEntityOfPage":{"@id":"https:\/\/portaltela.pt\/noticias\/2026\/01\/30\/autoeuropa-aprova-acordo-laboral-com-aumento-minimo-de-100-euros\/"},"wordCount":434,"image":{"@id":"https:\/\/portaltela.pt\/noticias\/2026\/01\/30\/autoeuropa-aprova-acordo-laboral-com-aumento-minimo-de-100-euros\/#primaryimage"},"thumbnailUrl":"https:\/\/portaltela.pt\/s.01k8rhncp4jt1\/2026\/01\/2063045.jpg","keywords":["descarboniza\u00e7\u00e3o territorial","mobilidade","Palmela","Set\u00fabal","subs\u00eddio de refei\u00e7\u00e3o","trabalho"],"articleSection":["Not\u00edcias"],"inLanguage":"pt-PT"},{"@type":"WebPage","@id":"https:\/\/portaltela.pt\/noticias\/2026\/01\/30\/autoeuropa-aprova-acordo-laboral-com-aumento-minimo-de-100-euros\/","url":"https:\/\/portaltela.pt\/noticias\/2026\/01\/30\/autoeuropa-aprova-acordo-laboral-com-aumento-minimo-de-100-euros\/","name":"Autoeuropa aprova acordo laboral com aumento m\u00ednimo de 100 euros - Portal Tela Portugal","isPartOf":{"@id":"https:\/\/portaltela.pt\/#website"},"primaryImageOfPage":{"@id":"https:\/\/portaltela.pt\/noticias\/2026\/01\/30\/autoeuropa-aprova-acordo-laboral-com-aumento-minimo-de-100-euros\/#primaryimage"},"image":{"@id":"https:\/\/portaltela.pt\/noticias\/2026\/01\/30\/autoeuropa-aprova-acordo-laboral-com-aumento-minimo-de-100-euros\/#primaryimage"},"thumbnailUrl":"https:\/\/portaltela.pt\/s.01k8rhncp4jt1\/2026\/01\/2063045.jpg","datePublished":"2026-01-30T16:02:00+00:00","author":{"@id":"https:\/\/portaltela.pt\/#\/schema\/person\/c4278d4a6028830caff9ee44b42d32ed"},"breadcrumb":{"@id":"https:\/\/portaltela.pt\/noticias\/2026\/01\/30\/autoeuropa-aprova-acordo-laboral-com-aumento-minimo-de-100-euros\/#breadcrumb"},"inLanguage":"pt-PT","potentialAction":[{"@type":"ReadAction","target":["https:\/\/portaltela.pt\/noticias\/2026\/01\/30\/autoeuropa-aprova-acordo-laboral-com-aumento-minimo-de-100-euros\/"]}]},{"@type":"ImageObject","inLanguage":"pt-PT","@id":"https:\/\/portaltela.pt\/noticias\/2026\/01\/30\/autoeuropa-aprova-acordo-laboral-com-aumento-minimo-de-100-euros\/#primaryimage","url":"https:\/\/portaltela.pt\/s.01k8rhncp4jt1\/2026\/01\/2063045.jpg","contentUrl":"https:\/\/portaltela.pt\/s.01k8rhncp4jt1\/2026\/01\/2063045.jpg","width":796,"height":448,"caption":"Cerca de 5000 pessoas trabalham na Volkswagen Autoeuropa, em Palmela, distrito de Set\u00fabal, naquela que \u00e9 a maior montadora de autom\u00f3veis de Portugal"},{"@type":"BreadcrumbList","@id":"https:\/\/portaltela.pt\/noticias\/2026\/01\/30\/autoeuropa-aprova-acordo-laboral-com-aumento-minimo-de-100-euros\/#breadcrumb","itemListElement":[{"@type":"ListItem","position":1,"name":"In\u00edcio","item":"https:\/\/portaltela.pt\/"},{"@type":"ListItem","position":2,"name":"Autoeuropa aprova acordo laboral com aumento m\u00ednimo de 100 euros"}]},{"@type":"WebSite","@id":"https:\/\/portaltela.pt\/#website","url":"https:\/\/portaltela.pt\/","name":"Portal Tela Portugal","description":"","potentialAction":[{"@type":"SearchAction","target":{"@type":"EntryPoint","urlTemplate":"https:\/\/portaltela.pt\/?s={search_term_string}"},"query-input":{"@type":"PropertyValueSpecification","valueRequired":true,"valueName":"search_term_string"}}],"inLanguage":"pt-PT"},{"@type":"Person","@id":"https:\/\/portaltela.pt\/#\/schema\/person\/c4278d4a6028830caff9ee44b42d32ed","name":"Telinha","image":{"@type":"ImageObject","inLanguage":"pt-PT","@id":"https:\/\/portaltela.pt\/s.01k8rhncp4jt1\/2025\/11\/talking-bot-125x125.png","url":"https:\/\/portaltela.pt\/s.01k8rhncp4jt1\/2025\/11\/talking-bot-125x125.png","contentUrl":"https:\/\/portaltela.pt\/s.01k8rhncp4jt1\/2025\/11\/talking-bot-125x125.png","caption":"Telinha"},"sameAs":["https:\/\/portaltela.pt\/"],"url":"https:\/\/portaltela.pt\/por\/367410592786\/"}]}},"_links":{"self":[{"href":"https:\/\/portaltela.pt\/api\/wp\/v2\/posts\/184610","targetHints":{"allow":["GET"]}}],"collection":[{"href":"https:\/\/portaltela.pt\/api\/wp\/v2\/posts"}],"about":[{"href":"https:\/\/portaltela.pt\/api\/wp\/v2\/types\/post"}],"author":[{"embeddable":true,"href":"https:\/\/portaltela.pt\/api\/wp\/v2\/users\/2"}],"replies":[{"embeddable":true,"href":"https:\/\/portaltela.pt\/api\/wp\/v2\/comments?post=184610"}],"version-history":[{"count":0,"href":"https:\/\/portaltela.pt\/api\/wp\/v2\/posts\/184610\/revisions"}],"wp:featuredmedia":[{"embeddable":true,"href":"https:\/\/portaltela.pt\/api\/wp\/v2\/media\/184623"}],"wp:attachment":[{"href":"https:\/\/portaltela.pt\/api\/wp\/v2\/media?parent=184610"}],"wp:term":[{"taxonomy":"category","embeddable":true,"href":"https:\/\/portaltela.pt\/api\/wp\/v2\/categories?post=184610"},{"taxonomy":"post_tag","embeddable":true,"href":"https:\/\/portaltela.pt\/api\/wp\/v2\/tags?post=184610"}],"curies":[{"name":"wp","href":"https:\/\/api.w.org\/{rel}","templated":true}]}}