{"id":184593,"date":"2026-01-30T13:11:00","date_gmt":"2026-01-30T16:11:00","guid":{"rendered":"https:\/\/portaltela.pt\/noticias\/2026\/01\/30\/pedrogao-grande-enfrenta-tres-dias-sem-energia-nem-comunicacoes\/"},"modified":"2026-01-30T13:11:00","modified_gmt":"2026-01-30T16:11:00","slug":"pedrogao-grande-enfrenta-tres-dias-sem-energia-nem-comunicacoes","status":"publish","type":"post","link":"https:\/\/portaltela.pt\/noticias\/2026\/01\/30\/pedrogao-grande-enfrenta-tres-dias-sem-energia-nem-comunicacoes\/","title":{"rendered":"Pedr\u00f3g\u00e3o Grande enfrenta tr\u00eas dias sem energia nem comunica\u00e7\u00f5es"},"content":{"rendered":"<p>A popula\u00e7\u00e3o de Pedr\u00f3g\u00e3o Grande enfrenta o terceiro dia sem energia el\u00e9trica e sem comunica\u00e7\u00f5es, ap\u00f3s interrup\u00e7\u00f5es associadas \u00e0 depress\u00e3o Kristin. O fen\u00f3meno deixou parte do concelho sem servi\u00e7os b\u00e1sicos e com dificuldades de mobilidade.<\/p>\n<p>Na freguesia da Gra\u00e7a, a mais afetada, as Queixas concentram\u2011se na falta de apoio por parte das entidades p\u00fablicas. Moradores indicam atraso na chegada de assist\u00eancia e de informa\u00e7\u00f5es oficiais sobre a retoma.<\/p>\n<p>A situa\u00e7\u00e3o mant\u00e9m\u2011se sem previs\u00e3o de retoma r\u00e1pida dos servi\u00e7os, agravando dificuldades log\u00edsticas, sobretudo para quem depende de eletricidade para manter cuidados b\u00e1sicos e comunica\u00e7\u00e3o com familiares.<\/p>\n<p>N\u00e3o foram confirmados detalhes de respons\u00e1veis ou a\u00e7\u00f5es espec\u00edficas em curso, mantendo o foco na necessidade de resposta institucional eficaz e r\u00e1pida.<\/p>\n","protected":false},"excerpt":{"rendered":"<ul>\n<li>A popula\u00e7\u00e3o de Pedr\u00f3g\u00e3o Grande est\u00e1 h\u00e1 tr\u00eas dias sem energia el\u00e9trica e sem comunica\u00e7\u00f5es.<\/li>\n<li>A freguesia da Gra\u00e7a \u00e9 a mais afetada no concelho pela depress\u00e3o Kristin.<\/li>\n<li>Os moradores queixam-se da falta de apoio por parte das entidades p\u00fablicas.<\/li>\n<li>A situa\u00e7\u00e3o obriga a desenrascar da comunidade para lidar com os impactos.<\/li>\n<li>N\u00e3o h\u00e1 detalhes oficiais sobre prazos de normaliza\u00e7\u00e3o dos servi\u00e7os.<\/li>\n<\/ul>\n","protected":false},"author":2,"featured_media":184599,"comment_status":"closed","ping_status":"closed","sticky":false,"template":"","format":"standard","meta":{"footnotes":""},"categories":[1],"tags":[4729,4818,4687,4590,195,4614],"class_list":["post-184593","post","type-post","status-publish","format-standard","has-post-thumbnail","hentry","category-noticias","tag-abastecimento-de-energia","tag-apoio-as-catastrofes-naturais","tag-calamidade-publica","tag-desabrigos","tag-informacao","tag-situacoes-sociais"],"yoast_head":"<!-- This site is optimized with the Yoast SEO plugin v27.2 - https:\/\/yoast.com\/product\/yoast-seo-wordpress\/ -->\n<title>Pedr\u00f3g\u00e3o Grande enfrenta tr\u00eas dias sem energia nem comunica\u00e7\u00f5es - Portal Tela Portugal<\/title>\n<meta name=\"robots\" content=\"index, follow, max-snippet:-1, max-image-preview:large, max-video-preview:-1\" \/>\n<meta property=\"og:locale\" content=\"pt_PT\" \/>\n<meta property=\"og:type\" content=\"article\" \/>\n<meta property=\"og:title\" content=\"Pedr\u00f3g\u00e3o Grande enfrenta tr\u00eas dias sem energia nem comunica\u00e7\u00f5es - Portal Tela Portugal\" \/>\n<meta property=\"og:description\" content=\"A popula\u00e7\u00e3o de Pedr\u00f3g\u00e3o Grande est\u00e1 h\u00e1 tr\u00eas dias sem energia el\u00e9trica e sem comunica\u00e7\u00f5es. A freguesia da Gra\u00e7a \u00e9 a mais afetada no concelho pela depress\u00e3o Kristin. Os moradores queixam-se da falta de apoio por parte das entidades p\u00fablicas. A situa\u00e7\u00e3o obriga a desenrascar da comunidade para lidar com os impactos. N\u00e3o h\u00e1 detalhes oficiais sobre prazos de normaliza\u00e7\u00e3o dos servi\u00e7os.\" \/>\n<meta property=\"og:url\" content=\"https:\/\/portaltela.pt\/noticias\/2026\/01\/30\/pedrogao-grande-enfrenta-tres-dias-sem-energia-nem-comunicacoes\/\" \/>\n<meta property=\"og:site_name\" content=\"Portal Tela Portugal\" \/>\n<meta property=\"article:published_time\" content=\"2026-01-30T16:11:00+00:00\" \/>\n<meta name=\"author\" content=\"Telinha\" \/>\n<meta name=\"twitter:card\" content=\"summary_large_image\" \/>\n<meta name=\"twitter:label1\" content=\"Escrito por\" \/>\n\t<meta name=\"twitter:data1\" content=\"Telinha\" \/>\n\t<meta name=\"twitter:label2\" content=\"Tempo estimado de leitura\" \/>\n\t<meta name=\"twitter:data2\" content=\"1 minuto\" \/>\n<script type=\"application\/ld+json\" class=\"yoast-schema-graph\">{\"@context\":\"https:\/\/schema.org\",\"@graph\":[{\"@type\":\"Article\",\"@id\":\"https:\/\/portaltela.pt\/noticias\/2026\/01\/30\/pedrogao-grande-enfrenta-tres-dias-sem-energia-nem-comunicacoes\/#article\",\"isPartOf\":{\"@id\":\"https:\/\/portaltela.pt\/noticias\/2026\/01\/30\/pedrogao-grande-enfrenta-tres-dias-sem-energia-nem-comunicacoes\/\"},\"author\":{\"name\":\"Telinha\",\"@id\":\"https:\/\/portaltela.pt\/#\/schema\/person\/c4278d4a6028830caff9ee44b42d32ed\"},\"headline\":\"Pedr\u00f3g\u00e3o Grande enfrenta tr\u00eas dias sem energia nem comunica\u00e7\u00f5es\",\"datePublished\":\"2026-01-30T16:11:00+00:00\",\"mainEntityOfPage\":{\"@id\":\"https:\/\/portaltela.pt\/noticias\/2026\/01\/30\/pedrogao-grande-enfrenta-tres-dias-sem-energia-nem-comunicacoes\/\"},\"wordCount\":159,\"image\":{\"@id\":\"https:\/\/portaltela.pt\/noticias\/2026\/01\/30\/pedrogao-grande-enfrenta-tres-dias-sem-energia-nem-comunicacoes\/#primaryimage\"},\"thumbnailUrl\":\"https:\/\/portaltela.pt\/s.01k8rhncp4jt1\/2026\/01\/CACHE_780X1200_ANALOG_WATERMARKED_46458014_5080805_30012026025707.jpg\",\"keywords\":[\"abastecimento de energia\",\"Apoio \u00e0s Cat\u00e1strofes Naturais\",\"calamidade p\u00fablica\",\"desabrigos\",\"informa\u00e7\u00e3o\",\"situa\u00e7\u00f5es sociais\"],\"articleSection\":[\"Not\u00edcias\"],\"inLanguage\":\"pt-PT\"},{\"@type\":\"WebPage\",\"@id\":\"https:\/\/portaltela.pt\/noticias\/2026\/01\/30\/pedrogao-grande-enfrenta-tres-dias-sem-energia-nem-comunicacoes\/\",\"url\":\"https:\/\/portaltela.pt\/noticias\/2026\/01\/30\/pedrogao-grande-enfrenta-tres-dias-sem-energia-nem-comunicacoes\/\",\"name\":\"Pedr\u00f3g\u00e3o Grande enfrenta tr\u00eas dias sem energia nem comunica\u00e7\u00f5es - Portal Tela Portugal\",\"isPartOf\":{\"@id\":\"https:\/\/portaltela.pt\/#website\"},\"primaryImageOfPage\":{\"@id\":\"https:\/\/portaltela.pt\/noticias\/2026\/01\/30\/pedrogao-grande-enfrenta-tres-dias-sem-energia-nem-comunicacoes\/#primaryimage\"},\"image\":{\"@id\":\"https:\/\/portaltela.pt\/noticias\/2026\/01\/30\/pedrogao-grande-enfrenta-tres-dias-sem-energia-nem-comunicacoes\/#primaryimage\"},\"thumbnailUrl\":\"https:\/\/portaltela.pt\/s.01k8rhncp4jt1\/2026\/01\/CACHE_780X1200_ANALOG_WATERMARKED_46458014_5080805_30012026025707.jpg\",\"datePublished\":\"2026-01-30T16:11:00+00:00\",\"author\":{\"@id\":\"https:\/\/portaltela.pt\/#\/schema\/person\/c4278d4a6028830caff9ee44b42d32ed\"},\"breadcrumb\":{\"@id\":\"https:\/\/portaltela.pt\/noticias\/2026\/01\/30\/pedrogao-grande-enfrenta-tres-dias-sem-energia-nem-comunicacoes\/#breadcrumb\"},\"inLanguage\":\"pt-PT\",\"potentialAction\":[{\"@type\":\"ReadAction\",\"target\":[\"https:\/\/portaltela.pt\/noticias\/2026\/01\/30\/pedrogao-grande-enfrenta-tres-dias-sem-energia-nem-comunicacoes\/\"]}]},{\"@type\":\"ImageObject\",\"inLanguage\":\"pt-PT\",\"@id\":\"https:\/\/portaltela.pt\/noticias\/2026\/01\/30\/pedrogao-grande-enfrenta-tres-dias-sem-energia-nem-comunicacoes\/#primaryimage\",\"url\":\"https:\/\/portaltela.pt\/s.01k8rhncp4jt1\/2026\/01\/CACHE_780X1200_ANALOG_WATERMARKED_46458014_5080805_30012026025707.jpg\",\"contentUrl\":\"https:\/\/portaltela.pt\/s.01k8rhncp4jt1\/2026\/01\/CACHE_780X1200_ANALOG_WATERMARKED_46458014_5080805_30012026025707.jpg\",\"width\":796,\"height\":448,\"caption\":\"Popula\u00e7\u00e3o de Pedr\u00f3g\u00e3o Grande obrigada a desenrascar-se ap\u00f3s tr\u00eas dias sem energia e comunica\u00e7\u00f5es\"},{\"@type\":\"BreadcrumbList\",\"@id\":\"https:\/\/portaltela.pt\/noticias\/2026\/01\/30\/pedrogao-grande-enfrenta-tres-dias-sem-energia-nem-comunicacoes\/#breadcrumb\",\"itemListElement\":[{\"@type\":\"ListItem\",\"position\":1,\"name\":\"In\u00edcio\",\"item\":\"https:\/\/portaltela.pt\/\"},{\"@type\":\"ListItem\",\"position\":2,\"name\":\"Pedr\u00f3g\u00e3o Grande enfrenta tr\u00eas dias sem energia nem comunica\u00e7\u00f5es\"}]},{\"@type\":\"WebSite\",\"@id\":\"https:\/\/portaltela.pt\/#website\",\"url\":\"https:\/\/portaltela.pt\/\",\"name\":\"Portal Tela Portugal\",\"description\":\"\",\"potentialAction\":[{\"@type\":\"SearchAction\",\"target\":{\"@type\":\"EntryPoint\",\"urlTemplate\":\"https:\/\/portaltela.pt\/?s={search_term_string}\"},\"query-input\":{\"@type\":\"PropertyValueSpecification\",\"valueRequired\":true,\"valueName\":\"search_term_string\"}}],\"inLanguage\":\"pt-PT\"},{\"@type\":\"Person\",\"@id\":\"https:\/\/portaltela.pt\/#\/schema\/person\/c4278d4a6028830caff9ee44b42d32ed\",\"name\":\"Telinha\",\"image\":{\"@type\":\"ImageObject\",\"inLanguage\":\"pt-PT\",\"@id\":\"https:\/\/portaltela.pt\/s.01k8rhncp4jt1\/2025\/11\/talking-bot-125x125.png\",\"url\":\"https:\/\/portaltela.pt\/s.01k8rhncp4jt1\/2025\/11\/talking-bot-125x125.png\",\"contentUrl\":\"https:\/\/portaltela.pt\/s.01k8rhncp4jt1\/2025\/11\/talking-bot-125x125.png\",\"caption\":\"Telinha\"},\"sameAs\":[\"https:\/\/portaltela.pt\/\"],\"url\":\"https:\/\/portaltela.pt\/por\/367410592786\/\"}]}<\/script>\n<!-- \/ Yoast SEO plugin. -->","yoast_head_json":{"title":"Pedr\u00f3g\u00e3o Grande enfrenta tr\u00eas dias sem energia nem comunica\u00e7\u00f5es - Portal Tela Portugal","robots":{"index":"index","follow":"follow","max-snippet":"max-snippet:-1","max-image-preview":"max-image-preview:large","max-video-preview":"max-video-preview:-1"},"og_locale":"pt_PT","og_type":"article","og_title":"Pedr\u00f3g\u00e3o Grande enfrenta tr\u00eas dias sem energia nem comunica\u00e7\u00f5es - Portal Tela Portugal","og_description":"A popula\u00e7\u00e3o de Pedr\u00f3g\u00e3o Grande est\u00e1 h\u00e1 tr\u00eas dias sem energia el\u00e9trica e sem comunica\u00e7\u00f5es. A freguesia da Gra\u00e7a \u00e9 a mais afetada no concelho pela depress\u00e3o Kristin. Os moradores queixam-se da falta de apoio por parte das entidades p\u00fablicas. A situa\u00e7\u00e3o obriga a desenrascar da comunidade para lidar com os impactos. N\u00e3o h\u00e1 detalhes oficiais sobre prazos de normaliza\u00e7\u00e3o dos servi\u00e7os.","og_url":"https:\/\/portaltela.pt\/noticias\/2026\/01\/30\/pedrogao-grande-enfrenta-tres-dias-sem-energia-nem-comunicacoes\/","og_site_name":"Portal Tela Portugal","article_published_time":"2026-01-30T16:11:00+00:00","author":"Telinha","twitter_card":"summary_large_image","twitter_misc":{"Escrito por":"Telinha","Tempo estimado de leitura":"1 minuto"},"schema":{"@context":"https:\/\/schema.org","@graph":[{"@type":"Article","@id":"https:\/\/portaltela.pt\/noticias\/2026\/01\/30\/pedrogao-grande-enfrenta-tres-dias-sem-energia-nem-comunicacoes\/#article","isPartOf":{"@id":"https:\/\/portaltela.pt\/noticias\/2026\/01\/30\/pedrogao-grande-enfrenta-tres-dias-sem-energia-nem-comunicacoes\/"},"author":{"name":"Telinha","@id":"https:\/\/portaltela.pt\/#\/schema\/person\/c4278d4a6028830caff9ee44b42d32ed"},"headline":"Pedr\u00f3g\u00e3o Grande enfrenta tr\u00eas dias sem energia nem comunica\u00e7\u00f5es","datePublished":"2026-01-30T16:11:00+00:00","mainEntityOfPage":{"@id":"https:\/\/portaltela.pt\/noticias\/2026\/01\/30\/pedrogao-grande-enfrenta-tres-dias-sem-energia-nem-comunicacoes\/"},"wordCount":159,"image":{"@id":"https:\/\/portaltela.pt\/noticias\/2026\/01\/30\/pedrogao-grande-enfrenta-tres-dias-sem-energia-nem-comunicacoes\/#primaryimage"},"thumbnailUrl":"https:\/\/portaltela.pt\/s.01k8rhncp4jt1\/2026\/01\/CACHE_780X1200_ANALOG_WATERMARKED_46458014_5080805_30012026025707.jpg","keywords":["abastecimento de energia","Apoio \u00e0s Cat\u00e1strofes Naturais","calamidade p\u00fablica","desabrigos","informa\u00e7\u00e3o","situa\u00e7\u00f5es sociais"],"articleSection":["Not\u00edcias"],"inLanguage":"pt-PT"},{"@type":"WebPage","@id":"https:\/\/portaltela.pt\/noticias\/2026\/01\/30\/pedrogao-grande-enfrenta-tres-dias-sem-energia-nem-comunicacoes\/","url":"https:\/\/portaltela.pt\/noticias\/2026\/01\/30\/pedrogao-grande-enfrenta-tres-dias-sem-energia-nem-comunicacoes\/","name":"Pedr\u00f3g\u00e3o Grande enfrenta tr\u00eas dias sem energia nem comunica\u00e7\u00f5es - Portal Tela Portugal","isPartOf":{"@id":"https:\/\/portaltela.pt\/#website"},"primaryImageOfPage":{"@id":"https:\/\/portaltela.pt\/noticias\/2026\/01\/30\/pedrogao-grande-enfrenta-tres-dias-sem-energia-nem-comunicacoes\/#primaryimage"},"image":{"@id":"https:\/\/portaltela.pt\/noticias\/2026\/01\/30\/pedrogao-grande-enfrenta-tres-dias-sem-energia-nem-comunicacoes\/#primaryimage"},"thumbnailUrl":"https:\/\/portaltela.pt\/s.01k8rhncp4jt1\/2026\/01\/CACHE_780X1200_ANALOG_WATERMARKED_46458014_5080805_30012026025707.jpg","datePublished":"2026-01-30T16:11:00+00:00","author":{"@id":"https:\/\/portaltela.pt\/#\/schema\/person\/c4278d4a6028830caff9ee44b42d32ed"},"breadcrumb":{"@id":"https:\/\/portaltela.pt\/noticias\/2026\/01\/30\/pedrogao-grande-enfrenta-tres-dias-sem-energia-nem-comunicacoes\/#breadcrumb"},"inLanguage":"pt-PT","potentialAction":[{"@type":"ReadAction","target":["https:\/\/portaltela.pt\/noticias\/2026\/01\/30\/pedrogao-grande-enfrenta-tres-dias-sem-energia-nem-comunicacoes\/"]}]},{"@type":"ImageObject","inLanguage":"pt-PT","@id":"https:\/\/portaltela.pt\/noticias\/2026\/01\/30\/pedrogao-grande-enfrenta-tres-dias-sem-energia-nem-comunicacoes\/#primaryimage","url":"https:\/\/portaltela.pt\/s.01k8rhncp4jt1\/2026\/01\/CACHE_780X1200_ANALOG_WATERMARKED_46458014_5080805_30012026025707.jpg","contentUrl":"https:\/\/portaltela.pt\/s.01k8rhncp4jt1\/2026\/01\/CACHE_780X1200_ANALOG_WATERMARKED_46458014_5080805_30012026025707.jpg","width":796,"height":448,"caption":"Popula\u00e7\u00e3o de Pedr\u00f3g\u00e3o Grande obrigada a desenrascar-se ap\u00f3s tr\u00eas dias sem energia e comunica\u00e7\u00f5es"},{"@type":"BreadcrumbList","@id":"https:\/\/portaltela.pt\/noticias\/2026\/01\/30\/pedrogao-grande-enfrenta-tres-dias-sem-energia-nem-comunicacoes\/#breadcrumb","itemListElement":[{"@type":"ListItem","position":1,"name":"In\u00edcio","item":"https:\/\/portaltela.pt\/"},{"@type":"ListItem","position":2,"name":"Pedr\u00f3g\u00e3o Grande enfrenta tr\u00eas dias sem energia nem comunica\u00e7\u00f5es"}]},{"@type":"WebSite","@id":"https:\/\/portaltela.pt\/#website","url":"https:\/\/portaltela.pt\/","name":"Portal Tela Portugal","description":"","potentialAction":[{"@type":"SearchAction","target":{"@type":"EntryPoint","urlTemplate":"https:\/\/portaltela.pt\/?s={search_term_string}"},"query-input":{"@type":"PropertyValueSpecification","valueRequired":true,"valueName":"search_term_string"}}],"inLanguage":"pt-PT"},{"@type":"Person","@id":"https:\/\/portaltela.pt\/#\/schema\/person\/c4278d4a6028830caff9ee44b42d32ed","name":"Telinha","image":{"@type":"ImageObject","inLanguage":"pt-PT","@id":"https:\/\/portaltela.pt\/s.01k8rhncp4jt1\/2025\/11\/talking-bot-125x125.png","url":"https:\/\/portaltela.pt\/s.01k8rhncp4jt1\/2025\/11\/talking-bot-125x125.png","contentUrl":"https:\/\/portaltela.pt\/s.01k8rhncp4jt1\/2025\/11\/talking-bot-125x125.png","caption":"Telinha"},"sameAs":["https:\/\/portaltela.pt\/"],"url":"https:\/\/portaltela.pt\/por\/367410592786\/"}]}},"_links":{"self":[{"href":"https:\/\/portaltela.pt\/api\/wp\/v2\/posts\/184593","targetHints":{"allow":["GET"]}}],"collection":[{"href":"https:\/\/portaltela.pt\/api\/wp\/v2\/posts"}],"about":[{"href":"https:\/\/portaltela.pt\/api\/wp\/v2\/types\/post"}],"author":[{"embeddable":true,"href":"https:\/\/portaltela.pt\/api\/wp\/v2\/users\/2"}],"replies":[{"embeddable":true,"href":"https:\/\/portaltela.pt\/api\/wp\/v2\/comments?post=184593"}],"version-history":[{"count":0,"href":"https:\/\/portaltela.pt\/api\/wp\/v2\/posts\/184593\/revisions"}],"wp:featuredmedia":[{"embeddable":true,"href":"https:\/\/portaltela.pt\/api\/wp\/v2\/media\/184599"}],"wp:attachment":[{"href":"https:\/\/portaltela.pt\/api\/wp\/v2\/media?parent=184593"}],"wp:term":[{"taxonomy":"category","embeddable":true,"href":"https:\/\/portaltela.pt\/api\/wp\/v2\/categories?post=184593"},{"taxonomy":"post_tag","embeddable":true,"href":"https:\/\/portaltela.pt\/api\/wp\/v2\/tags?post=184593"}],"curies":[{"name":"wp","href":"https:\/\/api.w.org\/{rel}","templated":true}]}}