{"id":184581,"date":"2026-01-30T12:46:22","date_gmt":"2026-01-30T15:46:22","guid":{"rendered":"https:\/\/portaltela.pt\/noticias\/2026\/01\/30\/pagamentos-em-atraso-sobem-para-3323-milhoes-de-euros-no-ano-passado\/"},"modified":"2026-01-30T12:46:22","modified_gmt":"2026-01-30T15:46:22","slug":"pagamentos-em-atraso-sobem-para-3323-milhoes-de-euros-no-ano-passado","status":"publish","type":"post","link":"https:\/\/portaltela.pt\/noticias\/2026\/01\/30\/pagamentos-em-atraso-sobem-para-3323-milhoes-de-euros-no-ano-passado\/","title":{"rendered":"Pagamentos em atraso sobem para 332,3 milh\u00f5es de euros no ano passado"},"content":{"rendered":"<p>Em dezembro de 2025, os pagamentos em atraso das entidades p\u00fablicas fixaram-se em 332,3 milh\u00f5es de euros, um aumento de 37,4 milh\u00f5es face ao mesmo m\u00eas do ano anterior. A s\u00edntese de execu\u00e7\u00e3o or\u00e7amental explica o crescimento pela evolu\u00e7\u00e3o verificada na \u00e1rea da sa\u00fade e nas Entidades P\u00fablicas Reclassificadas.<\/p>\n<p>A compara\u00e7\u00e3o com o m\u00eas anterior aponta uma descida de 394,7 milh\u00f5es de euros. Este resultado mensal est\u00e1 ligado \u00e0 regulariza\u00e7\u00e3o de d\u00edvidas e a entradas de capital efetuadas no m\u00eas de dezembro.<\/p>\n<p>Segundo a Entidade Or\u00e7amental, o aumento hom\u00f3logo deve-se sobretudo \u00e0 \u00e1rea da sa\u00fade (47,3 milh\u00f5es) e \u00e0s Entidades P\u00fablicas Reclassificadas (18 milh\u00f5es). A Administra\u00e7\u00e3o Regional registou, por sua vez, um recuo de 30,6 milh\u00f5es.<\/p>\n<h3>Varia\u00e7\u00e3o mensal e contributos setoriais<\/h3>\n<p>Na compara\u00e7\u00e3o m\u00eas a m\u00eas, a varia\u00e7\u00e3o refletiu quedas em v\u00e1rios setores, com destaque para a \u00e1rea da sa\u00fade, que registou uma redu\u00e7\u00e3o de 374,3 milh\u00f5es de euros.<\/p>\n<p>Estas altera\u00e7\u00f5es devem-se a entradas de capital de 600 milh\u00f5es de euros e a refor\u00e7os de 206 milh\u00f5es de euros nos Contratos-Programa das unidades de sa\u00fade EPE, usados na regulariza\u00e7\u00e3o de d\u00edvidas a fornecedores.<\/p>\n","protected":false},"excerpt":{"rendered":"<ul>\n<li>No final de dezembro de 2025, os pagamentos em atraso das entidades p\u00fablicas chegaram a 332,3 milh\u00f5es de euros, com um aumento de 37,4 milh\u00f5es face ao ano anterior.<\/li>\n<li>Em rela\u00e7\u00e3o ao m\u00eas anterior, houve uma descida de 394,7 milh\u00f5es de euros.<\/li>\n<li>A varia\u00e7\u00e3o hom\u00f3loga deve-se ao aumento na \u00e1rea da sa\u00fade (47,3 milh\u00f5es) e nas Entidades P\u00fablicas Reclassificadas (18 milh\u00f5es).<\/li>\n<li>Por outro lado, houve um recuo na Administra\u00e7\u00e3o Regional (-30,6 milh\u00f5es).<\/li>\n<li>A varia\u00e7\u00e3o mensal esteve concentrada em todos os subsetores, com destaque para a \u00e1rea da sa\u00fade (-374,3 milh\u00f5es), devido a entradas de capital de 600 milh\u00f5es de euros e refor\u00e7os dos Contratos-Programa de 206 milh\u00f5es nas unidades de sa\u00fade EPE para regulariza\u00e7\u00e3o de d\u00edvidas a fornecedores.<\/li>\n<\/ul>\n","protected":false},"author":2,"featured_media":184621,"comment_status":"closed","ping_status":"closed","sticky":false,"template":"","format":"standard","meta":{"footnotes":""},"categories":[1],"tags":[4674,3964,733,4693,172,2824],"class_list":["post-184581","post","type-post","status-publish","format-standard","has-post-thumbnail","hentry","category-noticias","tag-divida-publica","tag-execucao-orcamental","tag-financas-publicas","tag-pagamentos","tag-saude","tag-setor-publico"],"yoast_head":"<!-- This site is optimized with the Yoast SEO plugin v27.2 - https:\/\/yoast.com\/product\/yoast-seo-wordpress\/ -->\n<title>Pagamentos em atraso sobem para 332,3 milh\u00f5es de euros no ano passado - Portal Tela Portugal<\/title>\n<meta name=\"robots\" content=\"index, follow, max-snippet:-1, max-image-preview:large, max-video-preview:-1\" \/>\n<meta property=\"og:locale\" content=\"pt_PT\" \/>\n<meta property=\"og:type\" content=\"article\" \/>\n<meta property=\"og:title\" content=\"Pagamentos em atraso sobem para 332,3 milh\u00f5es de euros no ano passado - Portal Tela Portugal\" \/>\n<meta property=\"og:description\" content=\"No final de dezembro de 2025, os pagamentos em atraso das entidades p\u00fablicas chegaram a 332,3 milh\u00f5es de euros, com um aumento de 37,4 milh\u00f5es face ao ano anterior. Em rela\u00e7\u00e3o ao m\u00eas anterior, houve uma descida de 394,7 milh\u00f5es de euros. A varia\u00e7\u00e3o hom\u00f3loga deve-se ao aumento na \u00e1rea da sa\u00fade (47,3 milh\u00f5es) e nas Entidades P\u00fablicas Reclassificadas (18 milh\u00f5es). Por outro lado, houve um recuo na Administra\u00e7\u00e3o Regional (-30,6 milh\u00f5es). A varia\u00e7\u00e3o mensal esteve concentrada em todos os subsetores, com destaque para a \u00e1rea da sa\u00fade (-374,3 milh\u00f5es), devido a entradas de capital de 600 milh\u00f5es de euros e refor\u00e7os dos Contratos-Programa de 206 milh\u00f5es nas unidades de sa\u00fade EPE para regulariza\u00e7\u00e3o de d\u00edvidas a fornecedores.\" \/>\n<meta property=\"og:url\" content=\"https:\/\/portaltela.pt\/noticias\/2026\/01\/30\/pagamentos-em-atraso-sobem-para-3323-milhoes-de-euros-no-ano-passado\/\" \/>\n<meta property=\"og:site_name\" content=\"Portal Tela Portugal\" \/>\n<meta property=\"article:published_time\" content=\"2026-01-30T15:46:22+00:00\" \/>\n<meta name=\"author\" content=\"Telinha\" \/>\n<meta name=\"twitter:card\" content=\"summary_large_image\" \/>\n<meta name=\"twitter:label1\" content=\"Escrito por\" \/>\n\t<meta name=\"twitter:data1\" content=\"Telinha\" \/>\n\t<meta name=\"twitter:label2\" content=\"Tempo estimado de leitura\" \/>\n\t<meta name=\"twitter:data2\" content=\"1 minuto\" \/>\n<script type=\"application\/ld+json\" class=\"yoast-schema-graph\">{\"@context\":\"https:\/\/schema.org\",\"@graph\":[{\"@type\":\"Article\",\"@id\":\"https:\/\/portaltela.pt\/noticias\/2026\/01\/30\/pagamentos-em-atraso-sobem-para-3323-milhoes-de-euros-no-ano-passado\/#article\",\"isPartOf\":{\"@id\":\"https:\/\/portaltela.pt\/noticias\/2026\/01\/30\/pagamentos-em-atraso-sobem-para-3323-milhoes-de-euros-no-ano-passado\/\"},\"author\":{\"name\":\"Telinha\",\"@id\":\"https:\/\/portaltela.pt\/#\/schema\/person\/c4278d4a6028830caff9ee44b42d32ed\"},\"headline\":\"Pagamentos em atraso sobem para 332,3 milh\u00f5es de euros no ano passado\",\"datePublished\":\"2026-01-30T15:46:22+00:00\",\"mainEntityOfPage\":{\"@id\":\"https:\/\/portaltela.pt\/noticias\/2026\/01\/30\/pagamentos-em-atraso-sobem-para-3323-milhoes-de-euros-no-ano-passado\/\"},\"wordCount\":223,\"image\":{\"@id\":\"https:\/\/portaltela.pt\/noticias\/2026\/01\/30\/pagamentos-em-atraso-sobem-para-3323-milhoes-de-euros-no-ano-passado\/#primaryimage\"},\"thumbnailUrl\":\"https:\/\/portaltela.pt\/s.01k8rhncp4jt1\/2026\/01\/unnamed-file-6136.jpg\",\"keywords\":[\"d\u00edvida p\u00fablica\",\"execu\u00e7\u00e3o or\u00e7amental\",\"finan\u00e7as p\u00fablicas\",\"pagamentos\",\"sa\u00fade\",\"setor p\u00fablico\"],\"articleSection\":[\"Not\u00edcias\"],\"inLanguage\":\"pt-PT\"},{\"@type\":\"WebPage\",\"@id\":\"https:\/\/portaltela.pt\/noticias\/2026\/01\/30\/pagamentos-em-atraso-sobem-para-3323-milhoes-de-euros-no-ano-passado\/\",\"url\":\"https:\/\/portaltela.pt\/noticias\/2026\/01\/30\/pagamentos-em-atraso-sobem-para-3323-milhoes-de-euros-no-ano-passado\/\",\"name\":\"Pagamentos em atraso sobem para 332,3 milh\u00f5es de euros no ano passado - Portal Tela Portugal\",\"isPartOf\":{\"@id\":\"https:\/\/portaltela.pt\/#website\"},\"primaryImageOfPage\":{\"@id\":\"https:\/\/portaltela.pt\/noticias\/2026\/01\/30\/pagamentos-em-atraso-sobem-para-3323-milhoes-de-euros-no-ano-passado\/#primaryimage\"},\"image\":{\"@id\":\"https:\/\/portaltela.pt\/noticias\/2026\/01\/30\/pagamentos-em-atraso-sobem-para-3323-milhoes-de-euros-no-ano-passado\/#primaryimage\"},\"thumbnailUrl\":\"https:\/\/portaltela.pt\/s.01k8rhncp4jt1\/2026\/01\/unnamed-file-6136.jpg\",\"datePublished\":\"2026-01-30T15:46:22+00:00\",\"author\":{\"@id\":\"https:\/\/portaltela.pt\/#\/schema\/person\/c4278d4a6028830caff9ee44b42d32ed\"},\"breadcrumb\":{\"@id\":\"https:\/\/portaltela.pt\/noticias\/2026\/01\/30\/pagamentos-em-atraso-sobem-para-3323-milhoes-de-euros-no-ano-passado\/#breadcrumb\"},\"inLanguage\":\"pt-PT\",\"potentialAction\":[{\"@type\":\"ReadAction\",\"target\":[\"https:\/\/portaltela.pt\/noticias\/2026\/01\/30\/pagamentos-em-atraso-sobem-para-3323-milhoes-de-euros-no-ano-passado\/\"]}]},{\"@type\":\"ImageObject\",\"inLanguage\":\"pt-PT\",\"@id\":\"https:\/\/portaltela.pt\/noticias\/2026\/01\/30\/pagamentos-em-atraso-sobem-para-3323-milhoes-de-euros-no-ano-passado\/#primaryimage\",\"url\":\"https:\/\/portaltela.pt\/s.01k8rhncp4jt1\/2026\/01\/unnamed-file-6136.jpg\",\"contentUrl\":\"https:\/\/portaltela.pt\/s.01k8rhncp4jt1\/2026\/01\/unnamed-file-6136.jpg\",\"width\":796,\"height\":448,\"caption\":\"Pagamentos em atraso sobem para 332,3 ME no ano passado\"},{\"@type\":\"BreadcrumbList\",\"@id\":\"https:\/\/portaltela.pt\/noticias\/2026\/01\/30\/pagamentos-em-atraso-sobem-para-3323-milhoes-de-euros-no-ano-passado\/#breadcrumb\",\"itemListElement\":[{\"@type\":\"ListItem\",\"position\":1,\"name\":\"In\u00edcio\",\"item\":\"https:\/\/portaltela.pt\/\"},{\"@type\":\"ListItem\",\"position\":2,\"name\":\"Pagamentos em atraso sobem para 332,3 milh\u00f5es de euros no ano passado\"}]},{\"@type\":\"WebSite\",\"@id\":\"https:\/\/portaltela.pt\/#website\",\"url\":\"https:\/\/portaltela.pt\/\",\"name\":\"Portal Tela Portugal\",\"description\":\"\",\"potentialAction\":[{\"@type\":\"SearchAction\",\"target\":{\"@type\":\"EntryPoint\",\"urlTemplate\":\"https:\/\/portaltela.pt\/?s={search_term_string}\"},\"query-input\":{\"@type\":\"PropertyValueSpecification\",\"valueRequired\":true,\"valueName\":\"search_term_string\"}}],\"inLanguage\":\"pt-PT\"},{\"@type\":\"Person\",\"@id\":\"https:\/\/portaltela.pt\/#\/schema\/person\/c4278d4a6028830caff9ee44b42d32ed\",\"name\":\"Telinha\",\"image\":{\"@type\":\"ImageObject\",\"inLanguage\":\"pt-PT\",\"@id\":\"https:\/\/portaltela.pt\/s.01k8rhncp4jt1\/2025\/11\/talking-bot-125x125.png\",\"url\":\"https:\/\/portaltela.pt\/s.01k8rhncp4jt1\/2025\/11\/talking-bot-125x125.png\",\"contentUrl\":\"https:\/\/portaltela.pt\/s.01k8rhncp4jt1\/2025\/11\/talking-bot-125x125.png\",\"caption\":\"Telinha\"},\"sameAs\":[\"https:\/\/portaltela.pt\/\"],\"url\":\"https:\/\/portaltela.pt\/por\/367410592786\/\"}]}<\/script>\n<!-- \/ Yoast SEO plugin. -->","yoast_head_json":{"title":"Pagamentos em atraso sobem para 332,3 milh\u00f5es de euros no ano passado - Portal Tela Portugal","robots":{"index":"index","follow":"follow","max-snippet":"max-snippet:-1","max-image-preview":"max-image-preview:large","max-video-preview":"max-video-preview:-1"},"og_locale":"pt_PT","og_type":"article","og_title":"Pagamentos em atraso sobem para 332,3 milh\u00f5es de euros no ano passado - Portal Tela Portugal","og_description":"No final de dezembro de 2025, os pagamentos em atraso das entidades p\u00fablicas chegaram a 332,3 milh\u00f5es de euros, com um aumento de 37,4 milh\u00f5es face ao ano anterior. Em rela\u00e7\u00e3o ao m\u00eas anterior, houve uma descida de 394,7 milh\u00f5es de euros. A varia\u00e7\u00e3o hom\u00f3loga deve-se ao aumento na \u00e1rea da sa\u00fade (47,3 milh\u00f5es) e nas Entidades P\u00fablicas Reclassificadas (18 milh\u00f5es). Por outro lado, houve um recuo na Administra\u00e7\u00e3o Regional (-30,6 milh\u00f5es). A varia\u00e7\u00e3o mensal esteve concentrada em todos os subsetores, com destaque para a \u00e1rea da sa\u00fade (-374,3 milh\u00f5es), devido a entradas de capital de 600 milh\u00f5es de euros e refor\u00e7os dos Contratos-Programa de 206 milh\u00f5es nas unidades de sa\u00fade EPE para regulariza\u00e7\u00e3o de d\u00edvidas a fornecedores.","og_url":"https:\/\/portaltela.pt\/noticias\/2026\/01\/30\/pagamentos-em-atraso-sobem-para-3323-milhoes-de-euros-no-ano-passado\/","og_site_name":"Portal Tela Portugal","article_published_time":"2026-01-30T15:46:22+00:00","author":"Telinha","twitter_card":"summary_large_image","twitter_misc":{"Escrito por":"Telinha","Tempo estimado de leitura":"1 minuto"},"schema":{"@context":"https:\/\/schema.org","@graph":[{"@type":"Article","@id":"https:\/\/portaltela.pt\/noticias\/2026\/01\/30\/pagamentos-em-atraso-sobem-para-3323-milhoes-de-euros-no-ano-passado\/#article","isPartOf":{"@id":"https:\/\/portaltela.pt\/noticias\/2026\/01\/30\/pagamentos-em-atraso-sobem-para-3323-milhoes-de-euros-no-ano-passado\/"},"author":{"name":"Telinha","@id":"https:\/\/portaltela.pt\/#\/schema\/person\/c4278d4a6028830caff9ee44b42d32ed"},"headline":"Pagamentos em atraso sobem para 332,3 milh\u00f5es de euros no ano passado","datePublished":"2026-01-30T15:46:22+00:00","mainEntityOfPage":{"@id":"https:\/\/portaltela.pt\/noticias\/2026\/01\/30\/pagamentos-em-atraso-sobem-para-3323-milhoes-de-euros-no-ano-passado\/"},"wordCount":223,"image":{"@id":"https:\/\/portaltela.pt\/noticias\/2026\/01\/30\/pagamentos-em-atraso-sobem-para-3323-milhoes-de-euros-no-ano-passado\/#primaryimage"},"thumbnailUrl":"https:\/\/portaltela.pt\/s.01k8rhncp4jt1\/2026\/01\/unnamed-file-6136.jpg","keywords":["d\u00edvida p\u00fablica","execu\u00e7\u00e3o or\u00e7amental","finan\u00e7as p\u00fablicas","pagamentos","sa\u00fade","setor p\u00fablico"],"articleSection":["Not\u00edcias"],"inLanguage":"pt-PT"},{"@type":"WebPage","@id":"https:\/\/portaltela.pt\/noticias\/2026\/01\/30\/pagamentos-em-atraso-sobem-para-3323-milhoes-de-euros-no-ano-passado\/","url":"https:\/\/portaltela.pt\/noticias\/2026\/01\/30\/pagamentos-em-atraso-sobem-para-3323-milhoes-de-euros-no-ano-passado\/","name":"Pagamentos em atraso sobem para 332,3 milh\u00f5es de euros no ano passado - Portal Tela Portugal","isPartOf":{"@id":"https:\/\/portaltela.pt\/#website"},"primaryImageOfPage":{"@id":"https:\/\/portaltela.pt\/noticias\/2026\/01\/30\/pagamentos-em-atraso-sobem-para-3323-milhoes-de-euros-no-ano-passado\/#primaryimage"},"image":{"@id":"https:\/\/portaltela.pt\/noticias\/2026\/01\/30\/pagamentos-em-atraso-sobem-para-3323-milhoes-de-euros-no-ano-passado\/#primaryimage"},"thumbnailUrl":"https:\/\/portaltela.pt\/s.01k8rhncp4jt1\/2026\/01\/unnamed-file-6136.jpg","datePublished":"2026-01-30T15:46:22+00:00","author":{"@id":"https:\/\/portaltela.pt\/#\/schema\/person\/c4278d4a6028830caff9ee44b42d32ed"},"breadcrumb":{"@id":"https:\/\/portaltela.pt\/noticias\/2026\/01\/30\/pagamentos-em-atraso-sobem-para-3323-milhoes-de-euros-no-ano-passado\/#breadcrumb"},"inLanguage":"pt-PT","potentialAction":[{"@type":"ReadAction","target":["https:\/\/portaltela.pt\/noticias\/2026\/01\/30\/pagamentos-em-atraso-sobem-para-3323-milhoes-de-euros-no-ano-passado\/"]}]},{"@type":"ImageObject","inLanguage":"pt-PT","@id":"https:\/\/portaltela.pt\/noticias\/2026\/01\/30\/pagamentos-em-atraso-sobem-para-3323-milhoes-de-euros-no-ano-passado\/#primaryimage","url":"https:\/\/portaltela.pt\/s.01k8rhncp4jt1\/2026\/01\/unnamed-file-6136.jpg","contentUrl":"https:\/\/portaltela.pt\/s.01k8rhncp4jt1\/2026\/01\/unnamed-file-6136.jpg","width":796,"height":448,"caption":"Pagamentos em atraso sobem para 332,3 ME no ano passado"},{"@type":"BreadcrumbList","@id":"https:\/\/portaltela.pt\/noticias\/2026\/01\/30\/pagamentos-em-atraso-sobem-para-3323-milhoes-de-euros-no-ano-passado\/#breadcrumb","itemListElement":[{"@type":"ListItem","position":1,"name":"In\u00edcio","item":"https:\/\/portaltela.pt\/"},{"@type":"ListItem","position":2,"name":"Pagamentos em atraso sobem para 332,3 milh\u00f5es de euros no ano passado"}]},{"@type":"WebSite","@id":"https:\/\/portaltela.pt\/#website","url":"https:\/\/portaltela.pt\/","name":"Portal Tela Portugal","description":"","potentialAction":[{"@type":"SearchAction","target":{"@type":"EntryPoint","urlTemplate":"https:\/\/portaltela.pt\/?s={search_term_string}"},"query-input":{"@type":"PropertyValueSpecification","valueRequired":true,"valueName":"search_term_string"}}],"inLanguage":"pt-PT"},{"@type":"Person","@id":"https:\/\/portaltela.pt\/#\/schema\/person\/c4278d4a6028830caff9ee44b42d32ed","name":"Telinha","image":{"@type":"ImageObject","inLanguage":"pt-PT","@id":"https:\/\/portaltela.pt\/s.01k8rhncp4jt1\/2025\/11\/talking-bot-125x125.png","url":"https:\/\/portaltela.pt\/s.01k8rhncp4jt1\/2025\/11\/talking-bot-125x125.png","contentUrl":"https:\/\/portaltela.pt\/s.01k8rhncp4jt1\/2025\/11\/talking-bot-125x125.png","caption":"Telinha"},"sameAs":["https:\/\/portaltela.pt\/"],"url":"https:\/\/portaltela.pt\/por\/367410592786\/"}]}},"_links":{"self":[{"href":"https:\/\/portaltela.pt\/api\/wp\/v2\/posts\/184581","targetHints":{"allow":["GET"]}}],"collection":[{"href":"https:\/\/portaltela.pt\/api\/wp\/v2\/posts"}],"about":[{"href":"https:\/\/portaltela.pt\/api\/wp\/v2\/types\/post"}],"author":[{"embeddable":true,"href":"https:\/\/portaltela.pt\/api\/wp\/v2\/users\/2"}],"replies":[{"embeddable":true,"href":"https:\/\/portaltela.pt\/api\/wp\/v2\/comments?post=184581"}],"version-history":[{"count":0,"href":"https:\/\/portaltela.pt\/api\/wp\/v2\/posts\/184581\/revisions"}],"wp:featuredmedia":[{"embeddable":true,"href":"https:\/\/portaltela.pt\/api\/wp\/v2\/media\/184621"}],"wp:attachment":[{"href":"https:\/\/portaltela.pt\/api\/wp\/v2\/media?parent=184581"}],"wp:term":[{"taxonomy":"category","embeddable":true,"href":"https:\/\/portaltela.pt\/api\/wp\/v2\/categories?post=184581"},{"taxonomy":"post_tag","embeddable":true,"href":"https:\/\/portaltela.pt\/api\/wp\/v2\/tags?post=184581"}],"curies":[{"name":"wp","href":"https:\/\/api.w.org\/{rel}","templated":true}]}}