{"id":184493,"date":"2026-01-30T12:15:00","date_gmt":"2026-01-30T15:15:00","guid":{"rendered":"https:\/\/portaltela.pt\/noticias\/2026\/01\/30\/praca-de-touros-de-estremoz-tem-futuro-definido-ate-2030\/"},"modified":"2026-01-30T12:15:00","modified_gmt":"2026-01-30T15:15:00","slug":"praca-de-touros-de-estremoz-tem-futuro-definido-ate-2030","status":"publish","type":"post","link":"https:\/\/portaltela.pt\/desporto\/2026\/01\/30\/praca-de-touros-de-estremoz-tem-futuro-definido-ate-2030\/","title":{"rendered":"Pra\u00e7a de Touros de Estremoz tem futuro definido at\u00e9 2030"},"content":{"rendered":"<p>A Tert\u00falia Taurom\u00e1quica de Estremoz (TTE) vai manter a gest\u00e3o da Pra\u00e7a de Touros de Estremoz at\u00e9 final de Janeiro de 2030, ap\u00f3s a assinatura de um novo contrato nesta ter\u00e7a-feira, 28 de Janeiro. O ato ocorreu no Sal\u00e3o Nobre da C\u00e2mara Municipal de Estremoz.<\/p>\n<p>A assinatura foi precedida do parecer de adjudica\u00e7\u00e3o do procedimento concursal, lan\u00e7ado pela C\u00e2mara em Dezembro. A adjudica\u00e7\u00e3o foi aprovada pelo executivo municipal em 21 de Janeiro, validando a continua\u00e7\u00e3o da parceria com a TTE.<\/p>\n<p>A organiza\u00e7\u00e3o das corridas de touros mant\u00e9m-se em parceria com a Touros e Tauromaquia, empresa gerida por Ant\u00f3nio e Margarida Cardoso, tal como nos \u00faltimos anos. O novo contrato tem a dura\u00e7\u00e3o de quatro anos, assegurando a continuidade da gest\u00e3o da pra\u00e7a.<\/p>\n<h3>Continuidade da gest\u00e3o<\/h3>\n<p>A TTE fica incumbida de gerir o equipamento taurom\u00e1quico at\u00e9 2030, mantendo o formato de eventos j\u00e1 existente. O acordo refor\u00e7a o papel da associa\u00e7\u00e3o estremocense na gest\u00e3o de atividades taurinas locais. Segundo a autarquia, a medida visa estabilidade operacional e planejamento de programa\u00e7\u00e3o para os pr\u00f3ximos quatro anos.<\/p>\n","protected":false},"excerpt":{"rendered":"<ul>\n<li>A Tert\u00falia Taurom\u00e1quica de Estremoz vai manter a gest\u00e3o da pra\u00e7a de touros at\u00e9 ao final de janeiro de 2030, ap\u00f3s assinatura de um novo contrato.<\/li>\n<li>O acordo foi assinado no Sal\u00e3o Nobre da C\u00e2mara Municipal de Estremoz, entre o munic\u00edpio, representado pelo presidente Jos\u00e9 Daniel Sadio, e a Tert\u00falia Taurom\u00e1quica de Estremoz, representada pela presidente da direc\u00e7\u00e3o, Marco Faneco.<\/li>\n<li>A TTE foi vencedora do procedimento concursal lan\u00e7ado pela C\u00e2mara em dezembro, com adjudica\u00e7\u00e3o aprovada em 21 de janeiro.<\/li>\n<li>Tal como nos \u00faltimos anos, as corridas de touros ser\u00e3o organizadas em parceria com a empresa Touros e Tauromaquia, gerida por Ant\u00f3nio e Margarida Cardoso.<\/li>\n<li>O contrato assegura a continuidade da gest\u00e3o da associa\u00e7\u00e3o estremocense por quatro anos.<\/li>\n<\/ul>\n","protected":false},"author":2,"featured_media":184506,"comment_status":"closed","ping_status":"closed","sticky":false,"template":"","format":"standard","meta":{"footnotes":""},"categories":[21],"tags":[3504,152,1098,82,2415,4579],"class_list":["post-184493","post","type-post","status-publish","format-standard","has-post-thumbnail","hentry","category-desporto","tag-corridas","tag-desporto","tag-estremoz","tag-futuro","tag-gestao","tag-touros"],"yoast_head":"<!-- This site is optimized with the Yoast SEO plugin v27.2 - https:\/\/yoast.com\/product\/yoast-seo-wordpress\/ -->\n<title>Pra\u00e7a de Touros de Estremoz tem futuro definido at\u00e9 2030 - Portal Tela Portugal<\/title>\n<meta name=\"robots\" content=\"index, follow, max-snippet:-1, max-image-preview:large, max-video-preview:-1\" \/>\n<meta property=\"og:locale\" content=\"pt_PT\" \/>\n<meta property=\"og:type\" content=\"article\" \/>\n<meta property=\"og:title\" content=\"Pra\u00e7a de Touros de Estremoz tem futuro definido at\u00e9 2030 - Portal Tela Portugal\" \/>\n<meta property=\"og:description\" content=\"A Tert\u00falia Taurom\u00e1quica de Estremoz vai manter a gest\u00e3o da pra\u00e7a de touros at\u00e9 ao final de janeiro de 2030, ap\u00f3s assinatura de um novo contrato. O acordo foi assinado no Sal\u00e3o Nobre da C\u00e2mara Municipal de Estremoz, entre o munic\u00edpio, representado pelo presidente Jos\u00e9 Daniel Sadio, e a Tert\u00falia Taurom\u00e1quica de Estremoz, representada pela presidente da direc\u00e7\u00e3o, Marco Faneco. A TTE foi vencedora do procedimento concursal lan\u00e7ado pela C\u00e2mara em dezembro, com adjudica\u00e7\u00e3o aprovada em 21 de janeiro. Tal como nos \u00faltimos anos, as corridas de touros ser\u00e3o organizadas em parceria com a empresa Touros e Tauromaquia, gerida por Ant\u00f3nio e Margarida Cardoso. O contrato assegura a continuidade da gest\u00e3o da associa\u00e7\u00e3o estremocense por quatro anos.\" \/>\n<meta property=\"og:url\" content=\"https:\/\/portaltela.pt\/noticias\/2026\/01\/30\/praca-de-touros-de-estremoz-tem-futuro-definido-ate-2030\/\" \/>\n<meta property=\"og:site_name\" content=\"Portal Tela Portugal\" \/>\n<meta property=\"article:published_time\" content=\"2026-01-30T15:15:00+00:00\" \/>\n<meta name=\"author\" content=\"Telinha\" \/>\n<meta name=\"twitter:card\" content=\"summary_large_image\" \/>\n<meta name=\"twitter:label1\" content=\"Escrito por\" \/>\n\t<meta name=\"twitter:data1\" content=\"Telinha\" \/>\n\t<meta name=\"twitter:label2\" content=\"Tempo estimado de leitura\" \/>\n\t<meta name=\"twitter:data2\" content=\"1 minuto\" \/>\n<script type=\"application\/ld+json\" class=\"yoast-schema-graph\">{\"@context\":\"https:\/\/schema.org\",\"@graph\":[{\"@type\":\"Article\",\"@id\":\"https:\/\/portaltela.pt\/noticias\/2026\/01\/30\/praca-de-touros-de-estremoz-tem-futuro-definido-ate-2030\/#article\",\"isPartOf\":{\"@id\":\"https:\/\/portaltela.pt\/noticias\/2026\/01\/30\/praca-de-touros-de-estremoz-tem-futuro-definido-ate-2030\/\"},\"author\":{\"name\":\"Telinha\",\"@id\":\"https:\/\/portaltela.pt\/#\/schema\/person\/c4278d4a6028830caff9ee44b42d32ed\"},\"headline\":\"Pra\u00e7a de Touros de Estremoz tem futuro definido at\u00e9 2030\",\"datePublished\":\"2026-01-30T15:15:00+00:00\",\"mainEntityOfPage\":{\"@id\":\"https:\/\/portaltela.pt\/noticias\/2026\/01\/30\/praca-de-touros-de-estremoz-tem-futuro-definido-ate-2030\/\"},\"wordCount\":206,\"image\":{\"@id\":\"https:\/\/portaltela.pt\/noticias\/2026\/01\/30\/praca-de-touros-de-estremoz-tem-futuro-definido-ate-2030\/#primaryimage\"},\"thumbnailUrl\":\"https:\/\/portaltela.pt\/s.01k8rhncp4jt1\/2026\/01\/imagem_odigital-1200-x-675-px-11-5.jpg\",\"keywords\":[\"corridas\",\"desporto\",\"Estremoz\",\"futuro\",\"gest\u00e3o\",\"Touros\"],\"articleSection\":[\"Desporto\"],\"inLanguage\":\"pt-PT\"},{\"@type\":\"WebPage\",\"@id\":\"https:\/\/portaltela.pt\/noticias\/2026\/01\/30\/praca-de-touros-de-estremoz-tem-futuro-definido-ate-2030\/\",\"url\":\"https:\/\/portaltela.pt\/noticias\/2026\/01\/30\/praca-de-touros-de-estremoz-tem-futuro-definido-ate-2030\/\",\"name\":\"Pra\u00e7a de Touros de Estremoz tem futuro definido at\u00e9 2030 - Portal Tela Portugal\",\"isPartOf\":{\"@id\":\"https:\/\/portaltela.pt\/#website\"},\"primaryImageOfPage\":{\"@id\":\"https:\/\/portaltela.pt\/noticias\/2026\/01\/30\/praca-de-touros-de-estremoz-tem-futuro-definido-ate-2030\/#primaryimage\"},\"image\":{\"@id\":\"https:\/\/portaltela.pt\/noticias\/2026\/01\/30\/praca-de-touros-de-estremoz-tem-futuro-definido-ate-2030\/#primaryimage\"},\"thumbnailUrl\":\"https:\/\/portaltela.pt\/s.01k8rhncp4jt1\/2026\/01\/imagem_odigital-1200-x-675-px-11-5.jpg\",\"datePublished\":\"2026-01-30T15:15:00+00:00\",\"author\":{\"@id\":\"https:\/\/portaltela.pt\/#\/schema\/person\/c4278d4a6028830caff9ee44b42d32ed\"},\"breadcrumb\":{\"@id\":\"https:\/\/portaltela.pt\/noticias\/2026\/01\/30\/praca-de-touros-de-estremoz-tem-futuro-definido-ate-2030\/#breadcrumb\"},\"inLanguage\":\"pt-PT\",\"potentialAction\":[{\"@type\":\"ReadAction\",\"target\":[\"https:\/\/portaltela.pt\/noticias\/2026\/01\/30\/praca-de-touros-de-estremoz-tem-futuro-definido-ate-2030\/\"]}]},{\"@type\":\"ImageObject\",\"inLanguage\":\"pt-PT\",\"@id\":\"https:\/\/portaltela.pt\/noticias\/2026\/01\/30\/praca-de-touros-de-estremoz-tem-futuro-definido-ate-2030\/#primaryimage\",\"url\":\"https:\/\/portaltela.pt\/s.01k8rhncp4jt1\/2026\/01\/imagem_odigital-1200-x-675-px-11-5.jpg\",\"contentUrl\":\"https:\/\/portaltela.pt\/s.01k8rhncp4jt1\/2026\/01\/imagem_odigital-1200-x-675-px-11-5.jpg\",\"width\":796,\"height\":448,\"caption\":\"Pra\u00e7a de Touros de Estremoz j\u00e1 tem futuro definido at\u00e9 2030\"},{\"@type\":\"BreadcrumbList\",\"@id\":\"https:\/\/portaltela.pt\/noticias\/2026\/01\/30\/praca-de-touros-de-estremoz-tem-futuro-definido-ate-2030\/#breadcrumb\",\"itemListElement\":[{\"@type\":\"ListItem\",\"position\":1,\"name\":\"In\u00edcio\",\"item\":\"https:\/\/portaltela.pt\/\"},{\"@type\":\"ListItem\",\"position\":2,\"name\":\"Pra\u00e7a de Touros de Estremoz tem futuro definido at\u00e9 2030\"}]},{\"@type\":\"WebSite\",\"@id\":\"https:\/\/portaltela.pt\/#website\",\"url\":\"https:\/\/portaltela.pt\/\",\"name\":\"Portal Tela Portugal\",\"description\":\"\",\"potentialAction\":[{\"@type\":\"SearchAction\",\"target\":{\"@type\":\"EntryPoint\",\"urlTemplate\":\"https:\/\/portaltela.pt\/?s={search_term_string}\"},\"query-input\":{\"@type\":\"PropertyValueSpecification\",\"valueRequired\":true,\"valueName\":\"search_term_string\"}}],\"inLanguage\":\"pt-PT\"},{\"@type\":\"Person\",\"@id\":\"https:\/\/portaltela.pt\/#\/schema\/person\/c4278d4a6028830caff9ee44b42d32ed\",\"name\":\"Telinha\",\"image\":{\"@type\":\"ImageObject\",\"inLanguage\":\"pt-PT\",\"@id\":\"https:\/\/portaltela.pt\/s.01k8rhncp4jt1\/2025\/11\/talking-bot-125x125.png\",\"url\":\"https:\/\/portaltela.pt\/s.01k8rhncp4jt1\/2025\/11\/talking-bot-125x125.png\",\"contentUrl\":\"https:\/\/portaltela.pt\/s.01k8rhncp4jt1\/2025\/11\/talking-bot-125x125.png\",\"caption\":\"Telinha\"},\"sameAs\":[\"https:\/\/portaltela.pt\/\"],\"url\":\"https:\/\/portaltela.pt\/por\/367410592786\/\"}]}<\/script>\n<!-- \/ Yoast SEO plugin. -->","yoast_head_json":{"title":"Pra\u00e7a de Touros de Estremoz tem futuro definido at\u00e9 2030 - Portal Tela Portugal","robots":{"index":"index","follow":"follow","max-snippet":"max-snippet:-1","max-image-preview":"max-image-preview:large","max-video-preview":"max-video-preview:-1"},"og_locale":"pt_PT","og_type":"article","og_title":"Pra\u00e7a de Touros de Estremoz tem futuro definido at\u00e9 2030 - Portal Tela Portugal","og_description":"A Tert\u00falia Taurom\u00e1quica de Estremoz vai manter a gest\u00e3o da pra\u00e7a de touros at\u00e9 ao final de janeiro de 2030, ap\u00f3s assinatura de um novo contrato. O acordo foi assinado no Sal\u00e3o Nobre da C\u00e2mara Municipal de Estremoz, entre o munic\u00edpio, representado pelo presidente Jos\u00e9 Daniel Sadio, e a Tert\u00falia Taurom\u00e1quica de Estremoz, representada pela presidente da direc\u00e7\u00e3o, Marco Faneco. A TTE foi vencedora do procedimento concursal lan\u00e7ado pela C\u00e2mara em dezembro, com adjudica\u00e7\u00e3o aprovada em 21 de janeiro. Tal como nos \u00faltimos anos, as corridas de touros ser\u00e3o organizadas em parceria com a empresa Touros e Tauromaquia, gerida por Ant\u00f3nio e Margarida Cardoso. O contrato assegura a continuidade da gest\u00e3o da associa\u00e7\u00e3o estremocense por quatro anos.","og_url":"https:\/\/portaltela.pt\/noticias\/2026\/01\/30\/praca-de-touros-de-estremoz-tem-futuro-definido-ate-2030\/","og_site_name":"Portal Tela Portugal","article_published_time":"2026-01-30T15:15:00+00:00","author":"Telinha","twitter_card":"summary_large_image","twitter_misc":{"Escrito por":"Telinha","Tempo estimado de leitura":"1 minuto"},"schema":{"@context":"https:\/\/schema.org","@graph":[{"@type":"Article","@id":"https:\/\/portaltela.pt\/noticias\/2026\/01\/30\/praca-de-touros-de-estremoz-tem-futuro-definido-ate-2030\/#article","isPartOf":{"@id":"https:\/\/portaltela.pt\/noticias\/2026\/01\/30\/praca-de-touros-de-estremoz-tem-futuro-definido-ate-2030\/"},"author":{"name":"Telinha","@id":"https:\/\/portaltela.pt\/#\/schema\/person\/c4278d4a6028830caff9ee44b42d32ed"},"headline":"Pra\u00e7a de Touros de Estremoz tem futuro definido at\u00e9 2030","datePublished":"2026-01-30T15:15:00+00:00","mainEntityOfPage":{"@id":"https:\/\/portaltela.pt\/noticias\/2026\/01\/30\/praca-de-touros-de-estremoz-tem-futuro-definido-ate-2030\/"},"wordCount":206,"image":{"@id":"https:\/\/portaltela.pt\/noticias\/2026\/01\/30\/praca-de-touros-de-estremoz-tem-futuro-definido-ate-2030\/#primaryimage"},"thumbnailUrl":"https:\/\/portaltela.pt\/s.01k8rhncp4jt1\/2026\/01\/imagem_odigital-1200-x-675-px-11-5.jpg","keywords":["corridas","desporto","Estremoz","futuro","gest\u00e3o","Touros"],"articleSection":["Desporto"],"inLanguage":"pt-PT"},{"@type":"WebPage","@id":"https:\/\/portaltela.pt\/noticias\/2026\/01\/30\/praca-de-touros-de-estremoz-tem-futuro-definido-ate-2030\/","url":"https:\/\/portaltela.pt\/noticias\/2026\/01\/30\/praca-de-touros-de-estremoz-tem-futuro-definido-ate-2030\/","name":"Pra\u00e7a de Touros de Estremoz tem futuro definido at\u00e9 2030 - Portal Tela Portugal","isPartOf":{"@id":"https:\/\/portaltela.pt\/#website"},"primaryImageOfPage":{"@id":"https:\/\/portaltela.pt\/noticias\/2026\/01\/30\/praca-de-touros-de-estremoz-tem-futuro-definido-ate-2030\/#primaryimage"},"image":{"@id":"https:\/\/portaltela.pt\/noticias\/2026\/01\/30\/praca-de-touros-de-estremoz-tem-futuro-definido-ate-2030\/#primaryimage"},"thumbnailUrl":"https:\/\/portaltela.pt\/s.01k8rhncp4jt1\/2026\/01\/imagem_odigital-1200-x-675-px-11-5.jpg","datePublished":"2026-01-30T15:15:00+00:00","author":{"@id":"https:\/\/portaltela.pt\/#\/schema\/person\/c4278d4a6028830caff9ee44b42d32ed"},"breadcrumb":{"@id":"https:\/\/portaltela.pt\/noticias\/2026\/01\/30\/praca-de-touros-de-estremoz-tem-futuro-definido-ate-2030\/#breadcrumb"},"inLanguage":"pt-PT","potentialAction":[{"@type":"ReadAction","target":["https:\/\/portaltela.pt\/noticias\/2026\/01\/30\/praca-de-touros-de-estremoz-tem-futuro-definido-ate-2030\/"]}]},{"@type":"ImageObject","inLanguage":"pt-PT","@id":"https:\/\/portaltela.pt\/noticias\/2026\/01\/30\/praca-de-touros-de-estremoz-tem-futuro-definido-ate-2030\/#primaryimage","url":"https:\/\/portaltela.pt\/s.01k8rhncp4jt1\/2026\/01\/imagem_odigital-1200-x-675-px-11-5.jpg","contentUrl":"https:\/\/portaltela.pt\/s.01k8rhncp4jt1\/2026\/01\/imagem_odigital-1200-x-675-px-11-5.jpg","width":796,"height":448,"caption":"Pra\u00e7a de Touros de Estremoz j\u00e1 tem futuro definido at\u00e9 2030"},{"@type":"BreadcrumbList","@id":"https:\/\/portaltela.pt\/noticias\/2026\/01\/30\/praca-de-touros-de-estremoz-tem-futuro-definido-ate-2030\/#breadcrumb","itemListElement":[{"@type":"ListItem","position":1,"name":"In\u00edcio","item":"https:\/\/portaltela.pt\/"},{"@type":"ListItem","position":2,"name":"Pra\u00e7a de Touros de Estremoz tem futuro definido at\u00e9 2030"}]},{"@type":"WebSite","@id":"https:\/\/portaltela.pt\/#website","url":"https:\/\/portaltela.pt\/","name":"Portal Tela Portugal","description":"","potentialAction":[{"@type":"SearchAction","target":{"@type":"EntryPoint","urlTemplate":"https:\/\/portaltela.pt\/?s={search_term_string}"},"query-input":{"@type":"PropertyValueSpecification","valueRequired":true,"valueName":"search_term_string"}}],"inLanguage":"pt-PT"},{"@type":"Person","@id":"https:\/\/portaltela.pt\/#\/schema\/person\/c4278d4a6028830caff9ee44b42d32ed","name":"Telinha","image":{"@type":"ImageObject","inLanguage":"pt-PT","@id":"https:\/\/portaltela.pt\/s.01k8rhncp4jt1\/2025\/11\/talking-bot-125x125.png","url":"https:\/\/portaltela.pt\/s.01k8rhncp4jt1\/2025\/11\/talking-bot-125x125.png","contentUrl":"https:\/\/portaltela.pt\/s.01k8rhncp4jt1\/2025\/11\/talking-bot-125x125.png","caption":"Telinha"},"sameAs":["https:\/\/portaltela.pt\/"],"url":"https:\/\/portaltela.pt\/por\/367410592786\/"}]}},"_links":{"self":[{"href":"https:\/\/portaltela.pt\/api\/wp\/v2\/posts\/184493","targetHints":{"allow":["GET"]}}],"collection":[{"href":"https:\/\/portaltela.pt\/api\/wp\/v2\/posts"}],"about":[{"href":"https:\/\/portaltela.pt\/api\/wp\/v2\/types\/post"}],"author":[{"embeddable":true,"href":"https:\/\/portaltela.pt\/api\/wp\/v2\/users\/2"}],"replies":[{"embeddable":true,"href":"https:\/\/portaltela.pt\/api\/wp\/v2\/comments?post=184493"}],"version-history":[{"count":0,"href":"https:\/\/portaltela.pt\/api\/wp\/v2\/posts\/184493\/revisions"}],"wp:featuredmedia":[{"embeddable":true,"href":"https:\/\/portaltela.pt\/api\/wp\/v2\/media\/184506"}],"wp:attachment":[{"href":"https:\/\/portaltela.pt\/api\/wp\/v2\/media?parent=184493"}],"wp:term":[{"taxonomy":"category","embeddable":true,"href":"https:\/\/portaltela.pt\/api\/wp\/v2\/categories?post=184493"},{"taxonomy":"post_tag","embeddable":true,"href":"https:\/\/portaltela.pt\/api\/wp\/v2\/tags?post=184493"}],"curies":[{"name":"wp","href":"https:\/\/api.w.org\/{rel}","templated":true}]}}