{"id":184471,"date":"2026-01-30T12:42:36","date_gmt":"2026-01-30T15:42:36","guid":{"rendered":"https:\/\/portaltela.pt\/noticias\/2026\/01\/30\/instituto-do-sangue-apela-a-dadivas-para-apoiar-feridos-na-depressao-kristin\/"},"modified":"2026-01-30T12:42:36","modified_gmt":"2026-01-30T15:42:36","slug":"instituto-do-sangue-apela-a-dadivas-para-apoiar-feridos-na-depressao-kristin","status":"publish","type":"post","link":"https:\/\/portaltela.pt\/noticias\/2026\/01\/30\/instituto-do-sangue-apela-a-dadivas-para-apoiar-feridos-na-depressao-kristin\/","title":{"rendered":"Instituto do Sangue apela a d\u00e1divas para apoiar feridos na depress\u00e3o Kristin"},"content":{"rendered":"<p>O Instituto Portugu\u00eas do Sangue e da Transplanta\u00e7\u00e3o (IPST) pediu nesta sexta-feira aos dadores das \u00e1reas de Lisboa, Porto e Coimbra que aumentem as d\u00e1divas para apoiar v\u00edtimas de ferimentos relacionados com a depress\u00e3o Kristin. A institui\u00e7\u00e3o destaca, via Facebook, que o mau tempo causou estragos extensos, dificultando desloca\u00e7\u00f5es.<\/p>\n<p>As d\u00e1divas devem ser encaminhadas para os Centros de Sangue de Lisboa, Porto e Coimbra ou para os servi\u00e7os hospitalares com capacidade de recolha. O IPST tamb\u00e9m expressa as condol\u00eancias \u00e0s fam\u00edlias e amigos das v\u00edtimas.<\/p>\n<p>Al\u00e9m de casos fatais, h\u00e1 v\u00e1rias v\u00edtimas de trauma que precisam de tratamento, recorda o IPST. A depress\u00e3o Kristin, que atravessou Portugal continental na quarta-feira, causou v\u00e1rias mortes, feridos e desalojados, com impactos significativos em diversas infraestruturas.<\/p>\n<h3>Contexto e impacto<\/h3>\n<p>A tempestade provocou quedas de \u00e1rvores, estragos em estradas e ferrovias, encerramento de escolas e cortes de energia, \u00e1gua e comunica\u00e7\u00f5es. Leiria, Coimbra e Santar\u00e9m registam os maiores estragos, segundo as autoridades. O Governo declarou situa\u00e7\u00e3o de calamidade entre as 00:00 de quarta-feira e as 23:59 de 01 de fevereiro para cerca de 60 munic\u00edpios.<\/p>\n","protected":false},"excerpt":{"rendered":"<ul>\n<li>O Instituto Portugu\u00eas do Sangue e da Transplanta\u00e7\u00e3o pediu dadores nas \u00e1reas metropolitanas de Lisboa, Porto e Coimbra para refor\u00e7ar d\u00e1divas em apoio a feridos da depress\u00e3o Kristin.<\/li>\n<li>O apelo pede que as d\u00e1divas sejam centralizadas nos Centros de Sangue de Lisboa, Porto e Coimbra ou nos servi\u00e7os hospitalares com capacidade de recolha.<\/li>\n<li>O IPST expressa condol\u00eancias aos familiares e amigos das v\u00edtimas e ressalva que al\u00e9m dos casos mortais existem v\u00e1rias v\u00edtimas de trauma.<\/li>\n<li>A depress\u00e3o Kristin, que atravessou Portugal na quarta-feira, causou pelo menos cinco mortos e v\u00e1rios estragos, com danos em infraestruturas, estradas, transportes e servi\u00e7os.<\/li>\n<li>O Governo decretou calamidade em cerca de 60 munic\u00edpios entre as 00:00 de quarta-feira e as 23:59 de 01 de fevereiro.<\/li>\n<\/ul>\n","protected":false},"author":2,"featured_media":184499,"comment_status":"closed","ping_status":"closed","sticky":false,"template":"","format":"standard","meta":{"footnotes":""},"categories":[1],"tags":[4509,3256,3812,4687,3004,3449],"class_list":["post-184471","post","type-post","status-publish","format-standard","has-post-thumbnail","hentry","category-noticias","tag-abastecimento-de-sangue","tag-acidentes","tag-alagamentos","tag-calamidade-publica","tag-desalojados","tag-feridos"],"yoast_head":"<!-- This site is optimized with the Yoast SEO plugin v27.2 - https:\/\/yoast.com\/product\/yoast-seo-wordpress\/ -->\n<title>Instituto do Sangue apela a d\u00e1divas para apoiar feridos na depress\u00e3o Kristin - Portal Tela Portugal<\/title>\n<meta name=\"robots\" content=\"index, follow, max-snippet:-1, max-image-preview:large, max-video-preview:-1\" \/>\n<meta property=\"og:locale\" content=\"pt_PT\" \/>\n<meta property=\"og:type\" content=\"article\" \/>\n<meta property=\"og:title\" content=\"Instituto do Sangue apela a d\u00e1divas para apoiar feridos na depress\u00e3o Kristin - Portal Tela Portugal\" \/>\n<meta property=\"og:description\" content=\"O Instituto Portugu\u00eas do Sangue e da Transplanta\u00e7\u00e3o pediu dadores nas \u00e1reas metropolitanas de Lisboa, Porto e Coimbra para refor\u00e7ar d\u00e1divas em apoio a feridos da depress\u00e3o Kristin. O apelo pede que as d\u00e1divas sejam centralizadas nos Centros de Sangue de Lisboa, Porto e Coimbra ou nos servi\u00e7os hospitalares com capacidade de recolha. O IPST expressa condol\u00eancias aos familiares e amigos das v\u00edtimas e ressalva que al\u00e9m dos casos mortais existem v\u00e1rias v\u00edtimas de trauma. A depress\u00e3o Kristin, que atravessou Portugal na quarta-feira, causou pelo menos cinco mortos e v\u00e1rios estragos, com danos em infraestruturas, estradas, transportes e servi\u00e7os. O Governo decretou calamidade em cerca de 60 munic\u00edpios entre as 00:00 de quarta-feira e as 23:59 de 01 de fevereiro.\" \/>\n<meta property=\"og:url\" content=\"https:\/\/portaltela.pt\/noticias\/2026\/01\/30\/instituto-do-sangue-apela-a-dadivas-para-apoiar-feridos-na-depressao-kristin\/\" \/>\n<meta property=\"og:site_name\" content=\"Portal Tela Portugal\" \/>\n<meta property=\"article:published_time\" content=\"2026-01-30T15:42:36+00:00\" \/>\n<meta name=\"author\" content=\"Telinha\" \/>\n<meta name=\"twitter:card\" content=\"summary_large_image\" \/>\n<meta name=\"twitter:label1\" content=\"Escrito por\" \/>\n\t<meta name=\"twitter:data1\" content=\"Telinha\" \/>\n\t<meta name=\"twitter:label2\" content=\"Tempo estimado de leitura\" \/>\n\t<meta name=\"twitter:data2\" content=\"1 minuto\" \/>\n<script type=\"application\/ld+json\" class=\"yoast-schema-graph\">{\"@context\":\"https:\/\/schema.org\",\"@graph\":[{\"@type\":\"Article\",\"@id\":\"https:\/\/portaltela.pt\/noticias\/2026\/01\/30\/instituto-do-sangue-apela-a-dadivas-para-apoiar-feridos-na-depressao-kristin\/#article\",\"isPartOf\":{\"@id\":\"https:\/\/portaltela.pt\/noticias\/2026\/01\/30\/instituto-do-sangue-apela-a-dadivas-para-apoiar-feridos-na-depressao-kristin\/\"},\"author\":{\"name\":\"Telinha\",\"@id\":\"https:\/\/portaltela.pt\/#\/schema\/person\/c4278d4a6028830caff9ee44b42d32ed\"},\"headline\":\"Instituto do Sangue apela a d\u00e1divas para apoiar feridos na depress\u00e3o Kristin\",\"datePublished\":\"2026-01-30T15:42:36+00:00\",\"mainEntityOfPage\":{\"@id\":\"https:\/\/portaltela.pt\/noticias\/2026\/01\/30\/instituto-do-sangue-apela-a-dadivas-para-apoiar-feridos-na-depressao-kristin\/\"},\"wordCount\":212,\"image\":{\"@id\":\"https:\/\/portaltela.pt\/noticias\/2026\/01\/30\/instituto-do-sangue-apela-a-dadivas-para-apoiar-feridos-na-depressao-kristin\/#primaryimage\"},\"thumbnailUrl\":\"https:\/\/portaltela.pt\/s.01k8rhncp4jt1\/2026\/01\/img_1500x1000uu2014-06-26-21-02-00-320921-1.jpg\",\"keywords\":[\"abastecimento de sangue\",\"acidentes\",\"alagamentos\",\"calamidade p\u00fablica\",\"desalojados\",\"feridos\"],\"articleSection\":[\"Not\u00edcias\"],\"inLanguage\":\"pt-PT\"},{\"@type\":\"WebPage\",\"@id\":\"https:\/\/portaltela.pt\/noticias\/2026\/01\/30\/instituto-do-sangue-apela-a-dadivas-para-apoiar-feridos-na-depressao-kristin\/\",\"url\":\"https:\/\/portaltela.pt\/noticias\/2026\/01\/30\/instituto-do-sangue-apela-a-dadivas-para-apoiar-feridos-na-depressao-kristin\/\",\"name\":\"Instituto do Sangue apela a d\u00e1divas para apoiar feridos na depress\u00e3o Kristin - Portal Tela Portugal\",\"isPartOf\":{\"@id\":\"https:\/\/portaltela.pt\/#website\"},\"primaryImageOfPage\":{\"@id\":\"https:\/\/portaltela.pt\/noticias\/2026\/01\/30\/instituto-do-sangue-apela-a-dadivas-para-apoiar-feridos-na-depressao-kristin\/#primaryimage\"},\"image\":{\"@id\":\"https:\/\/portaltela.pt\/noticias\/2026\/01\/30\/instituto-do-sangue-apela-a-dadivas-para-apoiar-feridos-na-depressao-kristin\/#primaryimage\"},\"thumbnailUrl\":\"https:\/\/portaltela.pt\/s.01k8rhncp4jt1\/2026\/01\/img_1500x1000uu2014-06-26-21-02-00-320921-1.jpg\",\"datePublished\":\"2026-01-30T15:42:36+00:00\",\"author\":{\"@id\":\"https:\/\/portaltela.pt\/#\/schema\/person\/c4278d4a6028830caff9ee44b42d32ed\"},\"breadcrumb\":{\"@id\":\"https:\/\/portaltela.pt\/noticias\/2026\/01\/30\/instituto-do-sangue-apela-a-dadivas-para-apoiar-feridos-na-depressao-kristin\/#breadcrumb\"},\"inLanguage\":\"pt-PT\",\"potentialAction\":[{\"@type\":\"ReadAction\",\"target\":[\"https:\/\/portaltela.pt\/noticias\/2026\/01\/30\/instituto-do-sangue-apela-a-dadivas-para-apoiar-feridos-na-depressao-kristin\/\"]}]},{\"@type\":\"ImageObject\",\"inLanguage\":\"pt-PT\",\"@id\":\"https:\/\/portaltela.pt\/noticias\/2026\/01\/30\/instituto-do-sangue-apela-a-dadivas-para-apoiar-feridos-na-depressao-kristin\/#primaryimage\",\"url\":\"https:\/\/portaltela.pt\/s.01k8rhncp4jt1\/2026\/01\/img_1500x1000uu2014-06-26-21-02-00-320921-1.jpg\",\"contentUrl\":\"https:\/\/portaltela.pt\/s.01k8rhncp4jt1\/2026\/01\/img_1500x1000uu2014-06-26-21-02-00-320921-1.jpg\",\"width\":1500,\"height\":1000,\"caption\":\"Dadores de sangue\"},{\"@type\":\"BreadcrumbList\",\"@id\":\"https:\/\/portaltela.pt\/noticias\/2026\/01\/30\/instituto-do-sangue-apela-a-dadivas-para-apoiar-feridos-na-depressao-kristin\/#breadcrumb\",\"itemListElement\":[{\"@type\":\"ListItem\",\"position\":1,\"name\":\"In\u00edcio\",\"item\":\"https:\/\/portaltela.pt\/\"},{\"@type\":\"ListItem\",\"position\":2,\"name\":\"Instituto do Sangue apela a d\u00e1divas para apoiar feridos na depress\u00e3o Kristin\"}]},{\"@type\":\"WebSite\",\"@id\":\"https:\/\/portaltela.pt\/#website\",\"url\":\"https:\/\/portaltela.pt\/\",\"name\":\"Portal Tela Portugal\",\"description\":\"\",\"potentialAction\":[{\"@type\":\"SearchAction\",\"target\":{\"@type\":\"EntryPoint\",\"urlTemplate\":\"https:\/\/portaltela.pt\/?s={search_term_string}\"},\"query-input\":{\"@type\":\"PropertyValueSpecification\",\"valueRequired\":true,\"valueName\":\"search_term_string\"}}],\"inLanguage\":\"pt-PT\"},{\"@type\":\"Person\",\"@id\":\"https:\/\/portaltela.pt\/#\/schema\/person\/c4278d4a6028830caff9ee44b42d32ed\",\"name\":\"Telinha\",\"image\":{\"@type\":\"ImageObject\",\"inLanguage\":\"pt-PT\",\"@id\":\"https:\/\/portaltela.pt\/s.01k8rhncp4jt1\/2025\/11\/talking-bot-125x125.png\",\"url\":\"https:\/\/portaltela.pt\/s.01k8rhncp4jt1\/2025\/11\/talking-bot-125x125.png\",\"contentUrl\":\"https:\/\/portaltela.pt\/s.01k8rhncp4jt1\/2025\/11\/talking-bot-125x125.png\",\"caption\":\"Telinha\"},\"sameAs\":[\"https:\/\/portaltela.pt\/\"],\"url\":\"https:\/\/portaltela.pt\/por\/367410592786\/\"}]}<\/script>\n<!-- \/ Yoast SEO plugin. -->","yoast_head_json":{"title":"Instituto do Sangue apela a d\u00e1divas para apoiar feridos na depress\u00e3o Kristin - Portal Tela Portugal","robots":{"index":"index","follow":"follow","max-snippet":"max-snippet:-1","max-image-preview":"max-image-preview:large","max-video-preview":"max-video-preview:-1"},"og_locale":"pt_PT","og_type":"article","og_title":"Instituto do Sangue apela a d\u00e1divas para apoiar feridos na depress\u00e3o Kristin - Portal Tela Portugal","og_description":"O Instituto Portugu\u00eas do Sangue e da Transplanta\u00e7\u00e3o pediu dadores nas \u00e1reas metropolitanas de Lisboa, Porto e Coimbra para refor\u00e7ar d\u00e1divas em apoio a feridos da depress\u00e3o Kristin. O apelo pede que as d\u00e1divas sejam centralizadas nos Centros de Sangue de Lisboa, Porto e Coimbra ou nos servi\u00e7os hospitalares com capacidade de recolha. O IPST expressa condol\u00eancias aos familiares e amigos das v\u00edtimas e ressalva que al\u00e9m dos casos mortais existem v\u00e1rias v\u00edtimas de trauma. A depress\u00e3o Kristin, que atravessou Portugal na quarta-feira, causou pelo menos cinco mortos e v\u00e1rios estragos, com danos em infraestruturas, estradas, transportes e servi\u00e7os. O Governo decretou calamidade em cerca de 60 munic\u00edpios entre as 00:00 de quarta-feira e as 23:59 de 01 de fevereiro.","og_url":"https:\/\/portaltela.pt\/noticias\/2026\/01\/30\/instituto-do-sangue-apela-a-dadivas-para-apoiar-feridos-na-depressao-kristin\/","og_site_name":"Portal Tela Portugal","article_published_time":"2026-01-30T15:42:36+00:00","author":"Telinha","twitter_card":"summary_large_image","twitter_misc":{"Escrito por":"Telinha","Tempo estimado de leitura":"1 minuto"},"schema":{"@context":"https:\/\/schema.org","@graph":[{"@type":"Article","@id":"https:\/\/portaltela.pt\/noticias\/2026\/01\/30\/instituto-do-sangue-apela-a-dadivas-para-apoiar-feridos-na-depressao-kristin\/#article","isPartOf":{"@id":"https:\/\/portaltela.pt\/noticias\/2026\/01\/30\/instituto-do-sangue-apela-a-dadivas-para-apoiar-feridos-na-depressao-kristin\/"},"author":{"name":"Telinha","@id":"https:\/\/portaltela.pt\/#\/schema\/person\/c4278d4a6028830caff9ee44b42d32ed"},"headline":"Instituto do Sangue apela a d\u00e1divas para apoiar feridos na depress\u00e3o Kristin","datePublished":"2026-01-30T15:42:36+00:00","mainEntityOfPage":{"@id":"https:\/\/portaltela.pt\/noticias\/2026\/01\/30\/instituto-do-sangue-apela-a-dadivas-para-apoiar-feridos-na-depressao-kristin\/"},"wordCount":212,"image":{"@id":"https:\/\/portaltela.pt\/noticias\/2026\/01\/30\/instituto-do-sangue-apela-a-dadivas-para-apoiar-feridos-na-depressao-kristin\/#primaryimage"},"thumbnailUrl":"https:\/\/portaltela.pt\/s.01k8rhncp4jt1\/2026\/01\/img_1500x1000uu2014-06-26-21-02-00-320921-1.jpg","keywords":["abastecimento de sangue","acidentes","alagamentos","calamidade p\u00fablica","desalojados","feridos"],"articleSection":["Not\u00edcias"],"inLanguage":"pt-PT"},{"@type":"WebPage","@id":"https:\/\/portaltela.pt\/noticias\/2026\/01\/30\/instituto-do-sangue-apela-a-dadivas-para-apoiar-feridos-na-depressao-kristin\/","url":"https:\/\/portaltela.pt\/noticias\/2026\/01\/30\/instituto-do-sangue-apela-a-dadivas-para-apoiar-feridos-na-depressao-kristin\/","name":"Instituto do Sangue apela a d\u00e1divas para apoiar feridos na depress\u00e3o Kristin - Portal Tela Portugal","isPartOf":{"@id":"https:\/\/portaltela.pt\/#website"},"primaryImageOfPage":{"@id":"https:\/\/portaltela.pt\/noticias\/2026\/01\/30\/instituto-do-sangue-apela-a-dadivas-para-apoiar-feridos-na-depressao-kristin\/#primaryimage"},"image":{"@id":"https:\/\/portaltela.pt\/noticias\/2026\/01\/30\/instituto-do-sangue-apela-a-dadivas-para-apoiar-feridos-na-depressao-kristin\/#primaryimage"},"thumbnailUrl":"https:\/\/portaltela.pt\/s.01k8rhncp4jt1\/2026\/01\/img_1500x1000uu2014-06-26-21-02-00-320921-1.jpg","datePublished":"2026-01-30T15:42:36+00:00","author":{"@id":"https:\/\/portaltela.pt\/#\/schema\/person\/c4278d4a6028830caff9ee44b42d32ed"},"breadcrumb":{"@id":"https:\/\/portaltela.pt\/noticias\/2026\/01\/30\/instituto-do-sangue-apela-a-dadivas-para-apoiar-feridos-na-depressao-kristin\/#breadcrumb"},"inLanguage":"pt-PT","potentialAction":[{"@type":"ReadAction","target":["https:\/\/portaltela.pt\/noticias\/2026\/01\/30\/instituto-do-sangue-apela-a-dadivas-para-apoiar-feridos-na-depressao-kristin\/"]}]},{"@type":"ImageObject","inLanguage":"pt-PT","@id":"https:\/\/portaltela.pt\/noticias\/2026\/01\/30\/instituto-do-sangue-apela-a-dadivas-para-apoiar-feridos-na-depressao-kristin\/#primaryimage","url":"https:\/\/portaltela.pt\/s.01k8rhncp4jt1\/2026\/01\/img_1500x1000uu2014-06-26-21-02-00-320921-1.jpg","contentUrl":"https:\/\/portaltela.pt\/s.01k8rhncp4jt1\/2026\/01\/img_1500x1000uu2014-06-26-21-02-00-320921-1.jpg","width":1500,"height":1000,"caption":"Dadores de sangue"},{"@type":"BreadcrumbList","@id":"https:\/\/portaltela.pt\/noticias\/2026\/01\/30\/instituto-do-sangue-apela-a-dadivas-para-apoiar-feridos-na-depressao-kristin\/#breadcrumb","itemListElement":[{"@type":"ListItem","position":1,"name":"In\u00edcio","item":"https:\/\/portaltela.pt\/"},{"@type":"ListItem","position":2,"name":"Instituto do Sangue apela a d\u00e1divas para apoiar feridos na depress\u00e3o Kristin"}]},{"@type":"WebSite","@id":"https:\/\/portaltela.pt\/#website","url":"https:\/\/portaltela.pt\/","name":"Portal Tela Portugal","description":"","potentialAction":[{"@type":"SearchAction","target":{"@type":"EntryPoint","urlTemplate":"https:\/\/portaltela.pt\/?s={search_term_string}"},"query-input":{"@type":"PropertyValueSpecification","valueRequired":true,"valueName":"search_term_string"}}],"inLanguage":"pt-PT"},{"@type":"Person","@id":"https:\/\/portaltela.pt\/#\/schema\/person\/c4278d4a6028830caff9ee44b42d32ed","name":"Telinha","image":{"@type":"ImageObject","inLanguage":"pt-PT","@id":"https:\/\/portaltela.pt\/s.01k8rhncp4jt1\/2025\/11\/talking-bot-125x125.png","url":"https:\/\/portaltela.pt\/s.01k8rhncp4jt1\/2025\/11\/talking-bot-125x125.png","contentUrl":"https:\/\/portaltela.pt\/s.01k8rhncp4jt1\/2025\/11\/talking-bot-125x125.png","caption":"Telinha"},"sameAs":["https:\/\/portaltela.pt\/"],"url":"https:\/\/portaltela.pt\/por\/367410592786\/"}]}},"_links":{"self":[{"href":"https:\/\/portaltela.pt\/api\/wp\/v2\/posts\/184471","targetHints":{"allow":["GET"]}}],"collection":[{"href":"https:\/\/portaltela.pt\/api\/wp\/v2\/posts"}],"about":[{"href":"https:\/\/portaltela.pt\/api\/wp\/v2\/types\/post"}],"author":[{"embeddable":true,"href":"https:\/\/portaltela.pt\/api\/wp\/v2\/users\/2"}],"replies":[{"embeddable":true,"href":"https:\/\/portaltela.pt\/api\/wp\/v2\/comments?post=184471"}],"version-history":[{"count":0,"href":"https:\/\/portaltela.pt\/api\/wp\/v2\/posts\/184471\/revisions"}],"wp:featuredmedia":[{"embeddable":true,"href":"https:\/\/portaltela.pt\/api\/wp\/v2\/media\/184499"}],"wp:attachment":[{"href":"https:\/\/portaltela.pt\/api\/wp\/v2\/media?parent=184471"}],"wp:term":[{"taxonomy":"category","embeddable":true,"href":"https:\/\/portaltela.pt\/api\/wp\/v2\/categories?post=184471"},{"taxonomy":"post_tag","embeddable":true,"href":"https:\/\/portaltela.pt\/api\/wp\/v2\/tags?post=184471"}],"curies":[{"name":"wp","href":"https:\/\/api.w.org\/{rel}","templated":true}]}}