{"id":184458,"date":"2026-01-30T12:05:22","date_gmt":"2026-01-30T15:05:22","guid":{"rendered":"https:\/\/portaltela.pt\/noticias\/2026\/01\/30\/apresentacao-da-liga-boccia-senior-2026-marca-o-inicio-da-temporada\/"},"modified":"2026-01-30T12:05:22","modified_gmt":"2026-01-30T15:05:22","slug":"apresentacao-da-liga-boccia-senior-2026-marca-o-inicio-da-temporada","status":"publish","type":"post","link":"https:\/\/portaltela.pt\/desporto\/2026\/01\/30\/apresentacao-da-liga-boccia-senior-2026-marca-o-inicio-da-temporada\/","title":{"rendered":"Apresenta\u00e7\u00e3o da Liga Boccia S\u00e9nior 2026 marca o in\u00edcio da temporada"},"content":{"rendered":"<p>No dia 22 de janeiro, as instala\u00e7\u00f5es da Funda\u00e7\u00e3o INATEL, em \u00c9vora, receberam a apresenta\u00e7\u00e3o oficial da Liga Boccia S\u00e9nior 2026. O evento marcou o arranque da competi\u00e7\u00e3o no ano em curso, com foco na promo\u00e7\u00e3o da modalidade.<\/p>\n<p>O Munic\u00edpio de Reguengos de Monsaraz esteve representado pelos t\u00e9cnicos do Servi\u00e7o de Desporto, refor\u00e7ando o apoio da autarquia a esta modalidade.<\/p>\n<p>Na sua terceira edi\u00e7\u00e3o, a Liga contar\u00e1 com mais de 100 atletas, distribu\u00eddos por cerca de 30 equipas do concelho. O projeto resulta de uma parceria entre a Funda\u00e7\u00e3o INATEL e os munic\u00edpios de Reguengos de Monsaraz, Arraiolos, Borba, Estremoz, \u00c9vora e Redondo.<\/p>\n<h3>Parcerias e organiza\u00e7\u00e3o<\/h3>\n<p>A iniciativa junta autoridades locais e entidades ligadas ao desporto adaptado, com vista a ampliar a pr\u00e1tica da Boccia S\u00e9nior na regi\u00e3o.<\/p>\n<p>A organiza\u00e7\u00e3o aponta para atividades regulares, com calend\u00e1rios de competi\u00e7\u00e3o e de treino, buscando consolidar a participa\u00e7\u00e3o dos atletas a longo prazo.<\/p>\n","protected":false},"excerpt":{"rendered":"<ul>\n<li>No dia vinte e dois de janeiro, a Funda\u00e7\u00e3o INATEL, em \u00c9vora, acolheu a apresenta\u00e7\u00e3o oficial da Liga Boccia S\u00e9nior de 2026.<\/li>\n<\/ul>\n<p>\u2022<\/p>\n<ul>\n<li>O Munic\u00edpio de Reguengos de Monsaraz esteve representado por t\u00e9cnicos do Servi\u00e7o de Desporto, refor\u00e7ando o apoio da autarquia \u00e0 modalidade.<\/li>\n<\/ul>\n<p>\u2022<\/p>\n<ul>\n<li>A terceira edi\u00e7\u00e3o da liga conta com mais de cem atletas, distribu\u00eddos por cerca de trinta equipas do nosso concelho.<\/li>\n<\/ul>\n<p>\u2022<\/p>\n<ul>\n<li>O projeto resulta de uma parceria entre a Funda\u00e7\u00e3o INATEL e os munic\u00edpios de Reguengos de Monsaraz, Arraiolos, Borba, Estremoz, \u00c9vora e Redondo.<\/li>\n<\/ul>\n<p>\u2022<\/p>\n","protected":false},"author":2,"featured_media":184459,"comment_status":"closed","ping_status":"closed","sticky":false,"template":"","format":"standard","meta":{"footnotes":""},"categories":[21],"tags":[1938,4070,152,635,1098,1074],"class_list":["post-184458","post","type-post","status-publish","format-standard","has-post-thumbnail","hentry","category-desporto","tag-arraiolos","tag-borba","tag-desporto","tag-desporto-adaptado","tag-estremoz","tag-evora"],"yoast_head":"<!-- This site is optimized with the Yoast SEO plugin v27.2 - https:\/\/yoast.com\/product\/yoast-seo-wordpress\/ -->\n<title>Apresenta\u00e7\u00e3o da Liga Boccia S\u00e9nior 2026 marca o in\u00edcio da temporada - Portal Tela Portugal<\/title>\n<meta name=\"robots\" content=\"index, follow, max-snippet:-1, max-image-preview:large, max-video-preview:-1\" \/>\n<meta property=\"og:locale\" content=\"pt_PT\" \/>\n<meta property=\"og:type\" content=\"article\" \/>\n<meta property=\"og:title\" content=\"Apresenta\u00e7\u00e3o da Liga Boccia S\u00e9nior 2026 marca o in\u00edcio da temporada - Portal Tela Portugal\" \/>\n<meta property=\"og:description\" content=\"No dia vinte e dois de janeiro, a Funda\u00e7\u00e3o INATEL, em \u00c9vora, acolheu a apresenta\u00e7\u00e3o oficial da Liga Boccia S\u00e9nior de 2026. \u2022 O Munic\u00edpio de Reguengos de Monsaraz esteve representado por t\u00e9cnicos do Servi\u00e7o de Desporto, refor\u00e7ando o apoio da autarquia \u00e0 modalidade. \u2022 A terceira edi\u00e7\u00e3o da liga conta com mais de cem atletas, distribu\u00eddos por cerca de trinta equipas do nosso concelho. \u2022 O projeto resulta de uma parceria entre a Funda\u00e7\u00e3o INATEL e os munic\u00edpios de Reguengos de Monsaraz, Arraiolos, Borba, Estremoz, \u00c9vora e Redondo. \u2022\" \/>\n<meta property=\"og:url\" content=\"https:\/\/portaltela.pt\/noticias\/2026\/01\/30\/apresentacao-da-liga-boccia-senior-2026-marca-o-inicio-da-temporada\/\" \/>\n<meta property=\"og:site_name\" content=\"Portal Tela Portugal\" \/>\n<meta property=\"article:published_time\" content=\"2026-01-30T15:05:22+00:00\" \/>\n<meta name=\"author\" content=\"Telinha\" \/>\n<meta name=\"twitter:card\" content=\"summary_large_image\" \/>\n<meta name=\"twitter:label1\" content=\"Escrito por\" \/>\n\t<meta name=\"twitter:data1\" content=\"Telinha\" \/>\n\t<meta name=\"twitter:label2\" content=\"Tempo estimado de leitura\" \/>\n\t<meta name=\"twitter:data2\" content=\"1 minuto\" \/>\n<script type=\"application\/ld+json\" class=\"yoast-schema-graph\">{\"@context\":\"https:\/\/schema.org\",\"@graph\":[{\"@type\":\"Article\",\"@id\":\"https:\/\/portaltela.pt\/noticias\/2026\/01\/30\/apresentacao-da-liga-boccia-senior-2026-marca-o-inicio-da-temporada\/#article\",\"isPartOf\":{\"@id\":\"https:\/\/portaltela.pt\/noticias\/2026\/01\/30\/apresentacao-da-liga-boccia-senior-2026-marca-o-inicio-da-temporada\/\"},\"author\":{\"name\":\"Telinha\",\"@id\":\"https:\/\/portaltela.pt\/#\/schema\/person\/c4278d4a6028830caff9ee44b42d32ed\"},\"headline\":\"Apresenta\u00e7\u00e3o da Liga Boccia S\u00e9nior 2026 marca o in\u00edcio da temporada\",\"datePublished\":\"2026-01-30T15:05:22+00:00\",\"mainEntityOfPage\":{\"@id\":\"https:\/\/portaltela.pt\/noticias\/2026\/01\/30\/apresentacao-da-liga-boccia-senior-2026-marca-o-inicio-da-temporada\/\"},\"wordCount\":181,\"image\":{\"@id\":\"https:\/\/portaltela.pt\/noticias\/2026\/01\/30\/apresentacao-da-liga-boccia-senior-2026-marca-o-inicio-da-temporada\/#primaryimage\"},\"thumbnailUrl\":\"https:\/\/portaltela.pt\/s.01k8rhncp4jt1\/2026\/01\/Desporto-Apresentacao-da-Liga-Boccia-Senior-2026-No-dia.jpg\",\"keywords\":[\"Arraiolos\",\"Borba\",\"desporto\",\"desporto adaptado\",\"Estremoz\",\"\u00c9vora\"],\"articleSection\":[\"Desporto\"],\"inLanguage\":\"pt-PT\"},{\"@type\":\"WebPage\",\"@id\":\"https:\/\/portaltela.pt\/noticias\/2026\/01\/30\/apresentacao-da-liga-boccia-senior-2026-marca-o-inicio-da-temporada\/\",\"url\":\"https:\/\/portaltela.pt\/noticias\/2026\/01\/30\/apresentacao-da-liga-boccia-senior-2026-marca-o-inicio-da-temporada\/\",\"name\":\"Apresenta\u00e7\u00e3o da Liga Boccia S\u00e9nior 2026 marca o in\u00edcio da temporada - Portal Tela Portugal\",\"isPartOf\":{\"@id\":\"https:\/\/portaltela.pt\/#website\"},\"primaryImageOfPage\":{\"@id\":\"https:\/\/portaltela.pt\/noticias\/2026\/01\/30\/apresentacao-da-liga-boccia-senior-2026-marca-o-inicio-da-temporada\/#primaryimage\"},\"image\":{\"@id\":\"https:\/\/portaltela.pt\/noticias\/2026\/01\/30\/apresentacao-da-liga-boccia-senior-2026-marca-o-inicio-da-temporada\/#primaryimage\"},\"thumbnailUrl\":\"https:\/\/portaltela.pt\/s.01k8rhncp4jt1\/2026\/01\/Desporto-Apresentacao-da-Liga-Boccia-Senior-2026-No-dia.jpg\",\"datePublished\":\"2026-01-30T15:05:22+00:00\",\"author\":{\"@id\":\"https:\/\/portaltela.pt\/#\/schema\/person\/c4278d4a6028830caff9ee44b42d32ed\"},\"breadcrumb\":{\"@id\":\"https:\/\/portaltela.pt\/noticias\/2026\/01\/30\/apresentacao-da-liga-boccia-senior-2026-marca-o-inicio-da-temporada\/#breadcrumb\"},\"inLanguage\":\"pt-PT\",\"potentialAction\":[{\"@type\":\"ReadAction\",\"target\":[\"https:\/\/portaltela.pt\/noticias\/2026\/01\/30\/apresentacao-da-liga-boccia-senior-2026-marca-o-inicio-da-temporada\/\"]}]},{\"@type\":\"ImageObject\",\"inLanguage\":\"pt-PT\",\"@id\":\"https:\/\/portaltela.pt\/noticias\/2026\/01\/30\/apresentacao-da-liga-boccia-senior-2026-marca-o-inicio-da-temporada\/#primaryimage\",\"url\":\"https:\/\/portaltela.pt\/s.01k8rhncp4jt1\/2026\/01\/Desporto-Apresentacao-da-Liga-Boccia-Senior-2026-No-dia.jpg\",\"contentUrl\":\"https:\/\/portaltela.pt\/s.01k8rhncp4jt1\/2026\/01\/Desporto-Apresentacao-da-Liga-Boccia-Senior-2026-No-dia.jpg\",\"width\":796,\"height\":448,\"caption\":\"Desporto | Apresenta\u00e7\u00e3o da Liga Boccia S\u00e9nior 2026 No dia 22 de janeiro, as in\u2026\"},{\"@type\":\"BreadcrumbList\",\"@id\":\"https:\/\/portaltela.pt\/noticias\/2026\/01\/30\/apresentacao-da-liga-boccia-senior-2026-marca-o-inicio-da-temporada\/#breadcrumb\",\"itemListElement\":[{\"@type\":\"ListItem\",\"position\":1,\"name\":\"In\u00edcio\",\"item\":\"https:\/\/portaltela.pt\/\"},{\"@type\":\"ListItem\",\"position\":2,\"name\":\"Apresenta\u00e7\u00e3o da Liga Boccia S\u00e9nior 2026 marca o in\u00edcio da temporada\"}]},{\"@type\":\"WebSite\",\"@id\":\"https:\/\/portaltela.pt\/#website\",\"url\":\"https:\/\/portaltela.pt\/\",\"name\":\"Portal Tela Portugal\",\"description\":\"\",\"potentialAction\":[{\"@type\":\"SearchAction\",\"target\":{\"@type\":\"EntryPoint\",\"urlTemplate\":\"https:\/\/portaltela.pt\/?s={search_term_string}\"},\"query-input\":{\"@type\":\"PropertyValueSpecification\",\"valueRequired\":true,\"valueName\":\"search_term_string\"}}],\"inLanguage\":\"pt-PT\"},{\"@type\":\"Person\",\"@id\":\"https:\/\/portaltela.pt\/#\/schema\/person\/c4278d4a6028830caff9ee44b42d32ed\",\"name\":\"Telinha\",\"image\":{\"@type\":\"ImageObject\",\"inLanguage\":\"pt-PT\",\"@id\":\"https:\/\/portaltela.pt\/s.01k8rhncp4jt1\/2025\/11\/talking-bot-125x125.png\",\"url\":\"https:\/\/portaltela.pt\/s.01k8rhncp4jt1\/2025\/11\/talking-bot-125x125.png\",\"contentUrl\":\"https:\/\/portaltela.pt\/s.01k8rhncp4jt1\/2025\/11\/talking-bot-125x125.png\",\"caption\":\"Telinha\"},\"sameAs\":[\"https:\/\/portaltela.pt\/\"],\"url\":\"https:\/\/portaltela.pt\/por\/367410592786\/\"}]}<\/script>\n<!-- \/ Yoast SEO plugin. -->","yoast_head_json":{"title":"Apresenta\u00e7\u00e3o da Liga Boccia S\u00e9nior 2026 marca o in\u00edcio da temporada - Portal Tela Portugal","robots":{"index":"index","follow":"follow","max-snippet":"max-snippet:-1","max-image-preview":"max-image-preview:large","max-video-preview":"max-video-preview:-1"},"og_locale":"pt_PT","og_type":"article","og_title":"Apresenta\u00e7\u00e3o da Liga Boccia S\u00e9nior 2026 marca o in\u00edcio da temporada - Portal Tela Portugal","og_description":"No dia vinte e dois de janeiro, a Funda\u00e7\u00e3o INATEL, em \u00c9vora, acolheu a apresenta\u00e7\u00e3o oficial da Liga Boccia S\u00e9nior de 2026. \u2022 O Munic\u00edpio de Reguengos de Monsaraz esteve representado por t\u00e9cnicos do Servi\u00e7o de Desporto, refor\u00e7ando o apoio da autarquia \u00e0 modalidade. \u2022 A terceira edi\u00e7\u00e3o da liga conta com mais de cem atletas, distribu\u00eddos por cerca de trinta equipas do nosso concelho. \u2022 O projeto resulta de uma parceria entre a Funda\u00e7\u00e3o INATEL e os munic\u00edpios de Reguengos de Monsaraz, Arraiolos, Borba, Estremoz, \u00c9vora e Redondo. \u2022","og_url":"https:\/\/portaltela.pt\/noticias\/2026\/01\/30\/apresentacao-da-liga-boccia-senior-2026-marca-o-inicio-da-temporada\/","og_site_name":"Portal Tela Portugal","article_published_time":"2026-01-30T15:05:22+00:00","author":"Telinha","twitter_card":"summary_large_image","twitter_misc":{"Escrito por":"Telinha","Tempo estimado de leitura":"1 minuto"},"schema":{"@context":"https:\/\/schema.org","@graph":[{"@type":"Article","@id":"https:\/\/portaltela.pt\/noticias\/2026\/01\/30\/apresentacao-da-liga-boccia-senior-2026-marca-o-inicio-da-temporada\/#article","isPartOf":{"@id":"https:\/\/portaltela.pt\/noticias\/2026\/01\/30\/apresentacao-da-liga-boccia-senior-2026-marca-o-inicio-da-temporada\/"},"author":{"name":"Telinha","@id":"https:\/\/portaltela.pt\/#\/schema\/person\/c4278d4a6028830caff9ee44b42d32ed"},"headline":"Apresenta\u00e7\u00e3o da Liga Boccia S\u00e9nior 2026 marca o in\u00edcio da temporada","datePublished":"2026-01-30T15:05:22+00:00","mainEntityOfPage":{"@id":"https:\/\/portaltela.pt\/noticias\/2026\/01\/30\/apresentacao-da-liga-boccia-senior-2026-marca-o-inicio-da-temporada\/"},"wordCount":181,"image":{"@id":"https:\/\/portaltela.pt\/noticias\/2026\/01\/30\/apresentacao-da-liga-boccia-senior-2026-marca-o-inicio-da-temporada\/#primaryimage"},"thumbnailUrl":"https:\/\/portaltela.pt\/s.01k8rhncp4jt1\/2026\/01\/Desporto-Apresentacao-da-Liga-Boccia-Senior-2026-No-dia.jpg","keywords":["Arraiolos","Borba","desporto","desporto adaptado","Estremoz","\u00c9vora"],"articleSection":["Desporto"],"inLanguage":"pt-PT"},{"@type":"WebPage","@id":"https:\/\/portaltela.pt\/noticias\/2026\/01\/30\/apresentacao-da-liga-boccia-senior-2026-marca-o-inicio-da-temporada\/","url":"https:\/\/portaltela.pt\/noticias\/2026\/01\/30\/apresentacao-da-liga-boccia-senior-2026-marca-o-inicio-da-temporada\/","name":"Apresenta\u00e7\u00e3o da Liga Boccia S\u00e9nior 2026 marca o in\u00edcio da temporada - Portal Tela Portugal","isPartOf":{"@id":"https:\/\/portaltela.pt\/#website"},"primaryImageOfPage":{"@id":"https:\/\/portaltela.pt\/noticias\/2026\/01\/30\/apresentacao-da-liga-boccia-senior-2026-marca-o-inicio-da-temporada\/#primaryimage"},"image":{"@id":"https:\/\/portaltela.pt\/noticias\/2026\/01\/30\/apresentacao-da-liga-boccia-senior-2026-marca-o-inicio-da-temporada\/#primaryimage"},"thumbnailUrl":"https:\/\/portaltela.pt\/s.01k8rhncp4jt1\/2026\/01\/Desporto-Apresentacao-da-Liga-Boccia-Senior-2026-No-dia.jpg","datePublished":"2026-01-30T15:05:22+00:00","author":{"@id":"https:\/\/portaltela.pt\/#\/schema\/person\/c4278d4a6028830caff9ee44b42d32ed"},"breadcrumb":{"@id":"https:\/\/portaltela.pt\/noticias\/2026\/01\/30\/apresentacao-da-liga-boccia-senior-2026-marca-o-inicio-da-temporada\/#breadcrumb"},"inLanguage":"pt-PT","potentialAction":[{"@type":"ReadAction","target":["https:\/\/portaltela.pt\/noticias\/2026\/01\/30\/apresentacao-da-liga-boccia-senior-2026-marca-o-inicio-da-temporada\/"]}]},{"@type":"ImageObject","inLanguage":"pt-PT","@id":"https:\/\/portaltela.pt\/noticias\/2026\/01\/30\/apresentacao-da-liga-boccia-senior-2026-marca-o-inicio-da-temporada\/#primaryimage","url":"https:\/\/portaltela.pt\/s.01k8rhncp4jt1\/2026\/01\/Desporto-Apresentacao-da-Liga-Boccia-Senior-2026-No-dia.jpg","contentUrl":"https:\/\/portaltela.pt\/s.01k8rhncp4jt1\/2026\/01\/Desporto-Apresentacao-da-Liga-Boccia-Senior-2026-No-dia.jpg","width":796,"height":448,"caption":"Desporto | Apresenta\u00e7\u00e3o da Liga Boccia S\u00e9nior 2026 No dia 22 de janeiro, as in\u2026"},{"@type":"BreadcrumbList","@id":"https:\/\/portaltela.pt\/noticias\/2026\/01\/30\/apresentacao-da-liga-boccia-senior-2026-marca-o-inicio-da-temporada\/#breadcrumb","itemListElement":[{"@type":"ListItem","position":1,"name":"In\u00edcio","item":"https:\/\/portaltela.pt\/"},{"@type":"ListItem","position":2,"name":"Apresenta\u00e7\u00e3o da Liga Boccia S\u00e9nior 2026 marca o in\u00edcio da temporada"}]},{"@type":"WebSite","@id":"https:\/\/portaltela.pt\/#website","url":"https:\/\/portaltela.pt\/","name":"Portal Tela Portugal","description":"","potentialAction":[{"@type":"SearchAction","target":{"@type":"EntryPoint","urlTemplate":"https:\/\/portaltela.pt\/?s={search_term_string}"},"query-input":{"@type":"PropertyValueSpecification","valueRequired":true,"valueName":"search_term_string"}}],"inLanguage":"pt-PT"},{"@type":"Person","@id":"https:\/\/portaltela.pt\/#\/schema\/person\/c4278d4a6028830caff9ee44b42d32ed","name":"Telinha","image":{"@type":"ImageObject","inLanguage":"pt-PT","@id":"https:\/\/portaltela.pt\/s.01k8rhncp4jt1\/2025\/11\/talking-bot-125x125.png","url":"https:\/\/portaltela.pt\/s.01k8rhncp4jt1\/2025\/11\/talking-bot-125x125.png","contentUrl":"https:\/\/portaltela.pt\/s.01k8rhncp4jt1\/2025\/11\/talking-bot-125x125.png","caption":"Telinha"},"sameAs":["https:\/\/portaltela.pt\/"],"url":"https:\/\/portaltela.pt\/por\/367410592786\/"}]}},"_links":{"self":[{"href":"https:\/\/portaltela.pt\/api\/wp\/v2\/posts\/184458","targetHints":{"allow":["GET"]}}],"collection":[{"href":"https:\/\/portaltela.pt\/api\/wp\/v2\/posts"}],"about":[{"href":"https:\/\/portaltela.pt\/api\/wp\/v2\/types\/post"}],"author":[{"embeddable":true,"href":"https:\/\/portaltela.pt\/api\/wp\/v2\/users\/2"}],"replies":[{"embeddable":true,"href":"https:\/\/portaltela.pt\/api\/wp\/v2\/comments?post=184458"}],"version-history":[{"count":0,"href":"https:\/\/portaltela.pt\/api\/wp\/v2\/posts\/184458\/revisions"}],"wp:featuredmedia":[{"embeddable":true,"href":"https:\/\/portaltela.pt\/api\/wp\/v2\/media\/184459"}],"wp:attachment":[{"href":"https:\/\/portaltela.pt\/api\/wp\/v2\/media?parent=184458"}],"wp:term":[{"taxonomy":"category","embeddable":true,"href":"https:\/\/portaltela.pt\/api\/wp\/v2\/categories?post=184458"},{"taxonomy":"post_tag","embeddable":true,"href":"https:\/\/portaltela.pt\/api\/wp\/v2\/tags?post=184458"}],"curies":[{"name":"wp","href":"https:\/\/api.w.org\/{rel}","templated":true}]}}