{"id":184373,"date":"2026-01-30T11:56:34","date_gmt":"2026-01-30T14:56:34","guid":{"rendered":"https:\/\/portaltela.pt\/noticias\/2026\/01\/30\/fins-de-semana-gastronomicos-e-jazz-promovem-cultura-e-sabores\/"},"modified":"2026-01-30T11:56:34","modified_gmt":"2026-01-30T14:56:34","slug":"fins-de-semana-gastronomicos-e-jazz-promovem-cultura-e-sabores","status":"publish","type":"post","link":"https:\/\/portaltela.pt\/noticias\/2026\/01\/30\/fins-de-semana-gastronomicos-e-jazz-promovem-cultura-e-sabores\/","title":{"rendered":"Fins de semana gastron\u00f3micos e jazz promovem cultura e sabores"},"content":{"rendered":"<p>Guimar\u00e3es recebe, de 10 a 12 de novembro, os Fins-de-Semana Gastron\u00f3micos, promovidos pela Entidade Regional de turismo em parceria com os munic\u00edpios do norte. O objetivo \u00e9 valorizar a cultura e a tradi\u00e7\u00e3o gastron\u00f3mica local, dinamizando a economia da regi\u00e3o.<\/p>\n<p>Durante o evento, 22 restaurantes do concelho v\u00e3o servir iguarias da mesa vimaranense, como <strong>Caldo Verde<\/strong>, <strong>Roj\u00f5es com papas de sarrabulho<\/strong> e <strong>Leite-Creme Queimado<\/strong>. A proposta \u00e9 oferecer experi\u00eancia aut\u00eantica de cozinha regional.<\/p>\n<p>Tr\u00eas quintas de enoturismo v\u00e3o abrir as portas para degusta\u00e7\u00f5es e provas de vinhos: <strong>Quinta Pousada de Fora<\/strong>, <strong>Quinta da Cancela<\/strong> e <strong>Quinta dos Encados<\/strong>, proporcionando experi\u00eancias \u00fanicas aos visitantes.<\/p>\n<h3>Enoturismo e alojamento com desconto<\/h3>\n<p>Al\u00e9m da gastronomia, 13 estabelecimentos tur\u00edsticos da regi\u00e3o oferecem 10% de desconto nas noites de sexta e s\u00e1bado aos participantes do Fim-de-Semana Gastron\u00f3mico de Guimar\u00e3es, incentivando a estadia na regi\u00e3o.<\/p>\n<p>O evento coincide com o Guimar\u00e3es Jazz, que decorre de 9 a 18 de novembro, refor\u00e7ando a oferta cultural da cidade neste outono. O conjunto de atividades visa permitir a descoberta do concelho, da sua cultura, da gastronomia e do vinho verde.<\/p>\n<p>Para informa\u00e7\u00f5es adicionais sobre o programa, consulte o site Visit Guimar\u00e3es.<\/p>\n","protected":false},"excerpt":{"rendered":"<ul>\n<li>Fins-de-Semana Gastron\u00f3micos regressam a Guimar\u00e3es de 10 a 12 de novembro, promovidos pela Entidade Regional de Turismo em parceria com Munic\u00edpios do norte de Portugal, com foco na cultura e na gastronomia local.<\/li>\n<li>V\u00eam 22 restaurantes do concelho servir iguarias como caldo verde, roj\u00f5es com papas de sarrabulho e leite-creme queimado.<\/li>\n<li>Tr\u00eas quintas de enoturismo \u2014 Quinta Pousada de Fora, Quinta da Cancela e Quinta dos Encados \u2014 v\u00e3o abrir portas para provas de vinhos.<\/li>\n<li>13 estabelecimentos tur\u00edsticos da regi\u00e3o oferecem 10% de desconto nas duas noites de sexta e s\u00e1bado para participantes no fim de semana gastron\u00f3mico.<\/li>\n<li>O evento coincide com o Guimar\u00e3es Jazz, que decorre de 9 a 18 de novembro, preparando um outono com muito jazz e gastronomia.<\/li>\n<\/ul>\n","protected":false},"author":2,"featured_media":184398,"comment_status":"closed","ping_status":"closed","sticky":false,"template":"","format":"standard","meta":{"footnotes":""},"categories":[1],"tags":[3727,219,1145,2765,169,385],"class_list":["post-184373","post","type-post","status-publish","format-standard","has-post-thumbnail","hentry","category-noticias","tag-enoturismo","tag-gastronomia","tag-guimaraes","tag-norte","tag-turismo","tag-vinhos-verdes"],"yoast_head":"<!-- This site is optimized with the Yoast SEO plugin v27.2 - https:\/\/yoast.com\/product\/yoast-seo-wordpress\/ -->\n<title>Fins de semana gastron\u00f3micos e jazz promovem cultura e sabores - Portal Tela Portugal<\/title>\n<meta name=\"robots\" content=\"index, follow, max-snippet:-1, max-image-preview:large, max-video-preview:-1\" \/>\n<meta property=\"og:locale\" content=\"pt_PT\" \/>\n<meta property=\"og:type\" content=\"article\" \/>\n<meta property=\"og:title\" content=\"Fins de semana gastron\u00f3micos e jazz promovem cultura e sabores - Portal Tela Portugal\" \/>\n<meta property=\"og:description\" content=\"Fins-de-Semana Gastron\u00f3micos regressam a Guimar\u00e3es de 10 a 12 de novembro, promovidos pela Entidade Regional de Turismo em parceria com Munic\u00edpios do norte de Portugal, com foco na cultura e na gastronomia local. V\u00eam 22 restaurantes do concelho servir iguarias como caldo verde, roj\u00f5es com papas de sarrabulho e leite-creme queimado. Tr\u00eas quintas de enoturismo \u2014 Quinta Pousada de Fora, Quinta da Cancela e Quinta dos Encados \u2014 v\u00e3o abrir portas para provas de vinhos. 13 estabelecimentos tur\u00edsticos da regi\u00e3o oferecem 10% de desconto nas duas noites de sexta e s\u00e1bado para participantes no fim de semana gastron\u00f3mico. O evento coincide com o Guimar\u00e3es Jazz, que decorre de 9 a 18 de novembro, preparando um outono com muito jazz e gastronomia.\" \/>\n<meta property=\"og:url\" content=\"https:\/\/portaltela.pt\/noticias\/2026\/01\/30\/fins-de-semana-gastronomicos-e-jazz-promovem-cultura-e-sabores\/\" \/>\n<meta property=\"og:site_name\" content=\"Portal Tela Portugal\" \/>\n<meta property=\"article:published_time\" content=\"2026-01-30T14:56:34+00:00\" \/>\n<meta name=\"author\" content=\"Telinha\" \/>\n<meta name=\"twitter:card\" content=\"summary_large_image\" \/>\n<meta name=\"twitter:label1\" content=\"Escrito por\" \/>\n\t<meta name=\"twitter:data1\" content=\"Telinha\" \/>\n\t<meta name=\"twitter:label2\" content=\"Tempo estimado de leitura\" \/>\n\t<meta name=\"twitter:data2\" content=\"1 minuto\" \/>\n<script type=\"application\/ld+json\" class=\"yoast-schema-graph\">{\"@context\":\"https:\/\/schema.org\",\"@graph\":[{\"@type\":\"Article\",\"@id\":\"https:\/\/portaltela.pt\/noticias\/2026\/01\/30\/fins-de-semana-gastronomicos-e-jazz-promovem-cultura-e-sabores\/#article\",\"isPartOf\":{\"@id\":\"https:\/\/portaltela.pt\/noticias\/2026\/01\/30\/fins-de-semana-gastronomicos-e-jazz-promovem-cultura-e-sabores\/\"},\"author\":{\"name\":\"Telinha\",\"@id\":\"https:\/\/portaltela.pt\/#\/schema\/person\/c4278d4a6028830caff9ee44b42d32ed\"},\"headline\":\"Fins de semana gastron\u00f3micos e jazz promovem cultura e sabores\",\"datePublished\":\"2026-01-30T14:56:34+00:00\",\"mainEntityOfPage\":{\"@id\":\"https:\/\/portaltela.pt\/noticias\/2026\/01\/30\/fins-de-semana-gastronomicos-e-jazz-promovem-cultura-e-sabores\/\"},\"wordCount\":218,\"image\":{\"@id\":\"https:\/\/portaltela.pt\/noticias\/2026\/01\/30\/fins-de-semana-gastronomicos-e-jazz-promovem-cultura-e-sabores\/#primaryimage\"},\"thumbnailUrl\":\"https:\/\/portaltela.pt\/s.01k8rhncp4jt1\/2026\/01\/unnamed-file-6117.jpg\",\"keywords\":[\"enoturismo\",\"gastronomia\",\"Guimar\u00e3es\",\"Norte\",\"turismo\",\"vinhos verdes\"],\"articleSection\":[\"Not\u00edcias\"],\"inLanguage\":\"pt-PT\"},{\"@type\":\"WebPage\",\"@id\":\"https:\/\/portaltela.pt\/noticias\/2026\/01\/30\/fins-de-semana-gastronomicos-e-jazz-promovem-cultura-e-sabores\/\",\"url\":\"https:\/\/portaltela.pt\/noticias\/2026\/01\/30\/fins-de-semana-gastronomicos-e-jazz-promovem-cultura-e-sabores\/\",\"name\":\"Fins de semana gastron\u00f3micos e jazz promovem cultura e sabores - Portal Tela Portugal\",\"isPartOf\":{\"@id\":\"https:\/\/portaltela.pt\/#website\"},\"primaryImageOfPage\":{\"@id\":\"https:\/\/portaltela.pt\/noticias\/2026\/01\/30\/fins-de-semana-gastronomicos-e-jazz-promovem-cultura-e-sabores\/#primaryimage\"},\"image\":{\"@id\":\"https:\/\/portaltela.pt\/noticias\/2026\/01\/30\/fins-de-semana-gastronomicos-e-jazz-promovem-cultura-e-sabores\/#primaryimage\"},\"thumbnailUrl\":\"https:\/\/portaltela.pt\/s.01k8rhncp4jt1\/2026\/01\/unnamed-file-6117.jpg\",\"datePublished\":\"2026-01-30T14:56:34+00:00\",\"author\":{\"@id\":\"https:\/\/portaltela.pt\/#\/schema\/person\/c4278d4a6028830caff9ee44b42d32ed\"},\"breadcrumb\":{\"@id\":\"https:\/\/portaltela.pt\/noticias\/2026\/01\/30\/fins-de-semana-gastronomicos-e-jazz-promovem-cultura-e-sabores\/#breadcrumb\"},\"inLanguage\":\"pt-PT\",\"potentialAction\":[{\"@type\":\"ReadAction\",\"target\":[\"https:\/\/portaltela.pt\/noticias\/2026\/01\/30\/fins-de-semana-gastronomicos-e-jazz-promovem-cultura-e-sabores\/\"]}]},{\"@type\":\"ImageObject\",\"inLanguage\":\"pt-PT\",\"@id\":\"https:\/\/portaltela.pt\/noticias\/2026\/01\/30\/fins-de-semana-gastronomicos-e-jazz-promovem-cultura-e-sabores\/#primaryimage\",\"url\":\"https:\/\/portaltela.pt\/s.01k8rhncp4jt1\/2026\/01\/unnamed-file-6117.jpg\",\"contentUrl\":\"https:\/\/portaltela.pt\/s.01k8rhncp4jt1\/2026\/01\/unnamed-file-6117.jpg\",\"width\":796,\"height\":448,\"caption\":\"Fins-de-semana Gastron\u00f3micos e Jazz num convite \u00e0 cultura e sabores\"},{\"@type\":\"BreadcrumbList\",\"@id\":\"https:\/\/portaltela.pt\/noticias\/2026\/01\/30\/fins-de-semana-gastronomicos-e-jazz-promovem-cultura-e-sabores\/#breadcrumb\",\"itemListElement\":[{\"@type\":\"ListItem\",\"position\":1,\"name\":\"In\u00edcio\",\"item\":\"https:\/\/portaltela.pt\/\"},{\"@type\":\"ListItem\",\"position\":2,\"name\":\"Fins de semana gastron\u00f3micos e jazz promovem cultura e sabores\"}]},{\"@type\":\"WebSite\",\"@id\":\"https:\/\/portaltela.pt\/#website\",\"url\":\"https:\/\/portaltela.pt\/\",\"name\":\"Portal Tela Portugal\",\"description\":\"\",\"potentialAction\":[{\"@type\":\"SearchAction\",\"target\":{\"@type\":\"EntryPoint\",\"urlTemplate\":\"https:\/\/portaltela.pt\/?s={search_term_string}\"},\"query-input\":{\"@type\":\"PropertyValueSpecification\",\"valueRequired\":true,\"valueName\":\"search_term_string\"}}],\"inLanguage\":\"pt-PT\"},{\"@type\":\"Person\",\"@id\":\"https:\/\/portaltela.pt\/#\/schema\/person\/c4278d4a6028830caff9ee44b42d32ed\",\"name\":\"Telinha\",\"image\":{\"@type\":\"ImageObject\",\"inLanguage\":\"pt-PT\",\"@id\":\"https:\/\/portaltela.pt\/s.01k8rhncp4jt1\/2025\/11\/talking-bot-125x125.png\",\"url\":\"https:\/\/portaltela.pt\/s.01k8rhncp4jt1\/2025\/11\/talking-bot-125x125.png\",\"contentUrl\":\"https:\/\/portaltela.pt\/s.01k8rhncp4jt1\/2025\/11\/talking-bot-125x125.png\",\"caption\":\"Telinha\"},\"sameAs\":[\"https:\/\/portaltela.pt\/\"],\"url\":\"https:\/\/portaltela.pt\/por\/367410592786\/\"}]}<\/script>\n<!-- \/ Yoast SEO plugin. -->","yoast_head_json":{"title":"Fins de semana gastron\u00f3micos e jazz promovem cultura e sabores - Portal Tela Portugal","robots":{"index":"index","follow":"follow","max-snippet":"max-snippet:-1","max-image-preview":"max-image-preview:large","max-video-preview":"max-video-preview:-1"},"og_locale":"pt_PT","og_type":"article","og_title":"Fins de semana gastron\u00f3micos e jazz promovem cultura e sabores - Portal Tela Portugal","og_description":"Fins-de-Semana Gastron\u00f3micos regressam a Guimar\u00e3es de 10 a 12 de novembro, promovidos pela Entidade Regional de Turismo em parceria com Munic\u00edpios do norte de Portugal, com foco na cultura e na gastronomia local. V\u00eam 22 restaurantes do concelho servir iguarias como caldo verde, roj\u00f5es com papas de sarrabulho e leite-creme queimado. Tr\u00eas quintas de enoturismo \u2014 Quinta Pousada de Fora, Quinta da Cancela e Quinta dos Encados \u2014 v\u00e3o abrir portas para provas de vinhos. 13 estabelecimentos tur\u00edsticos da regi\u00e3o oferecem 10% de desconto nas duas noites de sexta e s\u00e1bado para participantes no fim de semana gastron\u00f3mico. O evento coincide com o Guimar\u00e3es Jazz, que decorre de 9 a 18 de novembro, preparando um outono com muito jazz e gastronomia.","og_url":"https:\/\/portaltela.pt\/noticias\/2026\/01\/30\/fins-de-semana-gastronomicos-e-jazz-promovem-cultura-e-sabores\/","og_site_name":"Portal Tela Portugal","article_published_time":"2026-01-30T14:56:34+00:00","author":"Telinha","twitter_card":"summary_large_image","twitter_misc":{"Escrito por":"Telinha","Tempo estimado de leitura":"1 minuto"},"schema":{"@context":"https:\/\/schema.org","@graph":[{"@type":"Article","@id":"https:\/\/portaltela.pt\/noticias\/2026\/01\/30\/fins-de-semana-gastronomicos-e-jazz-promovem-cultura-e-sabores\/#article","isPartOf":{"@id":"https:\/\/portaltela.pt\/noticias\/2026\/01\/30\/fins-de-semana-gastronomicos-e-jazz-promovem-cultura-e-sabores\/"},"author":{"name":"Telinha","@id":"https:\/\/portaltela.pt\/#\/schema\/person\/c4278d4a6028830caff9ee44b42d32ed"},"headline":"Fins de semana gastron\u00f3micos e jazz promovem cultura e sabores","datePublished":"2026-01-30T14:56:34+00:00","mainEntityOfPage":{"@id":"https:\/\/portaltela.pt\/noticias\/2026\/01\/30\/fins-de-semana-gastronomicos-e-jazz-promovem-cultura-e-sabores\/"},"wordCount":218,"image":{"@id":"https:\/\/portaltela.pt\/noticias\/2026\/01\/30\/fins-de-semana-gastronomicos-e-jazz-promovem-cultura-e-sabores\/#primaryimage"},"thumbnailUrl":"https:\/\/portaltela.pt\/s.01k8rhncp4jt1\/2026\/01\/unnamed-file-6117.jpg","keywords":["enoturismo","gastronomia","Guimar\u00e3es","Norte","turismo","vinhos verdes"],"articleSection":["Not\u00edcias"],"inLanguage":"pt-PT"},{"@type":"WebPage","@id":"https:\/\/portaltela.pt\/noticias\/2026\/01\/30\/fins-de-semana-gastronomicos-e-jazz-promovem-cultura-e-sabores\/","url":"https:\/\/portaltela.pt\/noticias\/2026\/01\/30\/fins-de-semana-gastronomicos-e-jazz-promovem-cultura-e-sabores\/","name":"Fins de semana gastron\u00f3micos e jazz promovem cultura e sabores - Portal Tela Portugal","isPartOf":{"@id":"https:\/\/portaltela.pt\/#website"},"primaryImageOfPage":{"@id":"https:\/\/portaltela.pt\/noticias\/2026\/01\/30\/fins-de-semana-gastronomicos-e-jazz-promovem-cultura-e-sabores\/#primaryimage"},"image":{"@id":"https:\/\/portaltela.pt\/noticias\/2026\/01\/30\/fins-de-semana-gastronomicos-e-jazz-promovem-cultura-e-sabores\/#primaryimage"},"thumbnailUrl":"https:\/\/portaltela.pt\/s.01k8rhncp4jt1\/2026\/01\/unnamed-file-6117.jpg","datePublished":"2026-01-30T14:56:34+00:00","author":{"@id":"https:\/\/portaltela.pt\/#\/schema\/person\/c4278d4a6028830caff9ee44b42d32ed"},"breadcrumb":{"@id":"https:\/\/portaltela.pt\/noticias\/2026\/01\/30\/fins-de-semana-gastronomicos-e-jazz-promovem-cultura-e-sabores\/#breadcrumb"},"inLanguage":"pt-PT","potentialAction":[{"@type":"ReadAction","target":["https:\/\/portaltela.pt\/noticias\/2026\/01\/30\/fins-de-semana-gastronomicos-e-jazz-promovem-cultura-e-sabores\/"]}]},{"@type":"ImageObject","inLanguage":"pt-PT","@id":"https:\/\/portaltela.pt\/noticias\/2026\/01\/30\/fins-de-semana-gastronomicos-e-jazz-promovem-cultura-e-sabores\/#primaryimage","url":"https:\/\/portaltela.pt\/s.01k8rhncp4jt1\/2026\/01\/unnamed-file-6117.jpg","contentUrl":"https:\/\/portaltela.pt\/s.01k8rhncp4jt1\/2026\/01\/unnamed-file-6117.jpg","width":796,"height":448,"caption":"Fins-de-semana Gastron\u00f3micos e Jazz num convite \u00e0 cultura e sabores"},{"@type":"BreadcrumbList","@id":"https:\/\/portaltela.pt\/noticias\/2026\/01\/30\/fins-de-semana-gastronomicos-e-jazz-promovem-cultura-e-sabores\/#breadcrumb","itemListElement":[{"@type":"ListItem","position":1,"name":"In\u00edcio","item":"https:\/\/portaltela.pt\/"},{"@type":"ListItem","position":2,"name":"Fins de semana gastron\u00f3micos e jazz promovem cultura e sabores"}]},{"@type":"WebSite","@id":"https:\/\/portaltela.pt\/#website","url":"https:\/\/portaltela.pt\/","name":"Portal Tela Portugal","description":"","potentialAction":[{"@type":"SearchAction","target":{"@type":"EntryPoint","urlTemplate":"https:\/\/portaltela.pt\/?s={search_term_string}"},"query-input":{"@type":"PropertyValueSpecification","valueRequired":true,"valueName":"search_term_string"}}],"inLanguage":"pt-PT"},{"@type":"Person","@id":"https:\/\/portaltela.pt\/#\/schema\/person\/c4278d4a6028830caff9ee44b42d32ed","name":"Telinha","image":{"@type":"ImageObject","inLanguage":"pt-PT","@id":"https:\/\/portaltela.pt\/s.01k8rhncp4jt1\/2025\/11\/talking-bot-125x125.png","url":"https:\/\/portaltela.pt\/s.01k8rhncp4jt1\/2025\/11\/talking-bot-125x125.png","contentUrl":"https:\/\/portaltela.pt\/s.01k8rhncp4jt1\/2025\/11\/talking-bot-125x125.png","caption":"Telinha"},"sameAs":["https:\/\/portaltela.pt\/"],"url":"https:\/\/portaltela.pt\/por\/367410592786\/"}]}},"_links":{"self":[{"href":"https:\/\/portaltela.pt\/api\/wp\/v2\/posts\/184373","targetHints":{"allow":["GET"]}}],"collection":[{"href":"https:\/\/portaltela.pt\/api\/wp\/v2\/posts"}],"about":[{"href":"https:\/\/portaltela.pt\/api\/wp\/v2\/types\/post"}],"author":[{"embeddable":true,"href":"https:\/\/portaltela.pt\/api\/wp\/v2\/users\/2"}],"replies":[{"embeddable":true,"href":"https:\/\/portaltela.pt\/api\/wp\/v2\/comments?post=184373"}],"version-history":[{"count":0,"href":"https:\/\/portaltela.pt\/api\/wp\/v2\/posts\/184373\/revisions"}],"wp:featuredmedia":[{"embeddable":true,"href":"https:\/\/portaltela.pt\/api\/wp\/v2\/media\/184398"}],"wp:attachment":[{"href":"https:\/\/portaltela.pt\/api\/wp\/v2\/media?parent=184373"}],"wp:term":[{"taxonomy":"category","embeddable":true,"href":"https:\/\/portaltela.pt\/api\/wp\/v2\/categories?post=184373"},{"taxonomy":"post_tag","embeddable":true,"href":"https:\/\/portaltela.pt\/api\/wp\/v2\/tags?post=184373"}],"curies":[{"name":"wp","href":"https:\/\/api.w.org\/{rel}","templated":true}]}}