{"id":184367,"date":"2026-01-30T12:01:35","date_gmt":"2026-01-30T15:01:35","guid":{"rendered":"https:\/\/portaltela.pt\/noticias\/2026\/01\/30\/benfica-lidera-remates-a-baliza-do-real-madrid-nesta-decada\/"},"modified":"2026-01-30T12:01:35","modified_gmt":"2026-01-30T15:01:35","slug":"benfica-lidera-remates-a-baliza-do-real-madrid-nesta-decada","status":"publish","type":"post","link":"https:\/\/portaltela.pt\/desporto\/futebol\/2026\/01\/30\/benfica-lidera-remates-a-baliza-do-real-madrid-nesta-decada\/","title":{"rendered":"Benfica lidera remates \u00e0 baliza do Real Madrid nesta d\u00e9cada"},"content":{"rendered":"<p>O Benfica venceu o Real Madrid por 4-2 na \u00faltima jornada da fase de grupos da Liga dos Campe\u00f5es, avan\u00e7ando para o playoff de acesso aos oitavos-de-final. O resultado, visto como surpreendente, coloca os encarnados em posi\u00e7\u00e3o de discutir a passagem.<\/p>\n<p>Os encarnados mostraram vigor ofensivo e efic\u00e1cia no ataque, algo que n\u00e3o era frequente frente aos merengues na \u00faltima d\u00e9cada. O duelo ficou marcado pela qualidade de remates e pela press\u00e3o exercida pelo Benfica, que ganhou notas em rela\u00e7\u00e3o ao seu desempenho recente.<\/p>\n<p>Quem dirige o Real Madrid \u00e9 \u00c1lvaro Arbeloa, treinador cuja equipa tamb\u00e9m ficou obrigada a reagir ap\u00f3s a derrota. Para j\u00e1, o foco est\u00e1 nos dois encontros de fevereiro que definem o caminho para a fase a eliminar da competi\u00e7\u00e3o.<\/p>\n<h3>Desempenho ofensivo do Benfica<\/h3>\n<p>Em termos de dados, o Benfica foi o conjunto que mais rematou \u00e0 baliza do Real Madrid nesta d\u00e9cada, segundo an\u00e1lise de dados da Champions. O registo refor\u00e7a a ideia de que a equipa portuguesa pode discutir a eliminat\u00f3ria com confian\u00e7a.<\/p>\n","protected":false},"excerpt":{"rendered":"<ul>\n<li>Benfica foi quem mais rematou \u00e0 baliza do Real Madrid nesta d\u00e9cada, na Liga dos Campe\u00f5es.<\/li>\n<li>Nenhuma equipa conseguiu mais disparos enquadrados frente aos merengues desde 2013.<\/li>\n<li>Ainda existem dois encontros marcados entre as equipas, a 18 e 25 de fevereiro, para o playoff de acesso aos oitavos de final.<\/li>\n<li>A vit\u00f3ria do Benfica por 4-2 na \u00faltima jornada da fase de grupos mostrou aos encarnados que \u00e9 poss\u00edvel vencer o Real Madrid.<\/li>\n<li>A forma\u00e7\u00e3o orientada por \u00c1lvaro Arbeloa est\u00e1 ciente de que o resultado da \u00faltima quarta-feira n\u00e3o foi um acaso.<\/li>\n<\/ul>\n","protected":false},"author":2,"featured_media":184386,"comment_status":"closed","ping_status":"closed","sticky":false,"template":"","format":"standard","meta":{"footnotes":""},"categories":[21,24],"tags":[2955,1946,3577,32,3338,1014],"class_list":["post-184367","post","type-post","status-publish","format-standard","has-post-thumbnail","hentry","category-desporto","category-futebol","tag-alvaro-arbeloa","tag-benfica","tag-champions-league","tag-futebol","tag-futebol-internacional","tag-portugal"],"yoast_head":"<!-- This site is optimized with the Yoast SEO plugin v27.2 - https:\/\/yoast.com\/product\/yoast-seo-wordpress\/ -->\n<title>Benfica lidera remates \u00e0 baliza do Real Madrid nesta d\u00e9cada - Portal Tela Portugal<\/title>\n<meta name=\"robots\" content=\"index, follow, max-snippet:-1, max-image-preview:large, max-video-preview:-1\" \/>\n<meta property=\"og:locale\" content=\"pt_PT\" \/>\n<meta property=\"og:type\" content=\"article\" \/>\n<meta property=\"og:title\" content=\"Benfica lidera remates \u00e0 baliza do Real Madrid nesta d\u00e9cada - Portal Tela Portugal\" \/>\n<meta property=\"og:description\" content=\"Benfica foi quem mais rematou \u00e0 baliza do Real Madrid nesta d\u00e9cada, na Liga dos Campe\u00f5es. Nenhuma equipa conseguiu mais disparos enquadrados frente aos merengues desde 2013. Ainda existem dois encontros marcados entre as equipas, a 18 e 25 de fevereiro, para o playoff de acesso aos oitavos de final. A vit\u00f3ria do Benfica por 4-2 na \u00faltima jornada da fase de grupos mostrou aos encarnados que \u00e9 poss\u00edvel vencer o Real Madrid. A forma\u00e7\u00e3o orientada por \u00c1lvaro Arbeloa est\u00e1 ciente de que o resultado da \u00faltima quarta-feira n\u00e3o foi um acaso.\" \/>\n<meta property=\"og:url\" content=\"https:\/\/portaltela.pt\/noticias\/2026\/01\/30\/benfica-lidera-remates-a-baliza-do-real-madrid-nesta-decada\/\" \/>\n<meta property=\"og:site_name\" content=\"Portal Tela Portugal\" \/>\n<meta property=\"article:published_time\" content=\"2026-01-30T15:01:35+00:00\" \/>\n<meta name=\"author\" content=\"Telinha\" \/>\n<meta name=\"twitter:card\" content=\"summary_large_image\" \/>\n<meta name=\"twitter:label1\" content=\"Escrito por\" \/>\n\t<meta name=\"twitter:data1\" content=\"Telinha\" \/>\n\t<meta name=\"twitter:label2\" content=\"Tempo estimado de leitura\" \/>\n\t<meta name=\"twitter:data2\" content=\"1 minuto\" \/>\n<script type=\"application\/ld+json\" class=\"yoast-schema-graph\">{\"@context\":\"https:\/\/schema.org\",\"@graph\":[{\"@type\":\"Article\",\"@id\":\"https:\/\/portaltela.pt\/noticias\/2026\/01\/30\/benfica-lidera-remates-a-baliza-do-real-madrid-nesta-decada\/#article\",\"isPartOf\":{\"@id\":\"https:\/\/portaltela.pt\/noticias\/2026\/01\/30\/benfica-lidera-remates-a-baliza-do-real-madrid-nesta-decada\/\"},\"author\":{\"name\":\"Telinha\",\"@id\":\"https:\/\/portaltela.pt\/#\/schema\/person\/c4278d4a6028830caff9ee44b42d32ed\"},\"headline\":\"Benfica lidera remates \u00e0 baliza do Real Madrid nesta d\u00e9cada\",\"datePublished\":\"2026-01-30T15:01:35+00:00\",\"mainEntityOfPage\":{\"@id\":\"https:\/\/portaltela.pt\/noticias\/2026\/01\/30\/benfica-lidera-remates-a-baliza-do-real-madrid-nesta-decada\/\"},\"wordCount\":193,\"image\":{\"@id\":\"https:\/\/portaltela.pt\/noticias\/2026\/01\/30\/benfica-lidera-remates-a-baliza-do-real-madrid-nesta-decada\/#primaryimage\"},\"thumbnailUrl\":\"https:\/\/portaltela.pt\/s.01k8rhncp4jt1\/2026\/01\/img_1200x721uu2026-01-29-08-52-27-2418174-1.jpg\",\"keywords\":[\"\u00c1lvaro Arbeloa\",\"Benfica\",\"Champions League\",\"futebol\",\"futebol internacional\",\"Portugal\"],\"articleSection\":[\"Desporto\",\"Futebol\"],\"inLanguage\":\"pt-PT\"},{\"@type\":\"WebPage\",\"@id\":\"https:\/\/portaltela.pt\/noticias\/2026\/01\/30\/benfica-lidera-remates-a-baliza-do-real-madrid-nesta-decada\/\",\"url\":\"https:\/\/portaltela.pt\/noticias\/2026\/01\/30\/benfica-lidera-remates-a-baliza-do-real-madrid-nesta-decada\/\",\"name\":\"Benfica lidera remates \u00e0 baliza do Real Madrid nesta d\u00e9cada - Portal Tela Portugal\",\"isPartOf\":{\"@id\":\"https:\/\/portaltela.pt\/#website\"},\"primaryImageOfPage\":{\"@id\":\"https:\/\/portaltela.pt\/noticias\/2026\/01\/30\/benfica-lidera-remates-a-baliza-do-real-madrid-nesta-decada\/#primaryimage\"},\"image\":{\"@id\":\"https:\/\/portaltela.pt\/noticias\/2026\/01\/30\/benfica-lidera-remates-a-baliza-do-real-madrid-nesta-decada\/#primaryimage\"},\"thumbnailUrl\":\"https:\/\/portaltela.pt\/s.01k8rhncp4jt1\/2026\/01\/img_1200x721uu2026-01-29-08-52-27-2418174-1.jpg\",\"datePublished\":\"2026-01-30T15:01:35+00:00\",\"author\":{\"@id\":\"https:\/\/portaltela.pt\/#\/schema\/person\/c4278d4a6028830caff9ee44b42d32ed\"},\"breadcrumb\":{\"@id\":\"https:\/\/portaltela.pt\/noticias\/2026\/01\/30\/benfica-lidera-remates-a-baliza-do-real-madrid-nesta-decada\/#breadcrumb\"},\"inLanguage\":\"pt-PT\",\"potentialAction\":[{\"@type\":\"ReadAction\",\"target\":[\"https:\/\/portaltela.pt\/noticias\/2026\/01\/30\/benfica-lidera-remates-a-baliza-do-real-madrid-nesta-decada\/\"]}]},{\"@type\":\"ImageObject\",\"inLanguage\":\"pt-PT\",\"@id\":\"https:\/\/portaltela.pt\/noticias\/2026\/01\/30\/benfica-lidera-remates-a-baliza-do-real-madrid-nesta-decada\/#primaryimage\",\"url\":\"https:\/\/portaltela.pt\/s.01k8rhncp4jt1\/2026\/01\/img_1200x721uu2026-01-29-08-52-27-2418174-1.jpg\",\"contentUrl\":\"https:\/\/portaltela.pt\/s.01k8rhncp4jt1\/2026\/01\/img_1200x721uu2026-01-29-08-52-27-2418174-1.jpg\",\"width\":796,\"height\":448,\"caption\":\"O dado que imp\u00f5e respeito em Madrid: Benfica foi quem mais rematou \u00e0 baliza do Real Madrid esta d\u00e9cada\"},{\"@type\":\"BreadcrumbList\",\"@id\":\"https:\/\/portaltela.pt\/noticias\/2026\/01\/30\/benfica-lidera-remates-a-baliza-do-real-madrid-nesta-decada\/#breadcrumb\",\"itemListElement\":[{\"@type\":\"ListItem\",\"position\":1,\"name\":\"In\u00edcio\",\"item\":\"https:\/\/portaltela.pt\/\"},{\"@type\":\"ListItem\",\"position\":2,\"name\":\"Benfica lidera remates \u00e0 baliza do Real Madrid nesta d\u00e9cada\"}]},{\"@type\":\"WebSite\",\"@id\":\"https:\/\/portaltela.pt\/#website\",\"url\":\"https:\/\/portaltela.pt\/\",\"name\":\"Portal Tela Portugal\",\"description\":\"\",\"potentialAction\":[{\"@type\":\"SearchAction\",\"target\":{\"@type\":\"EntryPoint\",\"urlTemplate\":\"https:\/\/portaltela.pt\/?s={search_term_string}\"},\"query-input\":{\"@type\":\"PropertyValueSpecification\",\"valueRequired\":true,\"valueName\":\"search_term_string\"}}],\"inLanguage\":\"pt-PT\"},{\"@type\":\"Person\",\"@id\":\"https:\/\/portaltela.pt\/#\/schema\/person\/c4278d4a6028830caff9ee44b42d32ed\",\"name\":\"Telinha\",\"image\":{\"@type\":\"ImageObject\",\"inLanguage\":\"pt-PT\",\"@id\":\"https:\/\/portaltela.pt\/s.01k8rhncp4jt1\/2025\/11\/talking-bot-125x125.png\",\"url\":\"https:\/\/portaltela.pt\/s.01k8rhncp4jt1\/2025\/11\/talking-bot-125x125.png\",\"contentUrl\":\"https:\/\/portaltela.pt\/s.01k8rhncp4jt1\/2025\/11\/talking-bot-125x125.png\",\"caption\":\"Telinha\"},\"sameAs\":[\"https:\/\/portaltela.pt\/\"],\"url\":\"https:\/\/portaltela.pt\/por\/367410592786\/\"}]}<\/script>\n<!-- \/ Yoast SEO plugin. -->","yoast_head_json":{"title":"Benfica lidera remates \u00e0 baliza do Real Madrid nesta d\u00e9cada - Portal Tela Portugal","robots":{"index":"index","follow":"follow","max-snippet":"max-snippet:-1","max-image-preview":"max-image-preview:large","max-video-preview":"max-video-preview:-1"},"og_locale":"pt_PT","og_type":"article","og_title":"Benfica lidera remates \u00e0 baliza do Real Madrid nesta d\u00e9cada - Portal Tela Portugal","og_description":"Benfica foi quem mais rematou \u00e0 baliza do Real Madrid nesta d\u00e9cada, na Liga dos Campe\u00f5es. Nenhuma equipa conseguiu mais disparos enquadrados frente aos merengues desde 2013. Ainda existem dois encontros marcados entre as equipas, a 18 e 25 de fevereiro, para o playoff de acesso aos oitavos de final. A vit\u00f3ria do Benfica por 4-2 na \u00faltima jornada da fase de grupos mostrou aos encarnados que \u00e9 poss\u00edvel vencer o Real Madrid. A forma\u00e7\u00e3o orientada por \u00c1lvaro Arbeloa est\u00e1 ciente de que o resultado da \u00faltima quarta-feira n\u00e3o foi um acaso.","og_url":"https:\/\/portaltela.pt\/noticias\/2026\/01\/30\/benfica-lidera-remates-a-baliza-do-real-madrid-nesta-decada\/","og_site_name":"Portal Tela Portugal","article_published_time":"2026-01-30T15:01:35+00:00","author":"Telinha","twitter_card":"summary_large_image","twitter_misc":{"Escrito por":"Telinha","Tempo estimado de leitura":"1 minuto"},"schema":{"@context":"https:\/\/schema.org","@graph":[{"@type":"Article","@id":"https:\/\/portaltela.pt\/noticias\/2026\/01\/30\/benfica-lidera-remates-a-baliza-do-real-madrid-nesta-decada\/#article","isPartOf":{"@id":"https:\/\/portaltela.pt\/noticias\/2026\/01\/30\/benfica-lidera-remates-a-baliza-do-real-madrid-nesta-decada\/"},"author":{"name":"Telinha","@id":"https:\/\/portaltela.pt\/#\/schema\/person\/c4278d4a6028830caff9ee44b42d32ed"},"headline":"Benfica lidera remates \u00e0 baliza do Real Madrid nesta d\u00e9cada","datePublished":"2026-01-30T15:01:35+00:00","mainEntityOfPage":{"@id":"https:\/\/portaltela.pt\/noticias\/2026\/01\/30\/benfica-lidera-remates-a-baliza-do-real-madrid-nesta-decada\/"},"wordCount":193,"image":{"@id":"https:\/\/portaltela.pt\/noticias\/2026\/01\/30\/benfica-lidera-remates-a-baliza-do-real-madrid-nesta-decada\/#primaryimage"},"thumbnailUrl":"https:\/\/portaltela.pt\/s.01k8rhncp4jt1\/2026\/01\/img_1200x721uu2026-01-29-08-52-27-2418174-1.jpg","keywords":["\u00c1lvaro Arbeloa","Benfica","Champions League","futebol","futebol internacional","Portugal"],"articleSection":["Desporto","Futebol"],"inLanguage":"pt-PT"},{"@type":"WebPage","@id":"https:\/\/portaltela.pt\/noticias\/2026\/01\/30\/benfica-lidera-remates-a-baliza-do-real-madrid-nesta-decada\/","url":"https:\/\/portaltela.pt\/noticias\/2026\/01\/30\/benfica-lidera-remates-a-baliza-do-real-madrid-nesta-decada\/","name":"Benfica lidera remates \u00e0 baliza do Real Madrid nesta d\u00e9cada - Portal Tela Portugal","isPartOf":{"@id":"https:\/\/portaltela.pt\/#website"},"primaryImageOfPage":{"@id":"https:\/\/portaltela.pt\/noticias\/2026\/01\/30\/benfica-lidera-remates-a-baliza-do-real-madrid-nesta-decada\/#primaryimage"},"image":{"@id":"https:\/\/portaltela.pt\/noticias\/2026\/01\/30\/benfica-lidera-remates-a-baliza-do-real-madrid-nesta-decada\/#primaryimage"},"thumbnailUrl":"https:\/\/portaltela.pt\/s.01k8rhncp4jt1\/2026\/01\/img_1200x721uu2026-01-29-08-52-27-2418174-1.jpg","datePublished":"2026-01-30T15:01:35+00:00","author":{"@id":"https:\/\/portaltela.pt\/#\/schema\/person\/c4278d4a6028830caff9ee44b42d32ed"},"breadcrumb":{"@id":"https:\/\/portaltela.pt\/noticias\/2026\/01\/30\/benfica-lidera-remates-a-baliza-do-real-madrid-nesta-decada\/#breadcrumb"},"inLanguage":"pt-PT","potentialAction":[{"@type":"ReadAction","target":["https:\/\/portaltela.pt\/noticias\/2026\/01\/30\/benfica-lidera-remates-a-baliza-do-real-madrid-nesta-decada\/"]}]},{"@type":"ImageObject","inLanguage":"pt-PT","@id":"https:\/\/portaltela.pt\/noticias\/2026\/01\/30\/benfica-lidera-remates-a-baliza-do-real-madrid-nesta-decada\/#primaryimage","url":"https:\/\/portaltela.pt\/s.01k8rhncp4jt1\/2026\/01\/img_1200x721uu2026-01-29-08-52-27-2418174-1.jpg","contentUrl":"https:\/\/portaltela.pt\/s.01k8rhncp4jt1\/2026\/01\/img_1200x721uu2026-01-29-08-52-27-2418174-1.jpg","width":796,"height":448,"caption":"O dado que imp\u00f5e respeito em Madrid: Benfica foi quem mais rematou \u00e0 baliza do Real Madrid esta d\u00e9cada"},{"@type":"BreadcrumbList","@id":"https:\/\/portaltela.pt\/noticias\/2026\/01\/30\/benfica-lidera-remates-a-baliza-do-real-madrid-nesta-decada\/#breadcrumb","itemListElement":[{"@type":"ListItem","position":1,"name":"In\u00edcio","item":"https:\/\/portaltela.pt\/"},{"@type":"ListItem","position":2,"name":"Benfica lidera remates \u00e0 baliza do Real Madrid nesta d\u00e9cada"}]},{"@type":"WebSite","@id":"https:\/\/portaltela.pt\/#website","url":"https:\/\/portaltela.pt\/","name":"Portal Tela Portugal","description":"","potentialAction":[{"@type":"SearchAction","target":{"@type":"EntryPoint","urlTemplate":"https:\/\/portaltela.pt\/?s={search_term_string}"},"query-input":{"@type":"PropertyValueSpecification","valueRequired":true,"valueName":"search_term_string"}}],"inLanguage":"pt-PT"},{"@type":"Person","@id":"https:\/\/portaltela.pt\/#\/schema\/person\/c4278d4a6028830caff9ee44b42d32ed","name":"Telinha","image":{"@type":"ImageObject","inLanguage":"pt-PT","@id":"https:\/\/portaltela.pt\/s.01k8rhncp4jt1\/2025\/11\/talking-bot-125x125.png","url":"https:\/\/portaltela.pt\/s.01k8rhncp4jt1\/2025\/11\/talking-bot-125x125.png","contentUrl":"https:\/\/portaltela.pt\/s.01k8rhncp4jt1\/2025\/11\/talking-bot-125x125.png","caption":"Telinha"},"sameAs":["https:\/\/portaltela.pt\/"],"url":"https:\/\/portaltela.pt\/por\/367410592786\/"}]}},"_links":{"self":[{"href":"https:\/\/portaltela.pt\/api\/wp\/v2\/posts\/184367","targetHints":{"allow":["GET"]}}],"collection":[{"href":"https:\/\/portaltela.pt\/api\/wp\/v2\/posts"}],"about":[{"href":"https:\/\/portaltela.pt\/api\/wp\/v2\/types\/post"}],"author":[{"embeddable":true,"href":"https:\/\/portaltela.pt\/api\/wp\/v2\/users\/2"}],"replies":[{"embeddable":true,"href":"https:\/\/portaltela.pt\/api\/wp\/v2\/comments?post=184367"}],"version-history":[{"count":0,"href":"https:\/\/portaltela.pt\/api\/wp\/v2\/posts\/184367\/revisions"}],"wp:featuredmedia":[{"embeddable":true,"href":"https:\/\/portaltela.pt\/api\/wp\/v2\/media\/184386"}],"wp:attachment":[{"href":"https:\/\/portaltela.pt\/api\/wp\/v2\/media?parent=184367"}],"wp:term":[{"taxonomy":"category","embeddable":true,"href":"https:\/\/portaltela.pt\/api\/wp\/v2\/categories?post=184367"},{"taxonomy":"post_tag","embeddable":true,"href":"https:\/\/portaltela.pt\/api\/wp\/v2\/tags?post=184367"}],"curies":[{"name":"wp","href":"https:\/\/api.w.org\/{rel}","templated":true}]}}