{"id":184366,"date":"2026-01-30T11:56:03","date_gmt":"2026-01-30T14:56:03","guid":{"rendered":"https:\/\/portaltela.pt\/noticias\/2026\/01\/30\/uls-medio-tejo-bate-recorde-de-partos-e-atrai-utentes-de-fora\/"},"modified":"2026-01-30T11:56:03","modified_gmt":"2026-01-30T14:56:03","slug":"uls-medio-tejo-bate-recorde-de-partos-e-atrai-utentes-de-fora","status":"publish","type":"post","link":"https:\/\/portaltela.pt\/noticias\/2026\/01\/30\/uls-medio-tejo-bate-recorde-de-partos-e-atrai-utentes-de-fora\/","title":{"rendered":"ULS M\u00e9dio Tejo bate recorde de partos e atrai utentes de fora"},"content":{"rendered":"<p>A Maternidade da ULS M\u00e9dio Tejo registou 823 nascimentos em 2025, aumentando cerca de 9% face aos 755 de 2024. Pela primeira vez, o servi\u00e7o ultrapassou a fasquia dos 800 partos anuais, segundo a institui\u00e7\u00e3o.<\/p>\n<p>A ULS M\u00e9dio Tejo sublinha a confian\u00e7a das fam\u00edlias na qualidade dos cuidados e na resposta segura e humanizada. O aumento deve-se tamb\u00e9m \u00e0 aflu\u00eancia de gr\u00e1vidas de outras unidades da regi\u00e3o.<\/p>\n<p>Segundo a pr\u00f3pria ULS, o crescimento refor\u00e7a a relev\u00e2ncia regional da maternidade de Abrantes e a centralidade no sistema materno-infantil do SNS. A gest\u00e3o destaca investimento em equipamentos e instala\u00e7\u00f5es.<\/p>\n<h3>Crescimento recorde e impacto regional<\/h3>\n<p>Do total de 823 nascimentos, 400 s\u00e3o meninas e 423 meninos. 40% dos partos s\u00e3o de Torres Novas, 30,7% de Abrantes e 14,7% de Tomar, evidenciando a liga\u00e7\u00e3o ao M\u00e9dio Tejo.<\/p>\n<p>Cerca de 14% (115 beb\u00e9s) nasceram de utentes fora da \u00e1rea de abrang\u00eancia, principalmente de Santar\u00e9m, Leiria e Caldas da Rainha. Foram registados 12 partos de g\u00e9meos.<\/p>\n<p>7,29% dos partos foram pr\u00e9-termo, com apoio da Neonatologia para os cuidados especializados dos rec\u00e9m-nascidos.<\/p>\n<h3>Perfil das utentes e contexto nacional<\/h3>\n<p>As m\u00e3es estrangeiras representam cerca de um ter\u00e7o dos partos, correspondendo a 25 nacionalidades. Brasileiras e angolanas s\u00e3o as mais representadas.<\/p>\n<p>A n\u00edvel nacional, Portugal registou 87.708 nascimentos em 2025, o maior valor da \u00faltima d\u00e9cada, segundo dados do Programa Nacional de Rastreio Neonatal.<\/p>\n<p>A ULS M\u00e9dio Tejo gere os hospitais de Abrantes, Tomar e Torres Novas, bem como 35 unidades de cuidados prim\u00e1rios, respondendo a cerca de 170 mil utentes.<\/p>\n","protected":false},"excerpt":{"rendered":"<ul>\n<li>A Maternidade da ULS M\u00e9dio Tejo registou 823 nascimentos em 2025, cerca de 9% acima de 2024 (755), ultrapassando pela primeira vez 800 partos anuais.<\/li>\n<li>Do total, 40% dos partos s\u00e3o de utentes do concelho de Torres Novas, 30,7% de Abrantes e 14,7% de Tomar; cerca de 14% s\u00e3o de utentes de fora da \u00e1rea, principalmente de Santar\u00e9m, Leiria e Caldas da Rainha.<\/li>\n<li>Nascimentos: 400 meninas e 423 meninos; registaram-se 12 partos de g\u00e9meos e 7,29% dos partos foram pr\u00e9-termo, com apoio da Unidade de Neonatologia.<\/li>\n<li>A maternidade destaca a confian\u00e7a das fam\u00edlias e a resposta segura e humanizada das equipas, al\u00e9m do afluxo de gr\u00e1vidas de outras unidades, refor\u00e7ando a relev\u00e2ncia regional.<\/li>\n<li>Em termos nacionais, Portugal teve 87.708 rec\u00e9m-nascidos em 2025, o maior n\u00famero da \u00faltima d\u00e9cada, com a ULS M\u00e9dio Tejo a sublinhar o seu papel central no Servi\u00e7o Nacional de Sa\u00fade.<\/li>\n<\/ul>\n","protected":false},"author":2,"featured_media":184390,"comment_status":"closed","ping_status":"closed","sticky":false,"template":"","format":"standard","meta":{"footnotes":""},"categories":[1],"tags":[1263,1672,1385,3709,898,1741],"class_list":["post-184366","post","type-post","status-publish","format-standard","has-post-thumbnail","hentry","category-noticias","tag-abrantes","tag-caldas-da-rainha","tag-leiria","tag-medio-tejo","tag-santarem","tag-torres-novas"],"yoast_head":"<!-- This site is optimized with the Yoast SEO plugin v27.2 - https:\/\/yoast.com\/product\/yoast-seo-wordpress\/ -->\n<title>ULS M\u00e9dio Tejo bate recorde de partos e atrai utentes de fora - Portal Tela Portugal<\/title>\n<meta name=\"robots\" content=\"index, follow, max-snippet:-1, max-image-preview:large, max-video-preview:-1\" \/>\n<meta property=\"og:locale\" content=\"pt_PT\" \/>\n<meta property=\"og:type\" content=\"article\" \/>\n<meta property=\"og:title\" content=\"ULS M\u00e9dio Tejo bate recorde de partos e atrai utentes de fora - Portal Tela Portugal\" \/>\n<meta property=\"og:description\" content=\"A Maternidade da ULS M\u00e9dio Tejo registou 823 nascimentos em 2025, cerca de 9% acima de 2024 (755), ultrapassando pela primeira vez 800 partos anuais. Do total, 40% dos partos s\u00e3o de utentes do concelho de Torres Novas, 30,7% de Abrantes e 14,7% de Tomar; cerca de 14% s\u00e3o de utentes de fora da \u00e1rea, principalmente de Santar\u00e9m, Leiria e Caldas da Rainha. Nascimentos: 400 meninas e 423 meninos; registaram-se 12 partos de g\u00e9meos e 7,29% dos partos foram pr\u00e9-termo, com apoio da Unidade de Neonatologia. A maternidade destaca a confian\u00e7a das fam\u00edlias e a resposta segura e humanizada das equipas, al\u00e9m do afluxo de gr\u00e1vidas de outras unidades, refor\u00e7ando a relev\u00e2ncia regional. Em termos nacionais, Portugal teve 87.708 rec\u00e9m-nascidos em 2025, o maior n\u00famero da \u00faltima d\u00e9cada, com a ULS M\u00e9dio Tejo a sublinhar o seu papel central no Servi\u00e7o Nacional de Sa\u00fade.\" \/>\n<meta property=\"og:url\" content=\"https:\/\/portaltela.pt\/noticias\/2026\/01\/30\/uls-medio-tejo-bate-recorde-de-partos-e-atrai-utentes-de-fora\/\" \/>\n<meta property=\"og:site_name\" content=\"Portal Tela Portugal\" \/>\n<meta property=\"article:published_time\" content=\"2026-01-30T14:56:03+00:00\" \/>\n<meta name=\"author\" content=\"Telinha\" \/>\n<meta name=\"twitter:card\" content=\"summary_large_image\" \/>\n<meta name=\"twitter:label1\" content=\"Escrito por\" \/>\n\t<meta name=\"twitter:data1\" content=\"Telinha\" \/>\n\t<meta name=\"twitter:label2\" content=\"Tempo estimado de leitura\" \/>\n\t<meta name=\"twitter:data2\" content=\"1 minuto\" \/>\n<script type=\"application\/ld+json\" class=\"yoast-schema-graph\">{\"@context\":\"https:\/\/schema.org\",\"@graph\":[{\"@type\":\"Article\",\"@id\":\"https:\/\/portaltela.pt\/noticias\/2026\/01\/30\/uls-medio-tejo-bate-recorde-de-partos-e-atrai-utentes-de-fora\/#article\",\"isPartOf\":{\"@id\":\"https:\/\/portaltela.pt\/noticias\/2026\/01\/30\/uls-medio-tejo-bate-recorde-de-partos-e-atrai-utentes-de-fora\/\"},\"author\":{\"name\":\"Telinha\",\"@id\":\"https:\/\/portaltela.pt\/#\/schema\/person\/c4278d4a6028830caff9ee44b42d32ed\"},\"headline\":\"ULS M\u00e9dio Tejo bate recorde de partos e atrai utentes de fora\",\"datePublished\":\"2026-01-30T14:56:03+00:00\",\"mainEntityOfPage\":{\"@id\":\"https:\/\/portaltela.pt\/noticias\/2026\/01\/30\/uls-medio-tejo-bate-recorde-de-partos-e-atrai-utentes-de-fora\/\"},\"wordCount\":275,\"image\":{\"@id\":\"https:\/\/portaltela.pt\/noticias\/2026\/01\/30\/uls-medio-tejo-bate-recorde-de-partos-e-atrai-utentes-de-fora\/#primaryimage\"},\"thumbnailUrl\":\"https:\/\/portaltela.pt\/s.01k8rhncp4jt1\/2026\/01\/uls-medio-tejo-1.jpg\",\"keywords\":[\"Abrantes\",\"Caldas da Rainha\",\"Leiria\",\"M\u00e9dio Tejo\",\"Santar\u00e9m\",\"Torres Novas\"],\"articleSection\":[\"Not\u00edcias\"],\"inLanguage\":\"pt-PT\"},{\"@type\":\"WebPage\",\"@id\":\"https:\/\/portaltela.pt\/noticias\/2026\/01\/30\/uls-medio-tejo-bate-recorde-de-partos-e-atrai-utentes-de-fora\/\",\"url\":\"https:\/\/portaltela.pt\/noticias\/2026\/01\/30\/uls-medio-tejo-bate-recorde-de-partos-e-atrai-utentes-de-fora\/\",\"name\":\"ULS M\u00e9dio Tejo bate recorde de partos e atrai utentes de fora - Portal Tela Portugal\",\"isPartOf\":{\"@id\":\"https:\/\/portaltela.pt\/#website\"},\"primaryImageOfPage\":{\"@id\":\"https:\/\/portaltela.pt\/noticias\/2026\/01\/30\/uls-medio-tejo-bate-recorde-de-partos-e-atrai-utentes-de-fora\/#primaryimage\"},\"image\":{\"@id\":\"https:\/\/portaltela.pt\/noticias\/2026\/01\/30\/uls-medio-tejo-bate-recorde-de-partos-e-atrai-utentes-de-fora\/#primaryimage\"},\"thumbnailUrl\":\"https:\/\/portaltela.pt\/s.01k8rhncp4jt1\/2026\/01\/uls-medio-tejo-1.jpg\",\"datePublished\":\"2026-01-30T14:56:03+00:00\",\"author\":{\"@id\":\"https:\/\/portaltela.pt\/#\/schema\/person\/c4278d4a6028830caff9ee44b42d32ed\"},\"breadcrumb\":{\"@id\":\"https:\/\/portaltela.pt\/noticias\/2026\/01\/30\/uls-medio-tejo-bate-recorde-de-partos-e-atrai-utentes-de-fora\/#breadcrumb\"},\"inLanguage\":\"pt-PT\",\"potentialAction\":[{\"@type\":\"ReadAction\",\"target\":[\"https:\/\/portaltela.pt\/noticias\/2026\/01\/30\/uls-medio-tejo-bate-recorde-de-partos-e-atrai-utentes-de-fora\/\"]}]},{\"@type\":\"ImageObject\",\"inLanguage\":\"pt-PT\",\"@id\":\"https:\/\/portaltela.pt\/noticias\/2026\/01\/30\/uls-medio-tejo-bate-recorde-de-partos-e-atrai-utentes-de-fora\/#primaryimage\",\"url\":\"https:\/\/portaltela.pt\/s.01k8rhncp4jt1\/2026\/01\/uls-medio-tejo-1.jpg\",\"contentUrl\":\"https:\/\/portaltela.pt\/s.01k8rhncp4jt1\/2026\/01\/uls-medio-tejo-1.jpg\",\"width\":796,\"height\":448,\"caption\":\"A gripe mant\u00e9m-se como uma das principais causas associadas \u00e0 doen\u00e7a grave nesta fase do inverno, adiantou a unidade de sa\u00fade\"},{\"@type\":\"BreadcrumbList\",\"@id\":\"https:\/\/portaltela.pt\/noticias\/2026\/01\/30\/uls-medio-tejo-bate-recorde-de-partos-e-atrai-utentes-de-fora\/#breadcrumb\",\"itemListElement\":[{\"@type\":\"ListItem\",\"position\":1,\"name\":\"In\u00edcio\",\"item\":\"https:\/\/portaltela.pt\/\"},{\"@type\":\"ListItem\",\"position\":2,\"name\":\"ULS M\u00e9dio Tejo bate recorde de partos e atrai utentes de fora\"}]},{\"@type\":\"WebSite\",\"@id\":\"https:\/\/portaltela.pt\/#website\",\"url\":\"https:\/\/portaltela.pt\/\",\"name\":\"Portal Tela Portugal\",\"description\":\"\",\"potentialAction\":[{\"@type\":\"SearchAction\",\"target\":{\"@type\":\"EntryPoint\",\"urlTemplate\":\"https:\/\/portaltela.pt\/?s={search_term_string}\"},\"query-input\":{\"@type\":\"PropertyValueSpecification\",\"valueRequired\":true,\"valueName\":\"search_term_string\"}}],\"inLanguage\":\"pt-PT\"},{\"@type\":\"Person\",\"@id\":\"https:\/\/portaltela.pt\/#\/schema\/person\/c4278d4a6028830caff9ee44b42d32ed\",\"name\":\"Telinha\",\"image\":{\"@type\":\"ImageObject\",\"inLanguage\":\"pt-PT\",\"@id\":\"https:\/\/portaltela.pt\/s.01k8rhncp4jt1\/2025\/11\/talking-bot-125x125.png\",\"url\":\"https:\/\/portaltela.pt\/s.01k8rhncp4jt1\/2025\/11\/talking-bot-125x125.png\",\"contentUrl\":\"https:\/\/portaltela.pt\/s.01k8rhncp4jt1\/2025\/11\/talking-bot-125x125.png\",\"caption\":\"Telinha\"},\"sameAs\":[\"https:\/\/portaltela.pt\/\"],\"url\":\"https:\/\/portaltela.pt\/por\/367410592786\/\"}]}<\/script>\n<!-- \/ Yoast SEO plugin. -->","yoast_head_json":{"title":"ULS M\u00e9dio Tejo bate recorde de partos e atrai utentes de fora - Portal Tela Portugal","robots":{"index":"index","follow":"follow","max-snippet":"max-snippet:-1","max-image-preview":"max-image-preview:large","max-video-preview":"max-video-preview:-1"},"og_locale":"pt_PT","og_type":"article","og_title":"ULS M\u00e9dio Tejo bate recorde de partos e atrai utentes de fora - Portal Tela Portugal","og_description":"A Maternidade da ULS M\u00e9dio Tejo registou 823 nascimentos em 2025, cerca de 9% acima de 2024 (755), ultrapassando pela primeira vez 800 partos anuais. Do total, 40% dos partos s\u00e3o de utentes do concelho de Torres Novas, 30,7% de Abrantes e 14,7% de Tomar; cerca de 14% s\u00e3o de utentes de fora da \u00e1rea, principalmente de Santar\u00e9m, Leiria e Caldas da Rainha. Nascimentos: 400 meninas e 423 meninos; registaram-se 12 partos de g\u00e9meos e 7,29% dos partos foram pr\u00e9-termo, com apoio da Unidade de Neonatologia. A maternidade destaca a confian\u00e7a das fam\u00edlias e a resposta segura e humanizada das equipas, al\u00e9m do afluxo de gr\u00e1vidas de outras unidades, refor\u00e7ando a relev\u00e2ncia regional. Em termos nacionais, Portugal teve 87.708 rec\u00e9m-nascidos em 2025, o maior n\u00famero da \u00faltima d\u00e9cada, com a ULS M\u00e9dio Tejo a sublinhar o seu papel central no Servi\u00e7o Nacional de Sa\u00fade.","og_url":"https:\/\/portaltela.pt\/noticias\/2026\/01\/30\/uls-medio-tejo-bate-recorde-de-partos-e-atrai-utentes-de-fora\/","og_site_name":"Portal Tela Portugal","article_published_time":"2026-01-30T14:56:03+00:00","author":"Telinha","twitter_card":"summary_large_image","twitter_misc":{"Escrito por":"Telinha","Tempo estimado de leitura":"1 minuto"},"schema":{"@context":"https:\/\/schema.org","@graph":[{"@type":"Article","@id":"https:\/\/portaltela.pt\/noticias\/2026\/01\/30\/uls-medio-tejo-bate-recorde-de-partos-e-atrai-utentes-de-fora\/#article","isPartOf":{"@id":"https:\/\/portaltela.pt\/noticias\/2026\/01\/30\/uls-medio-tejo-bate-recorde-de-partos-e-atrai-utentes-de-fora\/"},"author":{"name":"Telinha","@id":"https:\/\/portaltela.pt\/#\/schema\/person\/c4278d4a6028830caff9ee44b42d32ed"},"headline":"ULS M\u00e9dio Tejo bate recorde de partos e atrai utentes de fora","datePublished":"2026-01-30T14:56:03+00:00","mainEntityOfPage":{"@id":"https:\/\/portaltela.pt\/noticias\/2026\/01\/30\/uls-medio-tejo-bate-recorde-de-partos-e-atrai-utentes-de-fora\/"},"wordCount":275,"image":{"@id":"https:\/\/portaltela.pt\/noticias\/2026\/01\/30\/uls-medio-tejo-bate-recorde-de-partos-e-atrai-utentes-de-fora\/#primaryimage"},"thumbnailUrl":"https:\/\/portaltela.pt\/s.01k8rhncp4jt1\/2026\/01\/uls-medio-tejo-1.jpg","keywords":["Abrantes","Caldas da Rainha","Leiria","M\u00e9dio Tejo","Santar\u00e9m","Torres Novas"],"articleSection":["Not\u00edcias"],"inLanguage":"pt-PT"},{"@type":"WebPage","@id":"https:\/\/portaltela.pt\/noticias\/2026\/01\/30\/uls-medio-tejo-bate-recorde-de-partos-e-atrai-utentes-de-fora\/","url":"https:\/\/portaltela.pt\/noticias\/2026\/01\/30\/uls-medio-tejo-bate-recorde-de-partos-e-atrai-utentes-de-fora\/","name":"ULS M\u00e9dio Tejo bate recorde de partos e atrai utentes de fora - Portal Tela Portugal","isPartOf":{"@id":"https:\/\/portaltela.pt\/#website"},"primaryImageOfPage":{"@id":"https:\/\/portaltela.pt\/noticias\/2026\/01\/30\/uls-medio-tejo-bate-recorde-de-partos-e-atrai-utentes-de-fora\/#primaryimage"},"image":{"@id":"https:\/\/portaltela.pt\/noticias\/2026\/01\/30\/uls-medio-tejo-bate-recorde-de-partos-e-atrai-utentes-de-fora\/#primaryimage"},"thumbnailUrl":"https:\/\/portaltela.pt\/s.01k8rhncp4jt1\/2026\/01\/uls-medio-tejo-1.jpg","datePublished":"2026-01-30T14:56:03+00:00","author":{"@id":"https:\/\/portaltela.pt\/#\/schema\/person\/c4278d4a6028830caff9ee44b42d32ed"},"breadcrumb":{"@id":"https:\/\/portaltela.pt\/noticias\/2026\/01\/30\/uls-medio-tejo-bate-recorde-de-partos-e-atrai-utentes-de-fora\/#breadcrumb"},"inLanguage":"pt-PT","potentialAction":[{"@type":"ReadAction","target":["https:\/\/portaltela.pt\/noticias\/2026\/01\/30\/uls-medio-tejo-bate-recorde-de-partos-e-atrai-utentes-de-fora\/"]}]},{"@type":"ImageObject","inLanguage":"pt-PT","@id":"https:\/\/portaltela.pt\/noticias\/2026\/01\/30\/uls-medio-tejo-bate-recorde-de-partos-e-atrai-utentes-de-fora\/#primaryimage","url":"https:\/\/portaltela.pt\/s.01k8rhncp4jt1\/2026\/01\/uls-medio-tejo-1.jpg","contentUrl":"https:\/\/portaltela.pt\/s.01k8rhncp4jt1\/2026\/01\/uls-medio-tejo-1.jpg","width":796,"height":448,"caption":"A gripe mant\u00e9m-se como uma das principais causas associadas \u00e0 doen\u00e7a grave nesta fase do inverno, adiantou a unidade de sa\u00fade"},{"@type":"BreadcrumbList","@id":"https:\/\/portaltela.pt\/noticias\/2026\/01\/30\/uls-medio-tejo-bate-recorde-de-partos-e-atrai-utentes-de-fora\/#breadcrumb","itemListElement":[{"@type":"ListItem","position":1,"name":"In\u00edcio","item":"https:\/\/portaltela.pt\/"},{"@type":"ListItem","position":2,"name":"ULS M\u00e9dio Tejo bate recorde de partos e atrai utentes de fora"}]},{"@type":"WebSite","@id":"https:\/\/portaltela.pt\/#website","url":"https:\/\/portaltela.pt\/","name":"Portal Tela Portugal","description":"","potentialAction":[{"@type":"SearchAction","target":{"@type":"EntryPoint","urlTemplate":"https:\/\/portaltela.pt\/?s={search_term_string}"},"query-input":{"@type":"PropertyValueSpecification","valueRequired":true,"valueName":"search_term_string"}}],"inLanguage":"pt-PT"},{"@type":"Person","@id":"https:\/\/portaltela.pt\/#\/schema\/person\/c4278d4a6028830caff9ee44b42d32ed","name":"Telinha","image":{"@type":"ImageObject","inLanguage":"pt-PT","@id":"https:\/\/portaltela.pt\/s.01k8rhncp4jt1\/2025\/11\/talking-bot-125x125.png","url":"https:\/\/portaltela.pt\/s.01k8rhncp4jt1\/2025\/11\/talking-bot-125x125.png","contentUrl":"https:\/\/portaltela.pt\/s.01k8rhncp4jt1\/2025\/11\/talking-bot-125x125.png","caption":"Telinha"},"sameAs":["https:\/\/portaltela.pt\/"],"url":"https:\/\/portaltela.pt\/por\/367410592786\/"}]}},"_links":{"self":[{"href":"https:\/\/portaltela.pt\/api\/wp\/v2\/posts\/184366","targetHints":{"allow":["GET"]}}],"collection":[{"href":"https:\/\/portaltela.pt\/api\/wp\/v2\/posts"}],"about":[{"href":"https:\/\/portaltela.pt\/api\/wp\/v2\/types\/post"}],"author":[{"embeddable":true,"href":"https:\/\/portaltela.pt\/api\/wp\/v2\/users\/2"}],"replies":[{"embeddable":true,"href":"https:\/\/portaltela.pt\/api\/wp\/v2\/comments?post=184366"}],"version-history":[{"count":0,"href":"https:\/\/portaltela.pt\/api\/wp\/v2\/posts\/184366\/revisions"}],"wp:featuredmedia":[{"embeddable":true,"href":"https:\/\/portaltela.pt\/api\/wp\/v2\/media\/184390"}],"wp:attachment":[{"href":"https:\/\/portaltela.pt\/api\/wp\/v2\/media?parent=184366"}],"wp:term":[{"taxonomy":"category","embeddable":true,"href":"https:\/\/portaltela.pt\/api\/wp\/v2\/categories?post=184366"},{"taxonomy":"post_tag","embeddable":true,"href":"https:\/\/portaltela.pt\/api\/wp\/v2\/tags?post=184366"}],"curies":[{"name":"wp","href":"https:\/\/api.w.org\/{rel}","templated":true}]}}