{"id":184316,"date":"2026-01-30T11:49:06","date_gmt":"2026-01-30T14:49:06","guid":{"rendered":"https:\/\/portaltela.pt\/noticias\/2026\/01\/30\/djokovic-vence-sinner-e-chega-a-final-do-open-da-australia-pelo-25-o-major\/"},"modified":"2026-01-30T11:49:06","modified_gmt":"2026-01-30T14:49:06","slug":"djokovic-vence-sinner-e-chega-a-final-do-open-da-australia-pelo-25-o-major","status":"publish","type":"post","link":"https:\/\/portaltela.pt\/desporto\/2026\/01\/30\/djokovic-vence-sinner-e-chega-a-final-do-open-da-australia-pelo-25-o-major\/","title":{"rendered":"Djokovic vence Sinner e chega \u00e0 final do Open da Austr\u00e1lia pelo 25.\u00ba major"},"content":{"rendered":"<p>O s\u00e9rvio Novak Djokovic qualificou-se para a final do Open da Austr\u00e1lia ao derrotar Jannik Sinner em cinco sets, nas meias-finais, em Melbourne. O duelo durou 4h09min.<\/p>\n<p>Djokovic, com 38 anos, \u00e9 recordista de t\u00edtulos de grand slam e de vitorias em Melbourne Park. O n\u00ba 4 do ranking interrompeu o favoritismo do n\u00famero dois mundial, vencendo por 3-6, 6-3, 4-6, 6-4 e 6-4.<\/p>\n<p>No domingo, Djokovic vai disputar a 38.\u00aa final de um Grand Slam, frente a Carlos Alcaraz. O espanhol eliminou o alem\u00e3o Alexander Zverev numa semifinal hist\u00f3rica de 5h27min.<\/p>\n<p>O objetivo do s\u00e9rvio passa pela 25.\u00aa coroa de Grand Slam. Djokovic j\u00e1 soma 10 t\u00edtulos em Melbourne Park, estabelecendo novos recordes no percurso at\u00e9 ao t\u00edtulo desejado.<\/p>\n<p>Alcaraz, por seu lado, tamb\u00e9m procura o triunfo no Open da Austr\u00e1lia, que lhe permitiria consolidar a posi\u00e7\u00e3o no topo do ranking e aproximar-se de futuras novamente finais de majors.<\/p>\n","protected":false},"excerpt":{"rendered":"<ul>\n<li>Novak Djokovic qualificou\u2011se para a final do Open da Austr\u00e1lia ao derrotar Jannik Sinner em cinco sets, na meia\u2011final desta sexta-feira.<\/li>\n<li>O s\u00e9rvio, de 38 anos, venceu com parciais de tr\u00eas a seis, seis a tr\u00eas, quatro a seis, seis a quatro e seis a quatro, em quatro horas e nove minutos.<\/li>\n<li>Djokovic luta pelo 25.\u00ba t\u00edtulo de Grand Slam na final de domingo.<\/li>\n<li>O advers\u00e1rio na final ser\u00e1 Carlos Alcaraz, que eliminou Alexander Zverev na mais longa meia\u2011final da hist\u00f3ria do torneio.<\/li>\n<li>Djokovic j\u00e1 \u00e9 recordista de t\u00edtulos em majors e tem dez de Melbourne Park.<\/li>\n<\/ul>\n","protected":false},"author":2,"featured_media":184349,"comment_status":"closed","ping_status":"closed","sticky":false,"template":"","format":"standard","meta":{"footnotes":""},"categories":[21],"tags":[4839,152,81,242,3491,94],"class_list":["post-184316","post","type-post","status-publish","format-standard","has-post-thumbnail","hentry","category-desporto","tag-carlos-alcaraz","tag-desporto","tag-internacionais","tag-jogadores","tag-novak-djokovic-tenista","tag-tenis"],"yoast_head":"<!-- This site is optimized with the Yoast SEO plugin v27.2 - https:\/\/yoast.com\/product\/yoast-seo-wordpress\/ -->\n<title>Djokovic vence Sinner e chega \u00e0 final do Open da Austr\u00e1lia pelo 25.\u00ba major - Portal Tela Portugal<\/title>\n<meta name=\"robots\" content=\"index, follow, max-snippet:-1, max-image-preview:large, max-video-preview:-1\" \/>\n<meta property=\"og:locale\" content=\"pt_PT\" \/>\n<meta property=\"og:type\" content=\"article\" \/>\n<meta property=\"og:title\" content=\"Djokovic vence Sinner e chega \u00e0 final do Open da Austr\u00e1lia pelo 25.\u00ba major - Portal Tela Portugal\" \/>\n<meta property=\"og:description\" content=\"Novak Djokovic qualificou\u2011se para a final do Open da Austr\u00e1lia ao derrotar Jannik Sinner em cinco sets, na meia\u2011final desta sexta-feira. O s\u00e9rvio, de 38 anos, venceu com parciais de tr\u00eas a seis, seis a tr\u00eas, quatro a seis, seis a quatro e seis a quatro, em quatro horas e nove minutos. Djokovic luta pelo 25.\u00ba t\u00edtulo de Grand Slam na final de domingo. O advers\u00e1rio na final ser\u00e1 Carlos Alcaraz, que eliminou Alexander Zverev na mais longa meia\u2011final da hist\u00f3ria do torneio. Djokovic j\u00e1 \u00e9 recordista de t\u00edtulos em majors e tem dez de Melbourne Park.\" \/>\n<meta property=\"og:url\" content=\"https:\/\/portaltela.pt\/noticias\/2026\/01\/30\/djokovic-vence-sinner-e-chega-a-final-do-open-da-australia-pelo-25-o-major\/\" \/>\n<meta property=\"og:site_name\" content=\"Portal Tela Portugal\" \/>\n<meta property=\"article:published_time\" content=\"2026-01-30T14:49:06+00:00\" \/>\n<meta name=\"author\" content=\"Telinha\" \/>\n<meta name=\"twitter:card\" content=\"summary_large_image\" \/>\n<meta name=\"twitter:label1\" content=\"Escrito por\" \/>\n\t<meta name=\"twitter:data1\" content=\"Telinha\" \/>\n\t<meta name=\"twitter:label2\" content=\"Tempo estimado de leitura\" \/>\n\t<meta name=\"twitter:data2\" content=\"1 minuto\" \/>\n<script type=\"application\/ld+json\" class=\"yoast-schema-graph\">{\"@context\":\"https:\/\/schema.org\",\"@graph\":[{\"@type\":\"Article\",\"@id\":\"https:\/\/portaltela.pt\/noticias\/2026\/01\/30\/djokovic-vence-sinner-e-chega-a-final-do-open-da-australia-pelo-25-o-major\/#article\",\"isPartOf\":{\"@id\":\"https:\/\/portaltela.pt\/noticias\/2026\/01\/30\/djokovic-vence-sinner-e-chega-a-final-do-open-da-australia-pelo-25-o-major\/\"},\"author\":{\"name\":\"Telinha\",\"@id\":\"https:\/\/portaltela.pt\/#\/schema\/person\/c4278d4a6028830caff9ee44b42d32ed\"},\"headline\":\"Djokovic vence Sinner e chega \u00e0 final do Open da Austr\u00e1lia pelo 25.\u00ba major\",\"datePublished\":\"2026-01-30T14:49:06+00:00\",\"mainEntityOfPage\":{\"@id\":\"https:\/\/portaltela.pt\/noticias\/2026\/01\/30\/djokovic-vence-sinner-e-chega-a-final-do-open-da-australia-pelo-25-o-major\/\"},\"wordCount\":171,\"image\":{\"@id\":\"https:\/\/portaltela.pt\/noticias\/2026\/01\/30\/djokovic-vence-sinner-e-chega-a-final-do-open-da-australia-pelo-25-o-major\/#primaryimage\"},\"thumbnailUrl\":\"https:\/\/portaltela.pt\/s.01k8rhncp4jt1\/2026\/01\/img_920x518uu2026-01-30-14-47-40-2418466.jpg\",\"keywords\":[\"Carlos Alcaraz\",\"desporto\",\"internacionais\",\"jogadores\",\"Novak Djokovic (tenista)\",\"t\u00eanis\"],\"articleSection\":[\"Desporto\"],\"inLanguage\":\"pt-PT\"},{\"@type\":\"WebPage\",\"@id\":\"https:\/\/portaltela.pt\/noticias\/2026\/01\/30\/djokovic-vence-sinner-e-chega-a-final-do-open-da-australia-pelo-25-o-major\/\",\"url\":\"https:\/\/portaltela.pt\/noticias\/2026\/01\/30\/djokovic-vence-sinner-e-chega-a-final-do-open-da-australia-pelo-25-o-major\/\",\"name\":\"Djokovic vence Sinner e chega \u00e0 final do Open da Austr\u00e1lia pelo 25.\u00ba major - Portal Tela Portugal\",\"isPartOf\":{\"@id\":\"https:\/\/portaltela.pt\/#website\"},\"primaryImageOfPage\":{\"@id\":\"https:\/\/portaltela.pt\/noticias\/2026\/01\/30\/djokovic-vence-sinner-e-chega-a-final-do-open-da-australia-pelo-25-o-major\/#primaryimage\"},\"image\":{\"@id\":\"https:\/\/portaltela.pt\/noticias\/2026\/01\/30\/djokovic-vence-sinner-e-chega-a-final-do-open-da-australia-pelo-25-o-major\/#primaryimage\"},\"thumbnailUrl\":\"https:\/\/portaltela.pt\/s.01k8rhncp4jt1\/2026\/01\/img_920x518uu2026-01-30-14-47-40-2418466.jpg\",\"datePublished\":\"2026-01-30T14:49:06+00:00\",\"author\":{\"@id\":\"https:\/\/portaltela.pt\/#\/schema\/person\/c4278d4a6028830caff9ee44b42d32ed\"},\"breadcrumb\":{\"@id\":\"https:\/\/portaltela.pt\/noticias\/2026\/01\/30\/djokovic-vence-sinner-e-chega-a-final-do-open-da-australia-pelo-25-o-major\/#breadcrumb\"},\"inLanguage\":\"pt-PT\",\"potentialAction\":[{\"@type\":\"ReadAction\",\"target\":[\"https:\/\/portaltela.pt\/noticias\/2026\/01\/30\/djokovic-vence-sinner-e-chega-a-final-do-open-da-australia-pelo-25-o-major\/\"]}]},{\"@type\":\"ImageObject\",\"inLanguage\":\"pt-PT\",\"@id\":\"https:\/\/portaltela.pt\/noticias\/2026\/01\/30\/djokovic-vence-sinner-e-chega-a-final-do-open-da-australia-pelo-25-o-major\/#primaryimage\",\"url\":\"https:\/\/portaltela.pt\/s.01k8rhncp4jt1\/2026\/01\/img_920x518uu2026-01-30-14-47-40-2418466.jpg\",\"contentUrl\":\"https:\/\/portaltela.pt\/s.01k8rhncp4jt1\/2026\/01\/img_920x518uu2026-01-30-14-47-40-2418466.jpg\",\"width\":796,\"height\":448,\"caption\":\"Novak Djokovic est\u00e1 na final do Open da Austr\u00e1lia\"},{\"@type\":\"BreadcrumbList\",\"@id\":\"https:\/\/portaltela.pt\/noticias\/2026\/01\/30\/djokovic-vence-sinner-e-chega-a-final-do-open-da-australia-pelo-25-o-major\/#breadcrumb\",\"itemListElement\":[{\"@type\":\"ListItem\",\"position\":1,\"name\":\"In\u00edcio\",\"item\":\"https:\/\/portaltela.pt\/\"},{\"@type\":\"ListItem\",\"position\":2,\"name\":\"Djokovic vence Sinner e chega \u00e0 final do Open da Austr\u00e1lia pelo 25.\u00ba major\"}]},{\"@type\":\"WebSite\",\"@id\":\"https:\/\/portaltela.pt\/#website\",\"url\":\"https:\/\/portaltela.pt\/\",\"name\":\"Portal Tela Portugal\",\"description\":\"\",\"potentialAction\":[{\"@type\":\"SearchAction\",\"target\":{\"@type\":\"EntryPoint\",\"urlTemplate\":\"https:\/\/portaltela.pt\/?s={search_term_string}\"},\"query-input\":{\"@type\":\"PropertyValueSpecification\",\"valueRequired\":true,\"valueName\":\"search_term_string\"}}],\"inLanguage\":\"pt-PT\"},{\"@type\":\"Person\",\"@id\":\"https:\/\/portaltela.pt\/#\/schema\/person\/c4278d4a6028830caff9ee44b42d32ed\",\"name\":\"Telinha\",\"image\":{\"@type\":\"ImageObject\",\"inLanguage\":\"pt-PT\",\"@id\":\"https:\/\/portaltela.pt\/s.01k8rhncp4jt1\/2025\/11\/talking-bot-125x125.png\",\"url\":\"https:\/\/portaltela.pt\/s.01k8rhncp4jt1\/2025\/11\/talking-bot-125x125.png\",\"contentUrl\":\"https:\/\/portaltela.pt\/s.01k8rhncp4jt1\/2025\/11\/talking-bot-125x125.png\",\"caption\":\"Telinha\"},\"sameAs\":[\"https:\/\/portaltela.pt\/\"],\"url\":\"https:\/\/portaltela.pt\/por\/367410592786\/\"}]}<\/script>\n<!-- \/ Yoast SEO plugin. -->","yoast_head_json":{"title":"Djokovic vence Sinner e chega \u00e0 final do Open da Austr\u00e1lia pelo 25.\u00ba major - Portal Tela Portugal","robots":{"index":"index","follow":"follow","max-snippet":"max-snippet:-1","max-image-preview":"max-image-preview:large","max-video-preview":"max-video-preview:-1"},"og_locale":"pt_PT","og_type":"article","og_title":"Djokovic vence Sinner e chega \u00e0 final do Open da Austr\u00e1lia pelo 25.\u00ba major - Portal Tela Portugal","og_description":"Novak Djokovic qualificou\u2011se para a final do Open da Austr\u00e1lia ao derrotar Jannik Sinner em cinco sets, na meia\u2011final desta sexta-feira. O s\u00e9rvio, de 38 anos, venceu com parciais de tr\u00eas a seis, seis a tr\u00eas, quatro a seis, seis a quatro e seis a quatro, em quatro horas e nove minutos. Djokovic luta pelo 25.\u00ba t\u00edtulo de Grand Slam na final de domingo. O advers\u00e1rio na final ser\u00e1 Carlos Alcaraz, que eliminou Alexander Zverev na mais longa meia\u2011final da hist\u00f3ria do torneio. Djokovic j\u00e1 \u00e9 recordista de t\u00edtulos em majors e tem dez de Melbourne Park.","og_url":"https:\/\/portaltela.pt\/noticias\/2026\/01\/30\/djokovic-vence-sinner-e-chega-a-final-do-open-da-australia-pelo-25-o-major\/","og_site_name":"Portal Tela Portugal","article_published_time":"2026-01-30T14:49:06+00:00","author":"Telinha","twitter_card":"summary_large_image","twitter_misc":{"Escrito por":"Telinha","Tempo estimado de leitura":"1 minuto"},"schema":{"@context":"https:\/\/schema.org","@graph":[{"@type":"Article","@id":"https:\/\/portaltela.pt\/noticias\/2026\/01\/30\/djokovic-vence-sinner-e-chega-a-final-do-open-da-australia-pelo-25-o-major\/#article","isPartOf":{"@id":"https:\/\/portaltela.pt\/noticias\/2026\/01\/30\/djokovic-vence-sinner-e-chega-a-final-do-open-da-australia-pelo-25-o-major\/"},"author":{"name":"Telinha","@id":"https:\/\/portaltela.pt\/#\/schema\/person\/c4278d4a6028830caff9ee44b42d32ed"},"headline":"Djokovic vence Sinner e chega \u00e0 final do Open da Austr\u00e1lia pelo 25.\u00ba major","datePublished":"2026-01-30T14:49:06+00:00","mainEntityOfPage":{"@id":"https:\/\/portaltela.pt\/noticias\/2026\/01\/30\/djokovic-vence-sinner-e-chega-a-final-do-open-da-australia-pelo-25-o-major\/"},"wordCount":171,"image":{"@id":"https:\/\/portaltela.pt\/noticias\/2026\/01\/30\/djokovic-vence-sinner-e-chega-a-final-do-open-da-australia-pelo-25-o-major\/#primaryimage"},"thumbnailUrl":"https:\/\/portaltela.pt\/s.01k8rhncp4jt1\/2026\/01\/img_920x518uu2026-01-30-14-47-40-2418466.jpg","keywords":["Carlos Alcaraz","desporto","internacionais","jogadores","Novak Djokovic (tenista)","t\u00eanis"],"articleSection":["Desporto"],"inLanguage":"pt-PT"},{"@type":"WebPage","@id":"https:\/\/portaltela.pt\/noticias\/2026\/01\/30\/djokovic-vence-sinner-e-chega-a-final-do-open-da-australia-pelo-25-o-major\/","url":"https:\/\/portaltela.pt\/noticias\/2026\/01\/30\/djokovic-vence-sinner-e-chega-a-final-do-open-da-australia-pelo-25-o-major\/","name":"Djokovic vence Sinner e chega \u00e0 final do Open da Austr\u00e1lia pelo 25.\u00ba major - Portal Tela Portugal","isPartOf":{"@id":"https:\/\/portaltela.pt\/#website"},"primaryImageOfPage":{"@id":"https:\/\/portaltela.pt\/noticias\/2026\/01\/30\/djokovic-vence-sinner-e-chega-a-final-do-open-da-australia-pelo-25-o-major\/#primaryimage"},"image":{"@id":"https:\/\/portaltela.pt\/noticias\/2026\/01\/30\/djokovic-vence-sinner-e-chega-a-final-do-open-da-australia-pelo-25-o-major\/#primaryimage"},"thumbnailUrl":"https:\/\/portaltela.pt\/s.01k8rhncp4jt1\/2026\/01\/img_920x518uu2026-01-30-14-47-40-2418466.jpg","datePublished":"2026-01-30T14:49:06+00:00","author":{"@id":"https:\/\/portaltela.pt\/#\/schema\/person\/c4278d4a6028830caff9ee44b42d32ed"},"breadcrumb":{"@id":"https:\/\/portaltela.pt\/noticias\/2026\/01\/30\/djokovic-vence-sinner-e-chega-a-final-do-open-da-australia-pelo-25-o-major\/#breadcrumb"},"inLanguage":"pt-PT","potentialAction":[{"@type":"ReadAction","target":["https:\/\/portaltela.pt\/noticias\/2026\/01\/30\/djokovic-vence-sinner-e-chega-a-final-do-open-da-australia-pelo-25-o-major\/"]}]},{"@type":"ImageObject","inLanguage":"pt-PT","@id":"https:\/\/portaltela.pt\/noticias\/2026\/01\/30\/djokovic-vence-sinner-e-chega-a-final-do-open-da-australia-pelo-25-o-major\/#primaryimage","url":"https:\/\/portaltela.pt\/s.01k8rhncp4jt1\/2026\/01\/img_920x518uu2026-01-30-14-47-40-2418466.jpg","contentUrl":"https:\/\/portaltela.pt\/s.01k8rhncp4jt1\/2026\/01\/img_920x518uu2026-01-30-14-47-40-2418466.jpg","width":796,"height":448,"caption":"Novak Djokovic est\u00e1 na final do Open da Austr\u00e1lia"},{"@type":"BreadcrumbList","@id":"https:\/\/portaltela.pt\/noticias\/2026\/01\/30\/djokovic-vence-sinner-e-chega-a-final-do-open-da-australia-pelo-25-o-major\/#breadcrumb","itemListElement":[{"@type":"ListItem","position":1,"name":"In\u00edcio","item":"https:\/\/portaltela.pt\/"},{"@type":"ListItem","position":2,"name":"Djokovic vence Sinner e chega \u00e0 final do Open da Austr\u00e1lia pelo 25.\u00ba major"}]},{"@type":"WebSite","@id":"https:\/\/portaltela.pt\/#website","url":"https:\/\/portaltela.pt\/","name":"Portal Tela Portugal","description":"","potentialAction":[{"@type":"SearchAction","target":{"@type":"EntryPoint","urlTemplate":"https:\/\/portaltela.pt\/?s={search_term_string}"},"query-input":{"@type":"PropertyValueSpecification","valueRequired":true,"valueName":"search_term_string"}}],"inLanguage":"pt-PT"},{"@type":"Person","@id":"https:\/\/portaltela.pt\/#\/schema\/person\/c4278d4a6028830caff9ee44b42d32ed","name":"Telinha","image":{"@type":"ImageObject","inLanguage":"pt-PT","@id":"https:\/\/portaltela.pt\/s.01k8rhncp4jt1\/2025\/11\/talking-bot-125x125.png","url":"https:\/\/portaltela.pt\/s.01k8rhncp4jt1\/2025\/11\/talking-bot-125x125.png","contentUrl":"https:\/\/portaltela.pt\/s.01k8rhncp4jt1\/2025\/11\/talking-bot-125x125.png","caption":"Telinha"},"sameAs":["https:\/\/portaltela.pt\/"],"url":"https:\/\/portaltela.pt\/por\/367410592786\/"}]}},"_links":{"self":[{"href":"https:\/\/portaltela.pt\/api\/wp\/v2\/posts\/184316","targetHints":{"allow":["GET"]}}],"collection":[{"href":"https:\/\/portaltela.pt\/api\/wp\/v2\/posts"}],"about":[{"href":"https:\/\/portaltela.pt\/api\/wp\/v2\/types\/post"}],"author":[{"embeddable":true,"href":"https:\/\/portaltela.pt\/api\/wp\/v2\/users\/2"}],"replies":[{"embeddable":true,"href":"https:\/\/portaltela.pt\/api\/wp\/v2\/comments?post=184316"}],"version-history":[{"count":0,"href":"https:\/\/portaltela.pt\/api\/wp\/v2\/posts\/184316\/revisions"}],"wp:featuredmedia":[{"embeddable":true,"href":"https:\/\/portaltela.pt\/api\/wp\/v2\/media\/184349"}],"wp:attachment":[{"href":"https:\/\/portaltela.pt\/api\/wp\/v2\/media?parent=184316"}],"wp:term":[{"taxonomy":"category","embeddable":true,"href":"https:\/\/portaltela.pt\/api\/wp\/v2\/categories?post=184316"},{"taxonomy":"post_tag","embeddable":true,"href":"https:\/\/portaltela.pt\/api\/wp\/v2\/tags?post=184316"}],"curies":[{"name":"wp","href":"https:\/\/api.w.org\/{rel}","templated":true}]}}