{"id":184274,"date":"2026-01-30T11:28:07","date_gmt":"2026-01-30T14:28:07","guid":{"rendered":"https:\/\/portaltela.pt\/noticias\/2026\/01\/30\/pre-acordo-na-autoeuropa-preve-aumentos-minimos-de-100-euros\/"},"modified":"2026-01-30T11:28:07","modified_gmt":"2026-01-30T14:28:07","slug":"pre-acordo-na-autoeuropa-preve-aumentos-minimos-de-100-euros","status":"publish","type":"post","link":"https:\/\/portaltela.pt\/noticias\/2026\/01\/30\/pre-acordo-na-autoeuropa-preve-aumentos-minimos-de-100-euros\/","title":{"rendered":"Pr\u00e9-acordo na Autoeuropa prev\u00ea aumentos m\u00ednimos de 100 euros"},"content":{"rendered":"<p>A Comiss\u00e3o de Trabalhadores (CT) e a administra\u00e7\u00e3o da Volkswagen Autoeuropa chegaram a um pr\u00e9-acordo laboral que vigora at\u00e9 junho de 2027. O acordo prev\u00ea aumentos salariais com um m\u00ednimo de 100 euros, al\u00e9m de refor\u00e7ar benef\u00edcios sociais, em Palmela, Set\u00fabal.<\/p>\n<p>Consoante o texto divulgado pela CT, j\u00e1 neste m\u00eas haver\u00e1 um aumento de 2,8% no sal\u00e1rio, seguido de mais 2,5% em outubro. Em todos os casos, existe um m\u00ednimo garantido de 50 euros. Tamb\u00e9m \u00e9 previsto um pr\u00e9mio \u00fanico de 500 euros.<\/p>\n<h3>Detalhes econ\u00f3micos e benef\u00edcios<\/h3>\n<p>Ainda segundo o pr\u00e9-acordo, fica assegurado um pagamento adicional de 50 euros em janeiro e outubro, como complemento pela divis\u00e3o do aumento salarial, sujeito \u00e0 aprova\u00e7\u00e3o dos trabalhadores. Tamb\u00e9m est\u00e1 previsto um pr\u00e9mio de assiduidade de 50 euros mensais entre janeiro e junho de 2027.<\/p>\n<p>A proposta prev\u00ea a majora\u00e7\u00e3o do pr\u00e9mio de objetivos at\u00e9 150% em 2026 e 2027, bem como a aplica\u00e7\u00e3o de um novo modelo de turnos a partir de junho de 2026, condicionado a um referendo entre os trabalhadores at\u00e9 mar\u00e7o.<\/p>\n<h3>Condi\u00e7\u00f5es de trabalho e discuss\u00e3o<\/h3>\n<p>Entre as medidas, destaca-se o aumento do subs\u00eddio de refei\u00e7\u00e3o para cinco euros e a garantia de pagamento integral do sal\u00e1rio em caso de lay-off. A CT j\u00e1 realizou quatro plen\u00e1rios para debater o texto, com o \u00faltimo agendado para esta sexta-feira \u00e0 tarde.<\/p>\n<p>A vota\u00e7\u00e3o do pr\u00e9-acordo est\u00e1 prevista para quinta e sexta-feira da pr\u00f3xima semana, pelos cerca de 5.000 trabalhadores da Autoeuropa. A aprova\u00e7\u00e3o depende do escrut\u00ednio dos trabalhadores antes da vig\u00eancia.<\/p>\n","protected":false},"excerpt":{"rendered":"<ul>\n<li>Pr\u00e9-acordo at\u00e9 junho de 2027 entre a Comiss\u00e3o de Trabalhadores e a administra\u00e7\u00e3o da Volkswagen Autoeuropa prev\u00ea aumentos de 2,8% j\u00e1 este m\u00eas e 2,5% em outubro, com m\u00ednimo de 50 euros por aumento.<\/li>\n<li>Inclui um pr\u00e9mio \u00fanico de 500 euros e um complemento de 50 euros em janeiro e outubro, a pagar ap\u00f3s assinatura, caso o acordo seja aprovado pelos trabalhadores.<\/li>\n<li>Pr\u00e9mio de assiduidade de 50 euros mensais entre janeiro e junho de 2027, com alargamento das exce\u00e7\u00f5es eleg\u00edveis face ao modelo anterior.<\/li>\n<li>Majora\u00e7\u00e3o do pr\u00e9mio de objetivos at\u00e9 150% em 2026 e 2027 e um novo modelo de turnos a partir de junho de 2026, dependente de aprova\u00e7\u00e3o em referendo at\u00e9 mar\u00e7o.<\/li>\n<li>Aumenta o subs\u00eddio de refei\u00e7\u00e3o para cinco euros e garante pagamento integral do sal\u00e1rio em caso de lay-off; a CT realizou quatro plen\u00e1rios, com o \u00faltimo agendado para esta sexta-feira em prepara\u00e7\u00e3o para a vota\u00e7\u00e3o, prevista para quinta e sexta-feira da pr\u00f3xima semana, entre cerca de cinco mil trabalhadores.<\/li>\n<\/ul>\n","protected":false},"author":2,"featured_media":184285,"comment_status":"closed","ping_status":"closed","sticky":false,"template":"","format":"standard","meta":{"footnotes":""},"categories":[1],"tags":[1211,1006,255,994,4827,2201],"class_list":["post-184274","post","type-post","status-publish","format-standard","has-post-thumbnail","hentry","category-noticias","tag-apoio-social","tag-emprego","tag-industria","tag-setubal","tag-subsidio-de-refeicao","tag-trabalho"],"yoast_head":"<!-- This site is optimized with the Yoast SEO plugin v27.2 - https:\/\/yoast.com\/product\/yoast-seo-wordpress\/ -->\n<title>Pr\u00e9-acordo na Autoeuropa prev\u00ea aumentos m\u00ednimos de 100 euros - Portal Tela Portugal<\/title>\n<meta name=\"robots\" content=\"index, follow, max-snippet:-1, max-image-preview:large, max-video-preview:-1\" \/>\n<meta property=\"og:locale\" content=\"pt_PT\" \/>\n<meta property=\"og:type\" content=\"article\" \/>\n<meta property=\"og:title\" content=\"Pr\u00e9-acordo na Autoeuropa prev\u00ea aumentos m\u00ednimos de 100 euros - Portal Tela Portugal\" \/>\n<meta property=\"og:description\" content=\"Pr\u00e9-acordo at\u00e9 junho de 2027 entre a Comiss\u00e3o de Trabalhadores e a administra\u00e7\u00e3o da Volkswagen Autoeuropa prev\u00ea aumentos de 2,8% j\u00e1 este m\u00eas e 2,5% em outubro, com m\u00ednimo de 50 euros por aumento. Inclui um pr\u00e9mio \u00fanico de 500 euros e um complemento de 50 euros em janeiro e outubro, a pagar ap\u00f3s assinatura, caso o acordo seja aprovado pelos trabalhadores. Pr\u00e9mio de assiduidade de 50 euros mensais entre janeiro e junho de 2027, com alargamento das exce\u00e7\u00f5es eleg\u00edveis face ao modelo anterior. Majora\u00e7\u00e3o do pr\u00e9mio de objetivos at\u00e9 150% em 2026 e 2027 e um novo modelo de turnos a partir de junho de 2026, dependente de aprova\u00e7\u00e3o em referendo at\u00e9 mar\u00e7o. Aumenta o subs\u00eddio de refei\u00e7\u00e3o para cinco euros e garante pagamento integral do sal\u00e1rio em caso de lay-off; a CT realizou quatro plen\u00e1rios, com o \u00faltimo agendado para esta sexta-feira em prepara\u00e7\u00e3o para a vota\u00e7\u00e3o, prevista para quinta e sexta-feira da pr\u00f3xima semana, entre cerca de cinco mil trabalhadores.\" \/>\n<meta property=\"og:url\" content=\"https:\/\/portaltela.pt\/noticias\/2026\/01\/30\/pre-acordo-na-autoeuropa-preve-aumentos-minimos-de-100-euros\/\" \/>\n<meta property=\"og:site_name\" content=\"Portal Tela Portugal\" \/>\n<meta property=\"article:published_time\" content=\"2026-01-30T14:28:07+00:00\" \/>\n<meta name=\"author\" content=\"Telinha\" \/>\n<meta name=\"twitter:card\" content=\"summary_large_image\" \/>\n<meta name=\"twitter:label1\" content=\"Escrito por\" \/>\n\t<meta name=\"twitter:data1\" content=\"Telinha\" \/>\n\t<meta name=\"twitter:label2\" content=\"Tempo estimado de leitura\" \/>\n\t<meta name=\"twitter:data2\" content=\"1 minuto\" \/>\n<script type=\"application\/ld+json\" class=\"yoast-schema-graph\">{\"@context\":\"https:\/\/schema.org\",\"@graph\":[{\"@type\":\"Article\",\"@id\":\"https:\/\/portaltela.pt\/noticias\/2026\/01\/30\/pre-acordo-na-autoeuropa-preve-aumentos-minimos-de-100-euros\/#article\",\"isPartOf\":{\"@id\":\"https:\/\/portaltela.pt\/noticias\/2026\/01\/30\/pre-acordo-na-autoeuropa-preve-aumentos-minimos-de-100-euros\/\"},\"author\":{\"name\":\"Telinha\",\"@id\":\"https:\/\/portaltela.pt\/#\/schema\/person\/c4278d4a6028830caff9ee44b42d32ed\"},\"headline\":\"Pr\u00e9-acordo na Autoeuropa prev\u00ea aumentos m\u00ednimos de 100 euros\",\"datePublished\":\"2026-01-30T14:28:07+00:00\",\"mainEntityOfPage\":{\"@id\":\"https:\/\/portaltela.pt\/noticias\/2026\/01\/30\/pre-acordo-na-autoeuropa-preve-aumentos-minimos-de-100-euros\/\"},\"wordCount\":280,\"image\":{\"@id\":\"https:\/\/portaltela.pt\/noticias\/2026\/01\/30\/pre-acordo-na-autoeuropa-preve-aumentos-minimos-de-100-euros\/#primaryimage\"},\"thumbnailUrl\":\"https:\/\/portaltela.pt\/s.01k8rhncp4jt1\/2026\/01\/unnamed-file-6109.jpg\",\"keywords\":[\"Apoio Social\",\"emprego\",\"ind\u00fastria\",\"Set\u00fabal\",\"subs\u00eddio de refei\u00e7\u00e3o\",\"trabalho\"],\"articleSection\":[\"Not\u00edcias\"],\"inLanguage\":\"pt-PT\"},{\"@type\":\"WebPage\",\"@id\":\"https:\/\/portaltela.pt\/noticias\/2026\/01\/30\/pre-acordo-na-autoeuropa-preve-aumentos-minimos-de-100-euros\/\",\"url\":\"https:\/\/portaltela.pt\/noticias\/2026\/01\/30\/pre-acordo-na-autoeuropa-preve-aumentos-minimos-de-100-euros\/\",\"name\":\"Pr\u00e9-acordo na Autoeuropa prev\u00ea aumentos m\u00ednimos de 100 euros - Portal Tela Portugal\",\"isPartOf\":{\"@id\":\"https:\/\/portaltela.pt\/#website\"},\"primaryImageOfPage\":{\"@id\":\"https:\/\/portaltela.pt\/noticias\/2026\/01\/30\/pre-acordo-na-autoeuropa-preve-aumentos-minimos-de-100-euros\/#primaryimage\"},\"image\":{\"@id\":\"https:\/\/portaltela.pt\/noticias\/2026\/01\/30\/pre-acordo-na-autoeuropa-preve-aumentos-minimos-de-100-euros\/#primaryimage\"},\"thumbnailUrl\":\"https:\/\/portaltela.pt\/s.01k8rhncp4jt1\/2026\/01\/unnamed-file-6109.jpg\",\"datePublished\":\"2026-01-30T14:28:07+00:00\",\"author\":{\"@id\":\"https:\/\/portaltela.pt\/#\/schema\/person\/c4278d4a6028830caff9ee44b42d32ed\"},\"breadcrumb\":{\"@id\":\"https:\/\/portaltela.pt\/noticias\/2026\/01\/30\/pre-acordo-na-autoeuropa-preve-aumentos-minimos-de-100-euros\/#breadcrumb\"},\"inLanguage\":\"pt-PT\",\"potentialAction\":[{\"@type\":\"ReadAction\",\"target\":[\"https:\/\/portaltela.pt\/noticias\/2026\/01\/30\/pre-acordo-na-autoeuropa-preve-aumentos-minimos-de-100-euros\/\"]}]},{\"@type\":\"ImageObject\",\"inLanguage\":\"pt-PT\",\"@id\":\"https:\/\/portaltela.pt\/noticias\/2026\/01\/30\/pre-acordo-na-autoeuropa-preve-aumentos-minimos-de-100-euros\/#primaryimage\",\"url\":\"https:\/\/portaltela.pt\/s.01k8rhncp4jt1\/2026\/01\/unnamed-file-6109.jpg\",\"contentUrl\":\"https:\/\/portaltela.pt\/s.01k8rhncp4jt1\/2026\/01\/unnamed-file-6109.jpg\",\"width\":796,\"height\":448,\"caption\":\"Os representantes dos trabalhadores destacam ainda o aumento do subs\u00eddio de refei\u00e7\u00e3o para cinco euros e a garantia de pagamento integral do sal\u00e1rio em caso de recurso ao lay-off\"},{\"@type\":\"BreadcrumbList\",\"@id\":\"https:\/\/portaltela.pt\/noticias\/2026\/01\/30\/pre-acordo-na-autoeuropa-preve-aumentos-minimos-de-100-euros\/#breadcrumb\",\"itemListElement\":[{\"@type\":\"ListItem\",\"position\":1,\"name\":\"In\u00edcio\",\"item\":\"https:\/\/portaltela.pt\/\"},{\"@type\":\"ListItem\",\"position\":2,\"name\":\"Pr\u00e9-acordo na Autoeuropa prev\u00ea aumentos m\u00ednimos de 100 euros\"}]},{\"@type\":\"WebSite\",\"@id\":\"https:\/\/portaltela.pt\/#website\",\"url\":\"https:\/\/portaltela.pt\/\",\"name\":\"Portal Tela Portugal\",\"description\":\"\",\"potentialAction\":[{\"@type\":\"SearchAction\",\"target\":{\"@type\":\"EntryPoint\",\"urlTemplate\":\"https:\/\/portaltela.pt\/?s={search_term_string}\"},\"query-input\":{\"@type\":\"PropertyValueSpecification\",\"valueRequired\":true,\"valueName\":\"search_term_string\"}}],\"inLanguage\":\"pt-PT\"},{\"@type\":\"Person\",\"@id\":\"https:\/\/portaltela.pt\/#\/schema\/person\/c4278d4a6028830caff9ee44b42d32ed\",\"name\":\"Telinha\",\"image\":{\"@type\":\"ImageObject\",\"inLanguage\":\"pt-PT\",\"@id\":\"https:\/\/portaltela.pt\/s.01k8rhncp4jt1\/2025\/11\/talking-bot-125x125.png\",\"url\":\"https:\/\/portaltela.pt\/s.01k8rhncp4jt1\/2025\/11\/talking-bot-125x125.png\",\"contentUrl\":\"https:\/\/portaltela.pt\/s.01k8rhncp4jt1\/2025\/11\/talking-bot-125x125.png\",\"caption\":\"Telinha\"},\"sameAs\":[\"https:\/\/portaltela.pt\/\"],\"url\":\"https:\/\/portaltela.pt\/por\/367410592786\/\"}]}<\/script>\n<!-- \/ Yoast SEO plugin. -->","yoast_head_json":{"title":"Pr\u00e9-acordo na Autoeuropa prev\u00ea aumentos m\u00ednimos de 100 euros - Portal Tela Portugal","robots":{"index":"index","follow":"follow","max-snippet":"max-snippet:-1","max-image-preview":"max-image-preview:large","max-video-preview":"max-video-preview:-1"},"og_locale":"pt_PT","og_type":"article","og_title":"Pr\u00e9-acordo na Autoeuropa prev\u00ea aumentos m\u00ednimos de 100 euros - Portal Tela Portugal","og_description":"Pr\u00e9-acordo at\u00e9 junho de 2027 entre a Comiss\u00e3o de Trabalhadores e a administra\u00e7\u00e3o da Volkswagen Autoeuropa prev\u00ea aumentos de 2,8% j\u00e1 este m\u00eas e 2,5% em outubro, com m\u00ednimo de 50 euros por aumento. Inclui um pr\u00e9mio \u00fanico de 500 euros e um complemento de 50 euros em janeiro e outubro, a pagar ap\u00f3s assinatura, caso o acordo seja aprovado pelos trabalhadores. Pr\u00e9mio de assiduidade de 50 euros mensais entre janeiro e junho de 2027, com alargamento das exce\u00e7\u00f5es eleg\u00edveis face ao modelo anterior. Majora\u00e7\u00e3o do pr\u00e9mio de objetivos at\u00e9 150% em 2026 e 2027 e um novo modelo de turnos a partir de junho de 2026, dependente de aprova\u00e7\u00e3o em referendo at\u00e9 mar\u00e7o. Aumenta o subs\u00eddio de refei\u00e7\u00e3o para cinco euros e garante pagamento integral do sal\u00e1rio em caso de lay-off; a CT realizou quatro plen\u00e1rios, com o \u00faltimo agendado para esta sexta-feira em prepara\u00e7\u00e3o para a vota\u00e7\u00e3o, prevista para quinta e sexta-feira da pr\u00f3xima semana, entre cerca de cinco mil trabalhadores.","og_url":"https:\/\/portaltela.pt\/noticias\/2026\/01\/30\/pre-acordo-na-autoeuropa-preve-aumentos-minimos-de-100-euros\/","og_site_name":"Portal Tela Portugal","article_published_time":"2026-01-30T14:28:07+00:00","author":"Telinha","twitter_card":"summary_large_image","twitter_misc":{"Escrito por":"Telinha","Tempo estimado de leitura":"1 minuto"},"schema":{"@context":"https:\/\/schema.org","@graph":[{"@type":"Article","@id":"https:\/\/portaltela.pt\/noticias\/2026\/01\/30\/pre-acordo-na-autoeuropa-preve-aumentos-minimos-de-100-euros\/#article","isPartOf":{"@id":"https:\/\/portaltela.pt\/noticias\/2026\/01\/30\/pre-acordo-na-autoeuropa-preve-aumentos-minimos-de-100-euros\/"},"author":{"name":"Telinha","@id":"https:\/\/portaltela.pt\/#\/schema\/person\/c4278d4a6028830caff9ee44b42d32ed"},"headline":"Pr\u00e9-acordo na Autoeuropa prev\u00ea aumentos m\u00ednimos de 100 euros","datePublished":"2026-01-30T14:28:07+00:00","mainEntityOfPage":{"@id":"https:\/\/portaltela.pt\/noticias\/2026\/01\/30\/pre-acordo-na-autoeuropa-preve-aumentos-minimos-de-100-euros\/"},"wordCount":280,"image":{"@id":"https:\/\/portaltela.pt\/noticias\/2026\/01\/30\/pre-acordo-na-autoeuropa-preve-aumentos-minimos-de-100-euros\/#primaryimage"},"thumbnailUrl":"https:\/\/portaltela.pt\/s.01k8rhncp4jt1\/2026\/01\/unnamed-file-6109.jpg","keywords":["Apoio Social","emprego","ind\u00fastria","Set\u00fabal","subs\u00eddio de refei\u00e7\u00e3o","trabalho"],"articleSection":["Not\u00edcias"],"inLanguage":"pt-PT"},{"@type":"WebPage","@id":"https:\/\/portaltela.pt\/noticias\/2026\/01\/30\/pre-acordo-na-autoeuropa-preve-aumentos-minimos-de-100-euros\/","url":"https:\/\/portaltela.pt\/noticias\/2026\/01\/30\/pre-acordo-na-autoeuropa-preve-aumentos-minimos-de-100-euros\/","name":"Pr\u00e9-acordo na Autoeuropa prev\u00ea aumentos m\u00ednimos de 100 euros - Portal Tela Portugal","isPartOf":{"@id":"https:\/\/portaltela.pt\/#website"},"primaryImageOfPage":{"@id":"https:\/\/portaltela.pt\/noticias\/2026\/01\/30\/pre-acordo-na-autoeuropa-preve-aumentos-minimos-de-100-euros\/#primaryimage"},"image":{"@id":"https:\/\/portaltela.pt\/noticias\/2026\/01\/30\/pre-acordo-na-autoeuropa-preve-aumentos-minimos-de-100-euros\/#primaryimage"},"thumbnailUrl":"https:\/\/portaltela.pt\/s.01k8rhncp4jt1\/2026\/01\/unnamed-file-6109.jpg","datePublished":"2026-01-30T14:28:07+00:00","author":{"@id":"https:\/\/portaltela.pt\/#\/schema\/person\/c4278d4a6028830caff9ee44b42d32ed"},"breadcrumb":{"@id":"https:\/\/portaltela.pt\/noticias\/2026\/01\/30\/pre-acordo-na-autoeuropa-preve-aumentos-minimos-de-100-euros\/#breadcrumb"},"inLanguage":"pt-PT","potentialAction":[{"@type":"ReadAction","target":["https:\/\/portaltela.pt\/noticias\/2026\/01\/30\/pre-acordo-na-autoeuropa-preve-aumentos-minimos-de-100-euros\/"]}]},{"@type":"ImageObject","inLanguage":"pt-PT","@id":"https:\/\/portaltela.pt\/noticias\/2026\/01\/30\/pre-acordo-na-autoeuropa-preve-aumentos-minimos-de-100-euros\/#primaryimage","url":"https:\/\/portaltela.pt\/s.01k8rhncp4jt1\/2026\/01\/unnamed-file-6109.jpg","contentUrl":"https:\/\/portaltela.pt\/s.01k8rhncp4jt1\/2026\/01\/unnamed-file-6109.jpg","width":796,"height":448,"caption":"Os representantes dos trabalhadores destacam ainda o aumento do subs\u00eddio de refei\u00e7\u00e3o para cinco euros e a garantia de pagamento integral do sal\u00e1rio em caso de recurso ao lay-off"},{"@type":"BreadcrumbList","@id":"https:\/\/portaltela.pt\/noticias\/2026\/01\/30\/pre-acordo-na-autoeuropa-preve-aumentos-minimos-de-100-euros\/#breadcrumb","itemListElement":[{"@type":"ListItem","position":1,"name":"In\u00edcio","item":"https:\/\/portaltela.pt\/"},{"@type":"ListItem","position":2,"name":"Pr\u00e9-acordo na Autoeuropa prev\u00ea aumentos m\u00ednimos de 100 euros"}]},{"@type":"WebSite","@id":"https:\/\/portaltela.pt\/#website","url":"https:\/\/portaltela.pt\/","name":"Portal Tela Portugal","description":"","potentialAction":[{"@type":"SearchAction","target":{"@type":"EntryPoint","urlTemplate":"https:\/\/portaltela.pt\/?s={search_term_string}"},"query-input":{"@type":"PropertyValueSpecification","valueRequired":true,"valueName":"search_term_string"}}],"inLanguage":"pt-PT"},{"@type":"Person","@id":"https:\/\/portaltela.pt\/#\/schema\/person\/c4278d4a6028830caff9ee44b42d32ed","name":"Telinha","image":{"@type":"ImageObject","inLanguage":"pt-PT","@id":"https:\/\/portaltela.pt\/s.01k8rhncp4jt1\/2025\/11\/talking-bot-125x125.png","url":"https:\/\/portaltela.pt\/s.01k8rhncp4jt1\/2025\/11\/talking-bot-125x125.png","contentUrl":"https:\/\/portaltela.pt\/s.01k8rhncp4jt1\/2025\/11\/talking-bot-125x125.png","caption":"Telinha"},"sameAs":["https:\/\/portaltela.pt\/"],"url":"https:\/\/portaltela.pt\/por\/367410592786\/"}]}},"_links":{"self":[{"href":"https:\/\/portaltela.pt\/api\/wp\/v2\/posts\/184274","targetHints":{"allow":["GET"]}}],"collection":[{"href":"https:\/\/portaltela.pt\/api\/wp\/v2\/posts"}],"about":[{"href":"https:\/\/portaltela.pt\/api\/wp\/v2\/types\/post"}],"author":[{"embeddable":true,"href":"https:\/\/portaltela.pt\/api\/wp\/v2\/users\/2"}],"replies":[{"embeddable":true,"href":"https:\/\/portaltela.pt\/api\/wp\/v2\/comments?post=184274"}],"version-history":[{"count":0,"href":"https:\/\/portaltela.pt\/api\/wp\/v2\/posts\/184274\/revisions"}],"wp:featuredmedia":[{"embeddable":true,"href":"https:\/\/portaltela.pt\/api\/wp\/v2\/media\/184285"}],"wp:attachment":[{"href":"https:\/\/portaltela.pt\/api\/wp\/v2\/media?parent=184274"}],"wp:term":[{"taxonomy":"category","embeddable":true,"href":"https:\/\/portaltela.pt\/api\/wp\/v2\/categories?post=184274"},{"taxonomy":"post_tag","embeddable":true,"href":"https:\/\/portaltela.pt\/api\/wp\/v2\/tags?post=184274"}],"curies":[{"name":"wp","href":"https:\/\/api.w.org\/{rel}","templated":true}]}}