{"id":184263,"date":"2026-01-30T11:30:00","date_gmt":"2026-01-30T14:30:00","guid":{"rendered":"https:\/\/portaltela.pt\/noticias\/2026\/01\/30\/parlamento-recomenda-condenar-ameacas-de-trump-a-anexacao-da-gronelandia\/"},"modified":"2026-01-30T11:30:00","modified_gmt":"2026-01-30T14:30:00","slug":"parlamento-recomenda-condenar-ameacas-de-trump-a-anexacao-da-gronelandia","status":"publish","type":"post","link":"https:\/\/portaltela.pt\/noticias\/internacional\/2026\/01\/30\/parlamento-recomenda-condenar-ameacas-de-trump-a-anexacao-da-gronelandia\/","title":{"rendered":"Parlamento recomenda condenar amea\u00e7as de Trump \u00e0 anexa\u00e7\u00e3o da Gronel\u00e2ndia"},"content":{"rendered":"<p>A Assembleia da Rep\u00fablica recomendou hoje ao Governo que condene veementemente as declara\u00e7\u00f5es do Presidente dos EUA, Donald Trump, sobre a anexa\u00e7\u00e3o da Gronel\u00e2ndia, territ\u00f3rio aut\u00f3nomo da Dinamarca. A recomenda\u00e7\u00e3o foi apresentada pelo Bloco de Esquerda e aprovada na sess\u00e3o plen\u00e1ria, com o PSD a votar contra, o CDS-PP a abster-se e as restantes bancadas a favor.<\/p>\n<p>No texto, o parlamento defende que o Governo condene as declara\u00e7\u00f5es de Trump e de membros da sua administra\u00e7\u00e3o, classificando-as como amea\u00e7a \u00e0 soberania nacional e ao direito internacional. Pede tamb\u00e9m o reconhecimento do direito inalien\u00e1vel do povo da Gronel\u00e2ndia \u00e0 autodetermina\u00e7\u00e3o e aos recursos naturais, rejeitando a mercantiliza\u00e7\u00e3o de territ\u00f3rios.<\/p>\n<p>A resolu\u00e7\u00e3o recomenda ainda que o executivo pe\u00e7a ao Conselho Europeu e ao Alto Representante da UE para os Neg\u00f3cios Estrangeiros que a Uni\u00e3o adote uma posi\u00e7\u00e3o firme diplomaticamente. Prop\u00f5e, igualmente, o refor\u00e7o do Conselho do \u00c1rtico como f\u00f3rum principal de gest\u00e3o regional, opondo-se \u00e0 militariza\u00e7\u00e3o e \u00e0 explora\u00e7\u00e3o predat\u00f3ria.<\/p>\n<p>O texto acrescenta que o Governo deve expressar, por canais diplom\u00e1ticos, a solidariedade de Portugal com a Gronel\u00e2ndia e com o Reino da Dinamarca. Trump tem afirmado que o controlo da Gronel\u00e2ndia \u00e9 relevante para a seguran\u00e7a norte-americana, apontando insufici\u00eancia de prote\u00e7\u00e3o por parte da Dinamarca e de parceiros europeus.<\/p>\n<p>No decorrer da sess\u00e3o, o Presidente americano anunciou, na semana passada, em Davos, a cria\u00e7\u00e3o de uma estrutura para um acordo sobre a Gronel\u00e2ndia, ap\u00f3s reuni\u00e3o com o secret\u00e1rio-geral da NATO, Mark Rutte. Tamb\u00e9m suspendeu amea\u00e7as de tarifa\u00e7\u00e3o a pa\u00edses europeus.<\/p>\n<p>Esta manh\u00e3, o BE apresentou uma nova resolu\u00e7\u00e3o, defendendo a condena\u00e7\u00e3o da interven\u00e7\u00e3o militar dos EUA na Venezuela. O texto foi chumbado com votos contra do PSD, Chega e CDS-PP, e absten\u00e7\u00e3o da IL.<\/p>\n","protected":false},"excerpt":{"rendered":"<ul>\n<li>O Parlamento recomenda ao Governo condenar as amea\u00e7as de Donald Trump de anexar a Gronel\u00e2ndia, com o PSD contra a proposta apresentada pelo Bloco de Esquerda.<\/li>\n<li>Pede reconhecer o direito do povo da Gronel\u00e2ndia \u00e0 autodetermina\u00e7\u00e3o e rejeitar a mercantiliza\u00e7\u00e3o de territ\u00f3rios, solicitando uma posi\u00e7\u00e3o firme da Uni\u00e3o Europeia.<\/li>\n<li>Sugere refor\u00e7ar o Conselho do \u00c1rtico como principal f\u00f3rum para a gest\u00e3o da regi\u00e3o, opor-se \u00e0 militariza\u00e7\u00e3o e \u00e0 explora\u00e7\u00e3o predat\u00f3ria por pot\u00eancias externas.<\/li>\n<li>Recomenda expressar solidariedade de Portugal \u00e0 Gronel\u00e2ndia e ao Reino da Dinamarca atrav\u00e9s dos canais diplom\u00e1ticos.<\/li>\n<li>Contexto: Trump, no Davos, tinha mencionado uma estrutura para um acordo sobre a Gronel\u00e2ndia; houve suspens\u00e3o de tarifas e afastamento de interven\u00e7\u00e3o militar, ap\u00f3s semanas de ret\u00f3rica.<\/li>\n<\/ul>\n","protected":false},"author":2,"featured_media":184284,"comment_status":"closed","ping_status":"closed","sticky":false,"template":"","format":"standard","meta":{"footnotes":""},"categories":[4,1],"tags":[4728,2503,1465,1013,2832,27],"class_list":["post-184263","post","type-post","status-publish","format-standard","has-post-thumbnail","hentry","category-internacional","category-noticias","tag-ameaca","tag-dinamarca","tag-direitos-internacionais","tag-gronelandia","tag-politica","tag-relacoes-internacionais"],"yoast_head":"<!-- This site is optimized with the Yoast SEO plugin v27.2 - https:\/\/yoast.com\/product\/yoast-seo-wordpress\/ -->\n<title>Parlamento recomenda condenar amea\u00e7as de Trump \u00e0 anexa\u00e7\u00e3o da Gronel\u00e2ndia - Portal Tela Portugal<\/title>\n<meta name=\"robots\" content=\"index, follow, max-snippet:-1, max-image-preview:large, max-video-preview:-1\" \/>\n<meta property=\"og:locale\" content=\"pt_PT\" \/>\n<meta property=\"og:type\" content=\"article\" \/>\n<meta property=\"og:title\" content=\"Parlamento recomenda condenar amea\u00e7as de Trump \u00e0 anexa\u00e7\u00e3o da Gronel\u00e2ndia - Portal Tela Portugal\" \/>\n<meta property=\"og:description\" content=\"O Parlamento recomenda ao Governo condenar as amea\u00e7as de Donald Trump de anexar a Gronel\u00e2ndia, com o PSD contra a proposta apresentada pelo Bloco de Esquerda. Pede reconhecer o direito do povo da Gronel\u00e2ndia \u00e0 autodetermina\u00e7\u00e3o e rejeitar a mercantiliza\u00e7\u00e3o de territ\u00f3rios, solicitando uma posi\u00e7\u00e3o firme da Uni\u00e3o Europeia. Sugere refor\u00e7ar o Conselho do \u00c1rtico como principal f\u00f3rum para a gest\u00e3o da regi\u00e3o, opor-se \u00e0 militariza\u00e7\u00e3o e \u00e0 explora\u00e7\u00e3o predat\u00f3ria por pot\u00eancias externas. Recomenda expressar solidariedade de Portugal \u00e0 Gronel\u00e2ndia e ao Reino da Dinamarca atrav\u00e9s dos canais diplom\u00e1ticos. Contexto: Trump, no Davos, tinha mencionado uma estrutura para um acordo sobre a Gronel\u00e2ndia; houve suspens\u00e3o de tarifas e afastamento de interven\u00e7\u00e3o militar, ap\u00f3s semanas de ret\u00f3rica.\" \/>\n<meta property=\"og:url\" content=\"https:\/\/portaltela.pt\/noticias\/2026\/01\/30\/parlamento-recomenda-condenar-ameacas-de-trump-a-anexacao-da-gronelandia\/\" \/>\n<meta property=\"og:site_name\" content=\"Portal Tela Portugal\" \/>\n<meta property=\"article:published_time\" content=\"2026-01-30T14:30:00+00:00\" \/>\n<meta name=\"author\" content=\"Telinha\" \/>\n<meta name=\"twitter:card\" content=\"summary_large_image\" \/>\n<meta name=\"twitter:label1\" content=\"Escrito por\" \/>\n\t<meta name=\"twitter:data1\" content=\"Telinha\" \/>\n\t<meta name=\"twitter:label2\" content=\"Tempo estimado de leitura\" \/>\n\t<meta name=\"twitter:data2\" content=\"2 minutos\" \/>\n<script type=\"application\/ld+json\" class=\"yoast-schema-graph\">{\"@context\":\"https:\/\/schema.org\",\"@graph\":[{\"@type\":\"Article\",\"@id\":\"https:\/\/portaltela.pt\/noticias\/2026\/01\/30\/parlamento-recomenda-condenar-ameacas-de-trump-a-anexacao-da-gronelandia\/#article\",\"isPartOf\":{\"@id\":\"https:\/\/portaltela.pt\/noticias\/2026\/01\/30\/parlamento-recomenda-condenar-ameacas-de-trump-a-anexacao-da-gronelandia\/\"},\"author\":{\"name\":\"Telinha\",\"@id\":\"https:\/\/portaltela.pt\/#\/schema\/person\/c4278d4a6028830caff9ee44b42d32ed\"},\"headline\":\"Parlamento recomenda condenar amea\u00e7as de Trump \u00e0 anexa\u00e7\u00e3o da Gronel\u00e2ndia\",\"datePublished\":\"2026-01-30T14:30:00+00:00\",\"mainEntityOfPage\":{\"@id\":\"https:\/\/portaltela.pt\/noticias\/2026\/01\/30\/parlamento-recomenda-condenar-ameacas-de-trump-a-anexacao-da-gronelandia\/\"},\"wordCount\":340,\"image\":{\"@id\":\"https:\/\/portaltela.pt\/noticias\/2026\/01\/30\/parlamento-recomenda-condenar-ameacas-de-trump-a-anexacao-da-gronelandia\/#primaryimage\"},\"thumbnailUrl\":\"https:\/\/portaltela.pt\/s.01k8rhncp4jt1\/2026\/01\/unnamed-file-6109.jpg\",\"keywords\":[\"amea\u00e7a\",\"Dinamarca\",\"direitos internacionais\",\"Gronel\u00e2ndia\",\"pol\u00edtica\",\"rela\u00e7\u00f5es internacionais\"],\"articleSection\":[\"Internacional\",\"Not\u00edcias\"],\"inLanguage\":\"pt-PT\"},{\"@type\":\"WebPage\",\"@id\":\"https:\/\/portaltela.pt\/noticias\/2026\/01\/30\/parlamento-recomenda-condenar-ameacas-de-trump-a-anexacao-da-gronelandia\/\",\"url\":\"https:\/\/portaltela.pt\/noticias\/2026\/01\/30\/parlamento-recomenda-condenar-ameacas-de-trump-a-anexacao-da-gronelandia\/\",\"name\":\"Parlamento recomenda condenar amea\u00e7as de Trump \u00e0 anexa\u00e7\u00e3o da Gronel\u00e2ndia - Portal Tela Portugal\",\"isPartOf\":{\"@id\":\"https:\/\/portaltela.pt\/#website\"},\"primaryImageOfPage\":{\"@id\":\"https:\/\/portaltela.pt\/noticias\/2026\/01\/30\/parlamento-recomenda-condenar-ameacas-de-trump-a-anexacao-da-gronelandia\/#primaryimage\"},\"image\":{\"@id\":\"https:\/\/portaltela.pt\/noticias\/2026\/01\/30\/parlamento-recomenda-condenar-ameacas-de-trump-a-anexacao-da-gronelandia\/#primaryimage\"},\"thumbnailUrl\":\"https:\/\/portaltela.pt\/s.01k8rhncp4jt1\/2026\/01\/unnamed-file-6109.jpg\",\"datePublished\":\"2026-01-30T14:30:00+00:00\",\"author\":{\"@id\":\"https:\/\/portaltela.pt\/#\/schema\/person\/c4278d4a6028830caff9ee44b42d32ed\"},\"breadcrumb\":{\"@id\":\"https:\/\/portaltela.pt\/noticias\/2026\/01\/30\/parlamento-recomenda-condenar-ameacas-de-trump-a-anexacao-da-gronelandia\/#breadcrumb\"},\"inLanguage\":\"pt-PT\",\"potentialAction\":[{\"@type\":\"ReadAction\",\"target\":[\"https:\/\/portaltela.pt\/noticias\/2026\/01\/30\/parlamento-recomenda-condenar-ameacas-de-trump-a-anexacao-da-gronelandia\/\"]}]},{\"@type\":\"ImageObject\",\"inLanguage\":\"pt-PT\",\"@id\":\"https:\/\/portaltela.pt\/noticias\/2026\/01\/30\/parlamento-recomenda-condenar-ameacas-de-trump-a-anexacao-da-gronelandia\/#primaryimage\",\"url\":\"https:\/\/portaltela.pt\/s.01k8rhncp4jt1\/2026\/01\/unnamed-file-6109.jpg\",\"contentUrl\":\"https:\/\/portaltela.pt\/s.01k8rhncp4jt1\/2026\/01\/unnamed-file-6109.jpg\",\"width\":796,\"height\":448,\"caption\":\"Parlamento recomenda ao Governo que condene amea\u00e7as de Trump de anexa\u00e7\u00e3o da Gronel\u00e2ndia\"},{\"@type\":\"BreadcrumbList\",\"@id\":\"https:\/\/portaltela.pt\/noticias\/2026\/01\/30\/parlamento-recomenda-condenar-ameacas-de-trump-a-anexacao-da-gronelandia\/#breadcrumb\",\"itemListElement\":[{\"@type\":\"ListItem\",\"position\":1,\"name\":\"In\u00edcio\",\"item\":\"https:\/\/portaltela.pt\/\"},{\"@type\":\"ListItem\",\"position\":2,\"name\":\"Parlamento recomenda condenar amea\u00e7as de Trump \u00e0 anexa\u00e7\u00e3o da Gronel\u00e2ndia\"}]},{\"@type\":\"WebSite\",\"@id\":\"https:\/\/portaltela.pt\/#website\",\"url\":\"https:\/\/portaltela.pt\/\",\"name\":\"Portal Tela Portugal\",\"description\":\"\",\"potentialAction\":[{\"@type\":\"SearchAction\",\"target\":{\"@type\":\"EntryPoint\",\"urlTemplate\":\"https:\/\/portaltela.pt\/?s={search_term_string}\"},\"query-input\":{\"@type\":\"PropertyValueSpecification\",\"valueRequired\":true,\"valueName\":\"search_term_string\"}}],\"inLanguage\":\"pt-PT\"},{\"@type\":\"Person\",\"@id\":\"https:\/\/portaltela.pt\/#\/schema\/person\/c4278d4a6028830caff9ee44b42d32ed\",\"name\":\"Telinha\",\"image\":{\"@type\":\"ImageObject\",\"inLanguage\":\"pt-PT\",\"@id\":\"https:\/\/portaltela.pt\/s.01k8rhncp4jt1\/2025\/11\/talking-bot-125x125.png\",\"url\":\"https:\/\/portaltela.pt\/s.01k8rhncp4jt1\/2025\/11\/talking-bot-125x125.png\",\"contentUrl\":\"https:\/\/portaltela.pt\/s.01k8rhncp4jt1\/2025\/11\/talking-bot-125x125.png\",\"caption\":\"Telinha\"},\"sameAs\":[\"https:\/\/portaltela.pt\/\"],\"url\":\"https:\/\/portaltela.pt\/por\/367410592786\/\"}]}<\/script>\n<!-- \/ Yoast SEO plugin. -->","yoast_head_json":{"title":"Parlamento recomenda condenar amea\u00e7as de Trump \u00e0 anexa\u00e7\u00e3o da Gronel\u00e2ndia - Portal Tela Portugal","robots":{"index":"index","follow":"follow","max-snippet":"max-snippet:-1","max-image-preview":"max-image-preview:large","max-video-preview":"max-video-preview:-1"},"og_locale":"pt_PT","og_type":"article","og_title":"Parlamento recomenda condenar amea\u00e7as de Trump \u00e0 anexa\u00e7\u00e3o da Gronel\u00e2ndia - Portal Tela Portugal","og_description":"O Parlamento recomenda ao Governo condenar as amea\u00e7as de Donald Trump de anexar a Gronel\u00e2ndia, com o PSD contra a proposta apresentada pelo Bloco de Esquerda. Pede reconhecer o direito do povo da Gronel\u00e2ndia \u00e0 autodetermina\u00e7\u00e3o e rejeitar a mercantiliza\u00e7\u00e3o de territ\u00f3rios, solicitando uma posi\u00e7\u00e3o firme da Uni\u00e3o Europeia. Sugere refor\u00e7ar o Conselho do \u00c1rtico como principal f\u00f3rum para a gest\u00e3o da regi\u00e3o, opor-se \u00e0 militariza\u00e7\u00e3o e \u00e0 explora\u00e7\u00e3o predat\u00f3ria por pot\u00eancias externas. Recomenda expressar solidariedade de Portugal \u00e0 Gronel\u00e2ndia e ao Reino da Dinamarca atrav\u00e9s dos canais diplom\u00e1ticos. Contexto: Trump, no Davos, tinha mencionado uma estrutura para um acordo sobre a Gronel\u00e2ndia; houve suspens\u00e3o de tarifas e afastamento de interven\u00e7\u00e3o militar, ap\u00f3s semanas de ret\u00f3rica.","og_url":"https:\/\/portaltela.pt\/noticias\/2026\/01\/30\/parlamento-recomenda-condenar-ameacas-de-trump-a-anexacao-da-gronelandia\/","og_site_name":"Portal Tela Portugal","article_published_time":"2026-01-30T14:30:00+00:00","author":"Telinha","twitter_card":"summary_large_image","twitter_misc":{"Escrito por":"Telinha","Tempo estimado de leitura":"2 minutos"},"schema":{"@context":"https:\/\/schema.org","@graph":[{"@type":"Article","@id":"https:\/\/portaltela.pt\/noticias\/2026\/01\/30\/parlamento-recomenda-condenar-ameacas-de-trump-a-anexacao-da-gronelandia\/#article","isPartOf":{"@id":"https:\/\/portaltela.pt\/noticias\/2026\/01\/30\/parlamento-recomenda-condenar-ameacas-de-trump-a-anexacao-da-gronelandia\/"},"author":{"name":"Telinha","@id":"https:\/\/portaltela.pt\/#\/schema\/person\/c4278d4a6028830caff9ee44b42d32ed"},"headline":"Parlamento recomenda condenar amea\u00e7as de Trump \u00e0 anexa\u00e7\u00e3o da Gronel\u00e2ndia","datePublished":"2026-01-30T14:30:00+00:00","mainEntityOfPage":{"@id":"https:\/\/portaltela.pt\/noticias\/2026\/01\/30\/parlamento-recomenda-condenar-ameacas-de-trump-a-anexacao-da-gronelandia\/"},"wordCount":340,"image":{"@id":"https:\/\/portaltela.pt\/noticias\/2026\/01\/30\/parlamento-recomenda-condenar-ameacas-de-trump-a-anexacao-da-gronelandia\/#primaryimage"},"thumbnailUrl":"https:\/\/portaltela.pt\/s.01k8rhncp4jt1\/2026\/01\/unnamed-file-6109.jpg","keywords":["amea\u00e7a","Dinamarca","direitos internacionais","Gronel\u00e2ndia","pol\u00edtica","rela\u00e7\u00f5es internacionais"],"articleSection":["Internacional","Not\u00edcias"],"inLanguage":"pt-PT"},{"@type":"WebPage","@id":"https:\/\/portaltela.pt\/noticias\/2026\/01\/30\/parlamento-recomenda-condenar-ameacas-de-trump-a-anexacao-da-gronelandia\/","url":"https:\/\/portaltela.pt\/noticias\/2026\/01\/30\/parlamento-recomenda-condenar-ameacas-de-trump-a-anexacao-da-gronelandia\/","name":"Parlamento recomenda condenar amea\u00e7as de Trump \u00e0 anexa\u00e7\u00e3o da Gronel\u00e2ndia - Portal Tela Portugal","isPartOf":{"@id":"https:\/\/portaltela.pt\/#website"},"primaryImageOfPage":{"@id":"https:\/\/portaltela.pt\/noticias\/2026\/01\/30\/parlamento-recomenda-condenar-ameacas-de-trump-a-anexacao-da-gronelandia\/#primaryimage"},"image":{"@id":"https:\/\/portaltela.pt\/noticias\/2026\/01\/30\/parlamento-recomenda-condenar-ameacas-de-trump-a-anexacao-da-gronelandia\/#primaryimage"},"thumbnailUrl":"https:\/\/portaltela.pt\/s.01k8rhncp4jt1\/2026\/01\/unnamed-file-6109.jpg","datePublished":"2026-01-30T14:30:00+00:00","author":{"@id":"https:\/\/portaltela.pt\/#\/schema\/person\/c4278d4a6028830caff9ee44b42d32ed"},"breadcrumb":{"@id":"https:\/\/portaltela.pt\/noticias\/2026\/01\/30\/parlamento-recomenda-condenar-ameacas-de-trump-a-anexacao-da-gronelandia\/#breadcrumb"},"inLanguage":"pt-PT","potentialAction":[{"@type":"ReadAction","target":["https:\/\/portaltela.pt\/noticias\/2026\/01\/30\/parlamento-recomenda-condenar-ameacas-de-trump-a-anexacao-da-gronelandia\/"]}]},{"@type":"ImageObject","inLanguage":"pt-PT","@id":"https:\/\/portaltela.pt\/noticias\/2026\/01\/30\/parlamento-recomenda-condenar-ameacas-de-trump-a-anexacao-da-gronelandia\/#primaryimage","url":"https:\/\/portaltela.pt\/s.01k8rhncp4jt1\/2026\/01\/unnamed-file-6109.jpg","contentUrl":"https:\/\/portaltela.pt\/s.01k8rhncp4jt1\/2026\/01\/unnamed-file-6109.jpg","width":796,"height":448,"caption":"Parlamento recomenda ao Governo que condene amea\u00e7as de Trump de anexa\u00e7\u00e3o da Gronel\u00e2ndia"},{"@type":"BreadcrumbList","@id":"https:\/\/portaltela.pt\/noticias\/2026\/01\/30\/parlamento-recomenda-condenar-ameacas-de-trump-a-anexacao-da-gronelandia\/#breadcrumb","itemListElement":[{"@type":"ListItem","position":1,"name":"In\u00edcio","item":"https:\/\/portaltela.pt\/"},{"@type":"ListItem","position":2,"name":"Parlamento recomenda condenar amea\u00e7as de Trump \u00e0 anexa\u00e7\u00e3o da Gronel\u00e2ndia"}]},{"@type":"WebSite","@id":"https:\/\/portaltela.pt\/#website","url":"https:\/\/portaltela.pt\/","name":"Portal Tela Portugal","description":"","potentialAction":[{"@type":"SearchAction","target":{"@type":"EntryPoint","urlTemplate":"https:\/\/portaltela.pt\/?s={search_term_string}"},"query-input":{"@type":"PropertyValueSpecification","valueRequired":true,"valueName":"search_term_string"}}],"inLanguage":"pt-PT"},{"@type":"Person","@id":"https:\/\/portaltela.pt\/#\/schema\/person\/c4278d4a6028830caff9ee44b42d32ed","name":"Telinha","image":{"@type":"ImageObject","inLanguage":"pt-PT","@id":"https:\/\/portaltela.pt\/s.01k8rhncp4jt1\/2025\/11\/talking-bot-125x125.png","url":"https:\/\/portaltela.pt\/s.01k8rhncp4jt1\/2025\/11\/talking-bot-125x125.png","contentUrl":"https:\/\/portaltela.pt\/s.01k8rhncp4jt1\/2025\/11\/talking-bot-125x125.png","caption":"Telinha"},"sameAs":["https:\/\/portaltela.pt\/"],"url":"https:\/\/portaltela.pt\/por\/367410592786\/"}]}},"_links":{"self":[{"href":"https:\/\/portaltela.pt\/api\/wp\/v2\/posts\/184263","targetHints":{"allow":["GET"]}}],"collection":[{"href":"https:\/\/portaltela.pt\/api\/wp\/v2\/posts"}],"about":[{"href":"https:\/\/portaltela.pt\/api\/wp\/v2\/types\/post"}],"author":[{"embeddable":true,"href":"https:\/\/portaltela.pt\/api\/wp\/v2\/users\/2"}],"replies":[{"embeddable":true,"href":"https:\/\/portaltela.pt\/api\/wp\/v2\/comments?post=184263"}],"version-history":[{"count":0,"href":"https:\/\/portaltela.pt\/api\/wp\/v2\/posts\/184263\/revisions"}],"wp:featuredmedia":[{"embeddable":true,"href":"https:\/\/portaltela.pt\/api\/wp\/v2\/media\/184284"}],"wp:attachment":[{"href":"https:\/\/portaltela.pt\/api\/wp\/v2\/media?parent=184263"}],"wp:term":[{"taxonomy":"category","embeddable":true,"href":"https:\/\/portaltela.pt\/api\/wp\/v2\/categories?post=184263"},{"taxonomy":"post_tag","embeddable":true,"href":"https:\/\/portaltela.pt\/api\/wp\/v2\/tags?post=184263"}],"curies":[{"name":"wp","href":"https:\/\/api.w.org\/{rel}","templated":true}]}}