{"id":184245,"date":"2026-01-30T11:24:00","date_gmt":"2026-01-30T14:24:00","guid":{"rendered":"https:\/\/portaltela.pt\/noticias\/2026\/01\/30\/parlamento-portugues-condena-golpe-de-estado-na-guine-bissau-2\/"},"modified":"2026-01-30T11:24:00","modified_gmt":"2026-01-30T14:24:00","slug":"parlamento-portugues-condena-golpe-de-estado-na-guine-bissau-2","status":"publish","type":"post","link":"https:\/\/portaltela.pt\/noticias\/internacional\/2026\/01\/30\/parlamento-portugues-condena-golpe-de-estado-na-guine-bissau-2\/","title":{"rendered":"Parlamento portugu\u00eas condena golpe de Estado na Guin\u00e9-Bissau"},"content":{"rendered":"<p>A Assembleia da Rep\u00fablica condenou hoje o golpe de Estado na Guin\u00e9-Bissau, apelando \u00e0 cessa\u00e7\u00e3o da viol\u00eancia, \u00e0 reposi\u00e7\u00e3o da normalidade constitucional e \u00e0 liberta\u00e7\u00e3o incondicional de todos os detidos. O an\u00fancio foi feito por meio de um projeto de resolu\u00e7\u00e3o.<\/p>\n<p>O texto foi apresentado pela deputada \u00fanica do PAN e aprovado com o voto favor\u00e1vel de todas as bancadas. Nele, os deputados reiteram a condena\u00e7\u00e3o do golpe ocorrido a 26 de novembro de 2025 e das pris\u00f5es arbitr\u00e1rias de v\u00e1rias figuras pol\u00edticas e judiciais.<\/p>\n<p>Condenam ainda a deten\u00e7\u00e3o de Domingos Sim\u00f5es Pereira, presidente da Assembleia Nacional Popular, e de opositores como Oct\u00e1vio Lopes, Roberto M\u2019Besba e Marciano Indi, al\u00e9m de magistrados e membros de comiss\u00f5es eleitorais. Pedem prote\u00e7\u00e3o aos direitos fundamentais.<\/p>\n<h3>Contexto pol\u00edtico e desdobramentos<\/h3>\n<p>O golpe ocorreu na v\u00e9spera do an\u00fancio provis\u00f3rio de resultados das elei\u00e7\u00f5es de 23 de novembro. O Alto Comando Militar destituiu o Presidente Umaro Sissoco Embal\u00f3, suspendeu o processo eleitoral e anunciou novas elei\u00e7\u00f5es para 6 de dezembro, alegando risco de guerra civil.<\/p>\n<p>Portugal pediu a cessa\u00e7\u00e3o da viol\u00eancia e a reposi\u00e7\u00e3o da normalidade constitucional, com solu\u00e7\u00e3o mediada que inclua a oposi\u00e7\u00e3o. Tamb\u00e9m foi solicitada a divulga\u00e7\u00e3o dos resultados das elei\u00e7\u00f5es presidenciais.<\/p>\n<p>As institui\u00e7\u00f5es internacionais suspenderam a Guin\u00e9-Bissau, incluindo a Uni\u00e3o Africana, a CEDEAO e a CPLP, que assumiu a presid\u00eancia rotativa da CPLP por Timor-Leste. A comunidade internacional exorta \u00e0 liberta\u00e7\u00e3o de presos pol\u00edticos e ao regresso \u00e0 ordem democr\u00e1tica.<\/p>\n<p>A cobertura jornal\u00edstica em Guin\u00e9-Bissau mant\u00e9m-se est\u00e1vel em Portugal, com a ag\u00eancia Lusa a indicar que a delega\u00e7\u00e3o est\u00e1 suspensa no pa\u00eds desde agosto, e que a cobertura continua a partir de territ\u00f3rio estrangeiro.<\/p>\n","protected":false},"excerpt":{"rendered":"<ul>\n<li>A Assembleia da Rep\u00fablica aprovou uma resolu\u00e7\u00e3o que condena o golpe de Estado ocorrido na Guin\u00e9-Bissau no dia 26 de novembro de 2025 e pede cessa\u00e7\u00e3o da viol\u00eancia e reposi\u00e7\u00e3o da normalidade constitucional.<\/li>\n<li>O texto, apresentado pela deputada \u00fanica do Pessoas, Animais e Natureza (PAN), foi aprovado com o voto favor\u00e1vel de todas as bancadas.<\/li>\n<li>Solicita a liberta\u00e7\u00e3o imediata e incondicional de todos os detidos, incluindo o Presidente da Assembleia Nacional Popular da Guin\u00e9-Bissau, Domingos Sim\u00f5es Pereira, e outros membros da oposi\u00e7\u00e3o e magistrados.<\/li>\n<li>O parlamento apela a uma solu\u00e7\u00e3o mediada que assegure estabilidade pol\u00edtica duradoura e envolve os partidos da oposi\u00e7\u00e3o, pedindo ainda a divulga\u00e7\u00e3o dos resultados das elei\u00e7\u00f5es presidenciais de 23 de novembro.<\/li>\n<li>A Guin\u00e9-Bissau enfrenta suspens\u00e3o de organiza\u00e7\u00f5es internacionais como a Uni\u00e3o Africana, CEDEAO e CPLP; o Alto Comando Militar anunciou novas elei\u00e7\u00f5es para 6 de dezembro e invocou o risco de guerra civil.<\/li>\n<\/ul>\n","protected":false},"author":2,"featured_media":184287,"comment_status":"closed","ping_status":"closed","sticky":false,"template":"","format":"standard","meta":{"footnotes":""},"categories":[4,1],"tags":[637,4768,3566,466,2832,1014],"class_list":["post-184245","post","type-post","status-publish","format-standard","has-post-thumbnail","hentry","category-internacional","category-noticias","tag-assuntos-internacionais","tag-cedeao","tag-cplp","tag-organizacao-internacional","tag-politica","tag-portugal"],"yoast_head":"<!-- This site is optimized with the Yoast SEO plugin v27.2 - https:\/\/yoast.com\/product\/yoast-seo-wordpress\/ -->\n<title>Parlamento portugu\u00eas condena golpe de Estado na Guin\u00e9-Bissau - Portal Tela Portugal<\/title>\n<meta name=\"robots\" content=\"index, follow, max-snippet:-1, max-image-preview:large, max-video-preview:-1\" \/>\n<meta property=\"og:locale\" content=\"pt_PT\" \/>\n<meta property=\"og:type\" content=\"article\" \/>\n<meta property=\"og:title\" content=\"Parlamento portugu\u00eas condena golpe de Estado na Guin\u00e9-Bissau - Portal Tela Portugal\" \/>\n<meta property=\"og:description\" content=\"A Assembleia da Rep\u00fablica aprovou uma resolu\u00e7\u00e3o que condena o golpe de Estado ocorrido na Guin\u00e9-Bissau no dia 26 de novembro de 2025 e pede cessa\u00e7\u00e3o da viol\u00eancia e reposi\u00e7\u00e3o da normalidade constitucional. O texto, apresentado pela deputada \u00fanica do Pessoas, Animais e Natureza (PAN), foi aprovado com o voto favor\u00e1vel de todas as bancadas. Solicita a liberta\u00e7\u00e3o imediata e incondicional de todos os detidos, incluindo o Presidente da Assembleia Nacional Popular da Guin\u00e9-Bissau, Domingos Sim\u00f5es Pereira, e outros membros da oposi\u00e7\u00e3o e magistrados. O parlamento apela a uma solu\u00e7\u00e3o mediada que assegure estabilidade pol\u00edtica duradoura e envolve os partidos da oposi\u00e7\u00e3o, pedindo ainda a divulga\u00e7\u00e3o dos resultados das elei\u00e7\u00f5es presidenciais de 23 de novembro. A Guin\u00e9-Bissau enfrenta suspens\u00e3o de organiza\u00e7\u00f5es internacionais como a Uni\u00e3o Africana, CEDEAO e CPLP; o Alto Comando Militar anunciou novas elei\u00e7\u00f5es para 6 de dezembro e invocou o risco de guerra civil.\" \/>\n<meta property=\"og:url\" content=\"https:\/\/portaltela.pt\/noticias\/2026\/01\/30\/parlamento-portugues-condena-golpe-de-estado-na-guine-bissau-2\/\" \/>\n<meta property=\"og:site_name\" content=\"Portal Tela Portugal\" \/>\n<meta property=\"article:published_time\" content=\"2026-01-30T14:24:00+00:00\" \/>\n<meta name=\"author\" content=\"Telinha\" \/>\n<meta name=\"twitter:card\" content=\"summary_large_image\" \/>\n<meta name=\"twitter:label1\" content=\"Escrito por\" \/>\n\t<meta name=\"twitter:data1\" content=\"Telinha\" \/>\n\t<meta name=\"twitter:label2\" content=\"Tempo estimado de leitura\" \/>\n\t<meta name=\"twitter:data2\" content=\"2 minutos\" \/>\n<script type=\"application\/ld+json\" class=\"yoast-schema-graph\">{\"@context\":\"https:\/\/schema.org\",\"@graph\":[{\"@type\":\"Article\",\"@id\":\"https:\/\/portaltela.pt\/noticias\/2026\/01\/30\/parlamento-portugues-condena-golpe-de-estado-na-guine-bissau-2\/#article\",\"isPartOf\":{\"@id\":\"https:\/\/portaltela.pt\/noticias\/2026\/01\/30\/parlamento-portugues-condena-golpe-de-estado-na-guine-bissau-2\/\"},\"author\":{\"name\":\"Telinha\",\"@id\":\"https:\/\/portaltela.pt\/#\/schema\/person\/c4278d4a6028830caff9ee44b42d32ed\"},\"headline\":\"Parlamento portugu\u00eas condena golpe de Estado na Guin\u00e9-Bissau\",\"datePublished\":\"2026-01-30T14:24:00+00:00\",\"mainEntityOfPage\":{\"@id\":\"https:\/\/portaltela.pt\/noticias\/2026\/01\/30\/parlamento-portugues-condena-golpe-de-estado-na-guine-bissau-2\/\"},\"wordCount\":322,\"image\":{\"@id\":\"https:\/\/portaltela.pt\/noticias\/2026\/01\/30\/parlamento-portugues-condena-golpe-de-estado-na-guine-bissau-2\/#primaryimage\"},\"thumbnailUrl\":\"https:\/\/portaltela.pt\/s.01k8rhncp4jt1\/2026\/01\/unnamed-file-6110.jpg\",\"keywords\":[\"assuntos internacionais\",\"CEDEAO\",\"CPLP\",\"organiza\u00e7\u00e3o internacional\",\"pol\u00edtica\",\"Portugal\"],\"articleSection\":[\"Internacional\",\"Not\u00edcias\"],\"inLanguage\":\"pt-PT\"},{\"@type\":\"WebPage\",\"@id\":\"https:\/\/portaltela.pt\/noticias\/2026\/01\/30\/parlamento-portugues-condena-golpe-de-estado-na-guine-bissau-2\/\",\"url\":\"https:\/\/portaltela.pt\/noticias\/2026\/01\/30\/parlamento-portugues-condena-golpe-de-estado-na-guine-bissau-2\/\",\"name\":\"Parlamento portugu\u00eas condena golpe de Estado na Guin\u00e9-Bissau - Portal Tela Portugal\",\"isPartOf\":{\"@id\":\"https:\/\/portaltela.pt\/#website\"},\"primaryImageOfPage\":{\"@id\":\"https:\/\/portaltela.pt\/noticias\/2026\/01\/30\/parlamento-portugues-condena-golpe-de-estado-na-guine-bissau-2\/#primaryimage\"},\"image\":{\"@id\":\"https:\/\/portaltela.pt\/noticias\/2026\/01\/30\/parlamento-portugues-condena-golpe-de-estado-na-guine-bissau-2\/#primaryimage\"},\"thumbnailUrl\":\"https:\/\/portaltela.pt\/s.01k8rhncp4jt1\/2026\/01\/unnamed-file-6110.jpg\",\"datePublished\":\"2026-01-30T14:24:00+00:00\",\"author\":{\"@id\":\"https:\/\/portaltela.pt\/#\/schema\/person\/c4278d4a6028830caff9ee44b42d32ed\"},\"breadcrumb\":{\"@id\":\"https:\/\/portaltela.pt\/noticias\/2026\/01\/30\/parlamento-portugues-condena-golpe-de-estado-na-guine-bissau-2\/#breadcrumb\"},\"inLanguage\":\"pt-PT\",\"potentialAction\":[{\"@type\":\"ReadAction\",\"target\":[\"https:\/\/portaltela.pt\/noticias\/2026\/01\/30\/parlamento-portugues-condena-golpe-de-estado-na-guine-bissau-2\/\"]}]},{\"@type\":\"ImageObject\",\"inLanguage\":\"pt-PT\",\"@id\":\"https:\/\/portaltela.pt\/noticias\/2026\/01\/30\/parlamento-portugues-condena-golpe-de-estado-na-guine-bissau-2\/#primaryimage\",\"url\":\"https:\/\/portaltela.pt\/s.01k8rhncp4jt1\/2026\/01\/unnamed-file-6110.jpg\",\"contentUrl\":\"https:\/\/portaltela.pt\/s.01k8rhncp4jt1\/2026\/01\/unnamed-file-6110.jpg\",\"width\":796,\"height\":448,\"caption\":\"Parlamento portugu\u00eas condena golpe de Estado na Guin\u00e9-Bissau\"},{\"@type\":\"BreadcrumbList\",\"@id\":\"https:\/\/portaltela.pt\/noticias\/2026\/01\/30\/parlamento-portugues-condena-golpe-de-estado-na-guine-bissau-2\/#breadcrumb\",\"itemListElement\":[{\"@type\":\"ListItem\",\"position\":1,\"name\":\"In\u00edcio\",\"item\":\"https:\/\/portaltela.pt\/\"},{\"@type\":\"ListItem\",\"position\":2,\"name\":\"Parlamento portugu\u00eas condena golpe de Estado na Guin\u00e9-Bissau\"}]},{\"@type\":\"WebSite\",\"@id\":\"https:\/\/portaltela.pt\/#website\",\"url\":\"https:\/\/portaltela.pt\/\",\"name\":\"Portal Tela Portugal\",\"description\":\"\",\"potentialAction\":[{\"@type\":\"SearchAction\",\"target\":{\"@type\":\"EntryPoint\",\"urlTemplate\":\"https:\/\/portaltela.pt\/?s={search_term_string}\"},\"query-input\":{\"@type\":\"PropertyValueSpecification\",\"valueRequired\":true,\"valueName\":\"search_term_string\"}}],\"inLanguage\":\"pt-PT\"},{\"@type\":\"Person\",\"@id\":\"https:\/\/portaltela.pt\/#\/schema\/person\/c4278d4a6028830caff9ee44b42d32ed\",\"name\":\"Telinha\",\"image\":{\"@type\":\"ImageObject\",\"inLanguage\":\"pt-PT\",\"@id\":\"https:\/\/portaltela.pt\/s.01k8rhncp4jt1\/2025\/11\/talking-bot-125x125.png\",\"url\":\"https:\/\/portaltela.pt\/s.01k8rhncp4jt1\/2025\/11\/talking-bot-125x125.png\",\"contentUrl\":\"https:\/\/portaltela.pt\/s.01k8rhncp4jt1\/2025\/11\/talking-bot-125x125.png\",\"caption\":\"Telinha\"},\"sameAs\":[\"https:\/\/portaltela.pt\/\"],\"url\":\"https:\/\/portaltela.pt\/por\/367410592786\/\"}]}<\/script>\n<!-- \/ Yoast SEO plugin. -->","yoast_head_json":{"title":"Parlamento portugu\u00eas condena golpe de Estado na Guin\u00e9-Bissau - Portal Tela Portugal","robots":{"index":"index","follow":"follow","max-snippet":"max-snippet:-1","max-image-preview":"max-image-preview:large","max-video-preview":"max-video-preview:-1"},"og_locale":"pt_PT","og_type":"article","og_title":"Parlamento portugu\u00eas condena golpe de Estado na Guin\u00e9-Bissau - Portal Tela Portugal","og_description":"A Assembleia da Rep\u00fablica aprovou uma resolu\u00e7\u00e3o que condena o golpe de Estado ocorrido na Guin\u00e9-Bissau no dia 26 de novembro de 2025 e pede cessa\u00e7\u00e3o da viol\u00eancia e reposi\u00e7\u00e3o da normalidade constitucional. O texto, apresentado pela deputada \u00fanica do Pessoas, Animais e Natureza (PAN), foi aprovado com o voto favor\u00e1vel de todas as bancadas. Solicita a liberta\u00e7\u00e3o imediata e incondicional de todos os detidos, incluindo o Presidente da Assembleia Nacional Popular da Guin\u00e9-Bissau, Domingos Sim\u00f5es Pereira, e outros membros da oposi\u00e7\u00e3o e magistrados. O parlamento apela a uma solu\u00e7\u00e3o mediada que assegure estabilidade pol\u00edtica duradoura e envolve os partidos da oposi\u00e7\u00e3o, pedindo ainda a divulga\u00e7\u00e3o dos resultados das elei\u00e7\u00f5es presidenciais de 23 de novembro. A Guin\u00e9-Bissau enfrenta suspens\u00e3o de organiza\u00e7\u00f5es internacionais como a Uni\u00e3o Africana, CEDEAO e CPLP; o Alto Comando Militar anunciou novas elei\u00e7\u00f5es para 6 de dezembro e invocou o risco de guerra civil.","og_url":"https:\/\/portaltela.pt\/noticias\/2026\/01\/30\/parlamento-portugues-condena-golpe-de-estado-na-guine-bissau-2\/","og_site_name":"Portal Tela Portugal","article_published_time":"2026-01-30T14:24:00+00:00","author":"Telinha","twitter_card":"summary_large_image","twitter_misc":{"Escrito por":"Telinha","Tempo estimado de leitura":"2 minutos"},"schema":{"@context":"https:\/\/schema.org","@graph":[{"@type":"Article","@id":"https:\/\/portaltela.pt\/noticias\/2026\/01\/30\/parlamento-portugues-condena-golpe-de-estado-na-guine-bissau-2\/#article","isPartOf":{"@id":"https:\/\/portaltela.pt\/noticias\/2026\/01\/30\/parlamento-portugues-condena-golpe-de-estado-na-guine-bissau-2\/"},"author":{"name":"Telinha","@id":"https:\/\/portaltela.pt\/#\/schema\/person\/c4278d4a6028830caff9ee44b42d32ed"},"headline":"Parlamento portugu\u00eas condena golpe de Estado na Guin\u00e9-Bissau","datePublished":"2026-01-30T14:24:00+00:00","mainEntityOfPage":{"@id":"https:\/\/portaltela.pt\/noticias\/2026\/01\/30\/parlamento-portugues-condena-golpe-de-estado-na-guine-bissau-2\/"},"wordCount":322,"image":{"@id":"https:\/\/portaltela.pt\/noticias\/2026\/01\/30\/parlamento-portugues-condena-golpe-de-estado-na-guine-bissau-2\/#primaryimage"},"thumbnailUrl":"https:\/\/portaltela.pt\/s.01k8rhncp4jt1\/2026\/01\/unnamed-file-6110.jpg","keywords":["assuntos internacionais","CEDEAO","CPLP","organiza\u00e7\u00e3o internacional","pol\u00edtica","Portugal"],"articleSection":["Internacional","Not\u00edcias"],"inLanguage":"pt-PT"},{"@type":"WebPage","@id":"https:\/\/portaltela.pt\/noticias\/2026\/01\/30\/parlamento-portugues-condena-golpe-de-estado-na-guine-bissau-2\/","url":"https:\/\/portaltela.pt\/noticias\/2026\/01\/30\/parlamento-portugues-condena-golpe-de-estado-na-guine-bissau-2\/","name":"Parlamento portugu\u00eas condena golpe de Estado na Guin\u00e9-Bissau - Portal Tela Portugal","isPartOf":{"@id":"https:\/\/portaltela.pt\/#website"},"primaryImageOfPage":{"@id":"https:\/\/portaltela.pt\/noticias\/2026\/01\/30\/parlamento-portugues-condena-golpe-de-estado-na-guine-bissau-2\/#primaryimage"},"image":{"@id":"https:\/\/portaltela.pt\/noticias\/2026\/01\/30\/parlamento-portugues-condena-golpe-de-estado-na-guine-bissau-2\/#primaryimage"},"thumbnailUrl":"https:\/\/portaltela.pt\/s.01k8rhncp4jt1\/2026\/01\/unnamed-file-6110.jpg","datePublished":"2026-01-30T14:24:00+00:00","author":{"@id":"https:\/\/portaltela.pt\/#\/schema\/person\/c4278d4a6028830caff9ee44b42d32ed"},"breadcrumb":{"@id":"https:\/\/portaltela.pt\/noticias\/2026\/01\/30\/parlamento-portugues-condena-golpe-de-estado-na-guine-bissau-2\/#breadcrumb"},"inLanguage":"pt-PT","potentialAction":[{"@type":"ReadAction","target":["https:\/\/portaltela.pt\/noticias\/2026\/01\/30\/parlamento-portugues-condena-golpe-de-estado-na-guine-bissau-2\/"]}]},{"@type":"ImageObject","inLanguage":"pt-PT","@id":"https:\/\/portaltela.pt\/noticias\/2026\/01\/30\/parlamento-portugues-condena-golpe-de-estado-na-guine-bissau-2\/#primaryimage","url":"https:\/\/portaltela.pt\/s.01k8rhncp4jt1\/2026\/01\/unnamed-file-6110.jpg","contentUrl":"https:\/\/portaltela.pt\/s.01k8rhncp4jt1\/2026\/01\/unnamed-file-6110.jpg","width":796,"height":448,"caption":"Parlamento portugu\u00eas condena golpe de Estado na Guin\u00e9-Bissau"},{"@type":"BreadcrumbList","@id":"https:\/\/portaltela.pt\/noticias\/2026\/01\/30\/parlamento-portugues-condena-golpe-de-estado-na-guine-bissau-2\/#breadcrumb","itemListElement":[{"@type":"ListItem","position":1,"name":"In\u00edcio","item":"https:\/\/portaltela.pt\/"},{"@type":"ListItem","position":2,"name":"Parlamento portugu\u00eas condena golpe de Estado na Guin\u00e9-Bissau"}]},{"@type":"WebSite","@id":"https:\/\/portaltela.pt\/#website","url":"https:\/\/portaltela.pt\/","name":"Portal Tela Portugal","description":"","potentialAction":[{"@type":"SearchAction","target":{"@type":"EntryPoint","urlTemplate":"https:\/\/portaltela.pt\/?s={search_term_string}"},"query-input":{"@type":"PropertyValueSpecification","valueRequired":true,"valueName":"search_term_string"}}],"inLanguage":"pt-PT"},{"@type":"Person","@id":"https:\/\/portaltela.pt\/#\/schema\/person\/c4278d4a6028830caff9ee44b42d32ed","name":"Telinha","image":{"@type":"ImageObject","inLanguage":"pt-PT","@id":"https:\/\/portaltela.pt\/s.01k8rhncp4jt1\/2025\/11\/talking-bot-125x125.png","url":"https:\/\/portaltela.pt\/s.01k8rhncp4jt1\/2025\/11\/talking-bot-125x125.png","contentUrl":"https:\/\/portaltela.pt\/s.01k8rhncp4jt1\/2025\/11\/talking-bot-125x125.png","caption":"Telinha"},"sameAs":["https:\/\/portaltela.pt\/"],"url":"https:\/\/portaltela.pt\/por\/367410592786\/"}]}},"_links":{"self":[{"href":"https:\/\/portaltela.pt\/api\/wp\/v2\/posts\/184245","targetHints":{"allow":["GET"]}}],"collection":[{"href":"https:\/\/portaltela.pt\/api\/wp\/v2\/posts"}],"about":[{"href":"https:\/\/portaltela.pt\/api\/wp\/v2\/types\/post"}],"author":[{"embeddable":true,"href":"https:\/\/portaltela.pt\/api\/wp\/v2\/users\/2"}],"replies":[{"embeddable":true,"href":"https:\/\/portaltela.pt\/api\/wp\/v2\/comments?post=184245"}],"version-history":[{"count":0,"href":"https:\/\/portaltela.pt\/api\/wp\/v2\/posts\/184245\/revisions"}],"wp:featuredmedia":[{"embeddable":true,"href":"https:\/\/portaltela.pt\/api\/wp\/v2\/media\/184287"}],"wp:attachment":[{"href":"https:\/\/portaltela.pt\/api\/wp\/v2\/media?parent=184245"}],"wp:term":[{"taxonomy":"category","embeddable":true,"href":"https:\/\/portaltela.pt\/api\/wp\/v2\/categories?post=184245"},{"taxonomy":"post_tag","embeddable":true,"href":"https:\/\/portaltela.pt\/api\/wp\/v2\/tags?post=184245"}],"curies":[{"name":"wp","href":"https:\/\/api.w.org\/{rel}","templated":true}]}}