{"id":184240,"date":"2026-01-30T11:32:00","date_gmt":"2026-01-30T14:32:00","guid":{"rendered":"https:\/\/portaltela.pt\/noticias\/2026\/01\/30\/djoko-renasce-para-quebrar-a-rivalidade-da-moda\/"},"modified":"2026-01-30T11:32:00","modified_gmt":"2026-01-30T14:32:00","slug":"djoko-renasce-para-quebrar-a-rivalidade-da-moda","status":"publish","type":"post","link":"https:\/\/portaltela.pt\/desporto\/2026\/01\/30\/djoko-renasce-para-quebrar-a-rivalidade-da-moda\/","title":{"rendered":"Djoko renasce para quebrar a rivalidade da moda"},"content":{"rendered":"<p>No Open da Austr\u00e1lia, em Melbourne, Carlos Alcaraz bateu Alexander Zverev em cinco sets para chegar \u00e0 final, numa meia-final disputada ao longo de 5h27m. O espanhol superou c\u00e3ibras, pedidos m\u00e9dicos e um desgaste extremo para impedir a presen\u00e7a de Zverev na luta pelo t\u00edtulo.<\/p>\n<p>Na outra meia-final, Novak Djokovic venceu Jannik Sinner em cinco sets e garantiu o encontro decisivo de domingo. Sinner, que buscava a sexta final de Grand Slam consecutiva, viu o s\u00e9rvio impor-se ap\u00f3s uma remontada dram\u00e1tica no quinto set.<\/p>\n<p>Alcaraz, aos 22 anos, tornou-se o mais jovem a alcan\u00e7ar quatro finais de Grand Slam. Djokovic volta \u00e0 final de Melbourne pela primeira vez desde 2023, mantendo viva a possibilidade de mais um t\u00edtulo no primeiro grande de 2025.<\/p>\n","protected":false},"excerpt":{"rendered":"<ul>\n<li>Carlos Alcaraz venceu Alexander Zverev em five sets (6-4, 7-6, 6-7, 6-7, 7-5) e garantiu a final do Open da Austr\u00e1lia, tornando-se o mais jovem a chegar a quatro finais de Grand Slam.<\/li>\n<li>A meia-final de Alcaraz frente a Zverev foi marcada por exaust\u00e3o f\u00edsica, c\u00e3ibras e at\u00e9 v\u00f3mitos, num encontro que durou 5 horas e 27 minutos, uma das mais longas da hist\u00f3ria do torneio.<\/li>\n<li>Novak Djokovic venceu Jannik Sinner em cinco sets (6-4 no quinto) e chegou \u00e0 final, interrompendo a possibilidade de mais uma final de Grand Slam de Sinner.<\/li>\n<li>Sinner, de 22 anos, visava a sexta final de Grand Slam consecutiva e poderia ter ampliado a sequ\u00eancia de vit\u00f3rias contra Djokovic, o que acabou por n\u00e3o acontecer.<\/li>\n<li>A final deste domingo ficar\u00e1 entre Carlos Alcaraz e Novak Djokovic.<\/li>\n<\/ul>\n","protected":false},"author":2,"featured_media":184267,"comment_status":"closed","ping_status":"closed","sticky":false,"template":"","format":"standard","meta":{"footnotes":""},"categories":[21],"tags":[152,3491,94,2713],"class_list":["post-184240","post","type-post","status-publish","format-standard","has-post-thumbnail","hentry","category-desporto","tag-desporto","tag-novak-djokovic-tenista","tag-tenis","tag-tenistas"],"yoast_head":"<!-- This site is optimized with the Yoast SEO plugin v27.2 - https:\/\/yoast.com\/product\/yoast-seo-wordpress\/ -->\n<title>Djoko renasce para quebrar a rivalidade da moda - Portal Tela Portugal<\/title>\n<meta name=\"robots\" content=\"index, follow, max-snippet:-1, max-image-preview:large, max-video-preview:-1\" \/>\n<meta property=\"og:locale\" content=\"pt_PT\" \/>\n<meta property=\"og:type\" content=\"article\" \/>\n<meta property=\"og:title\" content=\"Djoko renasce para quebrar a rivalidade da moda - Portal Tela Portugal\" \/>\n<meta property=\"og:description\" content=\"Carlos Alcaraz venceu Alexander Zverev em five sets (6-4, 7-6, 6-7, 6-7, 7-5) e garantiu a final do Open da Austr\u00e1lia, tornando-se o mais jovem a chegar a quatro finais de Grand Slam. A meia-final de Alcaraz frente a Zverev foi marcada por exaust\u00e3o f\u00edsica, c\u00e3ibras e at\u00e9 v\u00f3mitos, num encontro que durou 5 horas e 27 minutos, uma das mais longas da hist\u00f3ria do torneio. Novak Djokovic venceu Jannik Sinner em cinco sets (6-4 no quinto) e chegou \u00e0 final, interrompendo a possibilidade de mais uma final de Grand Slam de Sinner. Sinner, de 22 anos, visava a sexta final de Grand Slam consecutiva e poderia ter ampliado a sequ\u00eancia de vit\u00f3rias contra Djokovic, o que acabou por n\u00e3o acontecer. A final deste domingo ficar\u00e1 entre Carlos Alcaraz e Novak Djokovic.\" \/>\n<meta property=\"og:url\" content=\"https:\/\/portaltela.pt\/noticias\/2026\/01\/30\/djoko-renasce-para-quebrar-a-rivalidade-da-moda\/\" \/>\n<meta property=\"og:site_name\" content=\"Portal Tela Portugal\" \/>\n<meta property=\"article:published_time\" content=\"2026-01-30T14:32:00+00:00\" \/>\n<meta name=\"author\" content=\"Telinha\" \/>\n<meta name=\"twitter:card\" content=\"summary_large_image\" \/>\n<meta name=\"twitter:label1\" content=\"Escrito por\" \/>\n\t<meta name=\"twitter:data1\" content=\"Telinha\" \/>\n\t<meta name=\"twitter:label2\" content=\"Tempo estimado de leitura\" \/>\n\t<meta name=\"twitter:data2\" content=\"1 minuto\" \/>\n<script type=\"application\/ld+json\" class=\"yoast-schema-graph\">{\"@context\":\"https:\/\/schema.org\",\"@graph\":[{\"@type\":\"Article\",\"@id\":\"https:\/\/portaltela.pt\/noticias\/2026\/01\/30\/djoko-renasce-para-quebrar-a-rivalidade-da-moda\/#article\",\"isPartOf\":{\"@id\":\"https:\/\/portaltela.pt\/noticias\/2026\/01\/30\/djoko-renasce-para-quebrar-a-rivalidade-da-moda\/\"},\"author\":{\"name\":\"Telinha\",\"@id\":\"https:\/\/portaltela.pt\/#\/schema\/person\/c4278d4a6028830caff9ee44b42d32ed\"},\"headline\":\"Djoko renasce para quebrar a rivalidade da moda\",\"datePublished\":\"2026-01-30T14:32:00+00:00\",\"mainEntityOfPage\":{\"@id\":\"https:\/\/portaltela.pt\/noticias\/2026\/01\/30\/djoko-renasce-para-quebrar-a-rivalidade-da-moda\/\"},\"wordCount\":137,\"image\":{\"@id\":\"https:\/\/portaltela.pt\/noticias\/2026\/01\/30\/djoko-renasce-para-quebrar-a-rivalidade-da-moda\/#primaryimage\"},\"thumbnailUrl\":\"https:\/\/portaltela.pt\/s.01k8rhncp4jt1\/2026\/01\/unnamed-file-6108.jpg\",\"keywords\":[\"desporto\",\"Novak Djokovic (tenista)\",\"t\u00eanis\",\"tenistas\"],\"articleSection\":[\"Desporto\"],\"inLanguage\":\"pt-PT\"},{\"@type\":\"WebPage\",\"@id\":\"https:\/\/portaltela.pt\/noticias\/2026\/01\/30\/djoko-renasce-para-quebrar-a-rivalidade-da-moda\/\",\"url\":\"https:\/\/portaltela.pt\/noticias\/2026\/01\/30\/djoko-renasce-para-quebrar-a-rivalidade-da-moda\/\",\"name\":\"Djoko renasce para quebrar a rivalidade da moda - Portal Tela Portugal\",\"isPartOf\":{\"@id\":\"https:\/\/portaltela.pt\/#website\"},\"primaryImageOfPage\":{\"@id\":\"https:\/\/portaltela.pt\/noticias\/2026\/01\/30\/djoko-renasce-para-quebrar-a-rivalidade-da-moda\/#primaryimage\"},\"image\":{\"@id\":\"https:\/\/portaltela.pt\/noticias\/2026\/01\/30\/djoko-renasce-para-quebrar-a-rivalidade-da-moda\/#primaryimage\"},\"thumbnailUrl\":\"https:\/\/portaltela.pt\/s.01k8rhncp4jt1\/2026\/01\/unnamed-file-6108.jpg\",\"datePublished\":\"2026-01-30T14:32:00+00:00\",\"author\":{\"@id\":\"https:\/\/portaltela.pt\/#\/schema\/person\/c4278d4a6028830caff9ee44b42d32ed\"},\"breadcrumb\":{\"@id\":\"https:\/\/portaltela.pt\/noticias\/2026\/01\/30\/djoko-renasce-para-quebrar-a-rivalidade-da-moda\/#breadcrumb\"},\"inLanguage\":\"pt-PT\",\"potentialAction\":[{\"@type\":\"ReadAction\",\"target\":[\"https:\/\/portaltela.pt\/noticias\/2026\/01\/30\/djoko-renasce-para-quebrar-a-rivalidade-da-moda\/\"]}]},{\"@type\":\"ImageObject\",\"inLanguage\":\"pt-PT\",\"@id\":\"https:\/\/portaltela.pt\/noticias\/2026\/01\/30\/djoko-renasce-para-quebrar-a-rivalidade-da-moda\/#primaryimage\",\"url\":\"https:\/\/portaltela.pt\/s.01k8rhncp4jt1\/2026\/01\/unnamed-file-6108.jpg\",\"contentUrl\":\"https:\/\/portaltela.pt\/s.01k8rhncp4jt1\/2026\/01\/unnamed-file-6108.jpg\",\"width\":796,\"height\":448,\"caption\":\"O s\u00e9rvio de 38 anos n\u00e3o ia a uma final de um Grand Slam desde 2023\"},{\"@type\":\"BreadcrumbList\",\"@id\":\"https:\/\/portaltela.pt\/noticias\/2026\/01\/30\/djoko-renasce-para-quebrar-a-rivalidade-da-moda\/#breadcrumb\",\"itemListElement\":[{\"@type\":\"ListItem\",\"position\":1,\"name\":\"In\u00edcio\",\"item\":\"https:\/\/portaltela.pt\/\"},{\"@type\":\"ListItem\",\"position\":2,\"name\":\"Djoko renasce para quebrar a rivalidade da moda\"}]},{\"@type\":\"WebSite\",\"@id\":\"https:\/\/portaltela.pt\/#website\",\"url\":\"https:\/\/portaltela.pt\/\",\"name\":\"Portal Tela Portugal\",\"description\":\"\",\"potentialAction\":[{\"@type\":\"SearchAction\",\"target\":{\"@type\":\"EntryPoint\",\"urlTemplate\":\"https:\/\/portaltela.pt\/?s={search_term_string}\"},\"query-input\":{\"@type\":\"PropertyValueSpecification\",\"valueRequired\":true,\"valueName\":\"search_term_string\"}}],\"inLanguage\":\"pt-PT\"},{\"@type\":\"Person\",\"@id\":\"https:\/\/portaltela.pt\/#\/schema\/person\/c4278d4a6028830caff9ee44b42d32ed\",\"name\":\"Telinha\",\"image\":{\"@type\":\"ImageObject\",\"inLanguage\":\"pt-PT\",\"@id\":\"https:\/\/portaltela.pt\/s.01k8rhncp4jt1\/2025\/11\/talking-bot-125x125.png\",\"url\":\"https:\/\/portaltela.pt\/s.01k8rhncp4jt1\/2025\/11\/talking-bot-125x125.png\",\"contentUrl\":\"https:\/\/portaltela.pt\/s.01k8rhncp4jt1\/2025\/11\/talking-bot-125x125.png\",\"caption\":\"Telinha\"},\"sameAs\":[\"https:\/\/portaltela.pt\/\"],\"url\":\"https:\/\/portaltela.pt\/por\/367410592786\/\"}]}<\/script>\n<!-- \/ Yoast SEO plugin. -->","yoast_head_json":{"title":"Djoko renasce para quebrar a rivalidade da moda - Portal Tela Portugal","robots":{"index":"index","follow":"follow","max-snippet":"max-snippet:-1","max-image-preview":"max-image-preview:large","max-video-preview":"max-video-preview:-1"},"og_locale":"pt_PT","og_type":"article","og_title":"Djoko renasce para quebrar a rivalidade da moda - Portal Tela Portugal","og_description":"Carlos Alcaraz venceu Alexander Zverev em five sets (6-4, 7-6, 6-7, 6-7, 7-5) e garantiu a final do Open da Austr\u00e1lia, tornando-se o mais jovem a chegar a quatro finais de Grand Slam. A meia-final de Alcaraz frente a Zverev foi marcada por exaust\u00e3o f\u00edsica, c\u00e3ibras e at\u00e9 v\u00f3mitos, num encontro que durou 5 horas e 27 minutos, uma das mais longas da hist\u00f3ria do torneio. Novak Djokovic venceu Jannik Sinner em cinco sets (6-4 no quinto) e chegou \u00e0 final, interrompendo a possibilidade de mais uma final de Grand Slam de Sinner. Sinner, de 22 anos, visava a sexta final de Grand Slam consecutiva e poderia ter ampliado a sequ\u00eancia de vit\u00f3rias contra Djokovic, o que acabou por n\u00e3o acontecer. A final deste domingo ficar\u00e1 entre Carlos Alcaraz e Novak Djokovic.","og_url":"https:\/\/portaltela.pt\/noticias\/2026\/01\/30\/djoko-renasce-para-quebrar-a-rivalidade-da-moda\/","og_site_name":"Portal Tela Portugal","article_published_time":"2026-01-30T14:32:00+00:00","author":"Telinha","twitter_card":"summary_large_image","twitter_misc":{"Escrito por":"Telinha","Tempo estimado de leitura":"1 minuto"},"schema":{"@context":"https:\/\/schema.org","@graph":[{"@type":"Article","@id":"https:\/\/portaltela.pt\/noticias\/2026\/01\/30\/djoko-renasce-para-quebrar-a-rivalidade-da-moda\/#article","isPartOf":{"@id":"https:\/\/portaltela.pt\/noticias\/2026\/01\/30\/djoko-renasce-para-quebrar-a-rivalidade-da-moda\/"},"author":{"name":"Telinha","@id":"https:\/\/portaltela.pt\/#\/schema\/person\/c4278d4a6028830caff9ee44b42d32ed"},"headline":"Djoko renasce para quebrar a rivalidade da moda","datePublished":"2026-01-30T14:32:00+00:00","mainEntityOfPage":{"@id":"https:\/\/portaltela.pt\/noticias\/2026\/01\/30\/djoko-renasce-para-quebrar-a-rivalidade-da-moda\/"},"wordCount":137,"image":{"@id":"https:\/\/portaltela.pt\/noticias\/2026\/01\/30\/djoko-renasce-para-quebrar-a-rivalidade-da-moda\/#primaryimage"},"thumbnailUrl":"https:\/\/portaltela.pt\/s.01k8rhncp4jt1\/2026\/01\/unnamed-file-6108.jpg","keywords":["desporto","Novak Djokovic (tenista)","t\u00eanis","tenistas"],"articleSection":["Desporto"],"inLanguage":"pt-PT"},{"@type":"WebPage","@id":"https:\/\/portaltela.pt\/noticias\/2026\/01\/30\/djoko-renasce-para-quebrar-a-rivalidade-da-moda\/","url":"https:\/\/portaltela.pt\/noticias\/2026\/01\/30\/djoko-renasce-para-quebrar-a-rivalidade-da-moda\/","name":"Djoko renasce para quebrar a rivalidade da moda - Portal Tela Portugal","isPartOf":{"@id":"https:\/\/portaltela.pt\/#website"},"primaryImageOfPage":{"@id":"https:\/\/portaltela.pt\/noticias\/2026\/01\/30\/djoko-renasce-para-quebrar-a-rivalidade-da-moda\/#primaryimage"},"image":{"@id":"https:\/\/portaltela.pt\/noticias\/2026\/01\/30\/djoko-renasce-para-quebrar-a-rivalidade-da-moda\/#primaryimage"},"thumbnailUrl":"https:\/\/portaltela.pt\/s.01k8rhncp4jt1\/2026\/01\/unnamed-file-6108.jpg","datePublished":"2026-01-30T14:32:00+00:00","author":{"@id":"https:\/\/portaltela.pt\/#\/schema\/person\/c4278d4a6028830caff9ee44b42d32ed"},"breadcrumb":{"@id":"https:\/\/portaltela.pt\/noticias\/2026\/01\/30\/djoko-renasce-para-quebrar-a-rivalidade-da-moda\/#breadcrumb"},"inLanguage":"pt-PT","potentialAction":[{"@type":"ReadAction","target":["https:\/\/portaltela.pt\/noticias\/2026\/01\/30\/djoko-renasce-para-quebrar-a-rivalidade-da-moda\/"]}]},{"@type":"ImageObject","inLanguage":"pt-PT","@id":"https:\/\/portaltela.pt\/noticias\/2026\/01\/30\/djoko-renasce-para-quebrar-a-rivalidade-da-moda\/#primaryimage","url":"https:\/\/portaltela.pt\/s.01k8rhncp4jt1\/2026\/01\/unnamed-file-6108.jpg","contentUrl":"https:\/\/portaltela.pt\/s.01k8rhncp4jt1\/2026\/01\/unnamed-file-6108.jpg","width":796,"height":448,"caption":"O s\u00e9rvio de 38 anos n\u00e3o ia a uma final de um Grand Slam desde 2023"},{"@type":"BreadcrumbList","@id":"https:\/\/portaltela.pt\/noticias\/2026\/01\/30\/djoko-renasce-para-quebrar-a-rivalidade-da-moda\/#breadcrumb","itemListElement":[{"@type":"ListItem","position":1,"name":"In\u00edcio","item":"https:\/\/portaltela.pt\/"},{"@type":"ListItem","position":2,"name":"Djoko renasce para quebrar a rivalidade da moda"}]},{"@type":"WebSite","@id":"https:\/\/portaltela.pt\/#website","url":"https:\/\/portaltela.pt\/","name":"Portal Tela Portugal","description":"","potentialAction":[{"@type":"SearchAction","target":{"@type":"EntryPoint","urlTemplate":"https:\/\/portaltela.pt\/?s={search_term_string}"},"query-input":{"@type":"PropertyValueSpecification","valueRequired":true,"valueName":"search_term_string"}}],"inLanguage":"pt-PT"},{"@type":"Person","@id":"https:\/\/portaltela.pt\/#\/schema\/person\/c4278d4a6028830caff9ee44b42d32ed","name":"Telinha","image":{"@type":"ImageObject","inLanguage":"pt-PT","@id":"https:\/\/portaltela.pt\/s.01k8rhncp4jt1\/2025\/11\/talking-bot-125x125.png","url":"https:\/\/portaltela.pt\/s.01k8rhncp4jt1\/2025\/11\/talking-bot-125x125.png","contentUrl":"https:\/\/portaltela.pt\/s.01k8rhncp4jt1\/2025\/11\/talking-bot-125x125.png","caption":"Telinha"},"sameAs":["https:\/\/portaltela.pt\/"],"url":"https:\/\/portaltela.pt\/por\/367410592786\/"}]}},"_links":{"self":[{"href":"https:\/\/portaltela.pt\/api\/wp\/v2\/posts\/184240","targetHints":{"allow":["GET"]}}],"collection":[{"href":"https:\/\/portaltela.pt\/api\/wp\/v2\/posts"}],"about":[{"href":"https:\/\/portaltela.pt\/api\/wp\/v2\/types\/post"}],"author":[{"embeddable":true,"href":"https:\/\/portaltela.pt\/api\/wp\/v2\/users\/2"}],"replies":[{"embeddable":true,"href":"https:\/\/portaltela.pt\/api\/wp\/v2\/comments?post=184240"}],"version-history":[{"count":0,"href":"https:\/\/portaltela.pt\/api\/wp\/v2\/posts\/184240\/revisions"}],"wp:featuredmedia":[{"embeddable":true,"href":"https:\/\/portaltela.pt\/api\/wp\/v2\/media\/184267"}],"wp:attachment":[{"href":"https:\/\/portaltela.pt\/api\/wp\/v2\/media?parent=184240"}],"wp:term":[{"taxonomy":"category","embeddable":true,"href":"https:\/\/portaltela.pt\/api\/wp\/v2\/categories?post=184240"},{"taxonomy":"post_tag","embeddable":true,"href":"https:\/\/portaltela.pt\/api\/wp\/v2\/tags?post=184240"}],"curies":[{"name":"wp","href":"https:\/\/api.w.org\/{rel}","templated":true}]}}