{"id":184239,"date":"2026-01-30T11:32:33","date_gmt":"2026-01-30T14:32:33","guid":{"rendered":"https:\/\/portaltela.pt\/noticias\/2026\/01\/30\/cuba-acusa-eua-de-conspiracao-fascista-e-criminosa-apos-tarifas-petroliferas\/"},"modified":"2026-01-30T11:32:33","modified_gmt":"2026-01-30T14:32:33","slug":"cuba-acusa-eua-de-conspiracao-fascista-e-criminosa-apos-tarifas-petroliferas","status":"publish","type":"post","link":"https:\/\/portaltela.pt\/noticias\/politica\/2026\/01\/30\/cuba-acusa-eua-de-conspiracao-fascista-e-criminosa-apos-tarifas-petroliferas\/","title":{"rendered":"Cuba acusa EUA de conspira\u00e7\u00e3o fascista e criminosa ap\u00f3s tarifas petrol\u00edferas"},"content":{"rendered":"<p>Cuba denunciou os Estados Unidos por uma suposta conspira\u00e7\u00e3o fascista e criminosa ap\u00f3s a promulga\u00e7\u00e3o de tarifas para pa\u00edses que vendam petr\u00f3leo \u00e0 ilha. A medida foi assinada por Donald Trump, que classificou Cuba como uma amea\u00e7a invulgar e extraordin\u00e1ria \u00e0 seguran\u00e7a nacional e \u00e0 pol\u00edtica externa dos EUA.<\/p>\n<p>A ordem executiva permite aplicar tarifas sobre bens de pa\u00edses que forne\u00e7am petr\u00f3leo a Cuba, apontando para um endurecimento do bloqueio econ\u00f3mico existente h\u00e1 mais de seis d\u00e9cadas, considerado por Havana uma agress\u00e3o brutal.<\/p>\n<p>Na gest\u00e3o cubana, foi classificado o ato como uma viola\u00e7\u00e3o grave contra o povo cubano, que enfrenta o bloqueio desde longa data, com cr\u00edticas tamb\u00e9m ao seu impacto sobre as condi\u00e7\u00f5es de vida na ilha.<\/p>\n<h3>Rea\u00e7\u00f5es de Cuba<\/h3>\n<p>O Presidente cubano, Miguel D\u00edaz-Canel, reiterou a acusa\u00e7\u00e3o de fascismo, criminosa e genocida na medida, destacando que a a\u00e7\u00e3o favorece ganhos de poucos a expensas do povo norte-americano. A resposta veio atrav\u00e9s de uma comunica\u00e7\u00e3o oficial veiculada na sexta-feira.<\/p>\n<p>O Minist\u00e9rio dos Neg\u00f3cios Estrangeiros cubano tamb\u00e9m descreveu a assinatura como um novo ataque \u00e0 soberania do pa\u00eds, lembrando a continuidade do embargo e a press\u00e3o econ\u00f4mica sobre Cuba nos \u00faltimos anos, segundo a ag\u00eancia AFP.<\/p>\n","protected":false},"excerpt":{"rendered":"<ul>\n<li>O presidente dos EUA, Donald Trump, assinou uma ordem executiva que permite aplicar tarifas sobre produtos de pa\u00edses que vendam petr\u00f3leo a Cuba.<\/li>\n<li>Cuba acusa a medida de ser uma conspira\u00e7\u00e3o fascista, criminosa e genocida, segundo declara\u00e7\u00f5es de Miguel D\u00edaz-Canel divulgadas na sexta-feira.<\/li>\n<li>D\u00edaz-Canel afirma que a decis\u00e3o visa obter ganhos pessoais \u00e0 custa do povo cubano.<\/li>\n<li>A diplomacia cubana definiu o ato como brutal de agress\u00e3o contra Cuba e o seu povo, que j\u00e1 sofre com o embargo h\u00e1 mais de sessenta e cinco anos, conforme a AFP.<\/li>\n<li>A not\u00edcia refor\u00e7a o confronto entre Washington e Havana sobre o com\u00e9rcio de petr\u00f3leo e a pol\u00edtica de restri\u00e7\u00f5es.<\/li>\n<\/ul>\n","protected":false},"author":2,"featured_media":184289,"comment_status":"closed","ping_status":"closed","sticky":false,"template":"","format":"standard","meta":{"footnotes":""},"categories":[1,5],"tags":[4728,2198,2560,2633,1600,2832],"class_list":["post-184239","post","type-post","status-publish","format-standard","has-post-thumbnail","hentry","category-noticias","category-politica","tag-ameaca","tag-conflitos-internacionais","tag-conspiracao-internacional","tag-direitos-humanos","tag-estados-unidos","tag-politica"],"yoast_head":"<!-- This site is optimized with the Yoast SEO plugin v27.2 - https:\/\/yoast.com\/product\/yoast-seo-wordpress\/ -->\n<title>Cuba acusa EUA de conspira\u00e7\u00e3o fascista e criminosa ap\u00f3s tarifas petrol\u00edferas - Portal Tela Portugal<\/title>\n<meta name=\"robots\" content=\"index, follow, max-snippet:-1, max-image-preview:large, max-video-preview:-1\" \/>\n<meta property=\"og:locale\" content=\"pt_PT\" \/>\n<meta property=\"og:type\" content=\"article\" \/>\n<meta property=\"og:title\" content=\"Cuba acusa EUA de conspira\u00e7\u00e3o fascista e criminosa ap\u00f3s tarifas petrol\u00edferas - Portal Tela Portugal\" \/>\n<meta property=\"og:description\" content=\"O presidente dos EUA, Donald Trump, assinou uma ordem executiva que permite aplicar tarifas sobre produtos de pa\u00edses que vendam petr\u00f3leo a Cuba. Cuba acusa a medida de ser uma conspira\u00e7\u00e3o fascista, criminosa e genocida, segundo declara\u00e7\u00f5es de Miguel D\u00edaz-Canel divulgadas na sexta-feira. D\u00edaz-Canel afirma que a decis\u00e3o visa obter ganhos pessoais \u00e0 custa do povo cubano. A diplomacia cubana definiu o ato como brutal de agress\u00e3o contra Cuba e o seu povo, que j\u00e1 sofre com o embargo h\u00e1 mais de sessenta e cinco anos, conforme a AFP. A not\u00edcia refor\u00e7a o confronto entre Washington e Havana sobre o com\u00e9rcio de petr\u00f3leo e a pol\u00edtica de restri\u00e7\u00f5es.\" \/>\n<meta property=\"og:url\" content=\"https:\/\/portaltela.pt\/noticias\/2026\/01\/30\/cuba-acusa-eua-de-conspiracao-fascista-e-criminosa-apos-tarifas-petroliferas\/\" \/>\n<meta property=\"og:site_name\" content=\"Portal Tela Portugal\" \/>\n<meta property=\"article:published_time\" content=\"2026-01-30T14:32:33+00:00\" \/>\n<meta name=\"author\" content=\"Telinha\" \/>\n<meta name=\"twitter:card\" content=\"summary_large_image\" \/>\n<meta name=\"twitter:label1\" content=\"Escrito por\" \/>\n\t<meta name=\"twitter:data1\" content=\"Telinha\" \/>\n\t<meta name=\"twitter:label2\" content=\"Tempo estimado de leitura\" \/>\n\t<meta name=\"twitter:data2\" content=\"1 minuto\" \/>\n<script type=\"application\/ld+json\" class=\"yoast-schema-graph\">{\"@context\":\"https:\/\/schema.org\",\"@graph\":[{\"@type\":\"Article\",\"@id\":\"https:\/\/portaltela.pt\/noticias\/2026\/01\/30\/cuba-acusa-eua-de-conspiracao-fascista-e-criminosa-apos-tarifas-petroliferas\/#article\",\"isPartOf\":{\"@id\":\"https:\/\/portaltela.pt\/noticias\/2026\/01\/30\/cuba-acusa-eua-de-conspiracao-fascista-e-criminosa-apos-tarifas-petroliferas\/\"},\"author\":{\"name\":\"Telinha\",\"@id\":\"https:\/\/portaltela.pt\/#\/schema\/person\/c4278d4a6028830caff9ee44b42d32ed\"},\"headline\":\"Cuba acusa EUA de conspira\u00e7\u00e3o fascista e criminosa ap\u00f3s tarifas petrol\u00edferas\",\"datePublished\":\"2026-01-30T14:32:33+00:00\",\"mainEntityOfPage\":{\"@id\":\"https:\/\/portaltela.pt\/noticias\/2026\/01\/30\/cuba-acusa-eua-de-conspiracao-fascista-e-criminosa-apos-tarifas-petroliferas\/\"},\"wordCount\":239,\"image\":{\"@id\":\"https:\/\/portaltela.pt\/noticias\/2026\/01\/30\/cuba-acusa-eua-de-conspiracao-fascista-e-criminosa-apos-tarifas-petroliferas\/#primaryimage\"},\"thumbnailUrl\":\"https:\/\/portaltela.pt\/s.01k8rhncp4jt1\/2026\/01\/img_1500x1000uu2018-04-19-21-39-00-730292-1.jpg\",\"keywords\":[\"amea\u00e7a\",\"conflitos internacionais\",\"conspira\u00e7\u00e3o internacional\",\"direitos humanos\",\"Estados Unidos\",\"pol\u00edtica\"],\"articleSection\":[\"Not\u00edcias\",\"Pol\u00edtica\"],\"inLanguage\":\"pt-PT\"},{\"@type\":\"WebPage\",\"@id\":\"https:\/\/portaltela.pt\/noticias\/2026\/01\/30\/cuba-acusa-eua-de-conspiracao-fascista-e-criminosa-apos-tarifas-petroliferas\/\",\"url\":\"https:\/\/portaltela.pt\/noticias\/2026\/01\/30\/cuba-acusa-eua-de-conspiracao-fascista-e-criminosa-apos-tarifas-petroliferas\/\",\"name\":\"Cuba acusa EUA de conspira\u00e7\u00e3o fascista e criminosa ap\u00f3s tarifas petrol\u00edferas - Portal Tela Portugal\",\"isPartOf\":{\"@id\":\"https:\/\/portaltela.pt\/#website\"},\"primaryImageOfPage\":{\"@id\":\"https:\/\/portaltela.pt\/noticias\/2026\/01\/30\/cuba-acusa-eua-de-conspiracao-fascista-e-criminosa-apos-tarifas-petroliferas\/#primaryimage\"},\"image\":{\"@id\":\"https:\/\/portaltela.pt\/noticias\/2026\/01\/30\/cuba-acusa-eua-de-conspiracao-fascista-e-criminosa-apos-tarifas-petroliferas\/#primaryimage\"},\"thumbnailUrl\":\"https:\/\/portaltela.pt\/s.01k8rhncp4jt1\/2026\/01\/img_1500x1000uu2018-04-19-21-39-00-730292-1.jpg\",\"datePublished\":\"2026-01-30T14:32:33+00:00\",\"author\":{\"@id\":\"https:\/\/portaltela.pt\/#\/schema\/person\/c4278d4a6028830caff9ee44b42d32ed\"},\"breadcrumb\":{\"@id\":\"https:\/\/portaltela.pt\/noticias\/2026\/01\/30\/cuba-acusa-eua-de-conspiracao-fascista-e-criminosa-apos-tarifas-petroliferas\/#breadcrumb\"},\"inLanguage\":\"pt-PT\",\"potentialAction\":[{\"@type\":\"ReadAction\",\"target\":[\"https:\/\/portaltela.pt\/noticias\/2026\/01\/30\/cuba-acusa-eua-de-conspiracao-fascista-e-criminosa-apos-tarifas-petroliferas\/\"]}]},{\"@type\":\"ImageObject\",\"inLanguage\":\"pt-PT\",\"@id\":\"https:\/\/portaltela.pt\/noticias\/2026\/01\/30\/cuba-acusa-eua-de-conspiracao-fascista-e-criminosa-apos-tarifas-petroliferas\/#primaryimage\",\"url\":\"https:\/\/portaltela.pt\/s.01k8rhncp4jt1\/2026\/01\/img_1500x1000uu2018-04-19-21-39-00-730292-1.jpg\",\"contentUrl\":\"https:\/\/portaltela.pt\/s.01k8rhncp4jt1\/2026\/01\/img_1500x1000uu2018-04-19-21-39-00-730292-1.jpg\",\"width\":796,\"height\":448,\"caption\":\"Miguel Diaz-Canel, presidente de Cuba\"},{\"@type\":\"BreadcrumbList\",\"@id\":\"https:\/\/portaltela.pt\/noticias\/2026\/01\/30\/cuba-acusa-eua-de-conspiracao-fascista-e-criminosa-apos-tarifas-petroliferas\/#breadcrumb\",\"itemListElement\":[{\"@type\":\"ListItem\",\"position\":1,\"name\":\"In\u00edcio\",\"item\":\"https:\/\/portaltela.pt\/\"},{\"@type\":\"ListItem\",\"position\":2,\"name\":\"Cuba acusa EUA de conspira\u00e7\u00e3o fascista e criminosa ap\u00f3s tarifas petrol\u00edferas\"}]},{\"@type\":\"WebSite\",\"@id\":\"https:\/\/portaltela.pt\/#website\",\"url\":\"https:\/\/portaltela.pt\/\",\"name\":\"Portal Tela Portugal\",\"description\":\"\",\"potentialAction\":[{\"@type\":\"SearchAction\",\"target\":{\"@type\":\"EntryPoint\",\"urlTemplate\":\"https:\/\/portaltela.pt\/?s={search_term_string}\"},\"query-input\":{\"@type\":\"PropertyValueSpecification\",\"valueRequired\":true,\"valueName\":\"search_term_string\"}}],\"inLanguage\":\"pt-PT\"},{\"@type\":\"Person\",\"@id\":\"https:\/\/portaltela.pt\/#\/schema\/person\/c4278d4a6028830caff9ee44b42d32ed\",\"name\":\"Telinha\",\"image\":{\"@type\":\"ImageObject\",\"inLanguage\":\"pt-PT\",\"@id\":\"https:\/\/portaltela.pt\/s.01k8rhncp4jt1\/2025\/11\/talking-bot-125x125.png\",\"url\":\"https:\/\/portaltela.pt\/s.01k8rhncp4jt1\/2025\/11\/talking-bot-125x125.png\",\"contentUrl\":\"https:\/\/portaltela.pt\/s.01k8rhncp4jt1\/2025\/11\/talking-bot-125x125.png\",\"caption\":\"Telinha\"},\"sameAs\":[\"https:\/\/portaltela.pt\/\"],\"url\":\"https:\/\/portaltela.pt\/por\/367410592786\/\"}]}<\/script>\n<!-- \/ Yoast SEO plugin. -->","yoast_head_json":{"title":"Cuba acusa EUA de conspira\u00e7\u00e3o fascista e criminosa ap\u00f3s tarifas petrol\u00edferas - Portal Tela Portugal","robots":{"index":"index","follow":"follow","max-snippet":"max-snippet:-1","max-image-preview":"max-image-preview:large","max-video-preview":"max-video-preview:-1"},"og_locale":"pt_PT","og_type":"article","og_title":"Cuba acusa EUA de conspira\u00e7\u00e3o fascista e criminosa ap\u00f3s tarifas petrol\u00edferas - Portal Tela Portugal","og_description":"O presidente dos EUA, Donald Trump, assinou uma ordem executiva que permite aplicar tarifas sobre produtos de pa\u00edses que vendam petr\u00f3leo a Cuba. Cuba acusa a medida de ser uma conspira\u00e7\u00e3o fascista, criminosa e genocida, segundo declara\u00e7\u00f5es de Miguel D\u00edaz-Canel divulgadas na sexta-feira. D\u00edaz-Canel afirma que a decis\u00e3o visa obter ganhos pessoais \u00e0 custa do povo cubano. A diplomacia cubana definiu o ato como brutal de agress\u00e3o contra Cuba e o seu povo, que j\u00e1 sofre com o embargo h\u00e1 mais de sessenta e cinco anos, conforme a AFP. A not\u00edcia refor\u00e7a o confronto entre Washington e Havana sobre o com\u00e9rcio de petr\u00f3leo e a pol\u00edtica de restri\u00e7\u00f5es.","og_url":"https:\/\/portaltela.pt\/noticias\/2026\/01\/30\/cuba-acusa-eua-de-conspiracao-fascista-e-criminosa-apos-tarifas-petroliferas\/","og_site_name":"Portal Tela Portugal","article_published_time":"2026-01-30T14:32:33+00:00","author":"Telinha","twitter_card":"summary_large_image","twitter_misc":{"Escrito por":"Telinha","Tempo estimado de leitura":"1 minuto"},"schema":{"@context":"https:\/\/schema.org","@graph":[{"@type":"Article","@id":"https:\/\/portaltela.pt\/noticias\/2026\/01\/30\/cuba-acusa-eua-de-conspiracao-fascista-e-criminosa-apos-tarifas-petroliferas\/#article","isPartOf":{"@id":"https:\/\/portaltela.pt\/noticias\/2026\/01\/30\/cuba-acusa-eua-de-conspiracao-fascista-e-criminosa-apos-tarifas-petroliferas\/"},"author":{"name":"Telinha","@id":"https:\/\/portaltela.pt\/#\/schema\/person\/c4278d4a6028830caff9ee44b42d32ed"},"headline":"Cuba acusa EUA de conspira\u00e7\u00e3o fascista e criminosa ap\u00f3s tarifas petrol\u00edferas","datePublished":"2026-01-30T14:32:33+00:00","mainEntityOfPage":{"@id":"https:\/\/portaltela.pt\/noticias\/2026\/01\/30\/cuba-acusa-eua-de-conspiracao-fascista-e-criminosa-apos-tarifas-petroliferas\/"},"wordCount":239,"image":{"@id":"https:\/\/portaltela.pt\/noticias\/2026\/01\/30\/cuba-acusa-eua-de-conspiracao-fascista-e-criminosa-apos-tarifas-petroliferas\/#primaryimage"},"thumbnailUrl":"https:\/\/portaltela.pt\/s.01k8rhncp4jt1\/2026\/01\/img_1500x1000uu2018-04-19-21-39-00-730292-1.jpg","keywords":["amea\u00e7a","conflitos internacionais","conspira\u00e7\u00e3o internacional","direitos humanos","Estados Unidos","pol\u00edtica"],"articleSection":["Not\u00edcias","Pol\u00edtica"],"inLanguage":"pt-PT"},{"@type":"WebPage","@id":"https:\/\/portaltela.pt\/noticias\/2026\/01\/30\/cuba-acusa-eua-de-conspiracao-fascista-e-criminosa-apos-tarifas-petroliferas\/","url":"https:\/\/portaltela.pt\/noticias\/2026\/01\/30\/cuba-acusa-eua-de-conspiracao-fascista-e-criminosa-apos-tarifas-petroliferas\/","name":"Cuba acusa EUA de conspira\u00e7\u00e3o fascista e criminosa ap\u00f3s tarifas petrol\u00edferas - Portal Tela Portugal","isPartOf":{"@id":"https:\/\/portaltela.pt\/#website"},"primaryImageOfPage":{"@id":"https:\/\/portaltela.pt\/noticias\/2026\/01\/30\/cuba-acusa-eua-de-conspiracao-fascista-e-criminosa-apos-tarifas-petroliferas\/#primaryimage"},"image":{"@id":"https:\/\/portaltela.pt\/noticias\/2026\/01\/30\/cuba-acusa-eua-de-conspiracao-fascista-e-criminosa-apos-tarifas-petroliferas\/#primaryimage"},"thumbnailUrl":"https:\/\/portaltela.pt\/s.01k8rhncp4jt1\/2026\/01\/img_1500x1000uu2018-04-19-21-39-00-730292-1.jpg","datePublished":"2026-01-30T14:32:33+00:00","author":{"@id":"https:\/\/portaltela.pt\/#\/schema\/person\/c4278d4a6028830caff9ee44b42d32ed"},"breadcrumb":{"@id":"https:\/\/portaltela.pt\/noticias\/2026\/01\/30\/cuba-acusa-eua-de-conspiracao-fascista-e-criminosa-apos-tarifas-petroliferas\/#breadcrumb"},"inLanguage":"pt-PT","potentialAction":[{"@type":"ReadAction","target":["https:\/\/portaltela.pt\/noticias\/2026\/01\/30\/cuba-acusa-eua-de-conspiracao-fascista-e-criminosa-apos-tarifas-petroliferas\/"]}]},{"@type":"ImageObject","inLanguage":"pt-PT","@id":"https:\/\/portaltela.pt\/noticias\/2026\/01\/30\/cuba-acusa-eua-de-conspiracao-fascista-e-criminosa-apos-tarifas-petroliferas\/#primaryimage","url":"https:\/\/portaltela.pt\/s.01k8rhncp4jt1\/2026\/01\/img_1500x1000uu2018-04-19-21-39-00-730292-1.jpg","contentUrl":"https:\/\/portaltela.pt\/s.01k8rhncp4jt1\/2026\/01\/img_1500x1000uu2018-04-19-21-39-00-730292-1.jpg","width":796,"height":448,"caption":"Miguel Diaz-Canel, presidente de Cuba"},{"@type":"BreadcrumbList","@id":"https:\/\/portaltela.pt\/noticias\/2026\/01\/30\/cuba-acusa-eua-de-conspiracao-fascista-e-criminosa-apos-tarifas-petroliferas\/#breadcrumb","itemListElement":[{"@type":"ListItem","position":1,"name":"In\u00edcio","item":"https:\/\/portaltela.pt\/"},{"@type":"ListItem","position":2,"name":"Cuba acusa EUA de conspira\u00e7\u00e3o fascista e criminosa ap\u00f3s tarifas petrol\u00edferas"}]},{"@type":"WebSite","@id":"https:\/\/portaltela.pt\/#website","url":"https:\/\/portaltela.pt\/","name":"Portal Tela Portugal","description":"","potentialAction":[{"@type":"SearchAction","target":{"@type":"EntryPoint","urlTemplate":"https:\/\/portaltela.pt\/?s={search_term_string}"},"query-input":{"@type":"PropertyValueSpecification","valueRequired":true,"valueName":"search_term_string"}}],"inLanguage":"pt-PT"},{"@type":"Person","@id":"https:\/\/portaltela.pt\/#\/schema\/person\/c4278d4a6028830caff9ee44b42d32ed","name":"Telinha","image":{"@type":"ImageObject","inLanguage":"pt-PT","@id":"https:\/\/portaltela.pt\/s.01k8rhncp4jt1\/2025\/11\/talking-bot-125x125.png","url":"https:\/\/portaltela.pt\/s.01k8rhncp4jt1\/2025\/11\/talking-bot-125x125.png","contentUrl":"https:\/\/portaltela.pt\/s.01k8rhncp4jt1\/2025\/11\/talking-bot-125x125.png","caption":"Telinha"},"sameAs":["https:\/\/portaltela.pt\/"],"url":"https:\/\/portaltela.pt\/por\/367410592786\/"}]}},"_links":{"self":[{"href":"https:\/\/portaltela.pt\/api\/wp\/v2\/posts\/184239","targetHints":{"allow":["GET"]}}],"collection":[{"href":"https:\/\/portaltela.pt\/api\/wp\/v2\/posts"}],"about":[{"href":"https:\/\/portaltela.pt\/api\/wp\/v2\/types\/post"}],"author":[{"embeddable":true,"href":"https:\/\/portaltela.pt\/api\/wp\/v2\/users\/2"}],"replies":[{"embeddable":true,"href":"https:\/\/portaltela.pt\/api\/wp\/v2\/comments?post=184239"}],"version-history":[{"count":0,"href":"https:\/\/portaltela.pt\/api\/wp\/v2\/posts\/184239\/revisions"}],"wp:featuredmedia":[{"embeddable":true,"href":"https:\/\/portaltela.pt\/api\/wp\/v2\/media\/184289"}],"wp:attachment":[{"href":"https:\/\/portaltela.pt\/api\/wp\/v2\/media?parent=184239"}],"wp:term":[{"taxonomy":"category","embeddable":true,"href":"https:\/\/portaltela.pt\/api\/wp\/v2\/categories?post=184239"},{"taxonomy":"post_tag","embeddable":true,"href":"https:\/\/portaltela.pt\/api\/wp\/v2\/tags?post=184239"}],"curies":[{"name":"wp","href":"https:\/\/api.w.org\/{rel}","templated":true}]}}