{"id":184210,"date":"2026-01-30T11:07:09","date_gmt":"2026-01-30T14:07:09","guid":{"rendered":"https:\/\/portaltela.pt\/noticias\/2026\/01\/30\/ultimo-treino-de-walking-football-realiza-se-este-sabado-na-cidade-do-futebol\/"},"modified":"2026-01-30T11:07:09","modified_gmt":"2026-01-30T14:07:09","slug":"ultimo-treino-de-walking-football-realiza-se-este-sabado-na-cidade-do-futebol","status":"publish","type":"post","link":"https:\/\/portaltela.pt\/desporto\/futebol\/2026\/01\/30\/ultimo-treino-de-walking-football-realiza-se-este-sabado-na-cidade-do-futebol\/","title":{"rendered":"\u00daltimo treino de Walking Football realiza-se este s\u00e1bado na Cidade do Futebol"},"content":{"rendered":"<p>A equipa de Walking Football Competitivo do Munic\u00edpio de Gouveia realizou, nesta quarta-feira, o \u00faltimo treino de prepara\u00e7\u00e3o para o 1\u00ba Encontro, que se realiza este s\u00e1bado, 31 de janeiro, na Cidade do Futebol, no Porto. O objetivo \u00e9 oferecer continuidade desportiva a ex-jogadores e veteranos que ainda pretendem praticar futebol.<\/p>\n<p>O evento \u00e9 apoiado pela Federa\u00e7\u00e3o Portuguesa de Futebol (FPF), que v\u00ea o Walking Football como uma oportunidade para manter ativos antigos atletas e ampliar o acesso a modalidades desportivas para diferentes faixas et\u00e1rias.<\/p>\n<h3>Sobre o encontro<\/h3>\n<p>Este s\u00e1bado, a competi\u00e7\u00e3o contar\u00e1 com a participa\u00e7\u00e3o de v\u00e1rias equipas de Walking Football, reunindo atletas de diferentes munic\u00edpios. A organiza\u00e7\u00e3o pretende promover o conv\u00edvio, o fair play e a pr\u00e1tica regular de atividade f\u00edsica entre os participantes.<\/p>\n<p>A iniciativa surge como parte de uma aposta da FPF para manter o futebol em atividade entre ex-jogadores e praticantes que desejam continuar a jogar.<\/p>\n<p>Fonte\/Foto: AF Guarda<\/p>\n","protected":false},"excerpt":{"rendered":"<ul>\n<li>O Walking Football Competitivo do Munic\u00edpio de Gouveia realizou o \u00faltimo treino desta quarta-feira para o 1\u00ba Encontro, que se realiza este s\u00e1bado, 31 de janeiro, na Cidade do Futebol.<\/li>\n<li>O evento tem como objetivo permitir a participa\u00e7\u00e3o de ex-jogadores, ex-veteranos e outros praticantes que queiram continuar a jogar futebol.<\/li>\n<li>O 1\u00ba Encontro de Walking Football surge numa aposta clara da Federa\u00e7\u00e3o Portuguesa de Futebol (FPF) para promover o formato entre diferentes fa\u00e7\u00f5es de jogadores.<\/li>\n<li>O treino ocorreu antes do encontro programado para este fim de semana, com locais e hor\u00e1rios divulgados pela organiza\u00e7\u00e3o.<\/li>\n<li>Fonte\/Foto: AF Guarda.<\/li>\n<\/ul>\n","protected":false},"author":2,"featured_media":184221,"comment_status":"closed","ping_status":"closed","sticky":false,"template":"","format":"standard","meta":{"footnotes":""},"categories":[21,24],"tags":[1954,75,152,32,242,982],"class_list":["post-184210","post","type-post","status-publish","format-standard","has-post-thumbnail","hentry","category-desporto","category-futebol","tag-af-guarda","tag-convivencia","tag-desporto","tag-futebol","tag-jogadores","tag-porto"],"yoast_head":"<!-- This site is optimized with the Yoast SEO plugin v27.2 - https:\/\/yoast.com\/product\/yoast-seo-wordpress\/ -->\n<title>\u00daltimo treino de Walking Football realiza-se este s\u00e1bado na Cidade do Futebol - Portal Tela Portugal<\/title>\n<meta name=\"robots\" content=\"index, follow, max-snippet:-1, max-image-preview:large, max-video-preview:-1\" \/>\n<meta property=\"og:locale\" content=\"pt_PT\" \/>\n<meta property=\"og:type\" content=\"article\" \/>\n<meta property=\"og:title\" content=\"\u00daltimo treino de Walking Football realiza-se este s\u00e1bado na Cidade do Futebol - Portal Tela Portugal\" \/>\n<meta property=\"og:description\" content=\"O Walking Football Competitivo do Munic\u00edpio de Gouveia realizou o \u00faltimo treino desta quarta-feira para o 1\u00ba Encontro, que se realiza este s\u00e1bado, 31 de janeiro, na Cidade do Futebol. O evento tem como objetivo permitir a participa\u00e7\u00e3o de ex-jogadores, ex-veteranos e outros praticantes que queiram continuar a jogar futebol. O 1\u00ba Encontro de Walking Football surge numa aposta clara da Federa\u00e7\u00e3o Portuguesa de Futebol (FPF) para promover o formato entre diferentes fa\u00e7\u00f5es de jogadores. O treino ocorreu antes do encontro programado para este fim de semana, com locais e hor\u00e1rios divulgados pela organiza\u00e7\u00e3o. Fonte\/Foto: AF Guarda.\" \/>\n<meta property=\"og:url\" content=\"https:\/\/portaltela.pt\/noticias\/2026\/01\/30\/ultimo-treino-de-walking-football-realiza-se-este-sabado-na-cidade-do-futebol\/\" \/>\n<meta property=\"og:site_name\" content=\"Portal Tela Portugal\" \/>\n<meta property=\"article:published_time\" content=\"2026-01-30T14:07:09+00:00\" \/>\n<meta name=\"author\" content=\"Telinha\" \/>\n<meta name=\"twitter:card\" content=\"summary_large_image\" \/>\n<meta name=\"twitter:label1\" content=\"Escrito por\" \/>\n\t<meta name=\"twitter:data1\" content=\"Telinha\" \/>\n\t<meta name=\"twitter:label2\" content=\"Tempo estimado de leitura\" \/>\n\t<meta name=\"twitter:data2\" content=\"1 minuto\" \/>\n<script type=\"application\/ld+json\" class=\"yoast-schema-graph\">{\"@context\":\"https:\/\/schema.org\",\"@graph\":[{\"@type\":\"Article\",\"@id\":\"https:\/\/portaltela.pt\/noticias\/2026\/01\/30\/ultimo-treino-de-walking-football-realiza-se-este-sabado-na-cidade-do-futebol\/#article\",\"isPartOf\":{\"@id\":\"https:\/\/portaltela.pt\/noticias\/2026\/01\/30\/ultimo-treino-de-walking-football-realiza-se-este-sabado-na-cidade-do-futebol\/\"},\"author\":{\"name\":\"Telinha\",\"@id\":\"https:\/\/portaltela.pt\/#\/schema\/person\/c4278d4a6028830caff9ee44b42d32ed\"},\"headline\":\"\u00daltimo treino de Walking Football realiza-se este s\u00e1bado na Cidade do Futebol\",\"datePublished\":\"2026-01-30T14:07:09+00:00\",\"mainEntityOfPage\":{\"@id\":\"https:\/\/portaltela.pt\/noticias\/2026\/01\/30\/ultimo-treino-de-walking-football-realiza-se-este-sabado-na-cidade-do-futebol\/\"},\"wordCount\":178,\"image\":{\"@id\":\"https:\/\/portaltela.pt\/noticias\/2026\/01\/30\/ultimo-treino-de-walking-football-realiza-se-este-sabado-na-cidade-do-futebol\/#primaryimage\"},\"thumbnailUrl\":\"https:\/\/portaltela.pt\/s.01k8rhncp4jt1\/2026\/01\/unnamed-file-6104.jpg\",\"keywords\":[\"AF Guarda\",\"conviv\u00eancia\",\"desporto\",\"futebol\",\"jogadores\",\"Porto\"],\"articleSection\":[\"Desporto\",\"Futebol\"],\"inLanguage\":\"pt-PT\"},{\"@type\":\"WebPage\",\"@id\":\"https:\/\/portaltela.pt\/noticias\/2026\/01\/30\/ultimo-treino-de-walking-football-realiza-se-este-sabado-na-cidade-do-futebol\/\",\"url\":\"https:\/\/portaltela.pt\/noticias\/2026\/01\/30\/ultimo-treino-de-walking-football-realiza-se-este-sabado-na-cidade-do-futebol\/\",\"name\":\"\u00daltimo treino de Walking Football realiza-se este s\u00e1bado na Cidade do Futebol - Portal Tela Portugal\",\"isPartOf\":{\"@id\":\"https:\/\/portaltela.pt\/#website\"},\"primaryImageOfPage\":{\"@id\":\"https:\/\/portaltela.pt\/noticias\/2026\/01\/30\/ultimo-treino-de-walking-football-realiza-se-este-sabado-na-cidade-do-futebol\/#primaryimage\"},\"image\":{\"@id\":\"https:\/\/portaltela.pt\/noticias\/2026\/01\/30\/ultimo-treino-de-walking-football-realiza-se-este-sabado-na-cidade-do-futebol\/#primaryimage\"},\"thumbnailUrl\":\"https:\/\/portaltela.pt\/s.01k8rhncp4jt1\/2026\/01\/unnamed-file-6104.jpg\",\"datePublished\":\"2026-01-30T14:07:09+00:00\",\"author\":{\"@id\":\"https:\/\/portaltela.pt\/#\/schema\/person\/c4278d4a6028830caff9ee44b42d32ed\"},\"breadcrumb\":{\"@id\":\"https:\/\/portaltela.pt\/noticias\/2026\/01\/30\/ultimo-treino-de-walking-football-realiza-se-este-sabado-na-cidade-do-futebol\/#breadcrumb\"},\"inLanguage\":\"pt-PT\",\"potentialAction\":[{\"@type\":\"ReadAction\",\"target\":[\"https:\/\/portaltela.pt\/noticias\/2026\/01\/30\/ultimo-treino-de-walking-football-realiza-se-este-sabado-na-cidade-do-futebol\/\"]}]},{\"@type\":\"ImageObject\",\"inLanguage\":\"pt-PT\",\"@id\":\"https:\/\/portaltela.pt\/noticias\/2026\/01\/30\/ultimo-treino-de-walking-football-realiza-se-este-sabado-na-cidade-do-futebol\/#primaryimage\",\"url\":\"https:\/\/portaltela.pt\/s.01k8rhncp4jt1\/2026\/01\/unnamed-file-6104.jpg\",\"contentUrl\":\"https:\/\/portaltela.pt\/s.01k8rhncp4jt1\/2026\/01\/unnamed-file-6104.jpg\",\"width\":796,\"height\":448,\"caption\":\"\u00daltimo treino Walking Football joga-se esta s\u00e1bado na Cidade do Futebol\"},{\"@type\":\"BreadcrumbList\",\"@id\":\"https:\/\/portaltela.pt\/noticias\/2026\/01\/30\/ultimo-treino-de-walking-football-realiza-se-este-sabado-na-cidade-do-futebol\/#breadcrumb\",\"itemListElement\":[{\"@type\":\"ListItem\",\"position\":1,\"name\":\"In\u00edcio\",\"item\":\"https:\/\/portaltela.pt\/\"},{\"@type\":\"ListItem\",\"position\":2,\"name\":\"\u00daltimo treino de Walking Football realiza-se este s\u00e1bado na Cidade do Futebol\"}]},{\"@type\":\"WebSite\",\"@id\":\"https:\/\/portaltela.pt\/#website\",\"url\":\"https:\/\/portaltela.pt\/\",\"name\":\"Portal Tela Portugal\",\"description\":\"\",\"potentialAction\":[{\"@type\":\"SearchAction\",\"target\":{\"@type\":\"EntryPoint\",\"urlTemplate\":\"https:\/\/portaltela.pt\/?s={search_term_string}\"},\"query-input\":{\"@type\":\"PropertyValueSpecification\",\"valueRequired\":true,\"valueName\":\"search_term_string\"}}],\"inLanguage\":\"pt-PT\"},{\"@type\":\"Person\",\"@id\":\"https:\/\/portaltela.pt\/#\/schema\/person\/c4278d4a6028830caff9ee44b42d32ed\",\"name\":\"Telinha\",\"image\":{\"@type\":\"ImageObject\",\"inLanguage\":\"pt-PT\",\"@id\":\"https:\/\/portaltela.pt\/s.01k8rhncp4jt1\/2025\/11\/talking-bot-125x125.png\",\"url\":\"https:\/\/portaltela.pt\/s.01k8rhncp4jt1\/2025\/11\/talking-bot-125x125.png\",\"contentUrl\":\"https:\/\/portaltela.pt\/s.01k8rhncp4jt1\/2025\/11\/talking-bot-125x125.png\",\"caption\":\"Telinha\"},\"sameAs\":[\"https:\/\/portaltela.pt\/\"],\"url\":\"https:\/\/portaltela.pt\/por\/367410592786\/\"}]}<\/script>\n<!-- \/ Yoast SEO plugin. -->","yoast_head_json":{"title":"\u00daltimo treino de Walking Football realiza-se este s\u00e1bado na Cidade do Futebol - Portal Tela Portugal","robots":{"index":"index","follow":"follow","max-snippet":"max-snippet:-1","max-image-preview":"max-image-preview:large","max-video-preview":"max-video-preview:-1"},"og_locale":"pt_PT","og_type":"article","og_title":"\u00daltimo treino de Walking Football realiza-se este s\u00e1bado na Cidade do Futebol - Portal Tela Portugal","og_description":"O Walking Football Competitivo do Munic\u00edpio de Gouveia realizou o \u00faltimo treino desta quarta-feira para o 1\u00ba Encontro, que se realiza este s\u00e1bado, 31 de janeiro, na Cidade do Futebol. O evento tem como objetivo permitir a participa\u00e7\u00e3o de ex-jogadores, ex-veteranos e outros praticantes que queiram continuar a jogar futebol. O 1\u00ba Encontro de Walking Football surge numa aposta clara da Federa\u00e7\u00e3o Portuguesa de Futebol (FPF) para promover o formato entre diferentes fa\u00e7\u00f5es de jogadores. O treino ocorreu antes do encontro programado para este fim de semana, com locais e hor\u00e1rios divulgados pela organiza\u00e7\u00e3o. Fonte\/Foto: AF Guarda.","og_url":"https:\/\/portaltela.pt\/noticias\/2026\/01\/30\/ultimo-treino-de-walking-football-realiza-se-este-sabado-na-cidade-do-futebol\/","og_site_name":"Portal Tela Portugal","article_published_time":"2026-01-30T14:07:09+00:00","author":"Telinha","twitter_card":"summary_large_image","twitter_misc":{"Escrito por":"Telinha","Tempo estimado de leitura":"1 minuto"},"schema":{"@context":"https:\/\/schema.org","@graph":[{"@type":"Article","@id":"https:\/\/portaltela.pt\/noticias\/2026\/01\/30\/ultimo-treino-de-walking-football-realiza-se-este-sabado-na-cidade-do-futebol\/#article","isPartOf":{"@id":"https:\/\/portaltela.pt\/noticias\/2026\/01\/30\/ultimo-treino-de-walking-football-realiza-se-este-sabado-na-cidade-do-futebol\/"},"author":{"name":"Telinha","@id":"https:\/\/portaltela.pt\/#\/schema\/person\/c4278d4a6028830caff9ee44b42d32ed"},"headline":"\u00daltimo treino de Walking Football realiza-se este s\u00e1bado na Cidade do Futebol","datePublished":"2026-01-30T14:07:09+00:00","mainEntityOfPage":{"@id":"https:\/\/portaltela.pt\/noticias\/2026\/01\/30\/ultimo-treino-de-walking-football-realiza-se-este-sabado-na-cidade-do-futebol\/"},"wordCount":178,"image":{"@id":"https:\/\/portaltela.pt\/noticias\/2026\/01\/30\/ultimo-treino-de-walking-football-realiza-se-este-sabado-na-cidade-do-futebol\/#primaryimage"},"thumbnailUrl":"https:\/\/portaltela.pt\/s.01k8rhncp4jt1\/2026\/01\/unnamed-file-6104.jpg","keywords":["AF Guarda","conviv\u00eancia","desporto","futebol","jogadores","Porto"],"articleSection":["Desporto","Futebol"],"inLanguage":"pt-PT"},{"@type":"WebPage","@id":"https:\/\/portaltela.pt\/noticias\/2026\/01\/30\/ultimo-treino-de-walking-football-realiza-se-este-sabado-na-cidade-do-futebol\/","url":"https:\/\/portaltela.pt\/noticias\/2026\/01\/30\/ultimo-treino-de-walking-football-realiza-se-este-sabado-na-cidade-do-futebol\/","name":"\u00daltimo treino de Walking Football realiza-se este s\u00e1bado na Cidade do Futebol - Portal Tela Portugal","isPartOf":{"@id":"https:\/\/portaltela.pt\/#website"},"primaryImageOfPage":{"@id":"https:\/\/portaltela.pt\/noticias\/2026\/01\/30\/ultimo-treino-de-walking-football-realiza-se-este-sabado-na-cidade-do-futebol\/#primaryimage"},"image":{"@id":"https:\/\/portaltela.pt\/noticias\/2026\/01\/30\/ultimo-treino-de-walking-football-realiza-se-este-sabado-na-cidade-do-futebol\/#primaryimage"},"thumbnailUrl":"https:\/\/portaltela.pt\/s.01k8rhncp4jt1\/2026\/01\/unnamed-file-6104.jpg","datePublished":"2026-01-30T14:07:09+00:00","author":{"@id":"https:\/\/portaltela.pt\/#\/schema\/person\/c4278d4a6028830caff9ee44b42d32ed"},"breadcrumb":{"@id":"https:\/\/portaltela.pt\/noticias\/2026\/01\/30\/ultimo-treino-de-walking-football-realiza-se-este-sabado-na-cidade-do-futebol\/#breadcrumb"},"inLanguage":"pt-PT","potentialAction":[{"@type":"ReadAction","target":["https:\/\/portaltela.pt\/noticias\/2026\/01\/30\/ultimo-treino-de-walking-football-realiza-se-este-sabado-na-cidade-do-futebol\/"]}]},{"@type":"ImageObject","inLanguage":"pt-PT","@id":"https:\/\/portaltela.pt\/noticias\/2026\/01\/30\/ultimo-treino-de-walking-football-realiza-se-este-sabado-na-cidade-do-futebol\/#primaryimage","url":"https:\/\/portaltela.pt\/s.01k8rhncp4jt1\/2026\/01\/unnamed-file-6104.jpg","contentUrl":"https:\/\/portaltela.pt\/s.01k8rhncp4jt1\/2026\/01\/unnamed-file-6104.jpg","width":796,"height":448,"caption":"\u00daltimo treino Walking Football joga-se esta s\u00e1bado na Cidade do Futebol"},{"@type":"BreadcrumbList","@id":"https:\/\/portaltela.pt\/noticias\/2026\/01\/30\/ultimo-treino-de-walking-football-realiza-se-este-sabado-na-cidade-do-futebol\/#breadcrumb","itemListElement":[{"@type":"ListItem","position":1,"name":"In\u00edcio","item":"https:\/\/portaltela.pt\/"},{"@type":"ListItem","position":2,"name":"\u00daltimo treino de Walking Football realiza-se este s\u00e1bado na Cidade do Futebol"}]},{"@type":"WebSite","@id":"https:\/\/portaltela.pt\/#website","url":"https:\/\/portaltela.pt\/","name":"Portal Tela Portugal","description":"","potentialAction":[{"@type":"SearchAction","target":{"@type":"EntryPoint","urlTemplate":"https:\/\/portaltela.pt\/?s={search_term_string}"},"query-input":{"@type":"PropertyValueSpecification","valueRequired":true,"valueName":"search_term_string"}}],"inLanguage":"pt-PT"},{"@type":"Person","@id":"https:\/\/portaltela.pt\/#\/schema\/person\/c4278d4a6028830caff9ee44b42d32ed","name":"Telinha","image":{"@type":"ImageObject","inLanguage":"pt-PT","@id":"https:\/\/portaltela.pt\/s.01k8rhncp4jt1\/2025\/11\/talking-bot-125x125.png","url":"https:\/\/portaltela.pt\/s.01k8rhncp4jt1\/2025\/11\/talking-bot-125x125.png","contentUrl":"https:\/\/portaltela.pt\/s.01k8rhncp4jt1\/2025\/11\/talking-bot-125x125.png","caption":"Telinha"},"sameAs":["https:\/\/portaltela.pt\/"],"url":"https:\/\/portaltela.pt\/por\/367410592786\/"}]}},"_links":{"self":[{"href":"https:\/\/portaltela.pt\/api\/wp\/v2\/posts\/184210","targetHints":{"allow":["GET"]}}],"collection":[{"href":"https:\/\/portaltela.pt\/api\/wp\/v2\/posts"}],"about":[{"href":"https:\/\/portaltela.pt\/api\/wp\/v2\/types\/post"}],"author":[{"embeddable":true,"href":"https:\/\/portaltela.pt\/api\/wp\/v2\/users\/2"}],"replies":[{"embeddable":true,"href":"https:\/\/portaltela.pt\/api\/wp\/v2\/comments?post=184210"}],"version-history":[{"count":0,"href":"https:\/\/portaltela.pt\/api\/wp\/v2\/posts\/184210\/revisions"}],"wp:featuredmedia":[{"embeddable":true,"href":"https:\/\/portaltela.pt\/api\/wp\/v2\/media\/184221"}],"wp:attachment":[{"href":"https:\/\/portaltela.pt\/api\/wp\/v2\/media?parent=184210"}],"wp:term":[{"taxonomy":"category","embeddable":true,"href":"https:\/\/portaltela.pt\/api\/wp\/v2\/categories?post=184210"},{"taxonomy":"post_tag","embeddable":true,"href":"https:\/\/portaltela.pt\/api\/wp\/v2\/tags?post=184210"}],"curies":[{"name":"wp","href":"https:\/\/api.w.org\/{rel}","templated":true}]}}