{"id":184179,"date":"2026-01-30T10:49:00","date_gmt":"2026-01-30T13:49:00","guid":{"rendered":"https:\/\/portaltela.pt\/noticias\/2026\/01\/30\/mario-machado-transferido-para-prisao-de-alta-seguranca-em-pacos-de-ferreira\/"},"modified":"2026-01-30T10:49:00","modified_gmt":"2026-01-30T13:49:00","slug":"mario-machado-transferido-para-prisao-de-alta-seguranca-em-pacos-de-ferreira","status":"publish","type":"post","link":"https:\/\/portaltela.pt\/noticias\/2026\/01\/30\/mario-machado-transferido-para-prisao-de-alta-seguranca-em-pacos-de-ferreira\/","title":{"rendered":"M\u00e1rio Machado transferido para pris\u00e3o de alta seguran\u00e7a em Pa\u00e7os de Ferreira"},"content":{"rendered":"<p>M\u00e1rio Machado foi transferido da pris\u00e3o de Alcoentre para uma pris\u00e3o de alta seguran\u00e7a em Pa\u00e7os de Ferreira. Cumpre uma pena total de quatro anos, fruto de duas condena\u00e7\u00f5es por discrimina\u00e7\u00e3o, incitamento ao \u00f3dio e viol\u00eancia. Encontra-se isolado numa cela de 8 metros quadrados.<\/p>\n<p>O processo inclui a inten\u00e7\u00e3o de recurso: o advogado confirmou que vai recorrer da decis\u00e3o junto do Tribunal de Execu\u00e7\u00e3o de Penas. A Dire\u00e7\u00e3o-Geral de Reinser\u00e7\u00e3o e Servi\u00e7os Prisionais n\u00e3o divulga motivos das transfer\u00eancias nem informa\u00e7\u00f5es sobre deten\u00e7\u00e3o.<\/p>\n<p>A opera\u00e7\u00e3o que levou \u00e0 deten\u00e7\u00e3o de 37 suspeitos, em 20 de janeiro, ap\u00f3s buscas da Pol\u00edcia Judici\u00e1ria, envolveu o grupo 1143. A diretora da Unidade Nacional de Contraterrorismo, Patr\u00edcia Silveira, destacou a apreens\u00e3o de elementos relevantes para a investiga\u00e7\u00e3o.<\/p>\n<h3>Contexto da opera\u00e7\u00e3o e acusa\u00e7\u00f5es<\/h3>\n<p>Segundo o despacho de indicia\u00e7\u00e3o, o Minist\u00e9rio P\u00fablico sustenta que, em novembro, M\u00e1rio Machado planeou a\u00e7\u00f5es em 2026 para provocar rea\u00e7\u00f5es na comunidade mu\u00e7ulmana em Portugal. A primeira a\u00e7\u00e3o previa a divulga\u00e7\u00e3o de um v\u00eddeo com uma tarja ofensiva a Maom\u00e9, j\u00e1 apreendido pela PJ.<\/p>\n<p>Outra a\u00e7\u00e3o, prevista para Coimbra no Dia de Portugal, 10 de junho, passaria pela exibi\u00e7\u00e3o de uma bandeira com a imagem do profeta isl\u00e2mico com um turbante e uma bomba. O despacho descreve ainda uma dezena de a\u00e7\u00f5es do grupo desde fevereiro de 2024, contra imigrantes mu\u00e7ulmanos.<\/p>\n<p>Entre os casos referidos est\u00e3o manifesta\u00e7\u00f5es p\u00fablicas, difus\u00e3o de ideologia neonazi nas redes sociais e epis\u00f3dios de agress\u00e3o, incluindo um ataque a dois cidad\u00e3os indianos numa \u00e1rea de servi\u00e7o da A1, em outubro de 2025.<\/p>\n","protected":false},"excerpt":{"rendered":"<ul>\n<li>M\u00e1rio Machado foi transferido da pris\u00e3o de Alcoentre para a pris\u00e3o de alta seguran\u00e7a de Pa\u00e7os de Ferreira, numa cela de oito metros quadrados, onde permanece isolado.<\/li>\n<li>Cumpre uma pena de quatro anos de pris\u00e3o, resultante de duas condena\u00e7\u00f5es por discrimina\u00e7\u00e3o, incitamento ao \u00f3dio e viol\u00eancia; o advogado j\u00e1 informou que vai recorrer da decis\u00e3o.<\/li>\n<li>A Dire\u00e7\u00e3o-Geral de Reinser\u00e7\u00e3o e Servi\u00e7os Prisionais n\u00e3o divulga publicamente motivos de transfer\u00eancias nem informa\u00e7\u00f5es sobre detidos.<\/li>\n<li>A mudan\u00e7a acontece ap\u00f3s buscas da Pol\u00edcia Judici\u00e1ria, a 20 de janeiro, no \u00e2mbito da opera\u00e7\u00e3o que desmantelou o grupo 1143 e deteve 37 suspeitos; o Minist\u00e9rio P\u00fablico relata planos para 2026 envolvendo a\u00e7\u00f5es contra a comunidade mu\u00e7ulmana em Portugal.<\/li>\n<li>O despacho menciona a\u00e7\u00f5es do grupo 1143 desde fevereiro de 2024, incluindo ataques e dissemina\u00e7\u00e3o de ideologia neonazi, com refer\u00eancia a um epis\u00f3dio a 5 de outubro de 2025 contra dois cidad\u00e3os indianos.<\/li>\n<\/ul>\n","protected":false},"author":2,"featured_media":184201,"comment_status":"closed","ping_status":"closed","sticky":false,"template":"","format":"standard","meta":{"footnotes":""},"categories":[1],"tags":[1695,3446,712,1921,3528,939],"class_list":["post-184179","post","type-post","status-publish","format-standard","has-post-thumbnail","hentry","category-noticias","tag-discriminacao","tag-extremismo","tag-imigracao","tag-imigrantes","tag-incitamento-ao-odio","tag-violencia"],"yoast_head":"<!-- This site is optimized with the Yoast SEO plugin v27.2 - https:\/\/yoast.com\/product\/yoast-seo-wordpress\/ -->\n<title>M\u00e1rio Machado transferido para pris\u00e3o de alta seguran\u00e7a em Pa\u00e7os de Ferreira - Portal Tela Portugal<\/title>\n<meta name=\"robots\" content=\"index, follow, max-snippet:-1, max-image-preview:large, max-video-preview:-1\" \/>\n<meta property=\"og:locale\" content=\"pt_PT\" \/>\n<meta property=\"og:type\" content=\"article\" \/>\n<meta property=\"og:title\" content=\"M\u00e1rio Machado transferido para pris\u00e3o de alta seguran\u00e7a em Pa\u00e7os de Ferreira - Portal Tela Portugal\" \/>\n<meta property=\"og:description\" content=\"M\u00e1rio Machado foi transferido da pris\u00e3o de Alcoentre para a pris\u00e3o de alta seguran\u00e7a de Pa\u00e7os de Ferreira, numa cela de oito metros quadrados, onde permanece isolado. Cumpre uma pena de quatro anos de pris\u00e3o, resultante de duas condena\u00e7\u00f5es por discrimina\u00e7\u00e3o, incitamento ao \u00f3dio e viol\u00eancia; o advogado j\u00e1 informou que vai recorrer da decis\u00e3o. A Dire\u00e7\u00e3o-Geral de Reinser\u00e7\u00e3o e Servi\u00e7os Prisionais n\u00e3o divulga publicamente motivos de transfer\u00eancias nem informa\u00e7\u00f5es sobre detidos. A mudan\u00e7a acontece ap\u00f3s buscas da Pol\u00edcia Judici\u00e1ria, a 20 de janeiro, no \u00e2mbito da opera\u00e7\u00e3o que desmantelou o grupo 1143 e deteve 37 suspeitos; o Minist\u00e9rio P\u00fablico relata planos para 2026 envolvendo a\u00e7\u00f5es contra a comunidade mu\u00e7ulmana em Portugal. O despacho menciona a\u00e7\u00f5es do grupo 1143 desde fevereiro de 2024, incluindo ataques e dissemina\u00e7\u00e3o de ideologia neonazi, com refer\u00eancia a um epis\u00f3dio a 5 de outubro de 2025 contra dois cidad\u00e3os indianos.\" \/>\n<meta property=\"og:url\" content=\"https:\/\/portaltela.pt\/noticias\/2026\/01\/30\/mario-machado-transferido-para-prisao-de-alta-seguranca-em-pacos-de-ferreira\/\" \/>\n<meta property=\"og:site_name\" content=\"Portal Tela Portugal\" \/>\n<meta property=\"article:published_time\" content=\"2026-01-30T13:49:00+00:00\" \/>\n<meta name=\"author\" content=\"Telinha\" \/>\n<meta name=\"twitter:card\" content=\"summary_large_image\" \/>\n<meta name=\"twitter:label1\" content=\"Escrito por\" \/>\n\t<meta name=\"twitter:data1\" content=\"Telinha\" \/>\n\t<meta name=\"twitter:label2\" content=\"Tempo estimado de leitura\" \/>\n\t<meta name=\"twitter:data2\" content=\"1 minuto\" \/>\n<script type=\"application\/ld+json\" class=\"yoast-schema-graph\">{\"@context\":\"https:\/\/schema.org\",\"@graph\":[{\"@type\":\"Article\",\"@id\":\"https:\/\/portaltela.pt\/noticias\/2026\/01\/30\/mario-machado-transferido-para-prisao-de-alta-seguranca-em-pacos-de-ferreira\/#article\",\"isPartOf\":{\"@id\":\"https:\/\/portaltela.pt\/noticias\/2026\/01\/30\/mario-machado-transferido-para-prisao-de-alta-seguranca-em-pacos-de-ferreira\/\"},\"author\":{\"name\":\"Telinha\",\"@id\":\"https:\/\/portaltela.pt\/#\/schema\/person\/c4278d4a6028830caff9ee44b42d32ed\"},\"headline\":\"M\u00e1rio Machado transferido para pris\u00e3o de alta seguran\u00e7a em Pa\u00e7os de Ferreira\",\"datePublished\":\"2026-01-30T13:49:00+00:00\",\"mainEntityOfPage\":{\"@id\":\"https:\/\/portaltela.pt\/noticias\/2026\/01\/30\/mario-machado-transferido-para-prisao-de-alta-seguranca-em-pacos-de-ferreira\/\"},\"wordCount\":312,\"image\":{\"@id\":\"https:\/\/portaltela.pt\/noticias\/2026\/01\/30\/mario-machado-transferido-para-prisao-de-alta-seguranca-em-pacos-de-ferreira\/#primaryimage\"},\"thumbnailUrl\":\"https:\/\/portaltela.pt\/s.01k8rhncp4jt1\/2026\/01\/unnamed-file-6103.jpg\",\"keywords\":[\"discrimina\u00e7\u00e3o\",\"extremismo\",\"imigra\u00e7\u00e3o\",\"imigrantes\",\"incitamento ao \u00f3dio\",\"viol\u00eancia\"],\"articleSection\":[\"Not\u00edcias\"],\"inLanguage\":\"pt-PT\"},{\"@type\":\"WebPage\",\"@id\":\"https:\/\/portaltela.pt\/noticias\/2026\/01\/30\/mario-machado-transferido-para-prisao-de-alta-seguranca-em-pacos-de-ferreira\/\",\"url\":\"https:\/\/portaltela.pt\/noticias\/2026\/01\/30\/mario-machado-transferido-para-prisao-de-alta-seguranca-em-pacos-de-ferreira\/\",\"name\":\"M\u00e1rio Machado transferido para pris\u00e3o de alta seguran\u00e7a em Pa\u00e7os de Ferreira - Portal Tela Portugal\",\"isPartOf\":{\"@id\":\"https:\/\/portaltela.pt\/#website\"},\"primaryImageOfPage\":{\"@id\":\"https:\/\/portaltela.pt\/noticias\/2026\/01\/30\/mario-machado-transferido-para-prisao-de-alta-seguranca-em-pacos-de-ferreira\/#primaryimage\"},\"image\":{\"@id\":\"https:\/\/portaltela.pt\/noticias\/2026\/01\/30\/mario-machado-transferido-para-prisao-de-alta-seguranca-em-pacos-de-ferreira\/#primaryimage\"},\"thumbnailUrl\":\"https:\/\/portaltela.pt\/s.01k8rhncp4jt1\/2026\/01\/unnamed-file-6103.jpg\",\"datePublished\":\"2026-01-30T13:49:00+00:00\",\"author\":{\"@id\":\"https:\/\/portaltela.pt\/#\/schema\/person\/c4278d4a6028830caff9ee44b42d32ed\"},\"breadcrumb\":{\"@id\":\"https:\/\/portaltela.pt\/noticias\/2026\/01\/30\/mario-machado-transferido-para-prisao-de-alta-seguranca-em-pacos-de-ferreira\/#breadcrumb\"},\"inLanguage\":\"pt-PT\",\"potentialAction\":[{\"@type\":\"ReadAction\",\"target\":[\"https:\/\/portaltela.pt\/noticias\/2026\/01\/30\/mario-machado-transferido-para-prisao-de-alta-seguranca-em-pacos-de-ferreira\/\"]}]},{\"@type\":\"ImageObject\",\"inLanguage\":\"pt-PT\",\"@id\":\"https:\/\/portaltela.pt\/noticias\/2026\/01\/30\/mario-machado-transferido-para-prisao-de-alta-seguranca-em-pacos-de-ferreira\/#primaryimage\",\"url\":\"https:\/\/portaltela.pt\/s.01k8rhncp4jt1\/2026\/01\/unnamed-file-6103.jpg\",\"contentUrl\":\"https:\/\/portaltela.pt\/s.01k8rhncp4jt1\/2026\/01\/unnamed-file-6103.jpg\",\"width\":796,\"height\":448,\"caption\":\"Tribunal aplica c\u00famulo de quatro anos de pris\u00e3o a M\u00e1rio Machado\"},{\"@type\":\"BreadcrumbList\",\"@id\":\"https:\/\/portaltela.pt\/noticias\/2026\/01\/30\/mario-machado-transferido-para-prisao-de-alta-seguranca-em-pacos-de-ferreira\/#breadcrumb\",\"itemListElement\":[{\"@type\":\"ListItem\",\"position\":1,\"name\":\"In\u00edcio\",\"item\":\"https:\/\/portaltela.pt\/\"},{\"@type\":\"ListItem\",\"position\":2,\"name\":\"M\u00e1rio Machado transferido para pris\u00e3o de alta seguran\u00e7a em Pa\u00e7os de Ferreira\"}]},{\"@type\":\"WebSite\",\"@id\":\"https:\/\/portaltela.pt\/#website\",\"url\":\"https:\/\/portaltela.pt\/\",\"name\":\"Portal Tela Portugal\",\"description\":\"\",\"potentialAction\":[{\"@type\":\"SearchAction\",\"target\":{\"@type\":\"EntryPoint\",\"urlTemplate\":\"https:\/\/portaltela.pt\/?s={search_term_string}\"},\"query-input\":{\"@type\":\"PropertyValueSpecification\",\"valueRequired\":true,\"valueName\":\"search_term_string\"}}],\"inLanguage\":\"pt-PT\"},{\"@type\":\"Person\",\"@id\":\"https:\/\/portaltela.pt\/#\/schema\/person\/c4278d4a6028830caff9ee44b42d32ed\",\"name\":\"Telinha\",\"image\":{\"@type\":\"ImageObject\",\"inLanguage\":\"pt-PT\",\"@id\":\"https:\/\/portaltela.pt\/s.01k8rhncp4jt1\/2025\/11\/talking-bot-125x125.png\",\"url\":\"https:\/\/portaltela.pt\/s.01k8rhncp4jt1\/2025\/11\/talking-bot-125x125.png\",\"contentUrl\":\"https:\/\/portaltela.pt\/s.01k8rhncp4jt1\/2025\/11\/talking-bot-125x125.png\",\"caption\":\"Telinha\"},\"sameAs\":[\"https:\/\/portaltela.pt\/\"],\"url\":\"https:\/\/portaltela.pt\/por\/367410592786\/\"}]}<\/script>\n<!-- \/ Yoast SEO plugin. -->","yoast_head_json":{"title":"M\u00e1rio Machado transferido para pris\u00e3o de alta seguran\u00e7a em Pa\u00e7os de Ferreira - Portal Tela Portugal","robots":{"index":"index","follow":"follow","max-snippet":"max-snippet:-1","max-image-preview":"max-image-preview:large","max-video-preview":"max-video-preview:-1"},"og_locale":"pt_PT","og_type":"article","og_title":"M\u00e1rio Machado transferido para pris\u00e3o de alta seguran\u00e7a em Pa\u00e7os de Ferreira - Portal Tela Portugal","og_description":"M\u00e1rio Machado foi transferido da pris\u00e3o de Alcoentre para a pris\u00e3o de alta seguran\u00e7a de Pa\u00e7os de Ferreira, numa cela de oito metros quadrados, onde permanece isolado. Cumpre uma pena de quatro anos de pris\u00e3o, resultante de duas condena\u00e7\u00f5es por discrimina\u00e7\u00e3o, incitamento ao \u00f3dio e viol\u00eancia; o advogado j\u00e1 informou que vai recorrer da decis\u00e3o. A Dire\u00e7\u00e3o-Geral de Reinser\u00e7\u00e3o e Servi\u00e7os Prisionais n\u00e3o divulga publicamente motivos de transfer\u00eancias nem informa\u00e7\u00f5es sobre detidos. A mudan\u00e7a acontece ap\u00f3s buscas da Pol\u00edcia Judici\u00e1ria, a 20 de janeiro, no \u00e2mbito da opera\u00e7\u00e3o que desmantelou o grupo 1143 e deteve 37 suspeitos; o Minist\u00e9rio P\u00fablico relata planos para 2026 envolvendo a\u00e7\u00f5es contra a comunidade mu\u00e7ulmana em Portugal. O despacho menciona a\u00e7\u00f5es do grupo 1143 desde fevereiro de 2024, incluindo ataques e dissemina\u00e7\u00e3o de ideologia neonazi, com refer\u00eancia a um epis\u00f3dio a 5 de outubro de 2025 contra dois cidad\u00e3os indianos.","og_url":"https:\/\/portaltela.pt\/noticias\/2026\/01\/30\/mario-machado-transferido-para-prisao-de-alta-seguranca-em-pacos-de-ferreira\/","og_site_name":"Portal Tela Portugal","article_published_time":"2026-01-30T13:49:00+00:00","author":"Telinha","twitter_card":"summary_large_image","twitter_misc":{"Escrito por":"Telinha","Tempo estimado de leitura":"1 minuto"},"schema":{"@context":"https:\/\/schema.org","@graph":[{"@type":"Article","@id":"https:\/\/portaltela.pt\/noticias\/2026\/01\/30\/mario-machado-transferido-para-prisao-de-alta-seguranca-em-pacos-de-ferreira\/#article","isPartOf":{"@id":"https:\/\/portaltela.pt\/noticias\/2026\/01\/30\/mario-machado-transferido-para-prisao-de-alta-seguranca-em-pacos-de-ferreira\/"},"author":{"name":"Telinha","@id":"https:\/\/portaltela.pt\/#\/schema\/person\/c4278d4a6028830caff9ee44b42d32ed"},"headline":"M\u00e1rio Machado transferido para pris\u00e3o de alta seguran\u00e7a em Pa\u00e7os de Ferreira","datePublished":"2026-01-30T13:49:00+00:00","mainEntityOfPage":{"@id":"https:\/\/portaltela.pt\/noticias\/2026\/01\/30\/mario-machado-transferido-para-prisao-de-alta-seguranca-em-pacos-de-ferreira\/"},"wordCount":312,"image":{"@id":"https:\/\/portaltela.pt\/noticias\/2026\/01\/30\/mario-machado-transferido-para-prisao-de-alta-seguranca-em-pacos-de-ferreira\/#primaryimage"},"thumbnailUrl":"https:\/\/portaltela.pt\/s.01k8rhncp4jt1\/2026\/01\/unnamed-file-6103.jpg","keywords":["discrimina\u00e7\u00e3o","extremismo","imigra\u00e7\u00e3o","imigrantes","incitamento ao \u00f3dio","viol\u00eancia"],"articleSection":["Not\u00edcias"],"inLanguage":"pt-PT"},{"@type":"WebPage","@id":"https:\/\/portaltela.pt\/noticias\/2026\/01\/30\/mario-machado-transferido-para-prisao-de-alta-seguranca-em-pacos-de-ferreira\/","url":"https:\/\/portaltela.pt\/noticias\/2026\/01\/30\/mario-machado-transferido-para-prisao-de-alta-seguranca-em-pacos-de-ferreira\/","name":"M\u00e1rio Machado transferido para pris\u00e3o de alta seguran\u00e7a em Pa\u00e7os de Ferreira - Portal Tela Portugal","isPartOf":{"@id":"https:\/\/portaltela.pt\/#website"},"primaryImageOfPage":{"@id":"https:\/\/portaltela.pt\/noticias\/2026\/01\/30\/mario-machado-transferido-para-prisao-de-alta-seguranca-em-pacos-de-ferreira\/#primaryimage"},"image":{"@id":"https:\/\/portaltela.pt\/noticias\/2026\/01\/30\/mario-machado-transferido-para-prisao-de-alta-seguranca-em-pacos-de-ferreira\/#primaryimage"},"thumbnailUrl":"https:\/\/portaltela.pt\/s.01k8rhncp4jt1\/2026\/01\/unnamed-file-6103.jpg","datePublished":"2026-01-30T13:49:00+00:00","author":{"@id":"https:\/\/portaltela.pt\/#\/schema\/person\/c4278d4a6028830caff9ee44b42d32ed"},"breadcrumb":{"@id":"https:\/\/portaltela.pt\/noticias\/2026\/01\/30\/mario-machado-transferido-para-prisao-de-alta-seguranca-em-pacos-de-ferreira\/#breadcrumb"},"inLanguage":"pt-PT","potentialAction":[{"@type":"ReadAction","target":["https:\/\/portaltela.pt\/noticias\/2026\/01\/30\/mario-machado-transferido-para-prisao-de-alta-seguranca-em-pacos-de-ferreira\/"]}]},{"@type":"ImageObject","inLanguage":"pt-PT","@id":"https:\/\/portaltela.pt\/noticias\/2026\/01\/30\/mario-machado-transferido-para-prisao-de-alta-seguranca-em-pacos-de-ferreira\/#primaryimage","url":"https:\/\/portaltela.pt\/s.01k8rhncp4jt1\/2026\/01\/unnamed-file-6103.jpg","contentUrl":"https:\/\/portaltela.pt\/s.01k8rhncp4jt1\/2026\/01\/unnamed-file-6103.jpg","width":796,"height":448,"caption":"Tribunal aplica c\u00famulo de quatro anos de pris\u00e3o a M\u00e1rio Machado"},{"@type":"BreadcrumbList","@id":"https:\/\/portaltela.pt\/noticias\/2026\/01\/30\/mario-machado-transferido-para-prisao-de-alta-seguranca-em-pacos-de-ferreira\/#breadcrumb","itemListElement":[{"@type":"ListItem","position":1,"name":"In\u00edcio","item":"https:\/\/portaltela.pt\/"},{"@type":"ListItem","position":2,"name":"M\u00e1rio Machado transferido para pris\u00e3o de alta seguran\u00e7a em Pa\u00e7os de Ferreira"}]},{"@type":"WebSite","@id":"https:\/\/portaltela.pt\/#website","url":"https:\/\/portaltela.pt\/","name":"Portal Tela Portugal","description":"","potentialAction":[{"@type":"SearchAction","target":{"@type":"EntryPoint","urlTemplate":"https:\/\/portaltela.pt\/?s={search_term_string}"},"query-input":{"@type":"PropertyValueSpecification","valueRequired":true,"valueName":"search_term_string"}}],"inLanguage":"pt-PT"},{"@type":"Person","@id":"https:\/\/portaltela.pt\/#\/schema\/person\/c4278d4a6028830caff9ee44b42d32ed","name":"Telinha","image":{"@type":"ImageObject","inLanguage":"pt-PT","@id":"https:\/\/portaltela.pt\/s.01k8rhncp4jt1\/2025\/11\/talking-bot-125x125.png","url":"https:\/\/portaltela.pt\/s.01k8rhncp4jt1\/2025\/11\/talking-bot-125x125.png","contentUrl":"https:\/\/portaltela.pt\/s.01k8rhncp4jt1\/2025\/11\/talking-bot-125x125.png","caption":"Telinha"},"sameAs":["https:\/\/portaltela.pt\/"],"url":"https:\/\/portaltela.pt\/por\/367410592786\/"}]}},"_links":{"self":[{"href":"https:\/\/portaltela.pt\/api\/wp\/v2\/posts\/184179","targetHints":{"allow":["GET"]}}],"collection":[{"href":"https:\/\/portaltela.pt\/api\/wp\/v2\/posts"}],"about":[{"href":"https:\/\/portaltela.pt\/api\/wp\/v2\/types\/post"}],"author":[{"embeddable":true,"href":"https:\/\/portaltela.pt\/api\/wp\/v2\/users\/2"}],"replies":[{"embeddable":true,"href":"https:\/\/portaltela.pt\/api\/wp\/v2\/comments?post=184179"}],"version-history":[{"count":0,"href":"https:\/\/portaltela.pt\/api\/wp\/v2\/posts\/184179\/revisions"}],"wp:featuredmedia":[{"embeddable":true,"href":"https:\/\/portaltela.pt\/api\/wp\/v2\/media\/184201"}],"wp:attachment":[{"href":"https:\/\/portaltela.pt\/api\/wp\/v2\/media?parent=184179"}],"wp:term":[{"taxonomy":"category","embeddable":true,"href":"https:\/\/portaltela.pt\/api\/wp\/v2\/categories?post=184179"},{"taxonomy":"post_tag","embeddable":true,"href":"https:\/\/portaltela.pt\/api\/wp\/v2\/tags?post=184179"}],"curies":[{"name":"wp","href":"https:\/\/api.w.org\/{rel}","templated":true}]}}