{"id":184172,"date":"2026-01-30T11:13:40","date_gmt":"2026-01-30T14:13:40","guid":{"rendered":"https:\/\/portaltela.pt\/noticias\/2026\/01\/30\/autoeuropa-anteve-preacordo-com-aumento-minimo-de-100-euros-em-2026\/"},"modified":"2026-01-30T11:13:40","modified_gmt":"2026-01-30T14:13:40","slug":"autoeuropa-anteve-preacordo-com-aumento-minimo-de-100-euros-em-2026","status":"publish","type":"post","link":"https:\/\/portaltela.pt\/noticias\/2026\/01\/30\/autoeuropa-anteve-preacordo-com-aumento-minimo-de-100-euros-em-2026\/","title":{"rendered":"Autoeuropa antev\u00ea pr\u00e9acordo com aumento m\u00ednimo de 100 euros em 2026"},"content":{"rendered":"<p>O acordo preliminar entre a Comiss\u00e3o de Trabalhadores (CT) e a administra\u00e7\u00e3o da Volkswagen Autoeuropa prev\u00ea aumentos salariais m\u00ednimos de 100 euros para 2026, com vig\u00eancia at\u00e9 junho de 2027. O texto inclui ainda refor\u00e7o de benef\u00edcios sociais. A CT anunciou o acordo em comunicado difundido na sexta-feira passada.<\/p>\n<p>Segundo o pr\u00e9\u2011acordo, os sal\u00e1rios sobem 2,8% j\u00e1 neste m\u00eas, seguidos de 2,5% em outubro, ambos com garantia m\u00ednima de 50 euros. Acresce um pr\u00e9mio \u00fanico de 500 euros, al\u00e9m de 50 euros em janeiro e outubro, como complemento ao aumento salarial, a ser pago ap\u00f3s assinatura se o acordo for aprovado pelos trabalhadores.<\/p>\n<p>A proposta prev\u00ea ainda um pr\u00e9mio de assiduidade de 50 euros mensais entre janeiro e junho de 2027, com alargamento de exce\u00e7\u00f5es para doen\u00e7a ou compromissos legais. Tamb\u00e9m est\u00e1 prevista a majora\u00e7\u00e3o do pr\u00e9mio de objetivos at\u00e9 150% em 2026 e 2027 e um novo modelo de turnos a partir de junho de 2026, sujeitos a referendo at\u00e9 mar\u00e7o.<\/p>\n<h3>Detalhes do pr\u00e9-acordo<\/h3>\n<p>Os representantes destacam o aumento do subs\u00eddio de refei\u00e7\u00e3o para cinco euros e a garantia de pagamento integral de sal\u00e1rio em caso de lay-off. O acordo tamb\u00e9m prev\u00ea a implementa\u00e7\u00e3o de um novo modelo de turnos, condicionado ao sim dos trabalhadores.<\/p>\n<h3>Processo e pr\u00f3ximos passos<\/h3>\n<p>A CT convocou quatro plen\u00e1rios para discutir o texto, com um \u00faltimo debate agendado para hoje \u00e0 tarde. A vota\u00e7\u00e3o final do pr\u00e9\u2011acordo est\u00e1 prevista para quinta e sexta-feira da pr\u00f3xima semana, pelos cerca de 5.000 trabalhadores da Autoeuropa, na f\u00e1brica de Palmela, no distrito de Set\u00fabal.<\/p>\n","protected":false},"excerpt":{"rendered":"<ul>\n<li>Trabalhadores da Autoeuropa, em Palmela, chegaram a um pr\u00e9-acordo laboral v\u00e1lido at\u00e9 junho de 2027, com medidas de aumento salarial e benef\u00edcios.<\/li>\n<li>Aumento de 2,8% j\u00e1 este m\u00eas e 2,5% em outubro, ambos com um m\u00ednimo garantido de 50 euros.<\/li>\n<li>Pr\u00e9mio \u00fanico de 500 euros, mais 50 euros de complemento em janeiro e outubro, pago ap\u00f3s assinatura se o acordo for aprovado pelos trabalhadores.<\/li>\n<li>Pr\u00e9mio de assiduidade de 50 euros mensais entre janeiro e junho de 2027, com alargamento de exce\u00e7\u00f5es; novo modelo de turnos a partir de junho de 2026, sujeito a referendum at\u00e9 mar\u00e7o.<\/li>\n<li>Aumento do subs\u00eddio de refei\u00e7\u00e3o para cinco euros, manter o sal\u00e1rio integral em caso de lay-off, e majora\u00e7\u00e3o de objetivos at\u00e9 150% em 2026 e 2027.<\/li>\n<\/ul>\n","protected":false},"author":2,"featured_media":184191,"comment_status":"closed","ping_status":"closed","sticky":false,"template":"","format":"standard","meta":{"footnotes":""},"categories":[1],"tags":[255,1066,994,966,4827,2201],"class_list":["post-184172","post","type-post","status-publish","format-standard","has-post-thumbnail","hentry","category-noticias","tag-industria","tag-palmela","tag-setubal","tag-sindicatos","tag-subsidio-de-refeicao","tag-trabalho"],"yoast_head":"<!-- This site is optimized with the Yoast SEO plugin v27.2 - https:\/\/yoast.com\/product\/yoast-seo-wordpress\/ -->\n<title>Autoeuropa antev\u00ea pr\u00e9acordo com aumento m\u00ednimo de 100 euros em 2026 - Portal Tela Portugal<\/title>\n<meta name=\"robots\" content=\"index, follow, max-snippet:-1, max-image-preview:large, max-video-preview:-1\" \/>\n<meta property=\"og:locale\" content=\"pt_PT\" \/>\n<meta property=\"og:type\" content=\"article\" \/>\n<meta property=\"og:title\" content=\"Autoeuropa antev\u00ea pr\u00e9acordo com aumento m\u00ednimo de 100 euros em 2026 - Portal Tela Portugal\" \/>\n<meta property=\"og:description\" content=\"Trabalhadores da Autoeuropa, em Palmela, chegaram a um pr\u00e9-acordo laboral v\u00e1lido at\u00e9 junho de 2027, com medidas de aumento salarial e benef\u00edcios. Aumento de 2,8% j\u00e1 este m\u00eas e 2,5% em outubro, ambos com um m\u00ednimo garantido de 50 euros. Pr\u00e9mio \u00fanico de 500 euros, mais 50 euros de complemento em janeiro e outubro, pago ap\u00f3s assinatura se o acordo for aprovado pelos trabalhadores. Pr\u00e9mio de assiduidade de 50 euros mensais entre janeiro e junho de 2027, com alargamento de exce\u00e7\u00f5es; novo modelo de turnos a partir de junho de 2026, sujeito a referendum at\u00e9 mar\u00e7o. Aumento do subs\u00eddio de refei\u00e7\u00e3o para cinco euros, manter o sal\u00e1rio integral em caso de lay-off, e majora\u00e7\u00e3o de objetivos at\u00e9 150% em 2026 e 2027.\" \/>\n<meta property=\"og:url\" content=\"https:\/\/portaltela.pt\/noticias\/2026\/01\/30\/autoeuropa-anteve-preacordo-com-aumento-minimo-de-100-euros-em-2026\/\" \/>\n<meta property=\"og:site_name\" content=\"Portal Tela Portugal\" \/>\n<meta property=\"article:published_time\" content=\"2026-01-30T14:13:40+00:00\" \/>\n<meta name=\"author\" content=\"Telinha\" \/>\n<meta name=\"twitter:card\" content=\"summary_large_image\" \/>\n<meta name=\"twitter:label1\" content=\"Escrito por\" \/>\n\t<meta name=\"twitter:data1\" content=\"Telinha\" \/>\n\t<meta name=\"twitter:label2\" content=\"Tempo estimado de leitura\" \/>\n\t<meta name=\"twitter:data2\" content=\"1 minuto\" \/>\n<script type=\"application\/ld+json\" class=\"yoast-schema-graph\">{\"@context\":\"https:\/\/schema.org\",\"@graph\":[{\"@type\":\"Article\",\"@id\":\"https:\/\/portaltela.pt\/noticias\/2026\/01\/30\/autoeuropa-anteve-preacordo-com-aumento-minimo-de-100-euros-em-2026\/#article\",\"isPartOf\":{\"@id\":\"https:\/\/portaltela.pt\/noticias\/2026\/01\/30\/autoeuropa-anteve-preacordo-com-aumento-minimo-de-100-euros-em-2026\/\"},\"author\":{\"name\":\"Telinha\",\"@id\":\"https:\/\/portaltela.pt\/#\/schema\/person\/c4278d4a6028830caff9ee44b42d32ed\"},\"headline\":\"Autoeuropa antev\u00ea pr\u00e9acordo com aumento m\u00ednimo de 100 euros em 2026\",\"datePublished\":\"2026-01-30T14:13:40+00:00\",\"mainEntityOfPage\":{\"@id\":\"https:\/\/portaltela.pt\/noticias\/2026\/01\/30\/autoeuropa-anteve-preacordo-com-aumento-minimo-de-100-euros-em-2026\/\"},\"wordCount\":285,\"image\":{\"@id\":\"https:\/\/portaltela.pt\/noticias\/2026\/01\/30\/autoeuropa-anteve-preacordo-com-aumento-minimo-de-100-euros-em-2026\/#primaryimage\"},\"thumbnailUrl\":\"https:\/\/portaltela.pt\/s.01k8rhncp4jt1\/2026\/01\/img_1500x1000uu2023-09-12-15-33-49-1441295.jpg\",\"keywords\":[\"ind\u00fastria\",\"Palmela\",\"Set\u00fabal\",\"sindicatos\",\"subs\u00eddio de refei\u00e7\u00e3o\",\"trabalho\"],\"articleSection\":[\"Not\u00edcias\"],\"inLanguage\":\"pt-PT\"},{\"@type\":\"WebPage\",\"@id\":\"https:\/\/portaltela.pt\/noticias\/2026\/01\/30\/autoeuropa-anteve-preacordo-com-aumento-minimo-de-100-euros-em-2026\/\",\"url\":\"https:\/\/portaltela.pt\/noticias\/2026\/01\/30\/autoeuropa-anteve-preacordo-com-aumento-minimo-de-100-euros-em-2026\/\",\"name\":\"Autoeuropa antev\u00ea pr\u00e9acordo com aumento m\u00ednimo de 100 euros em 2026 - Portal Tela Portugal\",\"isPartOf\":{\"@id\":\"https:\/\/portaltela.pt\/#website\"},\"primaryImageOfPage\":{\"@id\":\"https:\/\/portaltela.pt\/noticias\/2026\/01\/30\/autoeuropa-anteve-preacordo-com-aumento-minimo-de-100-euros-em-2026\/#primaryimage\"},\"image\":{\"@id\":\"https:\/\/portaltela.pt\/noticias\/2026\/01\/30\/autoeuropa-anteve-preacordo-com-aumento-minimo-de-100-euros-em-2026\/#primaryimage\"},\"thumbnailUrl\":\"https:\/\/portaltela.pt\/s.01k8rhncp4jt1\/2026\/01\/img_1500x1000uu2023-09-12-15-33-49-1441295.jpg\",\"datePublished\":\"2026-01-30T14:13:40+00:00\",\"author\":{\"@id\":\"https:\/\/portaltela.pt\/#\/schema\/person\/c4278d4a6028830caff9ee44b42d32ed\"},\"breadcrumb\":{\"@id\":\"https:\/\/portaltela.pt\/noticias\/2026\/01\/30\/autoeuropa-anteve-preacordo-com-aumento-minimo-de-100-euros-em-2026\/#breadcrumb\"},\"inLanguage\":\"pt-PT\",\"potentialAction\":[{\"@type\":\"ReadAction\",\"target\":[\"https:\/\/portaltela.pt\/noticias\/2026\/01\/30\/autoeuropa-anteve-preacordo-com-aumento-minimo-de-100-euros-em-2026\/\"]}]},{\"@type\":\"ImageObject\",\"inLanguage\":\"pt-PT\",\"@id\":\"https:\/\/portaltela.pt\/noticias\/2026\/01\/30\/autoeuropa-anteve-preacordo-com-aumento-minimo-de-100-euros-em-2026\/#primaryimage\",\"url\":\"https:\/\/portaltela.pt\/s.01k8rhncp4jt1\/2026\/01\/img_1500x1000uu2023-09-12-15-33-49-1441295.jpg\",\"contentUrl\":\"https:\/\/portaltela.pt\/s.01k8rhncp4jt1\/2026\/01\/img_1500x1000uu2023-09-12-15-33-49-1441295.jpg\",\"width\":796,\"height\":448,\"caption\":\"Comiss\u00e3o de Trabalhadores e administra\u00e7\u00e3o da Volkswagen Autoeuropa chegaram a acordo\"},{\"@type\":\"BreadcrumbList\",\"@id\":\"https:\/\/portaltela.pt\/noticias\/2026\/01\/30\/autoeuropa-anteve-preacordo-com-aumento-minimo-de-100-euros-em-2026\/#breadcrumb\",\"itemListElement\":[{\"@type\":\"ListItem\",\"position\":1,\"name\":\"In\u00edcio\",\"item\":\"https:\/\/portaltela.pt\/\"},{\"@type\":\"ListItem\",\"position\":2,\"name\":\"Autoeuropa antev\u00ea pr\u00e9acordo com aumento m\u00ednimo de 100 euros em 2026\"}]},{\"@type\":\"WebSite\",\"@id\":\"https:\/\/portaltela.pt\/#website\",\"url\":\"https:\/\/portaltela.pt\/\",\"name\":\"Portal Tela Portugal\",\"description\":\"\",\"potentialAction\":[{\"@type\":\"SearchAction\",\"target\":{\"@type\":\"EntryPoint\",\"urlTemplate\":\"https:\/\/portaltela.pt\/?s={search_term_string}\"},\"query-input\":{\"@type\":\"PropertyValueSpecification\",\"valueRequired\":true,\"valueName\":\"search_term_string\"}}],\"inLanguage\":\"pt-PT\"},{\"@type\":\"Person\",\"@id\":\"https:\/\/portaltela.pt\/#\/schema\/person\/c4278d4a6028830caff9ee44b42d32ed\",\"name\":\"Telinha\",\"image\":{\"@type\":\"ImageObject\",\"inLanguage\":\"pt-PT\",\"@id\":\"https:\/\/portaltela.pt\/s.01k8rhncp4jt1\/2025\/11\/talking-bot-125x125.png\",\"url\":\"https:\/\/portaltela.pt\/s.01k8rhncp4jt1\/2025\/11\/talking-bot-125x125.png\",\"contentUrl\":\"https:\/\/portaltela.pt\/s.01k8rhncp4jt1\/2025\/11\/talking-bot-125x125.png\",\"caption\":\"Telinha\"},\"sameAs\":[\"https:\/\/portaltela.pt\/\"],\"url\":\"https:\/\/portaltela.pt\/por\/367410592786\/\"}]}<\/script>\n<!-- \/ Yoast SEO plugin. -->","yoast_head_json":{"title":"Autoeuropa antev\u00ea pr\u00e9acordo com aumento m\u00ednimo de 100 euros em 2026 - Portal Tela Portugal","robots":{"index":"index","follow":"follow","max-snippet":"max-snippet:-1","max-image-preview":"max-image-preview:large","max-video-preview":"max-video-preview:-1"},"og_locale":"pt_PT","og_type":"article","og_title":"Autoeuropa antev\u00ea pr\u00e9acordo com aumento m\u00ednimo de 100 euros em 2026 - Portal Tela Portugal","og_description":"Trabalhadores da Autoeuropa, em Palmela, chegaram a um pr\u00e9-acordo laboral v\u00e1lido at\u00e9 junho de 2027, com medidas de aumento salarial e benef\u00edcios. Aumento de 2,8% j\u00e1 este m\u00eas e 2,5% em outubro, ambos com um m\u00ednimo garantido de 50 euros. Pr\u00e9mio \u00fanico de 500 euros, mais 50 euros de complemento em janeiro e outubro, pago ap\u00f3s assinatura se o acordo for aprovado pelos trabalhadores. Pr\u00e9mio de assiduidade de 50 euros mensais entre janeiro e junho de 2027, com alargamento de exce\u00e7\u00f5es; novo modelo de turnos a partir de junho de 2026, sujeito a referendum at\u00e9 mar\u00e7o. Aumento do subs\u00eddio de refei\u00e7\u00e3o para cinco euros, manter o sal\u00e1rio integral em caso de lay-off, e majora\u00e7\u00e3o de objetivos at\u00e9 150% em 2026 e 2027.","og_url":"https:\/\/portaltela.pt\/noticias\/2026\/01\/30\/autoeuropa-anteve-preacordo-com-aumento-minimo-de-100-euros-em-2026\/","og_site_name":"Portal Tela Portugal","article_published_time":"2026-01-30T14:13:40+00:00","author":"Telinha","twitter_card":"summary_large_image","twitter_misc":{"Escrito por":"Telinha","Tempo estimado de leitura":"1 minuto"},"schema":{"@context":"https:\/\/schema.org","@graph":[{"@type":"Article","@id":"https:\/\/portaltela.pt\/noticias\/2026\/01\/30\/autoeuropa-anteve-preacordo-com-aumento-minimo-de-100-euros-em-2026\/#article","isPartOf":{"@id":"https:\/\/portaltela.pt\/noticias\/2026\/01\/30\/autoeuropa-anteve-preacordo-com-aumento-minimo-de-100-euros-em-2026\/"},"author":{"name":"Telinha","@id":"https:\/\/portaltela.pt\/#\/schema\/person\/c4278d4a6028830caff9ee44b42d32ed"},"headline":"Autoeuropa antev\u00ea pr\u00e9acordo com aumento m\u00ednimo de 100 euros em 2026","datePublished":"2026-01-30T14:13:40+00:00","mainEntityOfPage":{"@id":"https:\/\/portaltela.pt\/noticias\/2026\/01\/30\/autoeuropa-anteve-preacordo-com-aumento-minimo-de-100-euros-em-2026\/"},"wordCount":285,"image":{"@id":"https:\/\/portaltela.pt\/noticias\/2026\/01\/30\/autoeuropa-anteve-preacordo-com-aumento-minimo-de-100-euros-em-2026\/#primaryimage"},"thumbnailUrl":"https:\/\/portaltela.pt\/s.01k8rhncp4jt1\/2026\/01\/img_1500x1000uu2023-09-12-15-33-49-1441295.jpg","keywords":["ind\u00fastria","Palmela","Set\u00fabal","sindicatos","subs\u00eddio de refei\u00e7\u00e3o","trabalho"],"articleSection":["Not\u00edcias"],"inLanguage":"pt-PT"},{"@type":"WebPage","@id":"https:\/\/portaltela.pt\/noticias\/2026\/01\/30\/autoeuropa-anteve-preacordo-com-aumento-minimo-de-100-euros-em-2026\/","url":"https:\/\/portaltela.pt\/noticias\/2026\/01\/30\/autoeuropa-anteve-preacordo-com-aumento-minimo-de-100-euros-em-2026\/","name":"Autoeuropa antev\u00ea pr\u00e9acordo com aumento m\u00ednimo de 100 euros em 2026 - Portal Tela Portugal","isPartOf":{"@id":"https:\/\/portaltela.pt\/#website"},"primaryImageOfPage":{"@id":"https:\/\/portaltela.pt\/noticias\/2026\/01\/30\/autoeuropa-anteve-preacordo-com-aumento-minimo-de-100-euros-em-2026\/#primaryimage"},"image":{"@id":"https:\/\/portaltela.pt\/noticias\/2026\/01\/30\/autoeuropa-anteve-preacordo-com-aumento-minimo-de-100-euros-em-2026\/#primaryimage"},"thumbnailUrl":"https:\/\/portaltela.pt\/s.01k8rhncp4jt1\/2026\/01\/img_1500x1000uu2023-09-12-15-33-49-1441295.jpg","datePublished":"2026-01-30T14:13:40+00:00","author":{"@id":"https:\/\/portaltela.pt\/#\/schema\/person\/c4278d4a6028830caff9ee44b42d32ed"},"breadcrumb":{"@id":"https:\/\/portaltela.pt\/noticias\/2026\/01\/30\/autoeuropa-anteve-preacordo-com-aumento-minimo-de-100-euros-em-2026\/#breadcrumb"},"inLanguage":"pt-PT","potentialAction":[{"@type":"ReadAction","target":["https:\/\/portaltela.pt\/noticias\/2026\/01\/30\/autoeuropa-anteve-preacordo-com-aumento-minimo-de-100-euros-em-2026\/"]}]},{"@type":"ImageObject","inLanguage":"pt-PT","@id":"https:\/\/portaltela.pt\/noticias\/2026\/01\/30\/autoeuropa-anteve-preacordo-com-aumento-minimo-de-100-euros-em-2026\/#primaryimage","url":"https:\/\/portaltela.pt\/s.01k8rhncp4jt1\/2026\/01\/img_1500x1000uu2023-09-12-15-33-49-1441295.jpg","contentUrl":"https:\/\/portaltela.pt\/s.01k8rhncp4jt1\/2026\/01\/img_1500x1000uu2023-09-12-15-33-49-1441295.jpg","width":796,"height":448,"caption":"Comiss\u00e3o de Trabalhadores e administra\u00e7\u00e3o da Volkswagen Autoeuropa chegaram a acordo"},{"@type":"BreadcrumbList","@id":"https:\/\/portaltela.pt\/noticias\/2026\/01\/30\/autoeuropa-anteve-preacordo-com-aumento-minimo-de-100-euros-em-2026\/#breadcrumb","itemListElement":[{"@type":"ListItem","position":1,"name":"In\u00edcio","item":"https:\/\/portaltela.pt\/"},{"@type":"ListItem","position":2,"name":"Autoeuropa antev\u00ea pr\u00e9acordo com aumento m\u00ednimo de 100 euros em 2026"}]},{"@type":"WebSite","@id":"https:\/\/portaltela.pt\/#website","url":"https:\/\/portaltela.pt\/","name":"Portal Tela Portugal","description":"","potentialAction":[{"@type":"SearchAction","target":{"@type":"EntryPoint","urlTemplate":"https:\/\/portaltela.pt\/?s={search_term_string}"},"query-input":{"@type":"PropertyValueSpecification","valueRequired":true,"valueName":"search_term_string"}}],"inLanguage":"pt-PT"},{"@type":"Person","@id":"https:\/\/portaltela.pt\/#\/schema\/person\/c4278d4a6028830caff9ee44b42d32ed","name":"Telinha","image":{"@type":"ImageObject","inLanguage":"pt-PT","@id":"https:\/\/portaltela.pt\/s.01k8rhncp4jt1\/2025\/11\/talking-bot-125x125.png","url":"https:\/\/portaltela.pt\/s.01k8rhncp4jt1\/2025\/11\/talking-bot-125x125.png","contentUrl":"https:\/\/portaltela.pt\/s.01k8rhncp4jt1\/2025\/11\/talking-bot-125x125.png","caption":"Telinha"},"sameAs":["https:\/\/portaltela.pt\/"],"url":"https:\/\/portaltela.pt\/por\/367410592786\/"}]}},"_links":{"self":[{"href":"https:\/\/portaltela.pt\/api\/wp\/v2\/posts\/184172","targetHints":{"allow":["GET"]}}],"collection":[{"href":"https:\/\/portaltela.pt\/api\/wp\/v2\/posts"}],"about":[{"href":"https:\/\/portaltela.pt\/api\/wp\/v2\/types\/post"}],"author":[{"embeddable":true,"href":"https:\/\/portaltela.pt\/api\/wp\/v2\/users\/2"}],"replies":[{"embeddable":true,"href":"https:\/\/portaltela.pt\/api\/wp\/v2\/comments?post=184172"}],"version-history":[{"count":0,"href":"https:\/\/portaltela.pt\/api\/wp\/v2\/posts\/184172\/revisions"}],"wp:featuredmedia":[{"embeddable":true,"href":"https:\/\/portaltela.pt\/api\/wp\/v2\/media\/184191"}],"wp:attachment":[{"href":"https:\/\/portaltela.pt\/api\/wp\/v2\/media?parent=184172"}],"wp:term":[{"taxonomy":"category","embeddable":true,"href":"https:\/\/portaltela.pt\/api\/wp\/v2\/categories?post=184172"},{"taxonomy":"post_tag","embeddable":true,"href":"https:\/\/portaltela.pt\/api\/wp\/v2\/tags?post=184172"}],"curies":[{"name":"wp","href":"https:\/\/api.w.org\/{rel}","templated":true}]}}