{"id":184164,"date":"2026-01-30T11:02:45","date_gmt":"2026-01-30T14:02:45","guid":{"rendered":"https:\/\/portaltela.pt\/noticias\/2026\/01\/30\/cinema-e-teatro-lamentam-a-morte-de-joao-canijo\/"},"modified":"2026-01-30T11:02:45","modified_gmt":"2026-01-30T14:02:45","slug":"cinema-e-teatro-lamentam-a-morte-de-joao-canijo","status":"publish","type":"post","link":"https:\/\/portaltela.pt\/noticias\/2026\/01\/30\/cinema-e-teatro-lamentam-a-morte-de-joao-canijo\/","title":{"rendered":"Cinema e teatro lamentam a morte de Jo\u00e3o Canijo"},"content":{"rendered":"<p>O cineasta portugu\u00eas Jo\u00e3o Canijo faleceu na quinta-feira, aos 68 anos, perto de Vila Vi\u00e7osa, no distrito de \u00c9vora. A causa da morte n\u00e3o foi divulgada oficialmente, segundo a produtora Midas Filmes.<\/p>\n<p>A Academia Portuguesa de Cinema, as Cinematecas de Portugal e do Uruguai, realizadores e encenadores lamentaram a perda. A Academia destacou a obra livre e humana de Canijo e o seu tratamento de temas familiares com rigor \u00e9tico.<\/p>\n<p>A Cinemateca Portuguesa recordou Canijo como um realizador marcante das \u00faltimas d\u00e9cadas, conhecido por retratos cru\u00e9is e realistas de personagens diante da adversidade. A institui\u00e7\u00e3o digitalizou parte da sua filmografia.<\/p>\n<p>A Cinemateca do Uruguai associou o talento do cineasta a uma obra premiada internacionalmente, nomeadamente com Mal Viver, que lhe valeu o Urso de Prata em Berlim em 2023.<\/p>\n<p>Conforme o \u00faltimo projeto, Encena\u00e7\u00e3o, Canijo encontrava-se a finalizar o filme, e h\u00e1 cerca de duas semanas gravava a pe\u00e7a de teatro As Ucranianas, com o mesmo elenco recorrente do seu cinema.<\/p>\n<p>V\u00e1rios colegas manifestaram tributos nas redes sociais, incluindo o encenador Tiago Rodrigues, que classificou Canijo como uma perda colossal para o pa\u00eds.<\/p>\n<p>A Associa\u00e7\u00e3o Portuguesa de Empresas Cinematogr\u00e1ficas tamb\u00e9m enviou condol\u00eancias, destacando que Canijo entregou grande parte da sua vida ao cinema e \u00e0s obras exibidas em Portugal.<\/p>\n<p>Ao longo da carreira, Canijo passou pela assist\u00eancia de realiza\u00e7\u00e3o com nomes como Manoel de Oliveira e Wim Wenders, criando t\u00edtulos como Sapatos Pretos, Noite Escura, Mal Nascida, Sangue do Meu Sangue, F\u00e1tima e o d\u00edptico Mal Viver\/Viver Mal.<\/p>\n<p>O \u00faltimo reconhecimento internacional manteve Canijo em evid\u00eancia, refor\u00e7ando a imagem de autor que explorou, com perspetiva cr\u00edtica, din\u00e2micas sociais e rela\u00e7\u00f5es humanas. A comunidade art\u00edstica continua a prestar homenagens.<\/p>\n<p>Entre as obras de refer\u00eancia, destacam-se as atua\u00e7\u00f5es de Rita Blanco, Anabela Moreira, Beatriz Batarda, Cleia Almeida e Miguel Guilherme, que acompanharam o cineasta ao longo de v\u00e1rias produ\u00e7\u00f5es.<\/p>\n","protected":false},"excerpt":{"rendered":"<ul>\n<li>Morreu o realizador Jo\u00e3o Canijo, aos 68 anos, na quinta-feira, perto de Vila Vi\u00e7osa, no distrito de \u00c9vora.<\/li>\n<li>A causa de morte n\u00e3o foi confirmada; a imprensa aponta doen\u00e7a s\u00fabita.<\/li>\n<li>Estava a finalizar o filme Encena\u00e7\u00e3o e a filmar h\u00e1 cerca de duas semanas a pe\u00e7a As Ucranianas.<\/li>\n<li>Rea\u00e7\u00f5es de institui\u00e7\u00f5es e personalidades: Academia Portuguesa de Cinema, Cinematecas de Portugal e do Uruguai lamentaram a perda e destacaram a import\u00e2ncia da sua obra.<\/li>\n<li>Jo\u00e3o Canijo deixa uma filmografia marcante, incluindo Sapatos Pretos, Noite Escura, Mal Viver e o d\u00edptico Mal Viver\/Viver Mal; venceu o Urso de Prata em Berlim em 2023.<\/li>\n<\/ul>\n","protected":false},"author":2,"featured_media":184183,"comment_status":"closed","ping_status":"closed","sticky":false,"template":"","format":"standard","meta":{"footnotes":""},"categories":[1],"tags":[4690,112,4775,4762,4828,4760],"class_list":["post-184164","post","type-post","status-publish","format-standard","has-post-thumbnail","hentry","category-noticias","tag-a-cinemateca-portuguesa","tag-cinema","tag-encenacao","tag-mal-viver","tag-sapatos-pretos","tag-urso-de-prata"],"yoast_head":"<!-- This site is optimized with the Yoast SEO plugin v27.2 - https:\/\/yoast.com\/product\/yoast-seo-wordpress\/ -->\n<title>Cinema e teatro lamentam a morte de Jo\u00e3o Canijo - Portal Tela Portugal<\/title>\n<meta name=\"robots\" content=\"index, follow, max-snippet:-1, max-image-preview:large, max-video-preview:-1\" \/>\n<meta property=\"og:locale\" content=\"pt_PT\" \/>\n<meta property=\"og:type\" content=\"article\" \/>\n<meta property=\"og:title\" content=\"Cinema e teatro lamentam a morte de Jo\u00e3o Canijo - Portal Tela Portugal\" \/>\n<meta property=\"og:description\" content=\"Morreu o realizador Jo\u00e3o Canijo, aos 68 anos, na quinta-feira, perto de Vila Vi\u00e7osa, no distrito de \u00c9vora. A causa de morte n\u00e3o foi confirmada; a imprensa aponta doen\u00e7a s\u00fabita. Estava a finalizar o filme Encena\u00e7\u00e3o e a filmar h\u00e1 cerca de duas semanas a pe\u00e7a As Ucranianas. Rea\u00e7\u00f5es de institui\u00e7\u00f5es e personalidades: Academia Portuguesa de Cinema, Cinematecas de Portugal e do Uruguai lamentaram a perda e destacaram a import\u00e2ncia da sua obra. Jo\u00e3o Canijo deixa uma filmografia marcante, incluindo Sapatos Pretos, Noite Escura, Mal Viver e o d\u00edptico Mal Viver\/Viver Mal; venceu o Urso de Prata em Berlim em 2023.\" \/>\n<meta property=\"og:url\" content=\"https:\/\/portaltela.pt\/noticias\/2026\/01\/30\/cinema-e-teatro-lamentam-a-morte-de-joao-canijo\/\" \/>\n<meta property=\"og:site_name\" content=\"Portal Tela Portugal\" \/>\n<meta property=\"article:published_time\" content=\"2026-01-30T14:02:45+00:00\" \/>\n<meta name=\"author\" content=\"Telinha\" \/>\n<meta name=\"twitter:card\" content=\"summary_large_image\" \/>\n<meta name=\"twitter:label1\" content=\"Escrito por\" \/>\n\t<meta name=\"twitter:data1\" content=\"Telinha\" \/>\n\t<meta name=\"twitter:label2\" content=\"Tempo estimado de leitura\" \/>\n\t<meta name=\"twitter:data2\" content=\"2 minutos\" \/>\n<script type=\"application\/ld+json\" class=\"yoast-schema-graph\">{\"@context\":\"https:\/\/schema.org\",\"@graph\":[{\"@type\":\"Article\",\"@id\":\"https:\/\/portaltela.pt\/noticias\/2026\/01\/30\/cinema-e-teatro-lamentam-a-morte-de-joao-canijo\/#article\",\"isPartOf\":{\"@id\":\"https:\/\/portaltela.pt\/noticias\/2026\/01\/30\/cinema-e-teatro-lamentam-a-morte-de-joao-canijo\/\"},\"author\":{\"name\":\"Telinha\",\"@id\":\"https:\/\/portaltela.pt\/#\/schema\/person\/c4278d4a6028830caff9ee44b42d32ed\"},\"headline\":\"Cinema e teatro lamentam a morte de Jo\u00e3o Canijo\",\"datePublished\":\"2026-01-30T14:02:45+00:00\",\"mainEntityOfPage\":{\"@id\":\"https:\/\/portaltela.pt\/noticias\/2026\/01\/30\/cinema-e-teatro-lamentam-a-morte-de-joao-canijo\/\"},\"wordCount\":346,\"image\":{\"@id\":\"https:\/\/portaltela.pt\/noticias\/2026\/01\/30\/cinema-e-teatro-lamentam-a-morte-de-joao-canijo\/#primaryimage\"},\"thumbnailUrl\":\"https:\/\/portaltela.pt\/s.01k8rhncp4jt1\/2026\/01\/img_1500x1000uu2026-01-30-14-02-07-2263582.jpg\",\"keywords\":[\"A Cinemateca Portuguesa\",\"cinema\",\"Encena\u00e7\u00e3o\",\"Mal Viver\",\"Sapatos Pretos\",\"Urso de Prata\"],\"articleSection\":[\"Not\u00edcias\"],\"inLanguage\":\"pt-PT\"},{\"@type\":\"WebPage\",\"@id\":\"https:\/\/portaltela.pt\/noticias\/2026\/01\/30\/cinema-e-teatro-lamentam-a-morte-de-joao-canijo\/\",\"url\":\"https:\/\/portaltela.pt\/noticias\/2026\/01\/30\/cinema-e-teatro-lamentam-a-morte-de-joao-canijo\/\",\"name\":\"Cinema e teatro lamentam a morte de Jo\u00e3o Canijo - Portal Tela Portugal\",\"isPartOf\":{\"@id\":\"https:\/\/portaltela.pt\/#website\"},\"primaryImageOfPage\":{\"@id\":\"https:\/\/portaltela.pt\/noticias\/2026\/01\/30\/cinema-e-teatro-lamentam-a-morte-de-joao-canijo\/#primaryimage\"},\"image\":{\"@id\":\"https:\/\/portaltela.pt\/noticias\/2026\/01\/30\/cinema-e-teatro-lamentam-a-morte-de-joao-canijo\/#primaryimage\"},\"thumbnailUrl\":\"https:\/\/portaltela.pt\/s.01k8rhncp4jt1\/2026\/01\/img_1500x1000uu2026-01-30-14-02-07-2263582.jpg\",\"datePublished\":\"2026-01-30T14:02:45+00:00\",\"author\":{\"@id\":\"https:\/\/portaltela.pt\/#\/schema\/person\/c4278d4a6028830caff9ee44b42d32ed\"},\"breadcrumb\":{\"@id\":\"https:\/\/portaltela.pt\/noticias\/2026\/01\/30\/cinema-e-teatro-lamentam-a-morte-de-joao-canijo\/#breadcrumb\"},\"inLanguage\":\"pt-PT\",\"potentialAction\":[{\"@type\":\"ReadAction\",\"target\":[\"https:\/\/portaltela.pt\/noticias\/2026\/01\/30\/cinema-e-teatro-lamentam-a-morte-de-joao-canijo\/\"]}]},{\"@type\":\"ImageObject\",\"inLanguage\":\"pt-PT\",\"@id\":\"https:\/\/portaltela.pt\/noticias\/2026\/01\/30\/cinema-e-teatro-lamentam-a-morte-de-joao-canijo\/#primaryimage\",\"url\":\"https:\/\/portaltela.pt\/s.01k8rhncp4jt1\/2026\/01\/img_1500x1000uu2026-01-30-14-02-07-2263582.jpg\",\"contentUrl\":\"https:\/\/portaltela.pt\/s.01k8rhncp4jt1\/2026\/01\/img_1500x1000uu2026-01-30-14-02-07-2263582.jpg\",\"width\":796,\"height\":448,\"caption\":\"Jo\u00e3o Canijo, realizador portugu\u00eas, morreu aos 68 anos\"},{\"@type\":\"BreadcrumbList\",\"@id\":\"https:\/\/portaltela.pt\/noticias\/2026\/01\/30\/cinema-e-teatro-lamentam-a-morte-de-joao-canijo\/#breadcrumb\",\"itemListElement\":[{\"@type\":\"ListItem\",\"position\":1,\"name\":\"In\u00edcio\",\"item\":\"https:\/\/portaltela.pt\/\"},{\"@type\":\"ListItem\",\"position\":2,\"name\":\"Cinema e teatro lamentam a morte de Jo\u00e3o Canijo\"}]},{\"@type\":\"WebSite\",\"@id\":\"https:\/\/portaltela.pt\/#website\",\"url\":\"https:\/\/portaltela.pt\/\",\"name\":\"Portal Tela Portugal\",\"description\":\"\",\"potentialAction\":[{\"@type\":\"SearchAction\",\"target\":{\"@type\":\"EntryPoint\",\"urlTemplate\":\"https:\/\/portaltela.pt\/?s={search_term_string}\"},\"query-input\":{\"@type\":\"PropertyValueSpecification\",\"valueRequired\":true,\"valueName\":\"search_term_string\"}}],\"inLanguage\":\"pt-PT\"},{\"@type\":\"Person\",\"@id\":\"https:\/\/portaltela.pt\/#\/schema\/person\/c4278d4a6028830caff9ee44b42d32ed\",\"name\":\"Telinha\",\"image\":{\"@type\":\"ImageObject\",\"inLanguage\":\"pt-PT\",\"@id\":\"https:\/\/portaltela.pt\/s.01k8rhncp4jt1\/2025\/11\/talking-bot-125x125.png\",\"url\":\"https:\/\/portaltela.pt\/s.01k8rhncp4jt1\/2025\/11\/talking-bot-125x125.png\",\"contentUrl\":\"https:\/\/portaltela.pt\/s.01k8rhncp4jt1\/2025\/11\/talking-bot-125x125.png\",\"caption\":\"Telinha\"},\"sameAs\":[\"https:\/\/portaltela.pt\/\"],\"url\":\"https:\/\/portaltela.pt\/por\/367410592786\/\"}]}<\/script>\n<!-- \/ Yoast SEO plugin. -->","yoast_head_json":{"title":"Cinema e teatro lamentam a morte de Jo\u00e3o Canijo - Portal Tela Portugal","robots":{"index":"index","follow":"follow","max-snippet":"max-snippet:-1","max-image-preview":"max-image-preview:large","max-video-preview":"max-video-preview:-1"},"og_locale":"pt_PT","og_type":"article","og_title":"Cinema e teatro lamentam a morte de Jo\u00e3o Canijo - Portal Tela Portugal","og_description":"Morreu o realizador Jo\u00e3o Canijo, aos 68 anos, na quinta-feira, perto de Vila Vi\u00e7osa, no distrito de \u00c9vora. A causa de morte n\u00e3o foi confirmada; a imprensa aponta doen\u00e7a s\u00fabita. Estava a finalizar o filme Encena\u00e7\u00e3o e a filmar h\u00e1 cerca de duas semanas a pe\u00e7a As Ucranianas. Rea\u00e7\u00f5es de institui\u00e7\u00f5es e personalidades: Academia Portuguesa de Cinema, Cinematecas de Portugal e do Uruguai lamentaram a perda e destacaram a import\u00e2ncia da sua obra. Jo\u00e3o Canijo deixa uma filmografia marcante, incluindo Sapatos Pretos, Noite Escura, Mal Viver e o d\u00edptico Mal Viver\/Viver Mal; venceu o Urso de Prata em Berlim em 2023.","og_url":"https:\/\/portaltela.pt\/noticias\/2026\/01\/30\/cinema-e-teatro-lamentam-a-morte-de-joao-canijo\/","og_site_name":"Portal Tela Portugal","article_published_time":"2026-01-30T14:02:45+00:00","author":"Telinha","twitter_card":"summary_large_image","twitter_misc":{"Escrito por":"Telinha","Tempo estimado de leitura":"2 minutos"},"schema":{"@context":"https:\/\/schema.org","@graph":[{"@type":"Article","@id":"https:\/\/portaltela.pt\/noticias\/2026\/01\/30\/cinema-e-teatro-lamentam-a-morte-de-joao-canijo\/#article","isPartOf":{"@id":"https:\/\/portaltela.pt\/noticias\/2026\/01\/30\/cinema-e-teatro-lamentam-a-morte-de-joao-canijo\/"},"author":{"name":"Telinha","@id":"https:\/\/portaltela.pt\/#\/schema\/person\/c4278d4a6028830caff9ee44b42d32ed"},"headline":"Cinema e teatro lamentam a morte de Jo\u00e3o Canijo","datePublished":"2026-01-30T14:02:45+00:00","mainEntityOfPage":{"@id":"https:\/\/portaltela.pt\/noticias\/2026\/01\/30\/cinema-e-teatro-lamentam-a-morte-de-joao-canijo\/"},"wordCount":346,"image":{"@id":"https:\/\/portaltela.pt\/noticias\/2026\/01\/30\/cinema-e-teatro-lamentam-a-morte-de-joao-canijo\/#primaryimage"},"thumbnailUrl":"https:\/\/portaltela.pt\/s.01k8rhncp4jt1\/2026\/01\/img_1500x1000uu2026-01-30-14-02-07-2263582.jpg","keywords":["A Cinemateca Portuguesa","cinema","Encena\u00e7\u00e3o","Mal Viver","Sapatos Pretos","Urso de Prata"],"articleSection":["Not\u00edcias"],"inLanguage":"pt-PT"},{"@type":"WebPage","@id":"https:\/\/portaltela.pt\/noticias\/2026\/01\/30\/cinema-e-teatro-lamentam-a-morte-de-joao-canijo\/","url":"https:\/\/portaltela.pt\/noticias\/2026\/01\/30\/cinema-e-teatro-lamentam-a-morte-de-joao-canijo\/","name":"Cinema e teatro lamentam a morte de Jo\u00e3o Canijo - Portal Tela Portugal","isPartOf":{"@id":"https:\/\/portaltela.pt\/#website"},"primaryImageOfPage":{"@id":"https:\/\/portaltela.pt\/noticias\/2026\/01\/30\/cinema-e-teatro-lamentam-a-morte-de-joao-canijo\/#primaryimage"},"image":{"@id":"https:\/\/portaltela.pt\/noticias\/2026\/01\/30\/cinema-e-teatro-lamentam-a-morte-de-joao-canijo\/#primaryimage"},"thumbnailUrl":"https:\/\/portaltela.pt\/s.01k8rhncp4jt1\/2026\/01\/img_1500x1000uu2026-01-30-14-02-07-2263582.jpg","datePublished":"2026-01-30T14:02:45+00:00","author":{"@id":"https:\/\/portaltela.pt\/#\/schema\/person\/c4278d4a6028830caff9ee44b42d32ed"},"breadcrumb":{"@id":"https:\/\/portaltela.pt\/noticias\/2026\/01\/30\/cinema-e-teatro-lamentam-a-morte-de-joao-canijo\/#breadcrumb"},"inLanguage":"pt-PT","potentialAction":[{"@type":"ReadAction","target":["https:\/\/portaltela.pt\/noticias\/2026\/01\/30\/cinema-e-teatro-lamentam-a-morte-de-joao-canijo\/"]}]},{"@type":"ImageObject","inLanguage":"pt-PT","@id":"https:\/\/portaltela.pt\/noticias\/2026\/01\/30\/cinema-e-teatro-lamentam-a-morte-de-joao-canijo\/#primaryimage","url":"https:\/\/portaltela.pt\/s.01k8rhncp4jt1\/2026\/01\/img_1500x1000uu2026-01-30-14-02-07-2263582.jpg","contentUrl":"https:\/\/portaltela.pt\/s.01k8rhncp4jt1\/2026\/01\/img_1500x1000uu2026-01-30-14-02-07-2263582.jpg","width":796,"height":448,"caption":"Jo\u00e3o Canijo, realizador portugu\u00eas, morreu aos 68 anos"},{"@type":"BreadcrumbList","@id":"https:\/\/portaltela.pt\/noticias\/2026\/01\/30\/cinema-e-teatro-lamentam-a-morte-de-joao-canijo\/#breadcrumb","itemListElement":[{"@type":"ListItem","position":1,"name":"In\u00edcio","item":"https:\/\/portaltela.pt\/"},{"@type":"ListItem","position":2,"name":"Cinema e teatro lamentam a morte de Jo\u00e3o Canijo"}]},{"@type":"WebSite","@id":"https:\/\/portaltela.pt\/#website","url":"https:\/\/portaltela.pt\/","name":"Portal Tela Portugal","description":"","potentialAction":[{"@type":"SearchAction","target":{"@type":"EntryPoint","urlTemplate":"https:\/\/portaltela.pt\/?s={search_term_string}"},"query-input":{"@type":"PropertyValueSpecification","valueRequired":true,"valueName":"search_term_string"}}],"inLanguage":"pt-PT"},{"@type":"Person","@id":"https:\/\/portaltela.pt\/#\/schema\/person\/c4278d4a6028830caff9ee44b42d32ed","name":"Telinha","image":{"@type":"ImageObject","inLanguage":"pt-PT","@id":"https:\/\/portaltela.pt\/s.01k8rhncp4jt1\/2025\/11\/talking-bot-125x125.png","url":"https:\/\/portaltela.pt\/s.01k8rhncp4jt1\/2025\/11\/talking-bot-125x125.png","contentUrl":"https:\/\/portaltela.pt\/s.01k8rhncp4jt1\/2025\/11\/talking-bot-125x125.png","caption":"Telinha"},"sameAs":["https:\/\/portaltela.pt\/"],"url":"https:\/\/portaltela.pt\/por\/367410592786\/"}]}},"_links":{"self":[{"href":"https:\/\/portaltela.pt\/api\/wp\/v2\/posts\/184164","targetHints":{"allow":["GET"]}}],"collection":[{"href":"https:\/\/portaltela.pt\/api\/wp\/v2\/posts"}],"about":[{"href":"https:\/\/portaltela.pt\/api\/wp\/v2\/types\/post"}],"author":[{"embeddable":true,"href":"https:\/\/portaltela.pt\/api\/wp\/v2\/users\/2"}],"replies":[{"embeddable":true,"href":"https:\/\/portaltela.pt\/api\/wp\/v2\/comments?post=184164"}],"version-history":[{"count":0,"href":"https:\/\/portaltela.pt\/api\/wp\/v2\/posts\/184164\/revisions"}],"wp:featuredmedia":[{"embeddable":true,"href":"https:\/\/portaltela.pt\/api\/wp\/v2\/media\/184183"}],"wp:attachment":[{"href":"https:\/\/portaltela.pt\/api\/wp\/v2\/media?parent=184164"}],"wp:term":[{"taxonomy":"category","embeddable":true,"href":"https:\/\/portaltela.pt\/api\/wp\/v2\/categories?post=184164"},{"taxonomy":"post_tag","embeddable":true,"href":"https:\/\/portaltela.pt\/api\/wp\/v2\/tags?post=184164"}],"curies":[{"name":"wp","href":"https:\/\/api.w.org\/{rel}","templated":true}]}}