{"id":184138,"date":"2026-01-30T10:42:00","date_gmt":"2026-01-30T13:42:00","guid":{"rendered":"https:\/\/portaltela.pt\/noticias\/2026\/01\/30\/presidente-promulga-aumentos-salariais-para-a-funcao-publica-2\/"},"modified":"2026-01-30T10:42:00","modified_gmt":"2026-01-30T13:42:00","slug":"presidente-promulga-aumentos-salariais-para-a-funcao-publica-2","status":"publish","type":"post","link":"https:\/\/portaltela.pt\/noticias\/politica\/2026\/01\/30\/presidente-promulga-aumentos-salariais-para-a-funcao-publica-2\/","title":{"rendered":"Presidente promulga aumentos salariais para a fun\u00e7\u00e3o p\u00fablica"},"content":{"rendered":"<p>O presidente da Rep\u00fablica promulgou esta sexta-feira os aumentos salariais para a fun\u00e7\u00e3o p\u00fablica aprovados pelo Governo na quinta-feira, ap\u00f3s a assinatura de um acordo plurianual com as organiza\u00e7\u00f5es sindicais FESAP e STE. A promulga\u00e7\u00e3o foi comunicada no site oficial da Presid\u00eancia, que indica tratar-se do diploma que altera a base remunerat\u00f3ria e atualiza as remunera\u00e7\u00f5es da Administra\u00e7\u00e3o P\u00fablica.<\/p>\n<p>O acordo plurianual para 2026-2029 estabelece aumentos salariais m\u00ednimos para 2026, com 56,58 euros ou 2,15%, e para 2027-2029, com 60,52 euros ou 2,30% no cada ano. O objetivo \u00e9 assegurar um ganho acumulado m\u00ednimo por trabalhador at\u00e9 2029, de 238,14 euros, e elevar a Remunera\u00e7\u00e3o M\u00ednima Garantida para 934,99 euros, chegando a 1116,55 euros em 2029.<\/p>\n<h3>Estrutura salarial, subs\u00eddio de refei\u00e7\u00e3o e datas-chave<\/h3>\n<p>At\u00e9 2029, o acordo prev\u00ea tamb\u00e9m um aumento do subs\u00eddio de refei\u00e7\u00e3o para 6,15 euros por dia de trabalho, aplicado por portaria. O ministro da Presid\u00eancia, Ant\u00f3nio Leit\u00e3o Amaro, destacou a aprova\u00e7\u00e3o no \u00e2mbito do Acordo Plurianual 2026-2029, assinado na semana anterior, para valorizar os trabalhadores p\u00fablicos.<\/p>\n<p>Segundo a comunica\u00e7\u00e3o oficial, os aumentos de 2026 ainda n\u00e3o constar\u00e3o do processamento deste m\u00eas, j\u00e1 fechado, mas dever\u00e3o refletir em fevereiro, com retroativos a janeiro. O acordo prorroga compromissos de atualiza\u00e7\u00f5es salariais at\u00e9 ao fim da legislatura e introduz novidades em subs\u00eddio de refei\u00e7\u00e3o e em v\u00e1rias carreiras.<\/p>\n<h3>Rea\u00e7\u00f5es e contexto negocial<\/h3>\n<p>A Frente Comum, ligada \u00e0 CGTP, ficou de fora do acordo, criticando a falta de participa\u00e7\u00e3o em novos entendimentos e desafiando o Governo a abrir um processo negocial extraordin\u00e1rio. O entendimento firmado envolve o Governo PSD\/CDS-PP, a Fesap e o STE, com a finalidade de estabilizar sal\u00e1rios at\u00e9 2029.<\/p>\n<p>As entidades sindicais envolvidas destacam que o acordo assegura aumentos m\u00ednimos para todos os funcion\u00e1rios p\u00fablicos, mantendo o ritmo de valoriza\u00e7\u00e3o relativo \u00e0 infla\u00e7\u00e3o. O Governo sublinha a continuidade do compromisso com a recupera\u00e7\u00e3o progressiva dos rendimentos no setor p\u00fablico.<\/p>\n","protected":false},"excerpt":{"rendered":"<ul>\n<li>O presidente da Rep\u00fablica promulgou os aumentos salariais para a fun\u00e7\u00e3o p\u00fablica aprovados pelo Governo, ap\u00f3s acordo com as estruturas sindicais FESAP e STE.<\/li>\n<li>O acordo para 2026-2029 prev\u00ea atualiza\u00e7\u00e3o de 56,58 euros ou m\u00ednimo de 2,15% em 2026, e 60,52 euros ou m\u00ednimo de 2,30% em 2027, 2028 e 2029.<\/li>\n<li>At\u00e9 2029, o aumento m\u00ednimo acumulado por trabalhador \u00e9 de 238,14 euros; a Remunera\u00e7\u00e3o M\u00ednima Garantida fica em 934,99 euros, subindo para 1116,55 euros em 2029.<\/li>\n<li>O subs\u00eddio de refei\u00e7\u00e3o passa a 6,15 euros por dia de trabalho, via portaria.<\/li>\n<li>O aumento de 2026 n\u00e3o fica refletido neste m\u00eas, entrando em fevereiro com retroativos a janeiro; o acordo estende compromissos at\u00e9 o fim da legislatura, excluindo a Frente Comum.<\/li>\n<\/ul>\n","protected":false},"author":2,"featured_media":184150,"comment_status":"closed","ping_status":"closed","sticky":false,"template":"","format":"standard","meta":{"footnotes":""},"categories":[1,5],"tags":[168,3075,34,3897,2818,4827],"class_list":["post-184138","post","type-post","status-publish","format-standard","has-post-thumbnail","hentry","category-noticias","category-politica","tag-administracao-publica","tag-cgtp","tag-governo","tag-negociacoes","tag-remuneracoes","tag-subsidio-de-refeicao"],"yoast_head":"<!-- This site is optimized with the Yoast SEO plugin v27.2 - https:\/\/yoast.com\/product\/yoast-seo-wordpress\/ -->\n<title>Presidente promulga aumentos salariais para a fun\u00e7\u00e3o p\u00fablica - Portal Tela Portugal<\/title>\n<meta name=\"robots\" content=\"index, follow, max-snippet:-1, max-image-preview:large, max-video-preview:-1\" \/>\n<meta property=\"og:locale\" content=\"pt_PT\" \/>\n<meta property=\"og:type\" content=\"article\" \/>\n<meta property=\"og:title\" content=\"Presidente promulga aumentos salariais para a fun\u00e7\u00e3o p\u00fablica - Portal Tela Portugal\" \/>\n<meta property=\"og:description\" content=\"O presidente da Rep\u00fablica promulgou os aumentos salariais para a fun\u00e7\u00e3o p\u00fablica aprovados pelo Governo, ap\u00f3s acordo com as estruturas sindicais FESAP e STE. O acordo para 2026-2029 prev\u00ea atualiza\u00e7\u00e3o de 56,58 euros ou m\u00ednimo de 2,15% em 2026, e 60,52 euros ou m\u00ednimo de 2,30% em 2027, 2028 e 2029. At\u00e9 2029, o aumento m\u00ednimo acumulado por trabalhador \u00e9 de 238,14 euros; a Remunera\u00e7\u00e3o M\u00ednima Garantida fica em 934,99 euros, subindo para 1116,55 euros em 2029. O subs\u00eddio de refei\u00e7\u00e3o passa a 6,15 euros por dia de trabalho, via portaria. O aumento de 2026 n\u00e3o fica refletido neste m\u00eas, entrando em fevereiro com retroativos a janeiro; o acordo estende compromissos at\u00e9 o fim da legislatura, excluindo a Frente Comum.\" \/>\n<meta property=\"og:url\" content=\"https:\/\/portaltela.pt\/noticias\/2026\/01\/30\/presidente-promulga-aumentos-salariais-para-a-funcao-publica-2\/\" \/>\n<meta property=\"og:site_name\" content=\"Portal Tela Portugal\" \/>\n<meta property=\"article:published_time\" content=\"2026-01-30T13:42:00+00:00\" \/>\n<meta name=\"author\" content=\"Telinha\" \/>\n<meta name=\"twitter:card\" content=\"summary_large_image\" \/>\n<meta name=\"twitter:label1\" content=\"Escrito por\" \/>\n\t<meta name=\"twitter:data1\" content=\"Telinha\" \/>\n\t<meta name=\"twitter:label2\" content=\"Tempo estimado de leitura\" \/>\n\t<meta name=\"twitter:data2\" content=\"2 minutos\" \/>\n<script type=\"application\/ld+json\" class=\"yoast-schema-graph\">{\"@context\":\"https:\/\/schema.org\",\"@graph\":[{\"@type\":\"Article\",\"@id\":\"https:\/\/portaltela.pt\/noticias\/2026\/01\/30\/presidente-promulga-aumentos-salariais-para-a-funcao-publica-2\/#article\",\"isPartOf\":{\"@id\":\"https:\/\/portaltela.pt\/noticias\/2026\/01\/30\/presidente-promulga-aumentos-salariais-para-a-funcao-publica-2\/\"},\"author\":{\"name\":\"Telinha\",\"@id\":\"https:\/\/portaltela.pt\/#\/schema\/person\/c4278d4a6028830caff9ee44b42d32ed\"},\"headline\":\"Presidente promulga aumentos salariais para a fun\u00e7\u00e3o p\u00fablica\",\"datePublished\":\"2026-01-30T13:42:00+00:00\",\"mainEntityOfPage\":{\"@id\":\"https:\/\/portaltela.pt\/noticias\/2026\/01\/30\/presidente-promulga-aumentos-salariais-para-a-funcao-publica-2\/\"},\"wordCount\":351,\"image\":{\"@id\":\"https:\/\/portaltela.pt\/noticias\/2026\/01\/30\/presidente-promulga-aumentos-salariais-para-a-funcao-publica-2\/#primaryimage\"},\"thumbnailUrl\":\"https:\/\/portaltela.pt\/s.01k8rhncp4jt1\/2026\/01\/image-2120.jpg\",\"keywords\":[\"administra\u00e7\u00e3o p\u00fablica\",\"CGTP\",\"governo\",\"negocia\u00e7\u00f5es\",\"Remunera\u00e7\u00f5es\",\"subs\u00eddio de refei\u00e7\u00e3o\"],\"articleSection\":[\"Not\u00edcias\",\"Pol\u00edtica\"],\"inLanguage\":\"pt-PT\"},{\"@type\":\"WebPage\",\"@id\":\"https:\/\/portaltela.pt\/noticias\/2026\/01\/30\/presidente-promulga-aumentos-salariais-para-a-funcao-publica-2\/\",\"url\":\"https:\/\/portaltela.pt\/noticias\/2026\/01\/30\/presidente-promulga-aumentos-salariais-para-a-funcao-publica-2\/\",\"name\":\"Presidente promulga aumentos salariais para a fun\u00e7\u00e3o p\u00fablica - Portal Tela Portugal\",\"isPartOf\":{\"@id\":\"https:\/\/portaltela.pt\/#website\"},\"primaryImageOfPage\":{\"@id\":\"https:\/\/portaltela.pt\/noticias\/2026\/01\/30\/presidente-promulga-aumentos-salariais-para-a-funcao-publica-2\/#primaryimage\"},\"image\":{\"@id\":\"https:\/\/portaltela.pt\/noticias\/2026\/01\/30\/presidente-promulga-aumentos-salariais-para-a-funcao-publica-2\/#primaryimage\"},\"thumbnailUrl\":\"https:\/\/portaltela.pt\/s.01k8rhncp4jt1\/2026\/01\/image-2120.jpg\",\"datePublished\":\"2026-01-30T13:42:00+00:00\",\"author\":{\"@id\":\"https:\/\/portaltela.pt\/#\/schema\/person\/c4278d4a6028830caff9ee44b42d32ed\"},\"breadcrumb\":{\"@id\":\"https:\/\/portaltela.pt\/noticias\/2026\/01\/30\/presidente-promulga-aumentos-salariais-para-a-funcao-publica-2\/#breadcrumb\"},\"inLanguage\":\"pt-PT\",\"potentialAction\":[{\"@type\":\"ReadAction\",\"target\":[\"https:\/\/portaltela.pt\/noticias\/2026\/01\/30\/presidente-promulga-aumentos-salariais-para-a-funcao-publica-2\/\"]}]},{\"@type\":\"ImageObject\",\"inLanguage\":\"pt-PT\",\"@id\":\"https:\/\/portaltela.pt\/noticias\/2026\/01\/30\/presidente-promulga-aumentos-salariais-para-a-funcao-publica-2\/#primaryimage\",\"url\":\"https:\/\/portaltela.pt\/s.01k8rhncp4jt1\/2026\/01\/image-2120.jpg\",\"contentUrl\":\"https:\/\/portaltela.pt\/s.01k8rhncp4jt1\/2026\/01\/image-2120.jpg\",\"width\":796,\"height\":448,\"caption\":\"Agentes furtaram dinheiro estava em casa de suspeito de viol\u00eancia dom\u00e9stica\"},{\"@type\":\"BreadcrumbList\",\"@id\":\"https:\/\/portaltela.pt\/noticias\/2026\/01\/30\/presidente-promulga-aumentos-salariais-para-a-funcao-publica-2\/#breadcrumb\",\"itemListElement\":[{\"@type\":\"ListItem\",\"position\":1,\"name\":\"In\u00edcio\",\"item\":\"https:\/\/portaltela.pt\/\"},{\"@type\":\"ListItem\",\"position\":2,\"name\":\"Presidente promulga aumentos salariais para a fun\u00e7\u00e3o p\u00fablica\"}]},{\"@type\":\"WebSite\",\"@id\":\"https:\/\/portaltela.pt\/#website\",\"url\":\"https:\/\/portaltela.pt\/\",\"name\":\"Portal Tela Portugal\",\"description\":\"\",\"potentialAction\":[{\"@type\":\"SearchAction\",\"target\":{\"@type\":\"EntryPoint\",\"urlTemplate\":\"https:\/\/portaltela.pt\/?s={search_term_string}\"},\"query-input\":{\"@type\":\"PropertyValueSpecification\",\"valueRequired\":true,\"valueName\":\"search_term_string\"}}],\"inLanguage\":\"pt-PT\"},{\"@type\":\"Person\",\"@id\":\"https:\/\/portaltela.pt\/#\/schema\/person\/c4278d4a6028830caff9ee44b42d32ed\",\"name\":\"Telinha\",\"image\":{\"@type\":\"ImageObject\",\"inLanguage\":\"pt-PT\",\"@id\":\"https:\/\/portaltela.pt\/s.01k8rhncp4jt1\/2025\/11\/talking-bot-125x125.png\",\"url\":\"https:\/\/portaltela.pt\/s.01k8rhncp4jt1\/2025\/11\/talking-bot-125x125.png\",\"contentUrl\":\"https:\/\/portaltela.pt\/s.01k8rhncp4jt1\/2025\/11\/talking-bot-125x125.png\",\"caption\":\"Telinha\"},\"sameAs\":[\"https:\/\/portaltela.pt\/\"],\"url\":\"https:\/\/portaltela.pt\/por\/367410592786\/\"}]}<\/script>\n<!-- \/ Yoast SEO plugin. -->","yoast_head_json":{"title":"Presidente promulga aumentos salariais para a fun\u00e7\u00e3o p\u00fablica - Portal Tela Portugal","robots":{"index":"index","follow":"follow","max-snippet":"max-snippet:-1","max-image-preview":"max-image-preview:large","max-video-preview":"max-video-preview:-1"},"og_locale":"pt_PT","og_type":"article","og_title":"Presidente promulga aumentos salariais para a fun\u00e7\u00e3o p\u00fablica - Portal Tela Portugal","og_description":"O presidente da Rep\u00fablica promulgou os aumentos salariais para a fun\u00e7\u00e3o p\u00fablica aprovados pelo Governo, ap\u00f3s acordo com as estruturas sindicais FESAP e STE. O acordo para 2026-2029 prev\u00ea atualiza\u00e7\u00e3o de 56,58 euros ou m\u00ednimo de 2,15% em 2026, e 60,52 euros ou m\u00ednimo de 2,30% em 2027, 2028 e 2029. At\u00e9 2029, o aumento m\u00ednimo acumulado por trabalhador \u00e9 de 238,14 euros; a Remunera\u00e7\u00e3o M\u00ednima Garantida fica em 934,99 euros, subindo para 1116,55 euros em 2029. O subs\u00eddio de refei\u00e7\u00e3o passa a 6,15 euros por dia de trabalho, via portaria. O aumento de 2026 n\u00e3o fica refletido neste m\u00eas, entrando em fevereiro com retroativos a janeiro; o acordo estende compromissos at\u00e9 o fim da legislatura, excluindo a Frente Comum.","og_url":"https:\/\/portaltela.pt\/noticias\/2026\/01\/30\/presidente-promulga-aumentos-salariais-para-a-funcao-publica-2\/","og_site_name":"Portal Tela Portugal","article_published_time":"2026-01-30T13:42:00+00:00","author":"Telinha","twitter_card":"summary_large_image","twitter_misc":{"Escrito por":"Telinha","Tempo estimado de leitura":"2 minutos"},"schema":{"@context":"https:\/\/schema.org","@graph":[{"@type":"Article","@id":"https:\/\/portaltela.pt\/noticias\/2026\/01\/30\/presidente-promulga-aumentos-salariais-para-a-funcao-publica-2\/#article","isPartOf":{"@id":"https:\/\/portaltela.pt\/noticias\/2026\/01\/30\/presidente-promulga-aumentos-salariais-para-a-funcao-publica-2\/"},"author":{"name":"Telinha","@id":"https:\/\/portaltela.pt\/#\/schema\/person\/c4278d4a6028830caff9ee44b42d32ed"},"headline":"Presidente promulga aumentos salariais para a fun\u00e7\u00e3o p\u00fablica","datePublished":"2026-01-30T13:42:00+00:00","mainEntityOfPage":{"@id":"https:\/\/portaltela.pt\/noticias\/2026\/01\/30\/presidente-promulga-aumentos-salariais-para-a-funcao-publica-2\/"},"wordCount":351,"image":{"@id":"https:\/\/portaltela.pt\/noticias\/2026\/01\/30\/presidente-promulga-aumentos-salariais-para-a-funcao-publica-2\/#primaryimage"},"thumbnailUrl":"https:\/\/portaltela.pt\/s.01k8rhncp4jt1\/2026\/01\/image-2120.jpg","keywords":["administra\u00e7\u00e3o p\u00fablica","CGTP","governo","negocia\u00e7\u00f5es","Remunera\u00e7\u00f5es","subs\u00eddio de refei\u00e7\u00e3o"],"articleSection":["Not\u00edcias","Pol\u00edtica"],"inLanguage":"pt-PT"},{"@type":"WebPage","@id":"https:\/\/portaltela.pt\/noticias\/2026\/01\/30\/presidente-promulga-aumentos-salariais-para-a-funcao-publica-2\/","url":"https:\/\/portaltela.pt\/noticias\/2026\/01\/30\/presidente-promulga-aumentos-salariais-para-a-funcao-publica-2\/","name":"Presidente promulga aumentos salariais para a fun\u00e7\u00e3o p\u00fablica - Portal Tela Portugal","isPartOf":{"@id":"https:\/\/portaltela.pt\/#website"},"primaryImageOfPage":{"@id":"https:\/\/portaltela.pt\/noticias\/2026\/01\/30\/presidente-promulga-aumentos-salariais-para-a-funcao-publica-2\/#primaryimage"},"image":{"@id":"https:\/\/portaltela.pt\/noticias\/2026\/01\/30\/presidente-promulga-aumentos-salariais-para-a-funcao-publica-2\/#primaryimage"},"thumbnailUrl":"https:\/\/portaltela.pt\/s.01k8rhncp4jt1\/2026\/01\/image-2120.jpg","datePublished":"2026-01-30T13:42:00+00:00","author":{"@id":"https:\/\/portaltela.pt\/#\/schema\/person\/c4278d4a6028830caff9ee44b42d32ed"},"breadcrumb":{"@id":"https:\/\/portaltela.pt\/noticias\/2026\/01\/30\/presidente-promulga-aumentos-salariais-para-a-funcao-publica-2\/#breadcrumb"},"inLanguage":"pt-PT","potentialAction":[{"@type":"ReadAction","target":["https:\/\/portaltela.pt\/noticias\/2026\/01\/30\/presidente-promulga-aumentos-salariais-para-a-funcao-publica-2\/"]}]},{"@type":"ImageObject","inLanguage":"pt-PT","@id":"https:\/\/portaltela.pt\/noticias\/2026\/01\/30\/presidente-promulga-aumentos-salariais-para-a-funcao-publica-2\/#primaryimage","url":"https:\/\/portaltela.pt\/s.01k8rhncp4jt1\/2026\/01\/image-2120.jpg","contentUrl":"https:\/\/portaltela.pt\/s.01k8rhncp4jt1\/2026\/01\/image-2120.jpg","width":796,"height":448,"caption":"Agentes furtaram dinheiro estava em casa de suspeito de viol\u00eancia dom\u00e9stica"},{"@type":"BreadcrumbList","@id":"https:\/\/portaltela.pt\/noticias\/2026\/01\/30\/presidente-promulga-aumentos-salariais-para-a-funcao-publica-2\/#breadcrumb","itemListElement":[{"@type":"ListItem","position":1,"name":"In\u00edcio","item":"https:\/\/portaltela.pt\/"},{"@type":"ListItem","position":2,"name":"Presidente promulga aumentos salariais para a fun\u00e7\u00e3o p\u00fablica"}]},{"@type":"WebSite","@id":"https:\/\/portaltela.pt\/#website","url":"https:\/\/portaltela.pt\/","name":"Portal Tela Portugal","description":"","potentialAction":[{"@type":"SearchAction","target":{"@type":"EntryPoint","urlTemplate":"https:\/\/portaltela.pt\/?s={search_term_string}"},"query-input":{"@type":"PropertyValueSpecification","valueRequired":true,"valueName":"search_term_string"}}],"inLanguage":"pt-PT"},{"@type":"Person","@id":"https:\/\/portaltela.pt\/#\/schema\/person\/c4278d4a6028830caff9ee44b42d32ed","name":"Telinha","image":{"@type":"ImageObject","inLanguage":"pt-PT","@id":"https:\/\/portaltela.pt\/s.01k8rhncp4jt1\/2025\/11\/talking-bot-125x125.png","url":"https:\/\/portaltela.pt\/s.01k8rhncp4jt1\/2025\/11\/talking-bot-125x125.png","contentUrl":"https:\/\/portaltela.pt\/s.01k8rhncp4jt1\/2025\/11\/talking-bot-125x125.png","caption":"Telinha"},"sameAs":["https:\/\/portaltela.pt\/"],"url":"https:\/\/portaltela.pt\/por\/367410592786\/"}]}},"_links":{"self":[{"href":"https:\/\/portaltela.pt\/api\/wp\/v2\/posts\/184138","targetHints":{"allow":["GET"]}}],"collection":[{"href":"https:\/\/portaltela.pt\/api\/wp\/v2\/posts"}],"about":[{"href":"https:\/\/portaltela.pt\/api\/wp\/v2\/types\/post"}],"author":[{"embeddable":true,"href":"https:\/\/portaltela.pt\/api\/wp\/v2\/users\/2"}],"replies":[{"embeddable":true,"href":"https:\/\/portaltela.pt\/api\/wp\/v2\/comments?post=184138"}],"version-history":[{"count":0,"href":"https:\/\/portaltela.pt\/api\/wp\/v2\/posts\/184138\/revisions"}],"wp:featuredmedia":[{"embeddable":true,"href":"https:\/\/portaltela.pt\/api\/wp\/v2\/media\/184150"}],"wp:attachment":[{"href":"https:\/\/portaltela.pt\/api\/wp\/v2\/media?parent=184138"}],"wp:term":[{"taxonomy":"category","embeddable":true,"href":"https:\/\/portaltela.pt\/api\/wp\/v2\/categories?post=184138"},{"taxonomy":"post_tag","embeddable":true,"href":"https:\/\/portaltela.pt\/api\/wp\/v2\/tags?post=184138"}],"curies":[{"name":"wp","href":"https:\/\/api.w.org\/{rel}","templated":true}]}}