{"id":184126,"date":"2026-01-30T11:03:05","date_gmt":"2026-01-30T14:03:05","guid":{"rendered":"https:\/\/portaltela.pt\/?p=184126"},"modified":"2026-01-30T11:03:06","modified_gmt":"2026-01-30T14:03:06","slug":"leon-thomas-chega-ao-grammy-2026-com-seis-indicacoes","status":"publish","type":"post","link":"https:\/\/portaltela.pt\/noticias\/2026\/01\/30\/leon-thomas-chega-ao-grammy-2026-com-seis-indicacoes\/","title":{"rendered":"Leon Thomas chega ao Grammy 2026 com seis indica\u00e7\u00f5es"},"content":{"rendered":"\n<p>A premia\u00e7\u00e3o do Grammy acontece no pr\u00f3ximo domingo (1), e o m\u00fasico, ator e dublador Leon Thomas recebeu seis indica\u00e7\u00f5es, impulsionadas pelo \u00e1lbum \u201cMutt\u201d. O ator \u00e9 conhecido pela gera\u00e7\u00e3o Z como \u201cAndr\u00e9\u201d, de Brilhante Victoria.&nbsp;<\/p>\n\n\n\n<p>Antes de virar refer\u00eancia como artista solo, ele passou anos longe do centro dos holofotes, trabalhando como produtor e compositor para estrelas do pop e do rap.<\/p>\n\n\n\n<figure class=\"wp-block-image size-full\"><img fetchpriority=\"high\" decoding=\"async\" width=\"1000\" height=\"783\" src=\"https:\/\/portaltela.pt\/s.01k8rhncp4jt1\/2026\/01\/image-4.png\" alt=\"\" class=\"wp-image-184130\" srcset=\"https:\/\/portaltela.pt\/s.01k8rhncp4jt1\/2026\/01\/image-4.png 1000w, https:\/\/portaltela.pt\/s.01k8rhncp4jt1\/2026\/01\/image-4-300x235.png 300w, https:\/\/portaltela.pt\/s.01k8rhncp4jt1\/2026\/01\/image-4-768x601.png 768w\" sizes=\"(max-width: 1000px) 100vw, 1000px\" \/><figcaption class=\"wp-element-caption\">Imagem: Divulga\u00e7\u00e3o \/ Nickelodeon<\/figcaption><\/figure>\n\n\n\n<h3 class=\"wp-block-heading\">Carreira&nbsp;<\/h3>\n\n\n\n<p>Leon George Thomas III nasceu e cresceu em Nova York, em uma fam\u00edlia ligada ao jazz. Aos 10 anos, interpretou Simba na montagem da Broadway de \u201cO Rei Le\u00e3o\u201d. Em seguida, entrou no universo da Nickelodeon ao dublar Tyrone no desenho \u201cBackyardigans\u201d.<\/p>\n\n\n\n<p>Al\u00e9m da Nickelodeon, Thomas atuou em produ\u00e7\u00f5es como \u201cInsecure\u201d, \u201cFear the Walking Dead\u201d e no filme \u201cDetroit\u201d. Paralelamente, come\u00e7ou a trabalhar diretamente com m\u00fasica. Em \u201cBrilhante Vict\u00f3ria\u201d, participou de faixas da trilha sonora e passou a compor, incluindo para m\u00fasicas do \u00e1lbum \u201cYours Truly\u201d, estreia de Ariana Grande.<\/p>\n\n\n\n<p>Ao lado do produtor Khris Riddick Tynes, Leon formou o duo The Rascals. A dupla assinou produ\u00e7\u00f5es e composi\u00e7\u00f5es para projetos da d\u00e9cada de 2010, incluindo \u201cStoney\u201d, de Post Malone, e \u201cLove, Marriage &amp; Divorce\u201d, de Toni Braxton com Babyface.<\/p>\n\n\n\n<p>Enquanto produzia para outros artistas, ele lan\u00e7ou material pr\u00f3prio no SoundCloud e estreou oficialmente em 2018 com o EP \u201cGenesis\u201d. Mais adiante, ainda como parte do The Rascal, ajudou na composi\u00e7\u00e3o de m\u00fasicas em \u201cPositions\u201d, de Ariana Grande, e \u201cCertified Lover Boy\u201d, de Drake.<\/p>\n\n\n\n<figure class=\"wp-block-image size-full is-resized\"><img decoding=\"async\" width=\"581\" height=\"583\" src=\"https:\/\/portaltela.pt\/s.01k8rhncp4jt1\/2026\/01\/image-5.png\" alt=\"\" class=\"wp-image-184131\" style=\"width:840px;height:auto\" srcset=\"https:\/\/portaltela.pt\/s.01k8rhncp4jt1\/2026\/01\/image-5.png 581w, https:\/\/portaltela.pt\/s.01k8rhncp4jt1\/2026\/01\/image-5-300x300.png 300w, https:\/\/portaltela.pt\/s.01k8rhncp4jt1\/2026\/01\/image-5-150x150.png 150w, https:\/\/portaltela.pt\/s.01k8rhncp4jt1\/2026\/01\/image-5-406x406.png 406w, https:\/\/portaltela.pt\/s.01k8rhncp4jt1\/2026\/01\/image-5-125x125.png 125w\" sizes=\"(max-width: 581px) 100vw, 581px\" \/><figcaption class=\"wp-element-caption\">Leon Thomas e Ariana Grande. Imagem: Redes Sociais<\/figcaption><\/figure>\n\n\n\n<h3 class=\"wp-block-heading\">Indica\u00e7\u00f5es<\/h3>\n\n\n\n<p>Em 2022, Thomas assinou com a gravadora Motown e com a EZMNY, selo de Ty Dolla $ign. Em 2023, lan\u00e7ou o \u00e1lbum \u201cElectric Dusk\u201d. No ano seguinte, apresentou \u201cMutt\u201d, disco que marcou sua consolida\u00e7\u00e3o como artista solo.<\/p>\n\n\n\n<figure class=\"wp-block-image size-full\"><img decoding=\"async\" width=\"1000\" height=\"730\" src=\"https:\/\/portaltela.pt\/s.01k8rhncp4jt1\/2026\/01\/image-3.png\" alt=\"\" class=\"wp-image-184129\" srcset=\"https:\/\/portaltela.pt\/s.01k8rhncp4jt1\/2026\/01\/image-3.png 1000w, https:\/\/portaltela.pt\/s.01k8rhncp4jt1\/2026\/01\/image-3-300x219.png 300w, https:\/\/portaltela.pt\/s.01k8rhncp4jt1\/2026\/01\/image-3-768x561.png 768w\" sizes=\"(max-width: 1000px) 100vw, 1000px\" \/><figcaption class=\"wp-element-caption\">Imagem: Redes Sociais<\/figcaption><\/figure>\n\n\n\n<p>Com \u201cMutt\u201d, Leon Thomas re\u00fane seis nomea\u00e7\u00f5es no Grammy 2026 e aparece como o artista de R and B mais indicado desta edi\u00e7\u00e3o. Ele concorre nas seguintes categorias:<\/p>\n\n\n\n<ul class=\"wp-block-list\">\n<li>\u00c1lbum do Ano, por \u201cMutt\u201d<\/li>\n\n\n\n<li>Melhor \u00c1lbum de R and B, por \u201cMutt\u201d<\/li>\n\n\n\n<li>Melhor Performance de R and B, por \u201cMutt\u201d, no Tiny Desk<\/li>\n\n\n\n<li>Melhor Performance Tradicional de R and B, por \u201cVibes Don\u2019t Lie\u201d<\/li>\n\n\n\n<li>Melhor Can\u00e7\u00e3o de R and B, por \u201cYes It Is\u201d<\/li>\n\n\n\n<li>Artista Revela\u00e7\u00e3o<\/li>\n<\/ul>\n\n\n\n<h3 class=\"wp-block-heading\">Carreira&nbsp;<\/h3>\n\n\n\n<p>Leon George Thomas III nasceu e cresceu em Nova York, em uma fam\u00edlia ligada ao jazz. Aos 10 anos, interpretou Simba na montagem da Broadway de \u201cO Rei Le\u00e3o\u201d. Em seguida, entrou no universo da Nickelodeon ao dublar Tyrone no desenho \u201cBackyardigans\u201d.<\/p>\n\n\n\n<p>Al\u00e9m da Nickelodeon, Thomas atuou em produ\u00e7\u00f5es como \u201cInsecure\u201d, \u201cFear the Walking Dead\u201d e no filme \u201cDetroit\u201d. Paralelamente, come\u00e7ou a trabalhar diretamente com m\u00fasica. Em \u201cBrilhante Vict\u00f3ria\u201d, participou de faixas da trilha sonora e passou a compor, incluindo para m\u00fasicas do \u00e1lbum \u201cYours Truly\u201d, estreia de Ariana Grande.<\/p>\n\n\n\n<p>Ao lado do produtor Khris Riddick Tynes, Leon formou o duo The Rascals. A dupla assinou produ\u00e7\u00f5es e composi\u00e7\u00f5es para projetos da d\u00e9cada de 2010, incluindo \u201cStoney\u201d, de Post Malone, e \u201cLove, Marriage &amp; Divorce\u201d, de Toni Braxton com Babyface.<\/p>\n\n\n\n<p>Enquanto produzia para outros artistas, ele lan\u00e7ou material pr\u00f3prio no SoundCloud e estreou oficialmente em 2018 com o EP \u201cGenesis\u201d. Mais adiante, ainda como parte do The Rascal, ajudou na composi\u00e7\u00e3o de m\u00fasicas em \u201cPositions\u201d, de Ariana Grande, e \u201cCertified Lover Boy\u201d, de Drake.<\/p>\n\n\n\n<h3 class=\"wp-block-heading\">Indica\u00e7\u00f5es<\/h3>\n\n\n\n<p>Em 2022, Thomas assinou com a gravadora Motown e com a EZMNY, selo de Ty Dolla $ign. Em 2023, lan\u00e7ou o \u00e1lbum \u201cElectric Dusk\u201d. No ano seguinte, apresentou \u201cMutt\u201d, disco que marcou sua consolida\u00e7\u00e3o como artista solo.<\/p>\n\n\n\n<p>Com \u201cMutt\u201d, Leon Thomas re\u00fane seis nomea\u00e7\u00f5es no Grammy 2026 e aparece como o artista de R and B mais indicado desta edi\u00e7\u00e3o. Ele concorre nas seguintes categorias:<\/p>\n\n\n\n<ul class=\"wp-block-list\">\n<li>\u00c1lbum do Ano, por \u201cMutt\u201d<\/li>\n\n\n\n<li>Melhor \u00c1lbum de R and B, por \u201cMutt\u201d<\/li>\n\n\n\n<li>Melhor Performance de R and B, por \u201cMutt\u201d, no Tiny Desk<\/li>\n\n\n\n<li>Melhor Performance Tradicional de R and B, por \u201cVibes Don\u2019t Lie\u201d<\/li>\n\n\n\n<li>Melhor Can\u00e7\u00e3o de R and B, por \u201cYes It Is\u201d<\/li>\n\n\n\n<li>Artista Revela\u00e7\u00e3o<\/li>\n<\/ul>\n\n\n\n<p>No Grammy 2026, Leon Thomas disputa \u00c1lbum do Ano com artistas como Bad Bunny, Kendrick Lamar, Lady Gaga e Tyler, The Creator. Em Artista Revela\u00e7\u00e3o, aparece ao lado de nomes em ascens\u00e3o, como Olivia Dean e Katseye.<\/p>\n","protected":false},"excerpt":{"rendered":"<p>A premia\u00e7\u00e3o do Grammy acontece no pr\u00f3ximo domingo (1), e o m\u00fasico, ator e dublador Leon Thomas recebeu seis indica\u00e7\u00f5es, impulsionadas pelo \u00e1lbum \u201cMutt\u201d. O ator \u00e9 conhecido pela gera\u00e7\u00e3o Z como \u201cAndr\u00e9\u201d, de Brilhante Victoria.&nbsp; Antes de virar refer\u00eancia como artista solo, ele passou anos longe do centro dos holofotes, trabalhando como produtor e [&hellip;]<\/p>\n","protected":false},"author":5,"featured_media":184132,"comment_status":"open","ping_status":"open","sticky":false,"template":"","format":"standard","meta":{"footnotes":""},"categories":[1],"tags":[],"class_list":["post-184126","post","type-post","status-publish","format-standard","has-post-thumbnail","hentry","category-noticias"],"yoast_head":"<!-- This site is optimized with the Yoast SEO plugin v27.2 - https:\/\/yoast.com\/product\/yoast-seo-wordpress\/ -->\n<title>Leon Thomas chega ao Grammy 2026 com seis indica\u00e7\u00f5es - Portal Tela Portugal<\/title>\n<meta name=\"robots\" content=\"index, follow, max-snippet:-1, max-image-preview:large, max-video-preview:-1\" \/>\n<meta property=\"og:locale\" content=\"pt_PT\" \/>\n<meta property=\"og:type\" content=\"article\" \/>\n<meta property=\"og:title\" content=\"Leon Thomas chega ao Grammy 2026 com seis indica\u00e7\u00f5es - Portal Tela Portugal\" \/>\n<meta property=\"og:description\" content=\"A premia\u00e7\u00e3o do Grammy acontece no pr\u00f3ximo domingo (1), e o m\u00fasico, ator e dublador Leon Thomas recebeu seis indica\u00e7\u00f5es, impulsionadas pelo \u00e1lbum \u201cMutt\u201d. O ator \u00e9 conhecido pela gera\u00e7\u00e3o Z como \u201cAndr\u00e9\u201d, de Brilhante Victoria.&nbsp; Antes de virar refer\u00eancia como artista solo, ele passou anos longe do centro dos holofotes, trabalhando como produtor e [&hellip;]\" \/>\n<meta property=\"og:url\" content=\"https:\/\/portaltela.pt\/noticias\/2026\/01\/30\/leon-thomas-chega-ao-grammy-2026-com-seis-indicacoes\/\" \/>\n<meta property=\"og:site_name\" content=\"Portal Tela Portugal\" \/>\n<meta property=\"article:published_time\" content=\"2026-01-30T14:03:05+00:00\" \/>\n<meta property=\"article:modified_time\" content=\"2026-01-30T14:03:06+00:00\" \/>\n<meta property=\"og:image\" content=\"https:\/\/portaltela.pt\/s.01k8rhncp4jt1\/2026\/01\/andre.jpg\" \/>\n\t<meta property=\"og:image:width\" content=\"1145\" \/>\n\t<meta property=\"og:image:height\" content=\"925\" \/>\n\t<meta property=\"og:image:type\" content=\"image\/jpeg\" \/>\n<meta name=\"author\" content=\"Lucas Pires\" \/>\n<meta name=\"twitter:card\" content=\"summary_large_image\" \/>\n<meta name=\"twitter:label1\" content=\"Escrito por\" \/>\n\t<meta name=\"twitter:data1\" content=\"Lucas Pires\" \/>\n\t<meta name=\"twitter:label2\" content=\"Tempo estimado de leitura\" \/>\n\t<meta name=\"twitter:data2\" content=\"5 minutos\" \/>\n<script type=\"application\/ld+json\" class=\"yoast-schema-graph\">{\"@context\":\"https:\/\/schema.org\",\"@graph\":[{\"@type\":\"Article\",\"@id\":\"https:\/\/portaltela.pt\/noticias\/2026\/01\/30\/leon-thomas-chega-ao-grammy-2026-com-seis-indicacoes\/#article\",\"isPartOf\":{\"@id\":\"https:\/\/portaltela.pt\/noticias\/2026\/01\/30\/leon-thomas-chega-ao-grammy-2026-com-seis-indicacoes\/\"},\"author\":{\"name\":\"Lucas Pires\",\"@id\":\"https:\/\/portaltela.pt\/#\/schema\/person\/5a9320d6761bc38022d37ad0bf58bcc1\"},\"headline\":\"Leon Thomas chega ao Grammy 2026 com seis indica\u00e7\u00f5es\",\"datePublished\":\"2026-01-30T14:03:05+00:00\",\"dateModified\":\"2026-01-30T14:03:06+00:00\",\"mainEntityOfPage\":{\"@id\":\"https:\/\/portaltela.pt\/noticias\/2026\/01\/30\/leon-thomas-chega-ao-grammy-2026-com-seis-indicacoes\/\"},\"wordCount\":744,\"commentCount\":0,\"image\":{\"@id\":\"https:\/\/portaltela.pt\/noticias\/2026\/01\/30\/leon-thomas-chega-ao-grammy-2026-com-seis-indicacoes\/#primaryimage\"},\"thumbnailUrl\":\"https:\/\/portaltela.pt\/s.01k8rhncp4jt1\/2026\/01\/andre.jpg\",\"articleSection\":[\"Not\u00edcias\"],\"inLanguage\":\"pt-PT\",\"potentialAction\":[{\"@type\":\"CommentAction\",\"name\":\"Comment\",\"target\":[\"https:\/\/portaltela.pt\/noticias\/2026\/01\/30\/leon-thomas-chega-ao-grammy-2026-com-seis-indicacoes\/#respond\"]}]},{\"@type\":\"WebPage\",\"@id\":\"https:\/\/portaltela.pt\/noticias\/2026\/01\/30\/leon-thomas-chega-ao-grammy-2026-com-seis-indicacoes\/\",\"url\":\"https:\/\/portaltela.pt\/noticias\/2026\/01\/30\/leon-thomas-chega-ao-grammy-2026-com-seis-indicacoes\/\",\"name\":\"Leon Thomas chega ao Grammy 2026 com seis indica\u00e7\u00f5es - Portal Tela Portugal\",\"isPartOf\":{\"@id\":\"https:\/\/portaltela.pt\/#website\"},\"primaryImageOfPage\":{\"@id\":\"https:\/\/portaltela.pt\/noticias\/2026\/01\/30\/leon-thomas-chega-ao-grammy-2026-com-seis-indicacoes\/#primaryimage\"},\"image\":{\"@id\":\"https:\/\/portaltela.pt\/noticias\/2026\/01\/30\/leon-thomas-chega-ao-grammy-2026-com-seis-indicacoes\/#primaryimage\"},\"thumbnailUrl\":\"https:\/\/portaltela.pt\/s.01k8rhncp4jt1\/2026\/01\/andre.jpg\",\"datePublished\":\"2026-01-30T14:03:05+00:00\",\"dateModified\":\"2026-01-30T14:03:06+00:00\",\"author\":{\"@id\":\"https:\/\/portaltela.pt\/#\/schema\/person\/5a9320d6761bc38022d37ad0bf58bcc1\"},\"breadcrumb\":{\"@id\":\"https:\/\/portaltela.pt\/noticias\/2026\/01\/30\/leon-thomas-chega-ao-grammy-2026-com-seis-indicacoes\/#breadcrumb\"},\"inLanguage\":\"pt-PT\",\"potentialAction\":[{\"@type\":\"ReadAction\",\"target\":[\"https:\/\/portaltela.pt\/noticias\/2026\/01\/30\/leon-thomas-chega-ao-grammy-2026-com-seis-indicacoes\/\"]}]},{\"@type\":\"ImageObject\",\"inLanguage\":\"pt-PT\",\"@id\":\"https:\/\/portaltela.pt\/noticias\/2026\/01\/30\/leon-thomas-chega-ao-grammy-2026-com-seis-indicacoes\/#primaryimage\",\"url\":\"https:\/\/portaltela.pt\/s.01k8rhncp4jt1\/2026\/01\/andre.jpg\",\"contentUrl\":\"https:\/\/portaltela.pt\/s.01k8rhncp4jt1\/2026\/01\/andre.jpg\",\"width\":1145,\"height\":925,\"caption\":\"Imagem: Creative Commons\"},{\"@type\":\"BreadcrumbList\",\"@id\":\"https:\/\/portaltela.pt\/noticias\/2026\/01\/30\/leon-thomas-chega-ao-grammy-2026-com-seis-indicacoes\/#breadcrumb\",\"itemListElement\":[{\"@type\":\"ListItem\",\"position\":1,\"name\":\"In\u00edcio\",\"item\":\"https:\/\/portaltela.pt\/\"},{\"@type\":\"ListItem\",\"position\":2,\"name\":\"Leon Thomas chega ao Grammy 2026 com seis indica\u00e7\u00f5es\"}]},{\"@type\":\"WebSite\",\"@id\":\"https:\/\/portaltela.pt\/#website\",\"url\":\"https:\/\/portaltela.pt\/\",\"name\":\"Portal Tela Portugal\",\"description\":\"\",\"potentialAction\":[{\"@type\":\"SearchAction\",\"target\":{\"@type\":\"EntryPoint\",\"urlTemplate\":\"https:\/\/portaltela.pt\/?s={search_term_string}\"},\"query-input\":{\"@type\":\"PropertyValueSpecification\",\"valueRequired\":true,\"valueName\":\"search_term_string\"}}],\"inLanguage\":\"pt-PT\"},{\"@type\":\"Person\",\"@id\":\"https:\/\/portaltela.pt\/#\/schema\/person\/5a9320d6761bc38022d37ad0bf58bcc1\",\"name\":\"Lucas Pires\",\"image\":{\"@type\":\"ImageObject\",\"inLanguage\":\"pt-PT\",\"@id\":\"https:\/\/portaltela.pt\/s.01k8rhncp4jt1\/2026\/01\/a6f3c4d4-8e17-433c-a6f9-91e4da22a054-125x125.jpg\",\"url\":\"https:\/\/portaltela.pt\/s.01k8rhncp4jt1\/2026\/01\/a6f3c4d4-8e17-433c-a6f9-91e4da22a054-125x125.jpg\",\"contentUrl\":\"https:\/\/portaltela.pt\/s.01k8rhncp4jt1\/2026\/01\/a6f3c4d4-8e17-433c-a6f9-91e4da22a054-125x125.jpg\",\"caption\":\"Lucas Pires\"},\"url\":\"https:\/\/portaltela.pt\/por\/lucas-pires\/\"}]}<\/script>\n<!-- \/ Yoast SEO plugin. -->","yoast_head_json":{"title":"Leon Thomas chega ao Grammy 2026 com seis indica\u00e7\u00f5es - Portal Tela Portugal","robots":{"index":"index","follow":"follow","max-snippet":"max-snippet:-1","max-image-preview":"max-image-preview:large","max-video-preview":"max-video-preview:-1"},"og_locale":"pt_PT","og_type":"article","og_title":"Leon Thomas chega ao Grammy 2026 com seis indica\u00e7\u00f5es - Portal Tela Portugal","og_description":"A premia\u00e7\u00e3o do Grammy acontece no pr\u00f3ximo domingo (1), e o m\u00fasico, ator e dublador Leon Thomas recebeu seis indica\u00e7\u00f5es, impulsionadas pelo \u00e1lbum \u201cMutt\u201d. O ator \u00e9 conhecido pela gera\u00e7\u00e3o Z como \u201cAndr\u00e9\u201d, de Brilhante Victoria.&nbsp; Antes de virar refer\u00eancia como artista solo, ele passou anos longe do centro dos holofotes, trabalhando como produtor e [&hellip;]","og_url":"https:\/\/portaltela.pt\/noticias\/2026\/01\/30\/leon-thomas-chega-ao-grammy-2026-com-seis-indicacoes\/","og_site_name":"Portal Tela Portugal","article_published_time":"2026-01-30T14:03:05+00:00","article_modified_time":"2026-01-30T14:03:06+00:00","og_image":[{"width":1145,"height":925,"url":"https:\/\/portaltela.pt\/s.01k8rhncp4jt1\/2026\/01\/andre.jpg","type":"image\/jpeg"}],"author":"Lucas Pires","twitter_card":"summary_large_image","twitter_misc":{"Escrito por":"Lucas Pires","Tempo estimado de leitura":"5 minutos"},"schema":{"@context":"https:\/\/schema.org","@graph":[{"@type":"Article","@id":"https:\/\/portaltela.pt\/noticias\/2026\/01\/30\/leon-thomas-chega-ao-grammy-2026-com-seis-indicacoes\/#article","isPartOf":{"@id":"https:\/\/portaltela.pt\/noticias\/2026\/01\/30\/leon-thomas-chega-ao-grammy-2026-com-seis-indicacoes\/"},"author":{"name":"Lucas Pires","@id":"https:\/\/portaltela.pt\/#\/schema\/person\/5a9320d6761bc38022d37ad0bf58bcc1"},"headline":"Leon Thomas chega ao Grammy 2026 com seis indica\u00e7\u00f5es","datePublished":"2026-01-30T14:03:05+00:00","dateModified":"2026-01-30T14:03:06+00:00","mainEntityOfPage":{"@id":"https:\/\/portaltela.pt\/noticias\/2026\/01\/30\/leon-thomas-chega-ao-grammy-2026-com-seis-indicacoes\/"},"wordCount":744,"commentCount":0,"image":{"@id":"https:\/\/portaltela.pt\/noticias\/2026\/01\/30\/leon-thomas-chega-ao-grammy-2026-com-seis-indicacoes\/#primaryimage"},"thumbnailUrl":"https:\/\/portaltela.pt\/s.01k8rhncp4jt1\/2026\/01\/andre.jpg","articleSection":["Not\u00edcias"],"inLanguage":"pt-PT","potentialAction":[{"@type":"CommentAction","name":"Comment","target":["https:\/\/portaltela.pt\/noticias\/2026\/01\/30\/leon-thomas-chega-ao-grammy-2026-com-seis-indicacoes\/#respond"]}]},{"@type":"WebPage","@id":"https:\/\/portaltela.pt\/noticias\/2026\/01\/30\/leon-thomas-chega-ao-grammy-2026-com-seis-indicacoes\/","url":"https:\/\/portaltela.pt\/noticias\/2026\/01\/30\/leon-thomas-chega-ao-grammy-2026-com-seis-indicacoes\/","name":"Leon Thomas chega ao Grammy 2026 com seis indica\u00e7\u00f5es - Portal Tela Portugal","isPartOf":{"@id":"https:\/\/portaltela.pt\/#website"},"primaryImageOfPage":{"@id":"https:\/\/portaltela.pt\/noticias\/2026\/01\/30\/leon-thomas-chega-ao-grammy-2026-com-seis-indicacoes\/#primaryimage"},"image":{"@id":"https:\/\/portaltela.pt\/noticias\/2026\/01\/30\/leon-thomas-chega-ao-grammy-2026-com-seis-indicacoes\/#primaryimage"},"thumbnailUrl":"https:\/\/portaltela.pt\/s.01k8rhncp4jt1\/2026\/01\/andre.jpg","datePublished":"2026-01-30T14:03:05+00:00","dateModified":"2026-01-30T14:03:06+00:00","author":{"@id":"https:\/\/portaltela.pt\/#\/schema\/person\/5a9320d6761bc38022d37ad0bf58bcc1"},"breadcrumb":{"@id":"https:\/\/portaltela.pt\/noticias\/2026\/01\/30\/leon-thomas-chega-ao-grammy-2026-com-seis-indicacoes\/#breadcrumb"},"inLanguage":"pt-PT","potentialAction":[{"@type":"ReadAction","target":["https:\/\/portaltela.pt\/noticias\/2026\/01\/30\/leon-thomas-chega-ao-grammy-2026-com-seis-indicacoes\/"]}]},{"@type":"ImageObject","inLanguage":"pt-PT","@id":"https:\/\/portaltela.pt\/noticias\/2026\/01\/30\/leon-thomas-chega-ao-grammy-2026-com-seis-indicacoes\/#primaryimage","url":"https:\/\/portaltela.pt\/s.01k8rhncp4jt1\/2026\/01\/andre.jpg","contentUrl":"https:\/\/portaltela.pt\/s.01k8rhncp4jt1\/2026\/01\/andre.jpg","width":1145,"height":925,"caption":"Imagem: Creative Commons"},{"@type":"BreadcrumbList","@id":"https:\/\/portaltela.pt\/noticias\/2026\/01\/30\/leon-thomas-chega-ao-grammy-2026-com-seis-indicacoes\/#breadcrumb","itemListElement":[{"@type":"ListItem","position":1,"name":"In\u00edcio","item":"https:\/\/portaltela.pt\/"},{"@type":"ListItem","position":2,"name":"Leon Thomas chega ao Grammy 2026 com seis indica\u00e7\u00f5es"}]},{"@type":"WebSite","@id":"https:\/\/portaltela.pt\/#website","url":"https:\/\/portaltela.pt\/","name":"Portal Tela Portugal","description":"","potentialAction":[{"@type":"SearchAction","target":{"@type":"EntryPoint","urlTemplate":"https:\/\/portaltela.pt\/?s={search_term_string}"},"query-input":{"@type":"PropertyValueSpecification","valueRequired":true,"valueName":"search_term_string"}}],"inLanguage":"pt-PT"},{"@type":"Person","@id":"https:\/\/portaltela.pt\/#\/schema\/person\/5a9320d6761bc38022d37ad0bf58bcc1","name":"Lucas Pires","image":{"@type":"ImageObject","inLanguage":"pt-PT","@id":"https:\/\/portaltela.pt\/s.01k8rhncp4jt1\/2026\/01\/a6f3c4d4-8e17-433c-a6f9-91e4da22a054-125x125.jpg","url":"https:\/\/portaltela.pt\/s.01k8rhncp4jt1\/2026\/01\/a6f3c4d4-8e17-433c-a6f9-91e4da22a054-125x125.jpg","contentUrl":"https:\/\/portaltela.pt\/s.01k8rhncp4jt1\/2026\/01\/a6f3c4d4-8e17-433c-a6f9-91e4da22a054-125x125.jpg","caption":"Lucas Pires"},"url":"https:\/\/portaltela.pt\/por\/lucas-pires\/"}]}},"_links":{"self":[{"href":"https:\/\/portaltela.pt\/api\/wp\/v2\/posts\/184126","targetHints":{"allow":["GET"]}}],"collection":[{"href":"https:\/\/portaltela.pt\/api\/wp\/v2\/posts"}],"about":[{"href":"https:\/\/portaltela.pt\/api\/wp\/v2\/types\/post"}],"author":[{"embeddable":true,"href":"https:\/\/portaltela.pt\/api\/wp\/v2\/users\/5"}],"replies":[{"embeddable":true,"href":"https:\/\/portaltela.pt\/api\/wp\/v2\/comments?post=184126"}],"version-history":[{"count":0,"href":"https:\/\/portaltela.pt\/api\/wp\/v2\/posts\/184126\/revisions"}],"wp:featuredmedia":[{"embeddable":true,"href":"https:\/\/portaltela.pt\/api\/wp\/v2\/media\/184132"}],"wp:attachment":[{"href":"https:\/\/portaltela.pt\/api\/wp\/v2\/media?parent=184126"}],"wp:term":[{"taxonomy":"category","embeddable":true,"href":"https:\/\/portaltela.pt\/api\/wp\/v2\/categories?post=184126"},{"taxonomy":"post_tag","embeddable":true,"href":"https:\/\/portaltela.pt\/api\/wp\/v2\/tags?post=184126"}],"curies":[{"name":"wp","href":"https:\/\/api.w.org\/{rel}","templated":true}]}}