{"id":184113,"date":"2026-01-30T10:29:00","date_gmt":"2026-01-30T13:29:00","guid":{"rendered":"https:\/\/portaltela.pt\/noticias\/2026\/01\/30\/alverca-contrata-lateral-do-benfica-a-titulo-definitivo-napoli-insiste-em-alisson\/"},"modified":"2026-01-30T10:29:00","modified_gmt":"2026-01-30T13:29:00","slug":"alverca-contrata-lateral-do-benfica-a-titulo-definitivo-napoli-insiste-em-alisson","status":"publish","type":"post","link":"https:\/\/portaltela.pt\/desporto\/futebol\/2026\/01\/30\/alverca-contrata-lateral-do-benfica-a-titulo-definitivo-napoli-insiste-em-alisson\/","title":{"rendered":"Alverca contrata lateral do Benfica a t\u00edtulo definitivo Napoli insiste em Alisson"},"content":{"rendered":"<p>Alverca anuncia contrata\u00e7\u00e3o de Diogo Spencer ao Benfica a t\u00edtulo definitivo. O lateral de 21 anos saiu do clube de forma\u00e7\u00e3o para representar o conjunto de Alverca, ap\u00f3s passagem por empr\u00e9stimo ao AVS SAD na primeira parte da temporada. O clube destaca o projeto promissor.<\/p>\n<p>Alverca: confirma\u00e7\u00e3o oficial do neg\u00f3cio chega de imediato, com o jogador a sublinhar a satisfa\u00e7\u00e3o em representar o emblema. O movimento encerra a liga\u00e7\u00e3o com o Benfica, clube formador do defesa.<\/p>\n<h3>Alian\u00e7as e negocia\u00e7\u00f5es em curso<\/h3>\n<p>Sporting e Alisson continuam relacionados com o interesse do Napoli. Segundo o Tuttosport, o Napoli ter\u00e1 apresentado condi\u00e7\u00f5es para um acordo definitivo por cerca de 20 milh\u00f5es de euros, com a hip\u00f3tese de empr\u00e9stimo com op\u00e7\u00e3o de compra ainda em an\u00e1lise.<\/p>\n<p>Real Sociedad avan\u00e7a com Wesley<\/p>\n<p>Segundo Fabrizio Romano, a Real Sociedad j\u00e1 autorizou a viagem de Wesley, extremo brasileiro antes alvo do Benfica. O jogador dever\u00e1 assinar por um valor estimado em 12 milh\u00f5es de euros, num neg\u00f3cio em vias de ser conclu\u00eddo.<\/p>\n<p>S\u00e9rgio Ramos no radar do Iraq<\/p>\n<p>O Al Quwa Al Jawiya manifestou interesse em S\u00e9rgio Ramos, que deixou o Monterrey. O presidente do clube iraquiano confirmou a abordagem ao central espanhol de 39 anos, assegurando que a proposta \u00e9 real e transmitida pela dire\u00e7\u00e3o com o parecer do jogador.<\/p>\n<p>Paulistano \u00e0 espera de desfecho no PSG<\/p>\n<p>No Paris Saint-Germain, Deco reagiu \u00e0 sa\u00edda de Pedro Fern\u00e1ndez, que pagou a pr\u00f3pria cl\u00e1usula para rumar ao clube franc\u00eas. O neg\u00f3cio j\u00e1 foi oficializado em Fran\u00e7a e provoca reflexos no plantel catal\u00e3o.<\/p>\n","protected":false},"excerpt":{"rendered":"<ul>\n<li>O Alverca oficializou a contrata\u00e7\u00e3o de Diogo Spencer ao Benfica, com o jogador a deixar o clube de forma\u00e7\u00e3o ap\u00f3s representar o AVS SAD na primeira metade da \u00e9poca; o Benfica confirmou a sa\u00edda em definitivo do lateral de 21 anos.<\/li>\n<li>O Sporting resiste \u00e0 sa\u00edda de Alisson para o N\u00e1poles, que ter\u00e1 apresentado uma proposta at\u00e9 2031 caso o neg\u00f3cio se feche a t\u00edtulo definitivo, com contrato de empr\u00e9stimo com op\u00e7\u00e3o de compra estimada em cerca de 20 milh\u00f5es de euros.<\/li>\n<li>Segundo Fabrizio Romano, Wesley, extremo brasileiro que tinha sido alvo do Benfica, foi autorizado a viajar para assinar com a Real Sociedad, num neg\u00f3cio que dever\u00e1 ficar pelos cerca de 12 milh\u00f5es de euros.<\/li>\n<li>S\u00e9rgio Ramos est\u00e1 no radar do Al Quwa Al Jawiya, no Iraque, com o presidente Maad Badai a confirmar uma oferta ao jogador de 39 anos, considerada cem por cento real.<\/li>\n<li>Deco, diretor desportivo do Barcelona, reagiu ao regresso de Pedro Fern\u00e1ndez ao PSG, ap\u00f3s o espanhol ter pago a cl\u00e1usula de rescis\u00e3o para se transferir para os franceses.<\/li>\n<\/ul>\n","protected":false},"author":2,"featured_media":184123,"comment_status":"closed","ping_status":"closed","sticky":false,"template":"","format":"standard","meta":{"footnotes":""},"categories":[21,24],"tags":[1230,1946,32,2121,1982,3083],"class_list":["post-184113","post","type-post","status-publish","format-standard","has-post-thumbnail","hentry","category-desporto","category-futebol","tag-alverca","tag-benfica","tag-futebol","tag-napoli","tag-paris-saint-germain","tag-real-sociedad"],"yoast_head":"<!-- This site is optimized with the Yoast SEO plugin v27.2 - https:\/\/yoast.com\/product\/yoast-seo-wordpress\/ -->\n<title>Alverca contrata lateral do Benfica a t\u00edtulo definitivo Napoli insiste em Alisson - Portal Tela Portugal<\/title>\n<meta name=\"robots\" content=\"index, follow, max-snippet:-1, max-image-preview:large, max-video-preview:-1\" \/>\n<meta property=\"og:locale\" content=\"pt_PT\" \/>\n<meta property=\"og:type\" content=\"article\" \/>\n<meta property=\"og:title\" content=\"Alverca contrata lateral do Benfica a t\u00edtulo definitivo Napoli insiste em Alisson - Portal Tela Portugal\" \/>\n<meta property=\"og:description\" content=\"O Alverca oficializou a contrata\u00e7\u00e3o de Diogo Spencer ao Benfica, com o jogador a deixar o clube de forma\u00e7\u00e3o ap\u00f3s representar o AVS SAD na primeira metade da \u00e9poca; o Benfica confirmou a sa\u00edda em definitivo do lateral de 21 anos. O Sporting resiste \u00e0 sa\u00edda de Alisson para o N\u00e1poles, que ter\u00e1 apresentado uma proposta at\u00e9 2031 caso o neg\u00f3cio se feche a t\u00edtulo definitivo, com contrato de empr\u00e9stimo com op\u00e7\u00e3o de compra estimada em cerca de 20 milh\u00f5es de euros. Segundo Fabrizio Romano, Wesley, extremo brasileiro que tinha sido alvo do Benfica, foi autorizado a viajar para assinar com a Real Sociedad, num neg\u00f3cio que dever\u00e1 ficar pelos cerca de 12 milh\u00f5es de euros. S\u00e9rgio Ramos est\u00e1 no radar do Al Quwa Al Jawiya, no Iraque, com o presidente Maad Badai a confirmar uma oferta ao jogador de 39 anos, considerada cem por cento real. Deco, diretor desportivo do Barcelona, reagiu ao regresso de Pedro Fern\u00e1ndez ao PSG, ap\u00f3s o espanhol ter pago a cl\u00e1usula de rescis\u00e3o para se transferir para os franceses.\" \/>\n<meta property=\"og:url\" content=\"https:\/\/portaltela.pt\/noticias\/2026\/01\/30\/alverca-contrata-lateral-do-benfica-a-titulo-definitivo-napoli-insiste-em-alisson\/\" \/>\n<meta property=\"og:site_name\" content=\"Portal Tela Portugal\" \/>\n<meta property=\"article:published_time\" content=\"2026-01-30T13:29:00+00:00\" \/>\n<meta name=\"author\" content=\"Telinha\" \/>\n<meta name=\"twitter:card\" content=\"summary_large_image\" \/>\n<meta name=\"twitter:label1\" content=\"Escrito por\" \/>\n\t<meta name=\"twitter:data1\" content=\"Telinha\" \/>\n\t<meta name=\"twitter:label2\" content=\"Tempo estimado de leitura\" \/>\n\t<meta name=\"twitter:data2\" content=\"1 minuto\" \/>\n<script type=\"application\/ld+json\" class=\"yoast-schema-graph\">{\"@context\":\"https:\/\/schema.org\",\"@graph\":[{\"@type\":\"Article\",\"@id\":\"https:\/\/portaltela.pt\/noticias\/2026\/01\/30\/alverca-contrata-lateral-do-benfica-a-titulo-definitivo-napoli-insiste-em-alisson\/#article\",\"isPartOf\":{\"@id\":\"https:\/\/portaltela.pt\/noticias\/2026\/01\/30\/alverca-contrata-lateral-do-benfica-a-titulo-definitivo-napoli-insiste-em-alisson\/\"},\"author\":{\"name\":\"Telinha\",\"@id\":\"https:\/\/portaltela.pt\/#\/schema\/person\/c4278d4a6028830caff9ee44b42d32ed\"},\"headline\":\"Alverca contrata lateral do Benfica a t\u00edtulo definitivo Napoli insiste em Alisson\",\"datePublished\":\"2026-01-30T13:29:00+00:00\",\"mainEntityOfPage\":{\"@id\":\"https:\/\/portaltela.pt\/noticias\/2026\/01\/30\/alverca-contrata-lateral-do-benfica-a-titulo-definitivo-napoli-insiste-em-alisson\/\"},\"wordCount\":292,\"image\":{\"@id\":\"https:\/\/portaltela.pt\/noticias\/2026\/01\/30\/alverca-contrata-lateral-do-benfica-a-titulo-definitivo-napoli-insiste-em-alisson\/#primaryimage\"},\"thumbnailUrl\":\"https:\/\/portaltela.pt\/s.01k8rhncp4jt1\/2026\/01\/image-2119.jpg\",\"keywords\":[\"Alverca\",\"Benfica\",\"futebol\",\"Napoli\",\"Paris Saint-Germain\",\"Real Sociedad\"],\"articleSection\":[\"Desporto\",\"Futebol\"],\"inLanguage\":\"pt-PT\"},{\"@type\":\"WebPage\",\"@id\":\"https:\/\/portaltela.pt\/noticias\/2026\/01\/30\/alverca-contrata-lateral-do-benfica-a-titulo-definitivo-napoli-insiste-em-alisson\/\",\"url\":\"https:\/\/portaltela.pt\/noticias\/2026\/01\/30\/alverca-contrata-lateral-do-benfica-a-titulo-definitivo-napoli-insiste-em-alisson\/\",\"name\":\"Alverca contrata lateral do Benfica a t\u00edtulo definitivo Napoli insiste em Alisson - Portal Tela Portugal\",\"isPartOf\":{\"@id\":\"https:\/\/portaltela.pt\/#website\"},\"primaryImageOfPage\":{\"@id\":\"https:\/\/portaltela.pt\/noticias\/2026\/01\/30\/alverca-contrata-lateral-do-benfica-a-titulo-definitivo-napoli-insiste-em-alisson\/#primaryimage\"},\"image\":{\"@id\":\"https:\/\/portaltela.pt\/noticias\/2026\/01\/30\/alverca-contrata-lateral-do-benfica-a-titulo-definitivo-napoli-insiste-em-alisson\/#primaryimage\"},\"thumbnailUrl\":\"https:\/\/portaltela.pt\/s.01k8rhncp4jt1\/2026\/01\/image-2119.jpg\",\"datePublished\":\"2026-01-30T13:29:00+00:00\",\"author\":{\"@id\":\"https:\/\/portaltela.pt\/#\/schema\/person\/c4278d4a6028830caff9ee44b42d32ed\"},\"breadcrumb\":{\"@id\":\"https:\/\/portaltela.pt\/noticias\/2026\/01\/30\/alverca-contrata-lateral-do-benfica-a-titulo-definitivo-napoli-insiste-em-alisson\/#breadcrumb\"},\"inLanguage\":\"pt-PT\",\"potentialAction\":[{\"@type\":\"ReadAction\",\"target\":[\"https:\/\/portaltela.pt\/noticias\/2026\/01\/30\/alverca-contrata-lateral-do-benfica-a-titulo-definitivo-napoli-insiste-em-alisson\/\"]}]},{\"@type\":\"ImageObject\",\"inLanguage\":\"pt-PT\",\"@id\":\"https:\/\/portaltela.pt\/noticias\/2026\/01\/30\/alverca-contrata-lateral-do-benfica-a-titulo-definitivo-napoli-insiste-em-alisson\/#primaryimage\",\"url\":\"https:\/\/portaltela.pt\/s.01k8rhncp4jt1\/2026\/01\/image-2119.jpg\",\"contentUrl\":\"https:\/\/portaltela.pt\/s.01k8rhncp4jt1\/2026\/01\/image-2119.jpg\",\"width\":796,\"height\":448,\"caption\":\"Alisson pretendido em It\u00e1lia\"},{\"@type\":\"BreadcrumbList\",\"@id\":\"https:\/\/portaltela.pt\/noticias\/2026\/01\/30\/alverca-contrata-lateral-do-benfica-a-titulo-definitivo-napoli-insiste-em-alisson\/#breadcrumb\",\"itemListElement\":[{\"@type\":\"ListItem\",\"position\":1,\"name\":\"In\u00edcio\",\"item\":\"https:\/\/portaltela.pt\/\"},{\"@type\":\"ListItem\",\"position\":2,\"name\":\"Alverca contrata lateral do Benfica a t\u00edtulo definitivo Napoli insiste em Alisson\"}]},{\"@type\":\"WebSite\",\"@id\":\"https:\/\/portaltela.pt\/#website\",\"url\":\"https:\/\/portaltela.pt\/\",\"name\":\"Portal Tela Portugal\",\"description\":\"\",\"potentialAction\":[{\"@type\":\"SearchAction\",\"target\":{\"@type\":\"EntryPoint\",\"urlTemplate\":\"https:\/\/portaltela.pt\/?s={search_term_string}\"},\"query-input\":{\"@type\":\"PropertyValueSpecification\",\"valueRequired\":true,\"valueName\":\"search_term_string\"}}],\"inLanguage\":\"pt-PT\"},{\"@type\":\"Person\",\"@id\":\"https:\/\/portaltela.pt\/#\/schema\/person\/c4278d4a6028830caff9ee44b42d32ed\",\"name\":\"Telinha\",\"image\":{\"@type\":\"ImageObject\",\"inLanguage\":\"pt-PT\",\"@id\":\"https:\/\/portaltela.pt\/s.01k8rhncp4jt1\/2025\/11\/talking-bot-125x125.png\",\"url\":\"https:\/\/portaltela.pt\/s.01k8rhncp4jt1\/2025\/11\/talking-bot-125x125.png\",\"contentUrl\":\"https:\/\/portaltela.pt\/s.01k8rhncp4jt1\/2025\/11\/talking-bot-125x125.png\",\"caption\":\"Telinha\"},\"sameAs\":[\"https:\/\/portaltela.pt\/\"],\"url\":\"https:\/\/portaltela.pt\/por\/367410592786\/\"}]}<\/script>\n<!-- \/ Yoast SEO plugin. -->","yoast_head_json":{"title":"Alverca contrata lateral do Benfica a t\u00edtulo definitivo Napoli insiste em Alisson - Portal Tela Portugal","robots":{"index":"index","follow":"follow","max-snippet":"max-snippet:-1","max-image-preview":"max-image-preview:large","max-video-preview":"max-video-preview:-1"},"og_locale":"pt_PT","og_type":"article","og_title":"Alverca contrata lateral do Benfica a t\u00edtulo definitivo Napoli insiste em Alisson - Portal Tela Portugal","og_description":"O Alverca oficializou a contrata\u00e7\u00e3o de Diogo Spencer ao Benfica, com o jogador a deixar o clube de forma\u00e7\u00e3o ap\u00f3s representar o AVS SAD na primeira metade da \u00e9poca; o Benfica confirmou a sa\u00edda em definitivo do lateral de 21 anos. O Sporting resiste \u00e0 sa\u00edda de Alisson para o N\u00e1poles, que ter\u00e1 apresentado uma proposta at\u00e9 2031 caso o neg\u00f3cio se feche a t\u00edtulo definitivo, com contrato de empr\u00e9stimo com op\u00e7\u00e3o de compra estimada em cerca de 20 milh\u00f5es de euros. Segundo Fabrizio Romano, Wesley, extremo brasileiro que tinha sido alvo do Benfica, foi autorizado a viajar para assinar com a Real Sociedad, num neg\u00f3cio que dever\u00e1 ficar pelos cerca de 12 milh\u00f5es de euros. S\u00e9rgio Ramos est\u00e1 no radar do Al Quwa Al Jawiya, no Iraque, com o presidente Maad Badai a confirmar uma oferta ao jogador de 39 anos, considerada cem por cento real. Deco, diretor desportivo do Barcelona, reagiu ao regresso de Pedro Fern\u00e1ndez ao PSG, ap\u00f3s o espanhol ter pago a cl\u00e1usula de rescis\u00e3o para se transferir para os franceses.","og_url":"https:\/\/portaltela.pt\/noticias\/2026\/01\/30\/alverca-contrata-lateral-do-benfica-a-titulo-definitivo-napoli-insiste-em-alisson\/","og_site_name":"Portal Tela Portugal","article_published_time":"2026-01-30T13:29:00+00:00","author":"Telinha","twitter_card":"summary_large_image","twitter_misc":{"Escrito por":"Telinha","Tempo estimado de leitura":"1 minuto"},"schema":{"@context":"https:\/\/schema.org","@graph":[{"@type":"Article","@id":"https:\/\/portaltela.pt\/noticias\/2026\/01\/30\/alverca-contrata-lateral-do-benfica-a-titulo-definitivo-napoli-insiste-em-alisson\/#article","isPartOf":{"@id":"https:\/\/portaltela.pt\/noticias\/2026\/01\/30\/alverca-contrata-lateral-do-benfica-a-titulo-definitivo-napoli-insiste-em-alisson\/"},"author":{"name":"Telinha","@id":"https:\/\/portaltela.pt\/#\/schema\/person\/c4278d4a6028830caff9ee44b42d32ed"},"headline":"Alverca contrata lateral do Benfica a t\u00edtulo definitivo Napoli insiste em Alisson","datePublished":"2026-01-30T13:29:00+00:00","mainEntityOfPage":{"@id":"https:\/\/portaltela.pt\/noticias\/2026\/01\/30\/alverca-contrata-lateral-do-benfica-a-titulo-definitivo-napoli-insiste-em-alisson\/"},"wordCount":292,"image":{"@id":"https:\/\/portaltela.pt\/noticias\/2026\/01\/30\/alverca-contrata-lateral-do-benfica-a-titulo-definitivo-napoli-insiste-em-alisson\/#primaryimage"},"thumbnailUrl":"https:\/\/portaltela.pt\/s.01k8rhncp4jt1\/2026\/01\/image-2119.jpg","keywords":["Alverca","Benfica","futebol","Napoli","Paris Saint-Germain","Real Sociedad"],"articleSection":["Desporto","Futebol"],"inLanguage":"pt-PT"},{"@type":"WebPage","@id":"https:\/\/portaltela.pt\/noticias\/2026\/01\/30\/alverca-contrata-lateral-do-benfica-a-titulo-definitivo-napoli-insiste-em-alisson\/","url":"https:\/\/portaltela.pt\/noticias\/2026\/01\/30\/alverca-contrata-lateral-do-benfica-a-titulo-definitivo-napoli-insiste-em-alisson\/","name":"Alverca contrata lateral do Benfica a t\u00edtulo definitivo Napoli insiste em Alisson - Portal Tela Portugal","isPartOf":{"@id":"https:\/\/portaltela.pt\/#website"},"primaryImageOfPage":{"@id":"https:\/\/portaltela.pt\/noticias\/2026\/01\/30\/alverca-contrata-lateral-do-benfica-a-titulo-definitivo-napoli-insiste-em-alisson\/#primaryimage"},"image":{"@id":"https:\/\/portaltela.pt\/noticias\/2026\/01\/30\/alverca-contrata-lateral-do-benfica-a-titulo-definitivo-napoli-insiste-em-alisson\/#primaryimage"},"thumbnailUrl":"https:\/\/portaltela.pt\/s.01k8rhncp4jt1\/2026\/01\/image-2119.jpg","datePublished":"2026-01-30T13:29:00+00:00","author":{"@id":"https:\/\/portaltela.pt\/#\/schema\/person\/c4278d4a6028830caff9ee44b42d32ed"},"breadcrumb":{"@id":"https:\/\/portaltela.pt\/noticias\/2026\/01\/30\/alverca-contrata-lateral-do-benfica-a-titulo-definitivo-napoli-insiste-em-alisson\/#breadcrumb"},"inLanguage":"pt-PT","potentialAction":[{"@type":"ReadAction","target":["https:\/\/portaltela.pt\/noticias\/2026\/01\/30\/alverca-contrata-lateral-do-benfica-a-titulo-definitivo-napoli-insiste-em-alisson\/"]}]},{"@type":"ImageObject","inLanguage":"pt-PT","@id":"https:\/\/portaltela.pt\/noticias\/2026\/01\/30\/alverca-contrata-lateral-do-benfica-a-titulo-definitivo-napoli-insiste-em-alisson\/#primaryimage","url":"https:\/\/portaltela.pt\/s.01k8rhncp4jt1\/2026\/01\/image-2119.jpg","contentUrl":"https:\/\/portaltela.pt\/s.01k8rhncp4jt1\/2026\/01\/image-2119.jpg","width":796,"height":448,"caption":"Alisson pretendido em It\u00e1lia"},{"@type":"BreadcrumbList","@id":"https:\/\/portaltela.pt\/noticias\/2026\/01\/30\/alverca-contrata-lateral-do-benfica-a-titulo-definitivo-napoli-insiste-em-alisson\/#breadcrumb","itemListElement":[{"@type":"ListItem","position":1,"name":"In\u00edcio","item":"https:\/\/portaltela.pt\/"},{"@type":"ListItem","position":2,"name":"Alverca contrata lateral do Benfica a t\u00edtulo definitivo Napoli insiste em Alisson"}]},{"@type":"WebSite","@id":"https:\/\/portaltela.pt\/#website","url":"https:\/\/portaltela.pt\/","name":"Portal Tela Portugal","description":"","potentialAction":[{"@type":"SearchAction","target":{"@type":"EntryPoint","urlTemplate":"https:\/\/portaltela.pt\/?s={search_term_string}"},"query-input":{"@type":"PropertyValueSpecification","valueRequired":true,"valueName":"search_term_string"}}],"inLanguage":"pt-PT"},{"@type":"Person","@id":"https:\/\/portaltela.pt\/#\/schema\/person\/c4278d4a6028830caff9ee44b42d32ed","name":"Telinha","image":{"@type":"ImageObject","inLanguage":"pt-PT","@id":"https:\/\/portaltela.pt\/s.01k8rhncp4jt1\/2025\/11\/talking-bot-125x125.png","url":"https:\/\/portaltela.pt\/s.01k8rhncp4jt1\/2025\/11\/talking-bot-125x125.png","contentUrl":"https:\/\/portaltela.pt\/s.01k8rhncp4jt1\/2025\/11\/talking-bot-125x125.png","caption":"Telinha"},"sameAs":["https:\/\/portaltela.pt\/"],"url":"https:\/\/portaltela.pt\/por\/367410592786\/"}]}},"_links":{"self":[{"href":"https:\/\/portaltela.pt\/api\/wp\/v2\/posts\/184113","targetHints":{"allow":["GET"]}}],"collection":[{"href":"https:\/\/portaltela.pt\/api\/wp\/v2\/posts"}],"about":[{"href":"https:\/\/portaltela.pt\/api\/wp\/v2\/types\/post"}],"author":[{"embeddable":true,"href":"https:\/\/portaltela.pt\/api\/wp\/v2\/users\/2"}],"replies":[{"embeddable":true,"href":"https:\/\/portaltela.pt\/api\/wp\/v2\/comments?post=184113"}],"version-history":[{"count":0,"href":"https:\/\/portaltela.pt\/api\/wp\/v2\/posts\/184113\/revisions"}],"wp:featuredmedia":[{"embeddable":true,"href":"https:\/\/portaltela.pt\/api\/wp\/v2\/media\/184123"}],"wp:attachment":[{"href":"https:\/\/portaltela.pt\/api\/wp\/v2\/media?parent=184113"}],"wp:term":[{"taxonomy":"category","embeddable":true,"href":"https:\/\/portaltela.pt\/api\/wp\/v2\/categories?post=184113"},{"taxonomy":"post_tag","embeddable":true,"href":"https:\/\/portaltela.pt\/api\/wp\/v2\/tags?post=184113"}],"curies":[{"name":"wp","href":"https:\/\/api.w.org\/{rel}","templated":true}]}}