{"id":184101,"date":"2026-01-30T10:34:00","date_gmt":"2026-01-30T13:34:00","guid":{"rendered":"https:\/\/portaltela.pt\/noticias\/2026\/01\/30\/liga-preve-investir-15-milhoes-em-equipamentos-para-combate-ao-cancer\/"},"modified":"2026-01-30T10:34:00","modified_gmt":"2026-01-30T13:34:00","slug":"liga-preve-investir-15-milhoes-em-equipamentos-para-combate-ao-cancer","status":"publish","type":"post","link":"https:\/\/portaltela.pt\/noticias\/2026\/01\/30\/liga-preve-investir-15-milhoes-em-equipamentos-para-combate-ao-cancer\/","title":{"rendered":"Liga prev\u00ea investir 15 milh\u00f5es em equipamentos para combate ao c\u00e2ncer"},"content":{"rendered":"<p>A Liga Portuguesa Contra o Cancro (LPCC) prev\u00ea investir 15 milh\u00f5es de euros para renovar o rastreio prim\u00e1rio do cancro da mama, passando de mamografia convencional para tomoss\u00edntese. A mudan\u00e7a visa detetar cancros em est\u00e1gio mais precoce.<\/p>\n<p>O presidente da LPCC revelou que o esfor\u00e7o envolve substitui\u00e7\u00e3o de equipamentos, aquisi\u00e7\u00e3o de unidades m\u00f3veis, bem como a implementa\u00e7\u00e3o de novas m\u00e1quinas, data centers e refor\u00e7o de pessoal. O objetivo \u00e9 melhorar a sensibilidade da leitura.<\/p>\n<p>A atualiza\u00e7\u00e3o decorre no \u00e2mbito da norma de rastreio de base populacional, que em 2025 passou a abranger mulheres entre 45 e 74 anos, abrangendo um alargamento do \u00e2mbito anterior.<\/p>\n<h3>Investimento e impacto<\/h3>\n<p>Segundo V\u00edtor Veloso, o projeto dever\u00e1 consolidar-se ao longo de dois anos, com os n\u00facleos a auscultarem o mercado para avan\u00e7ar com a implementa\u00e7\u00e3o, com ou sem apoios externos. A LPCC pretende manter o processo sustent\u00e1vel.<\/p>\n<p>O novo m\u00e9todo envolve a aquisi\u00e7\u00e3o de m\u00faltiplas proje\u00e7\u00f5es de raios-X de baixa dose, que permitem reconstru\u00e7\u00e3o 3D com cortes de cerca de 1 mil\u00edmetro, reduzindo a sobreposi\u00e7\u00e3o de tecido mam\u00e1rio.<\/p>\n<p>A tomoss\u00edntese \u00e9 j\u00e1 utilizada nalguns n\u00facleos da LPCC em fases de aferi\u00e7\u00e3o, mas a previs\u00e3o \u00e9 realizar o rastreio em larga escala com esta tecnologia, tornando Portugal o primeiro pa\u00eds europeu a usar o exame prim\u00e1rio da mama nesta modalidade.<\/p>\n","protected":false},"excerpt":{"rendered":"<ul>\n<li>A Liga Portuguesa Contra o Cancro (LPCC) prev\u00ea investir 15 milh\u00f5es de euros para alterar o rastreio prim\u00e1rio do cancro da mama, passando da mamografia convencional para a tomoss\u00edntese mam\u00e1ria.<\/li>\n<li>A mudan\u00e7a envolve substitui\u00e7\u00e3o de equipamentos, aquisi\u00e7\u00e3o de novas unidades m\u00f3veis de rastreio, compra de m\u00e1quinas, datacenters e refor\u00e7o de armazenamento e recursos humanos.<\/li>\n<li>A atualiza\u00e7\u00e3o acompanha a norma de rastreio de base populacional alargada em 2025, para mulheres entre 45 e 74 anos, em vez das anteriores 50 a 69.<\/li>\n<li>O presidente da LPCC, V\u00edtor Veloso, estima que o processo decorra ao longo de dois anos, com consultadorias em curso no mercado e implementa\u00e7\u00e3o da tomoss\u00edntese no rastreio em larga escala.<\/li>\n<li>Segundo Veloso, a tomoss\u00edntese aumenta a sensibilidade do rastreio e pode levar a maiores taxas de cura; a LPCC espera apoio governamental, semelhante ao concedido a funda\u00e7\u00f5es.<\/li>\n<\/ul>\n","protected":false},"author":2,"featured_media":184105,"comment_status":"closed","ping_status":"closed","sticky":false,"template":"","format":"standard","meta":{"footnotes":""},"categories":[1],"tags":[1874,190,215,1014,1554,271],"class_list":["post-184101","post","type-post","status-publish","format-standard","has-post-thumbnail","hentry","category-noticias","tag-cancer","tag-desenvolvimento-economico","tag-investigacao","tag-portugal","tag-radiologia","tag-saude-publica"],"yoast_head":"<!-- This site is optimized with the Yoast SEO plugin v27.2 - https:\/\/yoast.com\/product\/yoast-seo-wordpress\/ -->\n<title>Liga prev\u00ea investir 15 milh\u00f5es em equipamentos para combate ao c\u00e2ncer - Portal Tela Portugal<\/title>\n<meta name=\"robots\" content=\"index, follow, max-snippet:-1, max-image-preview:large, max-video-preview:-1\" \/>\n<meta property=\"og:locale\" content=\"pt_PT\" \/>\n<meta property=\"og:type\" content=\"article\" \/>\n<meta property=\"og:title\" content=\"Liga prev\u00ea investir 15 milh\u00f5es em equipamentos para combate ao c\u00e2ncer - Portal Tela Portugal\" \/>\n<meta property=\"og:description\" content=\"A Liga Portuguesa Contra o Cancro (LPCC) prev\u00ea investir 15 milh\u00f5es de euros para alterar o rastreio prim\u00e1rio do cancro da mama, passando da mamografia convencional para a tomoss\u00edntese mam\u00e1ria. A mudan\u00e7a envolve substitui\u00e7\u00e3o de equipamentos, aquisi\u00e7\u00e3o de novas unidades m\u00f3veis de rastreio, compra de m\u00e1quinas, datacenters e refor\u00e7o de armazenamento e recursos humanos. A atualiza\u00e7\u00e3o acompanha a norma de rastreio de base populacional alargada em 2025, para mulheres entre 45 e 74 anos, em vez das anteriores 50 a 69. O presidente da LPCC, V\u00edtor Veloso, estima que o processo decorra ao longo de dois anos, com consultadorias em curso no mercado e implementa\u00e7\u00e3o da tomoss\u00edntese no rastreio em larga escala. Segundo Veloso, a tomoss\u00edntese aumenta a sensibilidade do rastreio e pode levar a maiores taxas de cura; a LPCC espera apoio governamental, semelhante ao concedido a funda\u00e7\u00f5es.\" \/>\n<meta property=\"og:url\" content=\"https:\/\/portaltela.pt\/noticias\/2026\/01\/30\/liga-preve-investir-15-milhoes-em-equipamentos-para-combate-ao-cancer\/\" \/>\n<meta property=\"og:site_name\" content=\"Portal Tela Portugal\" \/>\n<meta property=\"article:published_time\" content=\"2026-01-30T13:34:00+00:00\" \/>\n<meta name=\"author\" content=\"Telinha\" \/>\n<meta name=\"twitter:card\" content=\"summary_large_image\" \/>\n<meta name=\"twitter:label1\" content=\"Escrito por\" \/>\n\t<meta name=\"twitter:data1\" content=\"Telinha\" \/>\n\t<meta name=\"twitter:label2\" content=\"Tempo estimado de leitura\" \/>\n\t<meta name=\"twitter:data2\" content=\"1 minuto\" \/>\n<script type=\"application\/ld+json\" class=\"yoast-schema-graph\">{\"@context\":\"https:\/\/schema.org\",\"@graph\":[{\"@type\":\"Article\",\"@id\":\"https:\/\/portaltela.pt\/noticias\/2026\/01\/30\/liga-preve-investir-15-milhoes-em-equipamentos-para-combate-ao-cancer\/#article\",\"isPartOf\":{\"@id\":\"https:\/\/portaltela.pt\/noticias\/2026\/01\/30\/liga-preve-investir-15-milhoes-em-equipamentos-para-combate-ao-cancer\/\"},\"author\":{\"name\":\"Telinha\",\"@id\":\"https:\/\/portaltela.pt\/#\/schema\/person\/c4278d4a6028830caff9ee44b42d32ed\"},\"headline\":\"Liga prev\u00ea investir 15 milh\u00f5es em equipamentos para combate ao c\u00e2ncer\",\"datePublished\":\"2026-01-30T13:34:00+00:00\",\"mainEntityOfPage\":{\"@id\":\"https:\/\/portaltela.pt\/noticias\/2026\/01\/30\/liga-preve-investir-15-milhoes-em-equipamentos-para-combate-ao-cancer\/\"},\"wordCount\":251,\"image\":{\"@id\":\"https:\/\/portaltela.pt\/noticias\/2026\/01\/30\/liga-preve-investir-15-milhoes-em-equipamentos-para-combate-ao-cancer\/#primaryimage\"},\"thumbnailUrl\":\"https:\/\/portaltela.pt\/s.01k8rhncp4jt1\/2026\/01\/41794246.jpg\",\"keywords\":[\"C\u00e2ncer\",\"Desenvolvimento econ\u00f3mico\",\"investiga\u00e7\u00e3o\",\"Portugal\",\"radiologia\",\"sa\u00fade p\u00fablica\"],\"articleSection\":[\"Not\u00edcias\"],\"inLanguage\":\"pt-PT\"},{\"@type\":\"WebPage\",\"@id\":\"https:\/\/portaltela.pt\/noticias\/2026\/01\/30\/liga-preve-investir-15-milhoes-em-equipamentos-para-combate-ao-cancer\/\",\"url\":\"https:\/\/portaltela.pt\/noticias\/2026\/01\/30\/liga-preve-investir-15-milhoes-em-equipamentos-para-combate-ao-cancer\/\",\"name\":\"Liga prev\u00ea investir 15 milh\u00f5es em equipamentos para combate ao c\u00e2ncer - Portal Tela Portugal\",\"isPartOf\":{\"@id\":\"https:\/\/portaltela.pt\/#website\"},\"primaryImageOfPage\":{\"@id\":\"https:\/\/portaltela.pt\/noticias\/2026\/01\/30\/liga-preve-investir-15-milhoes-em-equipamentos-para-combate-ao-cancer\/#primaryimage\"},\"image\":{\"@id\":\"https:\/\/portaltela.pt\/noticias\/2026\/01\/30\/liga-preve-investir-15-milhoes-em-equipamentos-para-combate-ao-cancer\/#primaryimage\"},\"thumbnailUrl\":\"https:\/\/portaltela.pt\/s.01k8rhncp4jt1\/2026\/01\/41794246.jpg\",\"datePublished\":\"2026-01-30T13:34:00+00:00\",\"author\":{\"@id\":\"https:\/\/portaltela.pt\/#\/schema\/person\/c4278d4a6028830caff9ee44b42d32ed\"},\"breadcrumb\":{\"@id\":\"https:\/\/portaltela.pt\/noticias\/2026\/01\/30\/liga-preve-investir-15-milhoes-em-equipamentos-para-combate-ao-cancer\/#breadcrumb\"},\"inLanguage\":\"pt-PT\",\"potentialAction\":[{\"@type\":\"ReadAction\",\"target\":[\"https:\/\/portaltela.pt\/noticias\/2026\/01\/30\/liga-preve-investir-15-milhoes-em-equipamentos-para-combate-ao-cancer\/\"]}]},{\"@type\":\"ImageObject\",\"inLanguage\":\"pt-PT\",\"@id\":\"https:\/\/portaltela.pt\/noticias\/2026\/01\/30\/liga-preve-investir-15-milhoes-em-equipamentos-para-combate-ao-cancer\/#primaryimage\",\"url\":\"https:\/\/portaltela.pt\/s.01k8rhncp4jt1\/2026\/01\/41794246.jpg\",\"contentUrl\":\"https:\/\/portaltela.pt\/s.01k8rhncp4jt1\/2026\/01\/41794246.jpg\",\"width\":796,\"height\":448,\"caption\":\"Liga reclama ajuda do Estado\"},{\"@type\":\"BreadcrumbList\",\"@id\":\"https:\/\/portaltela.pt\/noticias\/2026\/01\/30\/liga-preve-investir-15-milhoes-em-equipamentos-para-combate-ao-cancer\/#breadcrumb\",\"itemListElement\":[{\"@type\":\"ListItem\",\"position\":1,\"name\":\"In\u00edcio\",\"item\":\"https:\/\/portaltela.pt\/\"},{\"@type\":\"ListItem\",\"position\":2,\"name\":\"Liga prev\u00ea investir 15 milh\u00f5es em equipamentos para combate ao c\u00e2ncer\"}]},{\"@type\":\"WebSite\",\"@id\":\"https:\/\/portaltela.pt\/#website\",\"url\":\"https:\/\/portaltela.pt\/\",\"name\":\"Portal Tela Portugal\",\"description\":\"\",\"potentialAction\":[{\"@type\":\"SearchAction\",\"target\":{\"@type\":\"EntryPoint\",\"urlTemplate\":\"https:\/\/portaltela.pt\/?s={search_term_string}\"},\"query-input\":{\"@type\":\"PropertyValueSpecification\",\"valueRequired\":true,\"valueName\":\"search_term_string\"}}],\"inLanguage\":\"pt-PT\"},{\"@type\":\"Person\",\"@id\":\"https:\/\/portaltela.pt\/#\/schema\/person\/c4278d4a6028830caff9ee44b42d32ed\",\"name\":\"Telinha\",\"image\":{\"@type\":\"ImageObject\",\"inLanguage\":\"pt-PT\",\"@id\":\"https:\/\/portaltela.pt\/s.01k8rhncp4jt1\/2025\/11\/talking-bot-125x125.png\",\"url\":\"https:\/\/portaltela.pt\/s.01k8rhncp4jt1\/2025\/11\/talking-bot-125x125.png\",\"contentUrl\":\"https:\/\/portaltela.pt\/s.01k8rhncp4jt1\/2025\/11\/talking-bot-125x125.png\",\"caption\":\"Telinha\"},\"sameAs\":[\"https:\/\/portaltela.pt\/\"],\"url\":\"https:\/\/portaltela.pt\/por\/367410592786\/\"}]}<\/script>\n<!-- \/ Yoast SEO plugin. -->","yoast_head_json":{"title":"Liga prev\u00ea investir 15 milh\u00f5es em equipamentos para combate ao c\u00e2ncer - Portal Tela Portugal","robots":{"index":"index","follow":"follow","max-snippet":"max-snippet:-1","max-image-preview":"max-image-preview:large","max-video-preview":"max-video-preview:-1"},"og_locale":"pt_PT","og_type":"article","og_title":"Liga prev\u00ea investir 15 milh\u00f5es em equipamentos para combate ao c\u00e2ncer - Portal Tela Portugal","og_description":"A Liga Portuguesa Contra o Cancro (LPCC) prev\u00ea investir 15 milh\u00f5es de euros para alterar o rastreio prim\u00e1rio do cancro da mama, passando da mamografia convencional para a tomoss\u00edntese mam\u00e1ria. A mudan\u00e7a envolve substitui\u00e7\u00e3o de equipamentos, aquisi\u00e7\u00e3o de novas unidades m\u00f3veis de rastreio, compra de m\u00e1quinas, datacenters e refor\u00e7o de armazenamento e recursos humanos. A atualiza\u00e7\u00e3o acompanha a norma de rastreio de base populacional alargada em 2025, para mulheres entre 45 e 74 anos, em vez das anteriores 50 a 69. O presidente da LPCC, V\u00edtor Veloso, estima que o processo decorra ao longo de dois anos, com consultadorias em curso no mercado e implementa\u00e7\u00e3o da tomoss\u00edntese no rastreio em larga escala. Segundo Veloso, a tomoss\u00edntese aumenta a sensibilidade do rastreio e pode levar a maiores taxas de cura; a LPCC espera apoio governamental, semelhante ao concedido a funda\u00e7\u00f5es.","og_url":"https:\/\/portaltela.pt\/noticias\/2026\/01\/30\/liga-preve-investir-15-milhoes-em-equipamentos-para-combate-ao-cancer\/","og_site_name":"Portal Tela Portugal","article_published_time":"2026-01-30T13:34:00+00:00","author":"Telinha","twitter_card":"summary_large_image","twitter_misc":{"Escrito por":"Telinha","Tempo estimado de leitura":"1 minuto"},"schema":{"@context":"https:\/\/schema.org","@graph":[{"@type":"Article","@id":"https:\/\/portaltela.pt\/noticias\/2026\/01\/30\/liga-preve-investir-15-milhoes-em-equipamentos-para-combate-ao-cancer\/#article","isPartOf":{"@id":"https:\/\/portaltela.pt\/noticias\/2026\/01\/30\/liga-preve-investir-15-milhoes-em-equipamentos-para-combate-ao-cancer\/"},"author":{"name":"Telinha","@id":"https:\/\/portaltela.pt\/#\/schema\/person\/c4278d4a6028830caff9ee44b42d32ed"},"headline":"Liga prev\u00ea investir 15 milh\u00f5es em equipamentos para combate ao c\u00e2ncer","datePublished":"2026-01-30T13:34:00+00:00","mainEntityOfPage":{"@id":"https:\/\/portaltela.pt\/noticias\/2026\/01\/30\/liga-preve-investir-15-milhoes-em-equipamentos-para-combate-ao-cancer\/"},"wordCount":251,"image":{"@id":"https:\/\/portaltela.pt\/noticias\/2026\/01\/30\/liga-preve-investir-15-milhoes-em-equipamentos-para-combate-ao-cancer\/#primaryimage"},"thumbnailUrl":"https:\/\/portaltela.pt\/s.01k8rhncp4jt1\/2026\/01\/41794246.jpg","keywords":["C\u00e2ncer","Desenvolvimento econ\u00f3mico","investiga\u00e7\u00e3o","Portugal","radiologia","sa\u00fade p\u00fablica"],"articleSection":["Not\u00edcias"],"inLanguage":"pt-PT"},{"@type":"WebPage","@id":"https:\/\/portaltela.pt\/noticias\/2026\/01\/30\/liga-preve-investir-15-milhoes-em-equipamentos-para-combate-ao-cancer\/","url":"https:\/\/portaltela.pt\/noticias\/2026\/01\/30\/liga-preve-investir-15-milhoes-em-equipamentos-para-combate-ao-cancer\/","name":"Liga prev\u00ea investir 15 milh\u00f5es em equipamentos para combate ao c\u00e2ncer - Portal Tela Portugal","isPartOf":{"@id":"https:\/\/portaltela.pt\/#website"},"primaryImageOfPage":{"@id":"https:\/\/portaltela.pt\/noticias\/2026\/01\/30\/liga-preve-investir-15-milhoes-em-equipamentos-para-combate-ao-cancer\/#primaryimage"},"image":{"@id":"https:\/\/portaltela.pt\/noticias\/2026\/01\/30\/liga-preve-investir-15-milhoes-em-equipamentos-para-combate-ao-cancer\/#primaryimage"},"thumbnailUrl":"https:\/\/portaltela.pt\/s.01k8rhncp4jt1\/2026\/01\/41794246.jpg","datePublished":"2026-01-30T13:34:00+00:00","author":{"@id":"https:\/\/portaltela.pt\/#\/schema\/person\/c4278d4a6028830caff9ee44b42d32ed"},"breadcrumb":{"@id":"https:\/\/portaltela.pt\/noticias\/2026\/01\/30\/liga-preve-investir-15-milhoes-em-equipamentos-para-combate-ao-cancer\/#breadcrumb"},"inLanguage":"pt-PT","potentialAction":[{"@type":"ReadAction","target":["https:\/\/portaltela.pt\/noticias\/2026\/01\/30\/liga-preve-investir-15-milhoes-em-equipamentos-para-combate-ao-cancer\/"]}]},{"@type":"ImageObject","inLanguage":"pt-PT","@id":"https:\/\/portaltela.pt\/noticias\/2026\/01\/30\/liga-preve-investir-15-milhoes-em-equipamentos-para-combate-ao-cancer\/#primaryimage","url":"https:\/\/portaltela.pt\/s.01k8rhncp4jt1\/2026\/01\/41794246.jpg","contentUrl":"https:\/\/portaltela.pt\/s.01k8rhncp4jt1\/2026\/01\/41794246.jpg","width":796,"height":448,"caption":"Liga reclama ajuda do Estado"},{"@type":"BreadcrumbList","@id":"https:\/\/portaltela.pt\/noticias\/2026\/01\/30\/liga-preve-investir-15-milhoes-em-equipamentos-para-combate-ao-cancer\/#breadcrumb","itemListElement":[{"@type":"ListItem","position":1,"name":"In\u00edcio","item":"https:\/\/portaltela.pt\/"},{"@type":"ListItem","position":2,"name":"Liga prev\u00ea investir 15 milh\u00f5es em equipamentos para combate ao c\u00e2ncer"}]},{"@type":"WebSite","@id":"https:\/\/portaltela.pt\/#website","url":"https:\/\/portaltela.pt\/","name":"Portal Tela Portugal","description":"","potentialAction":[{"@type":"SearchAction","target":{"@type":"EntryPoint","urlTemplate":"https:\/\/portaltela.pt\/?s={search_term_string}"},"query-input":{"@type":"PropertyValueSpecification","valueRequired":true,"valueName":"search_term_string"}}],"inLanguage":"pt-PT"},{"@type":"Person","@id":"https:\/\/portaltela.pt\/#\/schema\/person\/c4278d4a6028830caff9ee44b42d32ed","name":"Telinha","image":{"@type":"ImageObject","inLanguage":"pt-PT","@id":"https:\/\/portaltela.pt\/s.01k8rhncp4jt1\/2025\/11\/talking-bot-125x125.png","url":"https:\/\/portaltela.pt\/s.01k8rhncp4jt1\/2025\/11\/talking-bot-125x125.png","contentUrl":"https:\/\/portaltela.pt\/s.01k8rhncp4jt1\/2025\/11\/talking-bot-125x125.png","caption":"Telinha"},"sameAs":["https:\/\/portaltela.pt\/"],"url":"https:\/\/portaltela.pt\/por\/367410592786\/"}]}},"_links":{"self":[{"href":"https:\/\/portaltela.pt\/api\/wp\/v2\/posts\/184101","targetHints":{"allow":["GET"]}}],"collection":[{"href":"https:\/\/portaltela.pt\/api\/wp\/v2\/posts"}],"about":[{"href":"https:\/\/portaltela.pt\/api\/wp\/v2\/types\/post"}],"author":[{"embeddable":true,"href":"https:\/\/portaltela.pt\/api\/wp\/v2\/users\/2"}],"replies":[{"embeddable":true,"href":"https:\/\/portaltela.pt\/api\/wp\/v2\/comments?post=184101"}],"version-history":[{"count":0,"href":"https:\/\/portaltela.pt\/api\/wp\/v2\/posts\/184101\/revisions"}],"wp:featuredmedia":[{"embeddable":true,"href":"https:\/\/portaltela.pt\/api\/wp\/v2\/media\/184105"}],"wp:attachment":[{"href":"https:\/\/portaltela.pt\/api\/wp\/v2\/media?parent=184101"}],"wp:term":[{"taxonomy":"category","embeddable":true,"href":"https:\/\/portaltela.pt\/api\/wp\/v2\/categories?post=184101"},{"taxonomy":"post_tag","embeddable":true,"href":"https:\/\/portaltela.pt\/api\/wp\/v2\/tags?post=184101"}],"curies":[{"name":"wp","href":"https:\/\/api.w.org\/{rel}","templated":true}]}}