{"id":184074,"date":"2026-01-30T10:05:00","date_gmt":"2026-01-30T13:05:00","guid":{"rendered":"https:\/\/portaltela.pt\/noticias\/2026\/01\/30\/celorico-de-basto-promove-oficinas-gratuitas-de-costura-tecelagem-e-bordados\/"},"modified":"2026-01-30T10:05:00","modified_gmt":"2026-01-30T13:05:00","slug":"celorico-de-basto-promove-oficinas-gratuitas-de-costura-tecelagem-e-bordados","status":"publish","type":"post","link":"https:\/\/portaltela.pt\/noticias\/2026\/01\/30\/celorico-de-basto-promove-oficinas-gratuitas-de-costura-tecelagem-e-bordados\/","title":{"rendered":"Celorico de Basto promove oficinas gratuitas de costura, tecelagem e bordados"},"content":{"rendered":"<p>O projeto CLDS 5G Celorico+Social est\u00e1 a promover tr\u00eas workshops gratuitos de artes manuais em Celorico de Basto. As sess\u00f5es decorrem em locais variados do concelho, com hor\u00e1rios p\u00f3s-laborais e inscri\u00e7\u00e3o obrigat\u00f3ria, gratuita por telefone, e-mail ou formul\u00e1rios online.<\/p>\n<p>Os ateliers s\u00e3o Costura Criativa, Tecelagem e Bordados, integrados na iniciativa que visa fomentar o saber-fazer tradicional, potenciar a criatividade e criar oportunidades de ocupa\u00e7\u00e3o e valoriza\u00e7\u00e3o comunit\u00e1ria.<\/p>\n<p>A participa\u00e7\u00e3o \u00e9 sem custo, mas exige inscri\u00e7\u00e3o pr\u00e9via. Os interessados devem contactar o 800 200 320, enviar e-mail para clds5g@mun-celoricodebasto.pt ou preencher os formul\u00e1rios espec\u00edficos online.<\/p>\n<p>Os programas acontecem em dias diferentes, em v\u00e1rios locais do concelho:<\/p>\n<ul>\n<li>Costura Criativa: ter\u00e7as-feiras em Celorico de Basto e sextas-feiras no Centro Urbano da Mota.<\/li>\n<li>Tecelagem: segundas-feiras no Fermil de Basto (Centro Cultural) e quartas-feiras em Celorico de Basto.<\/li>\n<li>Bordados: quintas-feiras no Centro Urbano da Mota.<\/li>\n<\/ul>\n<p>Para cada atividade h\u00e1 ainda uma sess\u00e3o p\u00f3s-laboral, com localiza\u00e7\u00e3o a ser definida posteriormente. A iniciativa visa dinamizar a economia local atrav\u00e9s da capacita\u00e7\u00e3o informal e do aproveitamento das artes tradicionais.<\/p>\n<h3>Participa\u00e7\u00e3o e log\u00edstica<\/h3>\n<p>As inscri\u00e7\u00f5es s\u00e3o obrigat\u00f3rias e gratuitas, com vagas limitadas. A organiza\u00e7\u00e3o indica que os ateli\u00eas s\u00e3o abertos a toda a comunidade e professores\/participantes devem cumprir regras especificadas pela coordena\u00e7\u00e3o do CLDS 5G Celorico+Social.<\/p>\n","protected":false},"excerpt":{"rendered":"<ul>\n<li>O projeto CLDS 5G+Social de Celorico de Basto est\u00e1 a promover tr\u00eas workshops gratuitos de artes manuais: Costura Criativa, Tecelagem e Bordados, destinados a toda a comunidade.<\/li>\n<li>As inscri\u00e7\u00f5es s\u00e3o obrigat\u00f3rias e gratuitas, atrav\u00e9s do telefone 800 200 320, do e-mail clds5g@mun-celoricodebasto.pt ou via formul\u00e1rios online disponibilizados pela organiza\u00e7\u00e3o.<\/li>\n<li>Os ateli\u00eas decorrem em diferentes locais do concelho, com sess\u00f5es p\u00f3s-laborais a confirmar defini\u00e7\u00e3o de local.<\/li>\n<li>Calend\u00e1rio provisional: Costura Criativa: ter\u00e7as-feiras em Celorico de Basto e sextas-feiras no Centro Urbano da Mota; Tecelagem: segundas-feiras no Fermil de Basto (Centro Cultural) e quartas-feiras em Celorico de Basto; Bordados: quintas-feiras no Centro Urbano da Mota.<\/li>\n<li>A iniciativa enquadra a Atividade n\u00ba14 \u2013 Ateliers e Saberes, com aim de fomentar saber-fazer tradicional, criatividade e ocupa\u00e7\u00e3o comunit\u00e1ria.<\/li>\n<\/ul>\n","protected":false},"author":2,"featured_media":184090,"comment_status":"closed","ping_status":"closed","sticky":false,"template":"","format":"standard","meta":{"footnotes":""},"categories":[1],"tags":[70,1233,1966,3035,4824,1234],"class_list":["post-184074","post","type-post","status-publish","format-standard","has-post-thumbnail","hentry","category-noticias","tag-arte","tag-bordados","tag-celorico-da-beira","tag-comunidade","tag-costura-criativa","tag-tecelagem"],"yoast_head":"<!-- This site is optimized with the Yoast SEO plugin v27.2 - https:\/\/yoast.com\/product\/yoast-seo-wordpress\/ -->\n<title>Celorico de Basto promove oficinas gratuitas de costura, tecelagem e bordados - Portal Tela Portugal<\/title>\n<meta name=\"robots\" content=\"index, follow, max-snippet:-1, max-image-preview:large, max-video-preview:-1\" \/>\n<meta property=\"og:locale\" content=\"pt_PT\" \/>\n<meta property=\"og:type\" content=\"article\" \/>\n<meta property=\"og:title\" content=\"Celorico de Basto promove oficinas gratuitas de costura, tecelagem e bordados - Portal Tela Portugal\" \/>\n<meta property=\"og:description\" content=\"O projeto CLDS 5G+Social de Celorico de Basto est\u00e1 a promover tr\u00eas workshops gratuitos de artes manuais: Costura Criativa, Tecelagem e Bordados, destinados a toda a comunidade. As inscri\u00e7\u00f5es s\u00e3o obrigat\u00f3rias e gratuitas, atrav\u00e9s do telefone 800 200 320, do e-mail clds5g@mun-celoricodebasto.pt ou via formul\u00e1rios online disponibilizados pela organiza\u00e7\u00e3o. Os ateli\u00eas decorrem em diferentes locais do concelho, com sess\u00f5es p\u00f3s-laborais a confirmar defini\u00e7\u00e3o de local. Calend\u00e1rio provisional: Costura Criativa: ter\u00e7as-feiras em Celorico de Basto e sextas-feiras no Centro Urbano da Mota; Tecelagem: segundas-feiras no Fermil de Basto (Centro Cultural) e quartas-feiras em Celorico de Basto; Bordados: quintas-feiras no Centro Urbano da Mota. A iniciativa enquadra a Atividade n\u00ba14 \u2013 Ateliers e Saberes, com aim de fomentar saber-fazer tradicional, criatividade e ocupa\u00e7\u00e3o comunit\u00e1ria.\" \/>\n<meta property=\"og:url\" content=\"https:\/\/portaltela.pt\/noticias\/2026\/01\/30\/celorico-de-basto-promove-oficinas-gratuitas-de-costura-tecelagem-e-bordados\/\" \/>\n<meta property=\"og:site_name\" content=\"Portal Tela Portugal\" \/>\n<meta property=\"article:published_time\" content=\"2026-01-30T13:05:00+00:00\" \/>\n<meta name=\"author\" content=\"Telinha\" \/>\n<meta name=\"twitter:card\" content=\"summary_large_image\" \/>\n<meta name=\"twitter:label1\" content=\"Escrito por\" \/>\n\t<meta name=\"twitter:data1\" content=\"Telinha\" \/>\n\t<meta name=\"twitter:label2\" content=\"Tempo estimado de leitura\" \/>\n\t<meta name=\"twitter:data2\" content=\"1 minuto\" \/>\n<script type=\"application\/ld+json\" class=\"yoast-schema-graph\">{\"@context\":\"https:\/\/schema.org\",\"@graph\":[{\"@type\":\"Article\",\"@id\":\"https:\/\/portaltela.pt\/noticias\/2026\/01\/30\/celorico-de-basto-promove-oficinas-gratuitas-de-costura-tecelagem-e-bordados\/#article\",\"isPartOf\":{\"@id\":\"https:\/\/portaltela.pt\/noticias\/2026\/01\/30\/celorico-de-basto-promove-oficinas-gratuitas-de-costura-tecelagem-e-bordados\/\"},\"author\":{\"name\":\"Telinha\",\"@id\":\"https:\/\/portaltela.pt\/#\/schema\/person\/c4278d4a6028830caff9ee44b42d32ed\"},\"headline\":\"Celorico de Basto promove oficinas gratuitas de costura, tecelagem e bordados\",\"datePublished\":\"2026-01-30T13:05:00+00:00\",\"mainEntityOfPage\":{\"@id\":\"https:\/\/portaltela.pt\/noticias\/2026\/01\/30\/celorico-de-basto-promove-oficinas-gratuitas-de-costura-tecelagem-e-bordados\/\"},\"wordCount\":252,\"image\":{\"@id\":\"https:\/\/portaltela.pt\/noticias\/2026\/01\/30\/celorico-de-basto-promove-oficinas-gratuitas-de-costura-tecelagem-e-bordados\/#primaryimage\"},\"thumbnailUrl\":\"https:\/\/portaltela.pt\/s.01k8rhncp4jt1\/2026\/01\/unnamed-file-6095.jpg\",\"keywords\":[\"arte\",\"bordados\",\"Celorico da Beira\",\"comunidade\",\"Costura Criativa\",\"tecelagem\"],\"articleSection\":[\"Not\u00edcias\"],\"inLanguage\":\"pt-PT\"},{\"@type\":\"WebPage\",\"@id\":\"https:\/\/portaltela.pt\/noticias\/2026\/01\/30\/celorico-de-basto-promove-oficinas-gratuitas-de-costura-tecelagem-e-bordados\/\",\"url\":\"https:\/\/portaltela.pt\/noticias\/2026\/01\/30\/celorico-de-basto-promove-oficinas-gratuitas-de-costura-tecelagem-e-bordados\/\",\"name\":\"Celorico de Basto promove oficinas gratuitas de costura, tecelagem e bordados - Portal Tela Portugal\",\"isPartOf\":{\"@id\":\"https:\/\/portaltela.pt\/#website\"},\"primaryImageOfPage\":{\"@id\":\"https:\/\/portaltela.pt\/noticias\/2026\/01\/30\/celorico-de-basto-promove-oficinas-gratuitas-de-costura-tecelagem-e-bordados\/#primaryimage\"},\"image\":{\"@id\":\"https:\/\/portaltela.pt\/noticias\/2026\/01\/30\/celorico-de-basto-promove-oficinas-gratuitas-de-costura-tecelagem-e-bordados\/#primaryimage\"},\"thumbnailUrl\":\"https:\/\/portaltela.pt\/s.01k8rhncp4jt1\/2026\/01\/unnamed-file-6095.jpg\",\"datePublished\":\"2026-01-30T13:05:00+00:00\",\"author\":{\"@id\":\"https:\/\/portaltela.pt\/#\/schema\/person\/c4278d4a6028830caff9ee44b42d32ed\"},\"breadcrumb\":{\"@id\":\"https:\/\/portaltela.pt\/noticias\/2026\/01\/30\/celorico-de-basto-promove-oficinas-gratuitas-de-costura-tecelagem-e-bordados\/#breadcrumb\"},\"inLanguage\":\"pt-PT\",\"potentialAction\":[{\"@type\":\"ReadAction\",\"target\":[\"https:\/\/portaltela.pt\/noticias\/2026\/01\/30\/celorico-de-basto-promove-oficinas-gratuitas-de-costura-tecelagem-e-bordados\/\"]}]},{\"@type\":\"ImageObject\",\"inLanguage\":\"pt-PT\",\"@id\":\"https:\/\/portaltela.pt\/noticias\/2026\/01\/30\/celorico-de-basto-promove-oficinas-gratuitas-de-costura-tecelagem-e-bordados\/#primaryimage\",\"url\":\"https:\/\/portaltela.pt\/s.01k8rhncp4jt1\/2026\/01\/unnamed-file-6095.jpg\",\"contentUrl\":\"https:\/\/portaltela.pt\/s.01k8rhncp4jt1\/2026\/01\/unnamed-file-6095.jpg\",\"width\":796,\"height\":448,\"caption\":\"Celorico de Basto promove workshops gratuitos de costura, tecelagem e bordados\"},{\"@type\":\"BreadcrumbList\",\"@id\":\"https:\/\/portaltela.pt\/noticias\/2026\/01\/30\/celorico-de-basto-promove-oficinas-gratuitas-de-costura-tecelagem-e-bordados\/#breadcrumb\",\"itemListElement\":[{\"@type\":\"ListItem\",\"position\":1,\"name\":\"In\u00edcio\",\"item\":\"https:\/\/portaltela.pt\/\"},{\"@type\":\"ListItem\",\"position\":2,\"name\":\"Celorico de Basto promove oficinas gratuitas de costura, tecelagem e bordados\"}]},{\"@type\":\"WebSite\",\"@id\":\"https:\/\/portaltela.pt\/#website\",\"url\":\"https:\/\/portaltela.pt\/\",\"name\":\"Portal Tela Portugal\",\"description\":\"\",\"potentialAction\":[{\"@type\":\"SearchAction\",\"target\":{\"@type\":\"EntryPoint\",\"urlTemplate\":\"https:\/\/portaltela.pt\/?s={search_term_string}\"},\"query-input\":{\"@type\":\"PropertyValueSpecification\",\"valueRequired\":true,\"valueName\":\"search_term_string\"}}],\"inLanguage\":\"pt-PT\"},{\"@type\":\"Person\",\"@id\":\"https:\/\/portaltela.pt\/#\/schema\/person\/c4278d4a6028830caff9ee44b42d32ed\",\"name\":\"Telinha\",\"image\":{\"@type\":\"ImageObject\",\"inLanguage\":\"pt-PT\",\"@id\":\"https:\/\/portaltela.pt\/s.01k8rhncp4jt1\/2025\/11\/talking-bot-125x125.png\",\"url\":\"https:\/\/portaltela.pt\/s.01k8rhncp4jt1\/2025\/11\/talking-bot-125x125.png\",\"contentUrl\":\"https:\/\/portaltela.pt\/s.01k8rhncp4jt1\/2025\/11\/talking-bot-125x125.png\",\"caption\":\"Telinha\"},\"sameAs\":[\"https:\/\/portaltela.pt\/\"],\"url\":\"https:\/\/portaltela.pt\/por\/367410592786\/\"}]}<\/script>\n<!-- \/ Yoast SEO plugin. -->","yoast_head_json":{"title":"Celorico de Basto promove oficinas gratuitas de costura, tecelagem e bordados - Portal Tela Portugal","robots":{"index":"index","follow":"follow","max-snippet":"max-snippet:-1","max-image-preview":"max-image-preview:large","max-video-preview":"max-video-preview:-1"},"og_locale":"pt_PT","og_type":"article","og_title":"Celorico de Basto promove oficinas gratuitas de costura, tecelagem e bordados - Portal Tela Portugal","og_description":"O projeto CLDS 5G+Social de Celorico de Basto est\u00e1 a promover tr\u00eas workshops gratuitos de artes manuais: Costura Criativa, Tecelagem e Bordados, destinados a toda a comunidade. As inscri\u00e7\u00f5es s\u00e3o obrigat\u00f3rias e gratuitas, atrav\u00e9s do telefone 800 200 320, do e-mail clds5g@mun-celoricodebasto.pt ou via formul\u00e1rios online disponibilizados pela organiza\u00e7\u00e3o. Os ateli\u00eas decorrem em diferentes locais do concelho, com sess\u00f5es p\u00f3s-laborais a confirmar defini\u00e7\u00e3o de local. Calend\u00e1rio provisional: Costura Criativa: ter\u00e7as-feiras em Celorico de Basto e sextas-feiras no Centro Urbano da Mota; Tecelagem: segundas-feiras no Fermil de Basto (Centro Cultural) e quartas-feiras em Celorico de Basto; Bordados: quintas-feiras no Centro Urbano da Mota. A iniciativa enquadra a Atividade n\u00ba14 \u2013 Ateliers e Saberes, com aim de fomentar saber-fazer tradicional, criatividade e ocupa\u00e7\u00e3o comunit\u00e1ria.","og_url":"https:\/\/portaltela.pt\/noticias\/2026\/01\/30\/celorico-de-basto-promove-oficinas-gratuitas-de-costura-tecelagem-e-bordados\/","og_site_name":"Portal Tela Portugal","article_published_time":"2026-01-30T13:05:00+00:00","author":"Telinha","twitter_card":"summary_large_image","twitter_misc":{"Escrito por":"Telinha","Tempo estimado de leitura":"1 minuto"},"schema":{"@context":"https:\/\/schema.org","@graph":[{"@type":"Article","@id":"https:\/\/portaltela.pt\/noticias\/2026\/01\/30\/celorico-de-basto-promove-oficinas-gratuitas-de-costura-tecelagem-e-bordados\/#article","isPartOf":{"@id":"https:\/\/portaltela.pt\/noticias\/2026\/01\/30\/celorico-de-basto-promove-oficinas-gratuitas-de-costura-tecelagem-e-bordados\/"},"author":{"name":"Telinha","@id":"https:\/\/portaltela.pt\/#\/schema\/person\/c4278d4a6028830caff9ee44b42d32ed"},"headline":"Celorico de Basto promove oficinas gratuitas de costura, tecelagem e bordados","datePublished":"2026-01-30T13:05:00+00:00","mainEntityOfPage":{"@id":"https:\/\/portaltela.pt\/noticias\/2026\/01\/30\/celorico-de-basto-promove-oficinas-gratuitas-de-costura-tecelagem-e-bordados\/"},"wordCount":252,"image":{"@id":"https:\/\/portaltela.pt\/noticias\/2026\/01\/30\/celorico-de-basto-promove-oficinas-gratuitas-de-costura-tecelagem-e-bordados\/#primaryimage"},"thumbnailUrl":"https:\/\/portaltela.pt\/s.01k8rhncp4jt1\/2026\/01\/unnamed-file-6095.jpg","keywords":["arte","bordados","Celorico da Beira","comunidade","Costura Criativa","tecelagem"],"articleSection":["Not\u00edcias"],"inLanguage":"pt-PT"},{"@type":"WebPage","@id":"https:\/\/portaltela.pt\/noticias\/2026\/01\/30\/celorico-de-basto-promove-oficinas-gratuitas-de-costura-tecelagem-e-bordados\/","url":"https:\/\/portaltela.pt\/noticias\/2026\/01\/30\/celorico-de-basto-promove-oficinas-gratuitas-de-costura-tecelagem-e-bordados\/","name":"Celorico de Basto promove oficinas gratuitas de costura, tecelagem e bordados - Portal Tela Portugal","isPartOf":{"@id":"https:\/\/portaltela.pt\/#website"},"primaryImageOfPage":{"@id":"https:\/\/portaltela.pt\/noticias\/2026\/01\/30\/celorico-de-basto-promove-oficinas-gratuitas-de-costura-tecelagem-e-bordados\/#primaryimage"},"image":{"@id":"https:\/\/portaltela.pt\/noticias\/2026\/01\/30\/celorico-de-basto-promove-oficinas-gratuitas-de-costura-tecelagem-e-bordados\/#primaryimage"},"thumbnailUrl":"https:\/\/portaltela.pt\/s.01k8rhncp4jt1\/2026\/01\/unnamed-file-6095.jpg","datePublished":"2026-01-30T13:05:00+00:00","author":{"@id":"https:\/\/portaltela.pt\/#\/schema\/person\/c4278d4a6028830caff9ee44b42d32ed"},"breadcrumb":{"@id":"https:\/\/portaltela.pt\/noticias\/2026\/01\/30\/celorico-de-basto-promove-oficinas-gratuitas-de-costura-tecelagem-e-bordados\/#breadcrumb"},"inLanguage":"pt-PT","potentialAction":[{"@type":"ReadAction","target":["https:\/\/portaltela.pt\/noticias\/2026\/01\/30\/celorico-de-basto-promove-oficinas-gratuitas-de-costura-tecelagem-e-bordados\/"]}]},{"@type":"ImageObject","inLanguage":"pt-PT","@id":"https:\/\/portaltela.pt\/noticias\/2026\/01\/30\/celorico-de-basto-promove-oficinas-gratuitas-de-costura-tecelagem-e-bordados\/#primaryimage","url":"https:\/\/portaltela.pt\/s.01k8rhncp4jt1\/2026\/01\/unnamed-file-6095.jpg","contentUrl":"https:\/\/portaltela.pt\/s.01k8rhncp4jt1\/2026\/01\/unnamed-file-6095.jpg","width":796,"height":448,"caption":"Celorico de Basto promove workshops gratuitos de costura, tecelagem e bordados"},{"@type":"BreadcrumbList","@id":"https:\/\/portaltela.pt\/noticias\/2026\/01\/30\/celorico-de-basto-promove-oficinas-gratuitas-de-costura-tecelagem-e-bordados\/#breadcrumb","itemListElement":[{"@type":"ListItem","position":1,"name":"In\u00edcio","item":"https:\/\/portaltela.pt\/"},{"@type":"ListItem","position":2,"name":"Celorico de Basto promove oficinas gratuitas de costura, tecelagem e bordados"}]},{"@type":"WebSite","@id":"https:\/\/portaltela.pt\/#website","url":"https:\/\/portaltela.pt\/","name":"Portal Tela Portugal","description":"","potentialAction":[{"@type":"SearchAction","target":{"@type":"EntryPoint","urlTemplate":"https:\/\/portaltela.pt\/?s={search_term_string}"},"query-input":{"@type":"PropertyValueSpecification","valueRequired":true,"valueName":"search_term_string"}}],"inLanguage":"pt-PT"},{"@type":"Person","@id":"https:\/\/portaltela.pt\/#\/schema\/person\/c4278d4a6028830caff9ee44b42d32ed","name":"Telinha","image":{"@type":"ImageObject","inLanguage":"pt-PT","@id":"https:\/\/portaltela.pt\/s.01k8rhncp4jt1\/2025\/11\/talking-bot-125x125.png","url":"https:\/\/portaltela.pt\/s.01k8rhncp4jt1\/2025\/11\/talking-bot-125x125.png","contentUrl":"https:\/\/portaltela.pt\/s.01k8rhncp4jt1\/2025\/11\/talking-bot-125x125.png","caption":"Telinha"},"sameAs":["https:\/\/portaltela.pt\/"],"url":"https:\/\/portaltela.pt\/por\/367410592786\/"}]}},"_links":{"self":[{"href":"https:\/\/portaltela.pt\/api\/wp\/v2\/posts\/184074","targetHints":{"allow":["GET"]}}],"collection":[{"href":"https:\/\/portaltela.pt\/api\/wp\/v2\/posts"}],"about":[{"href":"https:\/\/portaltela.pt\/api\/wp\/v2\/types\/post"}],"author":[{"embeddable":true,"href":"https:\/\/portaltela.pt\/api\/wp\/v2\/users\/2"}],"replies":[{"embeddable":true,"href":"https:\/\/portaltela.pt\/api\/wp\/v2\/comments?post=184074"}],"version-history":[{"count":0,"href":"https:\/\/portaltela.pt\/api\/wp\/v2\/posts\/184074\/revisions"}],"wp:featuredmedia":[{"embeddable":true,"href":"https:\/\/portaltela.pt\/api\/wp\/v2\/media\/184090"}],"wp:attachment":[{"href":"https:\/\/portaltela.pt\/api\/wp\/v2\/media?parent=184074"}],"wp:term":[{"taxonomy":"category","embeddable":true,"href":"https:\/\/portaltela.pt\/api\/wp\/v2\/categories?post=184074"},{"taxonomy":"post_tag","embeddable":true,"href":"https:\/\/portaltela.pt\/api\/wp\/v2\/tags?post=184074"}],"curies":[{"name":"wp","href":"https:\/\/api.w.org\/{rel}","templated":true}]}}