{"id":184029,"date":"2026-01-30T09:51:00","date_gmt":"2026-01-30T12:51:00","guid":{"rendered":"https:\/\/portaltela.pt\/noticias\/2026\/01\/30\/madeira-preve-afluencia-quase-massiva-de-chefs-do-guia-michelin\/"},"modified":"2026-01-30T09:51:00","modified_gmt":"2026-01-30T12:51:00","slug":"madeira-preve-afluencia-quase-massiva-de-chefs-do-guia-michelin","status":"publish","type":"post","link":"https:\/\/portaltela.pt\/noticias\/2026\/01\/30\/madeira-preve-afluencia-quase-massiva-de-chefs-do-guia-michelin\/","title":{"rendered":"Madeira prev\u00ea aflu\u00eancia quase massiva de chefs do guia Michelin"},"content":{"rendered":"<p>A Gala do Guia Michelin 2026 na Madeira ter\u00e1 lugar a 10 de Mar\u00e7o, no Savoy Palace, com mais de 500 convidados. O evento, apresentado pela atriz Daniela Ruah, ter\u00e1 m\u00fasica pelos Napa e aposta na divulga\u00e7\u00e3o dos produtos locais.<\/p>\n<p>A n\u00edvel t\u00e9cnico, cinco chefs madeirenses preparam o menu sob a coordena\u00e7\u00e3o de Beno\u00eet Sinthon, do Il Gallo d\u2019Oro, detentor de duas estrelas. Integram o grupo Oct\u00e1vio Freitas, Francisco Avalada, J\u00falio Pereira e Jo\u00e3o Dinis, todos com diferentes distin\u00e7\u00f5es no guia.<\/p>\n<p>A sele\u00e7\u00e3o de vinhos, inteiramente madeirenses, ficou a cargo de Luis Guti\u00e9rrez, da Wine Advocate. Entre convidados, a organiza\u00e7\u00e3o aponta entre 500 e 550 participantes, com relevo para as provas e harmoniza\u00e7\u00f5es do arquip\u00e9lago.<\/p>\n<p>A gala contar\u00e1 com transmiss\u00e3o em direto pelo canal Conta L\u00e1, bem como nas plataformas Facebook e YouTube do Guia Michelin. Em antecipa\u00e7\u00e3o, no dia 3 de Mar\u00e7o ocorre um debate no Teatro Baltazar Dias, moderado por Paulo Salvador, sobre forma\u00e7\u00e3o no sector.<\/p>\n<h3>Contexto e objetivos<\/h3>\n<p>A organiza\u00e7\u00e3o destaca o objetivo de promover a Madeira, os seus restaurantes e produtos. O tema Madeira: a Taste of the Stars estrutura a comunica\u00e7\u00e3o, com conte\u00fados audiovisuais que envolvem chefs de refer\u00eancia e conte\u00fados digitais especiais.<\/p>\n<p>A iniciativa envolve jornalistas internacionais convidados pelo Michelin e pelo Turismo de Portugal. O programa inclui visitas a restaurantes galorados, produtores locais e experi\u00eancias ligadas \u00e0 natureza e \u00e0 cultura da regi\u00e3o.<\/p>\n<h3>Perfil dos restaurantes e chefes<\/h3>\n<p>Atualmente a Madeira soma 12 restaurantes no Guia Michelin, incluindo uma estrela verde e duas com uma estrela. Entre eles, o Il Gallo d\u2019Oro (duas estrelas) e outros reconhecidos como William, Desarma, Casal da Penha, Avista e Avista \u00c1sia.<\/p>\n","protected":false},"excerpt":{"rendered":"<ul>\n<li>A Gala do Guia Michelin 2026 realiza\u2011se a 10 de mar\u00e7o, no Savoy Palace, na Madeira, com mais de 500 convidados; Daniela Ruah apresenta e a banda Napa atua.<\/li>\n<li>Cinco chefs madeirenses coordenam o menu: Beno\u00eet Sinthon (Il Gallo d\u2019Oro, coordenador) e Oct\u00e1vio Freitas, Francisco Avalada, J\u00falio Pereira e Jo\u00e3o Dinis.<\/li>\n<li>A sele\u00e7\u00e3o de vinhos \u00e9 feita por Lu\u00eds Guti\u00e9rrez (Wine Advocate) e incluir\u00e1 apenas vinhos do arquip\u00e9lago da Madeira.<\/li>\n<li>No dia 3 de mar\u00e7o realiza\u2011se no Teatro Baltazar Dias um debate sobre forma\u00e7\u00e3o no sector, moderado por Paulo Salvador, antes da gala denominada Madeira, a Taste of the Stars.<\/li>\n<li>A cerim\u00f3nia ser\u00e1 transmitida em direto pelo canal Conta L\u00e1, al\u00e9m das transmiss\u00f5es no Facebook e YouTube do Guia Michelin; a m\u00fasica ficar\u00e1 a cargo dos Napa.<\/li>\n<\/ul>\n","protected":false},"author":2,"featured_media":184041,"comment_status":"closed","ping_status":"closed","sticky":false,"template":"","format":"standard","meta":{"footnotes":""},"categories":[1],"tags":[219,859,1931,169,4569,779],"class_list":["post-184029","post","type-post","status-publish","format-standard","has-post-thumbnail","hentry","category-noticias","tag-gastronomia","tag-madeira","tag-restaurantes","tag-turismo","tag-vinho-de-madeira","tag-vinhos"],"yoast_head":"<!-- This site is optimized with the Yoast SEO plugin v27.2 - https:\/\/yoast.com\/product\/yoast-seo-wordpress\/ -->\n<title>Madeira prev\u00ea aflu\u00eancia quase massiva de chefs do guia Michelin - Portal Tela Portugal<\/title>\n<meta name=\"robots\" content=\"index, follow, max-snippet:-1, max-image-preview:large, max-video-preview:-1\" \/>\n<meta property=\"og:locale\" content=\"pt_PT\" \/>\n<meta property=\"og:type\" content=\"article\" \/>\n<meta property=\"og:title\" content=\"Madeira prev\u00ea aflu\u00eancia quase massiva de chefs do guia Michelin - Portal Tela Portugal\" \/>\n<meta property=\"og:description\" content=\"A Gala do Guia Michelin 2026 realiza\u2011se a 10 de mar\u00e7o, no Savoy Palace, na Madeira, com mais de 500 convidados; Daniela Ruah apresenta e a banda Napa atua. Cinco chefs madeirenses coordenam o menu: Beno\u00eet Sinthon (Il Gallo d\u2019Oro, coordenador) e Oct\u00e1vio Freitas, Francisco Avalada, J\u00falio Pereira e Jo\u00e3o Dinis. A sele\u00e7\u00e3o de vinhos \u00e9 feita por Lu\u00eds Guti\u00e9rrez (Wine Advocate) e incluir\u00e1 apenas vinhos do arquip\u00e9lago da Madeira. No dia 3 de mar\u00e7o realiza\u2011se no Teatro Baltazar Dias um debate sobre forma\u00e7\u00e3o no sector, moderado por Paulo Salvador, antes da gala denominada Madeira, a Taste of the Stars. A cerim\u00f3nia ser\u00e1 transmitida em direto pelo canal Conta L\u00e1, al\u00e9m das transmiss\u00f5es no Facebook e YouTube do Guia Michelin; a m\u00fasica ficar\u00e1 a cargo dos Napa.\" \/>\n<meta property=\"og:url\" content=\"https:\/\/portaltela.pt\/noticias\/2026\/01\/30\/madeira-preve-afluencia-quase-massiva-de-chefs-do-guia-michelin\/\" \/>\n<meta property=\"og:site_name\" content=\"Portal Tela Portugal\" \/>\n<meta property=\"article:published_time\" content=\"2026-01-30T12:51:00+00:00\" \/>\n<meta name=\"author\" content=\"Telinha\" \/>\n<meta name=\"twitter:card\" content=\"summary_large_image\" \/>\n<meta name=\"twitter:label1\" content=\"Escrito por\" \/>\n\t<meta name=\"twitter:data1\" content=\"Telinha\" \/>\n\t<meta name=\"twitter:label2\" content=\"Tempo estimado de leitura\" \/>\n\t<meta name=\"twitter:data2\" content=\"1 minuto\" \/>\n<script type=\"application\/ld+json\" class=\"yoast-schema-graph\">{\"@context\":\"https:\/\/schema.org\",\"@graph\":[{\"@type\":\"Article\",\"@id\":\"https:\/\/portaltela.pt\/noticias\/2026\/01\/30\/madeira-preve-afluencia-quase-massiva-de-chefs-do-guia-michelin\/#article\",\"isPartOf\":{\"@id\":\"https:\/\/portaltela.pt\/noticias\/2026\/01\/30\/madeira-preve-afluencia-quase-massiva-de-chefs-do-guia-michelin\/\"},\"author\":{\"name\":\"Telinha\",\"@id\":\"https:\/\/portaltela.pt\/#\/schema\/person\/c4278d4a6028830caff9ee44b42d32ed\"},\"headline\":\"Madeira prev\u00ea aflu\u00eancia quase massiva de chefs do guia Michelin\",\"datePublished\":\"2026-01-30T12:51:00+00:00\",\"mainEntityOfPage\":{\"@id\":\"https:\/\/portaltela.pt\/noticias\/2026\/01\/30\/madeira-preve-afluencia-quase-massiva-de-chefs-do-guia-michelin\/\"},\"wordCount\":305,\"image\":{\"@id\":\"https:\/\/portaltela.pt\/noticias\/2026\/01\/30\/madeira-preve-afluencia-quase-massiva-de-chefs-do-guia-michelin\/#primaryimage\"},\"thumbnailUrl\":\"https:\/\/portaltela.pt\/s.01k8rhncp4jt1\/2026\/01\/2063001.jpg\",\"keywords\":[\"gastronomia\",\"Madeira\",\"restaurantes\",\"turismo\",\"VINHO DE MADEIRA\",\"vinhos\"],\"articleSection\":[\"Not\u00edcias\"],\"inLanguage\":\"pt-PT\"},{\"@type\":\"WebPage\",\"@id\":\"https:\/\/portaltela.pt\/noticias\/2026\/01\/30\/madeira-preve-afluencia-quase-massiva-de-chefs-do-guia-michelin\/\",\"url\":\"https:\/\/portaltela.pt\/noticias\/2026\/01\/30\/madeira-preve-afluencia-quase-massiva-de-chefs-do-guia-michelin\/\",\"name\":\"Madeira prev\u00ea aflu\u00eancia quase massiva de chefs do guia Michelin - Portal Tela Portugal\",\"isPartOf\":{\"@id\":\"https:\/\/portaltela.pt\/#website\"},\"primaryImageOfPage\":{\"@id\":\"https:\/\/portaltela.pt\/noticias\/2026\/01\/30\/madeira-preve-afluencia-quase-massiva-de-chefs-do-guia-michelin\/#primaryimage\"},\"image\":{\"@id\":\"https:\/\/portaltela.pt\/noticias\/2026\/01\/30\/madeira-preve-afluencia-quase-massiva-de-chefs-do-guia-michelin\/#primaryimage\"},\"thumbnailUrl\":\"https:\/\/portaltela.pt\/s.01k8rhncp4jt1\/2026\/01\/2063001.jpg\",\"datePublished\":\"2026-01-30T12:51:00+00:00\",\"author\":{\"@id\":\"https:\/\/portaltela.pt\/#\/schema\/person\/c4278d4a6028830caff9ee44b42d32ed\"},\"breadcrumb\":{\"@id\":\"https:\/\/portaltela.pt\/noticias\/2026\/01\/30\/madeira-preve-afluencia-quase-massiva-de-chefs-do-guia-michelin\/#breadcrumb\"},\"inLanguage\":\"pt-PT\",\"potentialAction\":[{\"@type\":\"ReadAction\",\"target\":[\"https:\/\/portaltela.pt\/noticias\/2026\/01\/30\/madeira-preve-afluencia-quase-massiva-de-chefs-do-guia-michelin\/\"]}]},{\"@type\":\"ImageObject\",\"inLanguage\":\"pt-PT\",\"@id\":\"https:\/\/portaltela.pt\/noticias\/2026\/01\/30\/madeira-preve-afluencia-quase-massiva-de-chefs-do-guia-michelin\/#primaryimage\",\"url\":\"https:\/\/portaltela.pt\/s.01k8rhncp4jt1\/2026\/01\/2063001.jpg\",\"contentUrl\":\"https:\/\/portaltela.pt\/s.01k8rhncp4jt1\/2026\/01\/2063001.jpg\",\"width\":796,\"height\":448,\"caption\":\"\u201cQueremos destacar este s\u00edtio fabuloso que \u00e9 o mercado, o cora\u00e7\u00e3o da cidade\u201d, disse o chef Beno\u00eet Sinthon\"},{\"@type\":\"BreadcrumbList\",\"@id\":\"https:\/\/portaltela.pt\/noticias\/2026\/01\/30\/madeira-preve-afluencia-quase-massiva-de-chefs-do-guia-michelin\/#breadcrumb\",\"itemListElement\":[{\"@type\":\"ListItem\",\"position\":1,\"name\":\"In\u00edcio\",\"item\":\"https:\/\/portaltela.pt\/\"},{\"@type\":\"ListItem\",\"position\":2,\"name\":\"Madeira prev\u00ea aflu\u00eancia quase massiva de chefs do guia Michelin\"}]},{\"@type\":\"WebSite\",\"@id\":\"https:\/\/portaltela.pt\/#website\",\"url\":\"https:\/\/portaltela.pt\/\",\"name\":\"Portal Tela Portugal\",\"description\":\"\",\"potentialAction\":[{\"@type\":\"SearchAction\",\"target\":{\"@type\":\"EntryPoint\",\"urlTemplate\":\"https:\/\/portaltela.pt\/?s={search_term_string}\"},\"query-input\":{\"@type\":\"PropertyValueSpecification\",\"valueRequired\":true,\"valueName\":\"search_term_string\"}}],\"inLanguage\":\"pt-PT\"},{\"@type\":\"Person\",\"@id\":\"https:\/\/portaltela.pt\/#\/schema\/person\/c4278d4a6028830caff9ee44b42d32ed\",\"name\":\"Telinha\",\"image\":{\"@type\":\"ImageObject\",\"inLanguage\":\"pt-PT\",\"@id\":\"https:\/\/portaltela.pt\/s.01k8rhncp4jt1\/2025\/11\/talking-bot-125x125.png\",\"url\":\"https:\/\/portaltela.pt\/s.01k8rhncp4jt1\/2025\/11\/talking-bot-125x125.png\",\"contentUrl\":\"https:\/\/portaltela.pt\/s.01k8rhncp4jt1\/2025\/11\/talking-bot-125x125.png\",\"caption\":\"Telinha\"},\"sameAs\":[\"https:\/\/portaltela.pt\/\"],\"url\":\"https:\/\/portaltela.pt\/por\/367410592786\/\"}]}<\/script>\n<!-- \/ Yoast SEO plugin. -->","yoast_head_json":{"title":"Madeira prev\u00ea aflu\u00eancia quase massiva de chefs do guia Michelin - Portal Tela Portugal","robots":{"index":"index","follow":"follow","max-snippet":"max-snippet:-1","max-image-preview":"max-image-preview:large","max-video-preview":"max-video-preview:-1"},"og_locale":"pt_PT","og_type":"article","og_title":"Madeira prev\u00ea aflu\u00eancia quase massiva de chefs do guia Michelin - Portal Tela Portugal","og_description":"A Gala do Guia Michelin 2026 realiza\u2011se a 10 de mar\u00e7o, no Savoy Palace, na Madeira, com mais de 500 convidados; Daniela Ruah apresenta e a banda Napa atua. Cinco chefs madeirenses coordenam o menu: Beno\u00eet Sinthon (Il Gallo d\u2019Oro, coordenador) e Oct\u00e1vio Freitas, Francisco Avalada, J\u00falio Pereira e Jo\u00e3o Dinis. A sele\u00e7\u00e3o de vinhos \u00e9 feita por Lu\u00eds Guti\u00e9rrez (Wine Advocate) e incluir\u00e1 apenas vinhos do arquip\u00e9lago da Madeira. No dia 3 de mar\u00e7o realiza\u2011se no Teatro Baltazar Dias um debate sobre forma\u00e7\u00e3o no sector, moderado por Paulo Salvador, antes da gala denominada Madeira, a Taste of the Stars. A cerim\u00f3nia ser\u00e1 transmitida em direto pelo canal Conta L\u00e1, al\u00e9m das transmiss\u00f5es no Facebook e YouTube do Guia Michelin; a m\u00fasica ficar\u00e1 a cargo dos Napa.","og_url":"https:\/\/portaltela.pt\/noticias\/2026\/01\/30\/madeira-preve-afluencia-quase-massiva-de-chefs-do-guia-michelin\/","og_site_name":"Portal Tela Portugal","article_published_time":"2026-01-30T12:51:00+00:00","author":"Telinha","twitter_card":"summary_large_image","twitter_misc":{"Escrito por":"Telinha","Tempo estimado de leitura":"1 minuto"},"schema":{"@context":"https:\/\/schema.org","@graph":[{"@type":"Article","@id":"https:\/\/portaltela.pt\/noticias\/2026\/01\/30\/madeira-preve-afluencia-quase-massiva-de-chefs-do-guia-michelin\/#article","isPartOf":{"@id":"https:\/\/portaltela.pt\/noticias\/2026\/01\/30\/madeira-preve-afluencia-quase-massiva-de-chefs-do-guia-michelin\/"},"author":{"name":"Telinha","@id":"https:\/\/portaltela.pt\/#\/schema\/person\/c4278d4a6028830caff9ee44b42d32ed"},"headline":"Madeira prev\u00ea aflu\u00eancia quase massiva de chefs do guia Michelin","datePublished":"2026-01-30T12:51:00+00:00","mainEntityOfPage":{"@id":"https:\/\/portaltela.pt\/noticias\/2026\/01\/30\/madeira-preve-afluencia-quase-massiva-de-chefs-do-guia-michelin\/"},"wordCount":305,"image":{"@id":"https:\/\/portaltela.pt\/noticias\/2026\/01\/30\/madeira-preve-afluencia-quase-massiva-de-chefs-do-guia-michelin\/#primaryimage"},"thumbnailUrl":"https:\/\/portaltela.pt\/s.01k8rhncp4jt1\/2026\/01\/2063001.jpg","keywords":["gastronomia","Madeira","restaurantes","turismo","VINHO DE MADEIRA","vinhos"],"articleSection":["Not\u00edcias"],"inLanguage":"pt-PT"},{"@type":"WebPage","@id":"https:\/\/portaltela.pt\/noticias\/2026\/01\/30\/madeira-preve-afluencia-quase-massiva-de-chefs-do-guia-michelin\/","url":"https:\/\/portaltela.pt\/noticias\/2026\/01\/30\/madeira-preve-afluencia-quase-massiva-de-chefs-do-guia-michelin\/","name":"Madeira prev\u00ea aflu\u00eancia quase massiva de chefs do guia Michelin - Portal Tela Portugal","isPartOf":{"@id":"https:\/\/portaltela.pt\/#website"},"primaryImageOfPage":{"@id":"https:\/\/portaltela.pt\/noticias\/2026\/01\/30\/madeira-preve-afluencia-quase-massiva-de-chefs-do-guia-michelin\/#primaryimage"},"image":{"@id":"https:\/\/portaltela.pt\/noticias\/2026\/01\/30\/madeira-preve-afluencia-quase-massiva-de-chefs-do-guia-michelin\/#primaryimage"},"thumbnailUrl":"https:\/\/portaltela.pt\/s.01k8rhncp4jt1\/2026\/01\/2063001.jpg","datePublished":"2026-01-30T12:51:00+00:00","author":{"@id":"https:\/\/portaltela.pt\/#\/schema\/person\/c4278d4a6028830caff9ee44b42d32ed"},"breadcrumb":{"@id":"https:\/\/portaltela.pt\/noticias\/2026\/01\/30\/madeira-preve-afluencia-quase-massiva-de-chefs-do-guia-michelin\/#breadcrumb"},"inLanguage":"pt-PT","potentialAction":[{"@type":"ReadAction","target":["https:\/\/portaltela.pt\/noticias\/2026\/01\/30\/madeira-preve-afluencia-quase-massiva-de-chefs-do-guia-michelin\/"]}]},{"@type":"ImageObject","inLanguage":"pt-PT","@id":"https:\/\/portaltela.pt\/noticias\/2026\/01\/30\/madeira-preve-afluencia-quase-massiva-de-chefs-do-guia-michelin\/#primaryimage","url":"https:\/\/portaltela.pt\/s.01k8rhncp4jt1\/2026\/01\/2063001.jpg","contentUrl":"https:\/\/portaltela.pt\/s.01k8rhncp4jt1\/2026\/01\/2063001.jpg","width":796,"height":448,"caption":"\u201cQueremos destacar este s\u00edtio fabuloso que \u00e9 o mercado, o cora\u00e7\u00e3o da cidade\u201d, disse o chef Beno\u00eet Sinthon"},{"@type":"BreadcrumbList","@id":"https:\/\/portaltela.pt\/noticias\/2026\/01\/30\/madeira-preve-afluencia-quase-massiva-de-chefs-do-guia-michelin\/#breadcrumb","itemListElement":[{"@type":"ListItem","position":1,"name":"In\u00edcio","item":"https:\/\/portaltela.pt\/"},{"@type":"ListItem","position":2,"name":"Madeira prev\u00ea aflu\u00eancia quase massiva de chefs do guia Michelin"}]},{"@type":"WebSite","@id":"https:\/\/portaltela.pt\/#website","url":"https:\/\/portaltela.pt\/","name":"Portal Tela Portugal","description":"","potentialAction":[{"@type":"SearchAction","target":{"@type":"EntryPoint","urlTemplate":"https:\/\/portaltela.pt\/?s={search_term_string}"},"query-input":{"@type":"PropertyValueSpecification","valueRequired":true,"valueName":"search_term_string"}}],"inLanguage":"pt-PT"},{"@type":"Person","@id":"https:\/\/portaltela.pt\/#\/schema\/person\/c4278d4a6028830caff9ee44b42d32ed","name":"Telinha","image":{"@type":"ImageObject","inLanguage":"pt-PT","@id":"https:\/\/portaltela.pt\/s.01k8rhncp4jt1\/2025\/11\/talking-bot-125x125.png","url":"https:\/\/portaltela.pt\/s.01k8rhncp4jt1\/2025\/11\/talking-bot-125x125.png","contentUrl":"https:\/\/portaltela.pt\/s.01k8rhncp4jt1\/2025\/11\/talking-bot-125x125.png","caption":"Telinha"},"sameAs":["https:\/\/portaltela.pt\/"],"url":"https:\/\/portaltela.pt\/por\/367410592786\/"}]}},"_links":{"self":[{"href":"https:\/\/portaltela.pt\/api\/wp\/v2\/posts\/184029","targetHints":{"allow":["GET"]}}],"collection":[{"href":"https:\/\/portaltela.pt\/api\/wp\/v2\/posts"}],"about":[{"href":"https:\/\/portaltela.pt\/api\/wp\/v2\/types\/post"}],"author":[{"embeddable":true,"href":"https:\/\/portaltela.pt\/api\/wp\/v2\/users\/2"}],"replies":[{"embeddable":true,"href":"https:\/\/portaltela.pt\/api\/wp\/v2\/comments?post=184029"}],"version-history":[{"count":0,"href":"https:\/\/portaltela.pt\/api\/wp\/v2\/posts\/184029\/revisions"}],"wp:featuredmedia":[{"embeddable":true,"href":"https:\/\/portaltela.pt\/api\/wp\/v2\/media\/184041"}],"wp:attachment":[{"href":"https:\/\/portaltela.pt\/api\/wp\/v2\/media?parent=184029"}],"wp:term":[{"taxonomy":"category","embeddable":true,"href":"https:\/\/portaltela.pt\/api\/wp\/v2\/categories?post=184029"},{"taxonomy":"post_tag","embeddable":true,"href":"https:\/\/portaltela.pt\/api\/wp\/v2\/tags?post=184029"}],"curies":[{"name":"wp","href":"https:\/\/api.w.org\/{rel}","templated":true}]}}