{"id":184023,"date":"2026-01-30T10:00:00","date_gmt":"2026-01-30T13:00:00","guid":{"rendered":"https:\/\/portaltela.pt\/noticias\/2026\/01\/30\/mario-machado-transferido-para-a-cadeia-de-pacos-de-ferreira-2\/"},"modified":"2026-01-30T10:00:00","modified_gmt":"2026-01-30T13:00:00","slug":"mario-machado-transferido-para-a-cadeia-de-pacos-de-ferreira-2","status":"publish","type":"post","link":"https:\/\/portaltela.pt\/noticias\/2026\/01\/30\/mario-machado-transferido-para-a-cadeia-de-pacos-de-ferreira-2\/","title":{"rendered":"M\u00e1rio Machado transferido para a cadeia de Pa\u00e7os de Ferreira"},"content":{"rendered":"<p>O alegado l\u00edder do grupo neonazi 1143, M\u00e1rio Machado, foi transferido para a pris\u00e3o de alta seguran\u00e7a de Pa\u00e7os de Ferreira. A mudan\u00e7a ocorreu na quinta-feira, de Alcoentre, que tamb\u00e9m \u00e9 instala\u00e7\u00e3o de alta seguran\u00e7a, para Pa\u00e7os de Ferreira. Machado sofre uma pena de quatro anos.<\/p>\n<p>O advogado de M\u00e1rio Machado, Jos\u00e9 Manuel Castro, afirmou \u00e0 Lusa que o recluso fica agora fechado 22 horas por dia numa cela de oito metros quadrados. A defesa pretende recorrer da decis\u00e3o ao Tribunal de Execu\u00e7\u00e3o de Penas.<\/p>\n<p>A Dire\u00e7\u00e3o-Geral de Reinser\u00e7\u00e3o e Servi\u00e7os Prisionais (DGRSP) informou que n\u00e3o divulga motivos nem procedimentos relativos \u00e0 afeta\u00e7\u00e3o de reclusos. N\u00e3o foram fornecidos esclarecimentos adicionais sobre o caso.<\/p>\n<p>A transfer\u00eancia ocorre ap\u00f3s a Pol\u00edcia Judici\u00e1ria ter efetuado buscas na cela de Machado, em Alcoentre, no \u00e2mbito de uma opera\u00e7\u00e3o que desmantelou o grupo 1143 e levou \u00e0 deten\u00e7\u00e3o de 37 suspeitos, no dia 20 de janeiro.<\/p>\n<p>Patr\u00edcia Silveira, diretora da Unidade Nacional Contraterrorismo da PJ, indicou que foram apreendidos elementos relevantes para a investiga\u00e7\u00e3o durante as buscas. O despacho de indicia\u00e7\u00e3o descreve a\u00e7\u00f5es ligadas ao grupo desde fevereiro de 2024.<\/p>\n<p>Segundo o MP, em novembro passado Machado ter\u00e1 elaborado um plano para duas a\u00e7\u00f5es em 2026 com o objetivo de provocar rea\u00e7\u00f5es negativas ou violentas por parte da comunidade mu\u00e7ulmana em Portugal. A primeira a\u00e7\u00e3o previa divulgar um v\u00eddeo acusat\u00f3rio contra Maom\u00e9.<\/p>\n<p>A segunda consistiria na exibi\u00e7\u00e3o, numa manifesta\u00e7\u00e3o em Coimbra no Dia de Portugal, de uma bandeira com imagem do profeta com turbante e uma bomba. O despacho lista ainda a\u00e7\u00f5es de difus\u00e3o da ideologia de extrema-direita em redes sociais e na rua.<\/p>\n<p>Entre as atividades do 1143 desde fevereiro de 2024, o MP refere manifesta\u00e7\u00f5es e epis\u00f3dios de agress\u00f5es a cidad\u00e3os de origem indiana numa \u00e1rea de servi\u00e7o da Autoestrada A1, em Aveiras, a 5 de outubro de 2025.<\/p>\n","protected":false},"excerpt":{"rendered":"<ul>\n<li>M\u00e1rio Machado foi transferido da pris\u00e3o de Alcoentre para a cadeia de alta seguran\u00e7a de Pa\u00e7os de Ferreira, ocorrendo na quinta-feira.<\/li>\n<li>O advogado do alegado l\u00edder do grupo 1143 revela que vai recorrer da decis\u00e3o junto do Tribunal de Execu\u00e7\u00e3o de Penas; Machado cumpre uma pena de quatro anos por discrimina\u00e7\u00e3o e incitamento ao \u00f3dio e viol\u00eancia.<\/li>\n<li>O preso est\u00e1 encerrado 22 horas por dia numa cela de oito metros quadrados.<\/li>\n<li>A Dire\u00e7\u00e3o-Geral de Reinser\u00e7\u00e3o e Servi\u00e7os Prisionais n\u00e3o divulga motivos ou procedimentos relativos \u00e0 afeta\u00e7\u00e3o de reclusos.<\/li>\n<li>A transfer\u00eancia ocorre ap\u00f3s a Pol\u00edcia Judici\u00e1ria ter realizado buscas na cela de Alcoentre, no \u00e2mbito de uma opera\u00e7\u00e3o que desmantelou o Grupo 1143 e prendeu 37 suspeitos, com elementos relevantes para a investiga\u00e7\u00e3o. O Minist\u00e9rio P\u00fablico sustenta planos de a\u00e7\u00f5es para 2026 contra a comunidade mu\u00e7ulmana em Portugal, incluindo divulga\u00e7\u00e3o de v\u00eddeos e exibi\u00e7\u00e3o de bandeira com imagem do profeta.<\/li>\n<\/ul>\n","protected":false},"author":2,"featured_media":184040,"comment_status":"closed","ping_status":"closed","sticky":false,"template":"","format":"standard","meta":{"footnotes":""},"categories":[1],"tags":[4507,3446,217,1499,1802,4343],"class_list":["post-184023","post","type-post","status-publish","format-standard","has-post-thumbnail","hentry","category-noticias","tag-aveiras","tag-extremismo","tag-investigacao-criminal","tag-pacos-de-ferreira","tag-policia-judiciaria","tag-prisoes"],"yoast_head":"<!-- This site is optimized with the Yoast SEO plugin v27.2 - https:\/\/yoast.com\/product\/yoast-seo-wordpress\/ -->\n<title>M\u00e1rio Machado transferido para a cadeia de Pa\u00e7os de Ferreira - Portal Tela Portugal<\/title>\n<meta name=\"robots\" content=\"index, follow, max-snippet:-1, max-image-preview:large, max-video-preview:-1\" \/>\n<meta property=\"og:locale\" content=\"pt_PT\" \/>\n<meta property=\"og:type\" content=\"article\" \/>\n<meta property=\"og:title\" content=\"M\u00e1rio Machado transferido para a cadeia de Pa\u00e7os de Ferreira - Portal Tela Portugal\" \/>\n<meta property=\"og:description\" content=\"M\u00e1rio Machado foi transferido da pris\u00e3o de Alcoentre para a cadeia de alta seguran\u00e7a de Pa\u00e7os de Ferreira, ocorrendo na quinta-feira. O advogado do alegado l\u00edder do grupo 1143 revela que vai recorrer da decis\u00e3o junto do Tribunal de Execu\u00e7\u00e3o de Penas; Machado cumpre uma pena de quatro anos por discrimina\u00e7\u00e3o e incitamento ao \u00f3dio e viol\u00eancia. O preso est\u00e1 encerrado 22 horas por dia numa cela de oito metros quadrados. A Dire\u00e7\u00e3o-Geral de Reinser\u00e7\u00e3o e Servi\u00e7os Prisionais n\u00e3o divulga motivos ou procedimentos relativos \u00e0 afeta\u00e7\u00e3o de reclusos. A transfer\u00eancia ocorre ap\u00f3s a Pol\u00edcia Judici\u00e1ria ter realizado buscas na cela de Alcoentre, no \u00e2mbito de uma opera\u00e7\u00e3o que desmantelou o Grupo 1143 e prendeu 37 suspeitos, com elementos relevantes para a investiga\u00e7\u00e3o. O Minist\u00e9rio P\u00fablico sustenta planos de a\u00e7\u00f5es para 2026 contra a comunidade mu\u00e7ulmana em Portugal, incluindo divulga\u00e7\u00e3o de v\u00eddeos e exibi\u00e7\u00e3o de bandeira com imagem do profeta.\" \/>\n<meta property=\"og:url\" content=\"https:\/\/portaltela.pt\/noticias\/2026\/01\/30\/mario-machado-transferido-para-a-cadeia-de-pacos-de-ferreira-2\/\" \/>\n<meta property=\"og:site_name\" content=\"Portal Tela Portugal\" \/>\n<meta property=\"article:published_time\" content=\"2026-01-30T13:00:00+00:00\" \/>\n<meta name=\"author\" content=\"Telinha\" \/>\n<meta name=\"twitter:card\" content=\"summary_large_image\" \/>\n<meta name=\"twitter:label1\" content=\"Escrito por\" \/>\n\t<meta name=\"twitter:data1\" content=\"Telinha\" \/>\n\t<meta name=\"twitter:label2\" content=\"Tempo estimado de leitura\" \/>\n\t<meta name=\"twitter:data2\" content=\"2 minutos\" \/>\n<script type=\"application\/ld+json\" class=\"yoast-schema-graph\">{\"@context\":\"https:\/\/schema.org\",\"@graph\":[{\"@type\":\"Article\",\"@id\":\"https:\/\/portaltela.pt\/noticias\/2026\/01\/30\/mario-machado-transferido-para-a-cadeia-de-pacos-de-ferreira-2\/#article\",\"isPartOf\":{\"@id\":\"https:\/\/portaltela.pt\/noticias\/2026\/01\/30\/mario-machado-transferido-para-a-cadeia-de-pacos-de-ferreira-2\/\"},\"author\":{\"name\":\"Telinha\",\"@id\":\"https:\/\/portaltela.pt\/#\/schema\/person\/c4278d4a6028830caff9ee44b42d32ed\"},\"headline\":\"M\u00e1rio Machado transferido para a cadeia de Pa\u00e7os de Ferreira\",\"datePublished\":\"2026-01-30T13:00:00+00:00\",\"mainEntityOfPage\":{\"@id\":\"https:\/\/portaltela.pt\/noticias\/2026\/01\/30\/mario-machado-transferido-para-a-cadeia-de-pacos-de-ferreira-2\/\"},\"wordCount\":347,\"image\":{\"@id\":\"https:\/\/portaltela.pt\/noticias\/2026\/01\/30\/mario-machado-transferido-para-a-cadeia-de-pacos-de-ferreira-2\/#primaryimage\"},\"thumbnailUrl\":\"https:\/\/portaltela.pt\/s.01k8rhncp4jt1\/2026\/01\/image-2117.jpg\",\"keywords\":[\"Aveiras\",\"extremismo\",\"investiga\u00e7\u00e3o criminal\",\"Pa\u00e7os de Ferreira\",\"Pol\u00edcia Judici\u00e1ria\",\"pris\u00f5es\"],\"articleSection\":[\"Not\u00edcias\"],\"inLanguage\":\"pt-PT\"},{\"@type\":\"WebPage\",\"@id\":\"https:\/\/portaltela.pt\/noticias\/2026\/01\/30\/mario-machado-transferido-para-a-cadeia-de-pacos-de-ferreira-2\/\",\"url\":\"https:\/\/portaltela.pt\/noticias\/2026\/01\/30\/mario-machado-transferido-para-a-cadeia-de-pacos-de-ferreira-2\/\",\"name\":\"M\u00e1rio Machado transferido para a cadeia de Pa\u00e7os de Ferreira - Portal Tela Portugal\",\"isPartOf\":{\"@id\":\"https:\/\/portaltela.pt\/#website\"},\"primaryImageOfPage\":{\"@id\":\"https:\/\/portaltela.pt\/noticias\/2026\/01\/30\/mario-machado-transferido-para-a-cadeia-de-pacos-de-ferreira-2\/#primaryimage\"},\"image\":{\"@id\":\"https:\/\/portaltela.pt\/noticias\/2026\/01\/30\/mario-machado-transferido-para-a-cadeia-de-pacos-de-ferreira-2\/#primaryimage\"},\"thumbnailUrl\":\"https:\/\/portaltela.pt\/s.01k8rhncp4jt1\/2026\/01\/image-2117.jpg\",\"datePublished\":\"2026-01-30T13:00:00+00:00\",\"author\":{\"@id\":\"https:\/\/portaltela.pt\/#\/schema\/person\/c4278d4a6028830caff9ee44b42d32ed\"},\"breadcrumb\":{\"@id\":\"https:\/\/portaltela.pt\/noticias\/2026\/01\/30\/mario-machado-transferido-para-a-cadeia-de-pacos-de-ferreira-2\/#breadcrumb\"},\"inLanguage\":\"pt-PT\",\"potentialAction\":[{\"@type\":\"ReadAction\",\"target\":[\"https:\/\/portaltela.pt\/noticias\/2026\/01\/30\/mario-machado-transferido-para-a-cadeia-de-pacos-de-ferreira-2\/\"]}]},{\"@type\":\"ImageObject\",\"inLanguage\":\"pt-PT\",\"@id\":\"https:\/\/portaltela.pt\/noticias\/2026\/01\/30\/mario-machado-transferido-para-a-cadeia-de-pacos-de-ferreira-2\/#primaryimage\",\"url\":\"https:\/\/portaltela.pt\/s.01k8rhncp4jt1\/2026\/01\/image-2117.jpg\",\"contentUrl\":\"https:\/\/portaltela.pt\/s.01k8rhncp4jt1\/2026\/01\/image-2117.jpg\",\"width\":796,\"height\":448,\"caption\":\"Foto: Andr\u00e9 Rolo\"},{\"@type\":\"BreadcrumbList\",\"@id\":\"https:\/\/portaltela.pt\/noticias\/2026\/01\/30\/mario-machado-transferido-para-a-cadeia-de-pacos-de-ferreira-2\/#breadcrumb\",\"itemListElement\":[{\"@type\":\"ListItem\",\"position\":1,\"name\":\"In\u00edcio\",\"item\":\"https:\/\/portaltela.pt\/\"},{\"@type\":\"ListItem\",\"position\":2,\"name\":\"M\u00e1rio Machado transferido para a cadeia de Pa\u00e7os de Ferreira\"}]},{\"@type\":\"WebSite\",\"@id\":\"https:\/\/portaltela.pt\/#website\",\"url\":\"https:\/\/portaltela.pt\/\",\"name\":\"Portal Tela Portugal\",\"description\":\"\",\"potentialAction\":[{\"@type\":\"SearchAction\",\"target\":{\"@type\":\"EntryPoint\",\"urlTemplate\":\"https:\/\/portaltela.pt\/?s={search_term_string}\"},\"query-input\":{\"@type\":\"PropertyValueSpecification\",\"valueRequired\":true,\"valueName\":\"search_term_string\"}}],\"inLanguage\":\"pt-PT\"},{\"@type\":\"Person\",\"@id\":\"https:\/\/portaltela.pt\/#\/schema\/person\/c4278d4a6028830caff9ee44b42d32ed\",\"name\":\"Telinha\",\"image\":{\"@type\":\"ImageObject\",\"inLanguage\":\"pt-PT\",\"@id\":\"https:\/\/portaltela.pt\/s.01k8rhncp4jt1\/2025\/11\/talking-bot-125x125.png\",\"url\":\"https:\/\/portaltela.pt\/s.01k8rhncp4jt1\/2025\/11\/talking-bot-125x125.png\",\"contentUrl\":\"https:\/\/portaltela.pt\/s.01k8rhncp4jt1\/2025\/11\/talking-bot-125x125.png\",\"caption\":\"Telinha\"},\"sameAs\":[\"https:\/\/portaltela.pt\/\"],\"url\":\"https:\/\/portaltela.pt\/por\/367410592786\/\"}]}<\/script>\n<!-- \/ Yoast SEO plugin. -->","yoast_head_json":{"title":"M\u00e1rio Machado transferido para a cadeia de Pa\u00e7os de Ferreira - Portal Tela Portugal","robots":{"index":"index","follow":"follow","max-snippet":"max-snippet:-1","max-image-preview":"max-image-preview:large","max-video-preview":"max-video-preview:-1"},"og_locale":"pt_PT","og_type":"article","og_title":"M\u00e1rio Machado transferido para a cadeia de Pa\u00e7os de Ferreira - Portal Tela Portugal","og_description":"M\u00e1rio Machado foi transferido da pris\u00e3o de Alcoentre para a cadeia de alta seguran\u00e7a de Pa\u00e7os de Ferreira, ocorrendo na quinta-feira. O advogado do alegado l\u00edder do grupo 1143 revela que vai recorrer da decis\u00e3o junto do Tribunal de Execu\u00e7\u00e3o de Penas; Machado cumpre uma pena de quatro anos por discrimina\u00e7\u00e3o e incitamento ao \u00f3dio e viol\u00eancia. O preso est\u00e1 encerrado 22 horas por dia numa cela de oito metros quadrados. A Dire\u00e7\u00e3o-Geral de Reinser\u00e7\u00e3o e Servi\u00e7os Prisionais n\u00e3o divulga motivos ou procedimentos relativos \u00e0 afeta\u00e7\u00e3o de reclusos. A transfer\u00eancia ocorre ap\u00f3s a Pol\u00edcia Judici\u00e1ria ter realizado buscas na cela de Alcoentre, no \u00e2mbito de uma opera\u00e7\u00e3o que desmantelou o Grupo 1143 e prendeu 37 suspeitos, com elementos relevantes para a investiga\u00e7\u00e3o. O Minist\u00e9rio P\u00fablico sustenta planos de a\u00e7\u00f5es para 2026 contra a comunidade mu\u00e7ulmana em Portugal, incluindo divulga\u00e7\u00e3o de v\u00eddeos e exibi\u00e7\u00e3o de bandeira com imagem do profeta.","og_url":"https:\/\/portaltela.pt\/noticias\/2026\/01\/30\/mario-machado-transferido-para-a-cadeia-de-pacos-de-ferreira-2\/","og_site_name":"Portal Tela Portugal","article_published_time":"2026-01-30T13:00:00+00:00","author":"Telinha","twitter_card":"summary_large_image","twitter_misc":{"Escrito por":"Telinha","Tempo estimado de leitura":"2 minutos"},"schema":{"@context":"https:\/\/schema.org","@graph":[{"@type":"Article","@id":"https:\/\/portaltela.pt\/noticias\/2026\/01\/30\/mario-machado-transferido-para-a-cadeia-de-pacos-de-ferreira-2\/#article","isPartOf":{"@id":"https:\/\/portaltela.pt\/noticias\/2026\/01\/30\/mario-machado-transferido-para-a-cadeia-de-pacos-de-ferreira-2\/"},"author":{"name":"Telinha","@id":"https:\/\/portaltela.pt\/#\/schema\/person\/c4278d4a6028830caff9ee44b42d32ed"},"headline":"M\u00e1rio Machado transferido para a cadeia de Pa\u00e7os de Ferreira","datePublished":"2026-01-30T13:00:00+00:00","mainEntityOfPage":{"@id":"https:\/\/portaltela.pt\/noticias\/2026\/01\/30\/mario-machado-transferido-para-a-cadeia-de-pacos-de-ferreira-2\/"},"wordCount":347,"image":{"@id":"https:\/\/portaltela.pt\/noticias\/2026\/01\/30\/mario-machado-transferido-para-a-cadeia-de-pacos-de-ferreira-2\/#primaryimage"},"thumbnailUrl":"https:\/\/portaltela.pt\/s.01k8rhncp4jt1\/2026\/01\/image-2117.jpg","keywords":["Aveiras","extremismo","investiga\u00e7\u00e3o criminal","Pa\u00e7os de Ferreira","Pol\u00edcia Judici\u00e1ria","pris\u00f5es"],"articleSection":["Not\u00edcias"],"inLanguage":"pt-PT"},{"@type":"WebPage","@id":"https:\/\/portaltela.pt\/noticias\/2026\/01\/30\/mario-machado-transferido-para-a-cadeia-de-pacos-de-ferreira-2\/","url":"https:\/\/portaltela.pt\/noticias\/2026\/01\/30\/mario-machado-transferido-para-a-cadeia-de-pacos-de-ferreira-2\/","name":"M\u00e1rio Machado transferido para a cadeia de Pa\u00e7os de Ferreira - Portal Tela Portugal","isPartOf":{"@id":"https:\/\/portaltela.pt\/#website"},"primaryImageOfPage":{"@id":"https:\/\/portaltela.pt\/noticias\/2026\/01\/30\/mario-machado-transferido-para-a-cadeia-de-pacos-de-ferreira-2\/#primaryimage"},"image":{"@id":"https:\/\/portaltela.pt\/noticias\/2026\/01\/30\/mario-machado-transferido-para-a-cadeia-de-pacos-de-ferreira-2\/#primaryimage"},"thumbnailUrl":"https:\/\/portaltela.pt\/s.01k8rhncp4jt1\/2026\/01\/image-2117.jpg","datePublished":"2026-01-30T13:00:00+00:00","author":{"@id":"https:\/\/portaltela.pt\/#\/schema\/person\/c4278d4a6028830caff9ee44b42d32ed"},"breadcrumb":{"@id":"https:\/\/portaltela.pt\/noticias\/2026\/01\/30\/mario-machado-transferido-para-a-cadeia-de-pacos-de-ferreira-2\/#breadcrumb"},"inLanguage":"pt-PT","potentialAction":[{"@type":"ReadAction","target":["https:\/\/portaltela.pt\/noticias\/2026\/01\/30\/mario-machado-transferido-para-a-cadeia-de-pacos-de-ferreira-2\/"]}]},{"@type":"ImageObject","inLanguage":"pt-PT","@id":"https:\/\/portaltela.pt\/noticias\/2026\/01\/30\/mario-machado-transferido-para-a-cadeia-de-pacos-de-ferreira-2\/#primaryimage","url":"https:\/\/portaltela.pt\/s.01k8rhncp4jt1\/2026\/01\/image-2117.jpg","contentUrl":"https:\/\/portaltela.pt\/s.01k8rhncp4jt1\/2026\/01\/image-2117.jpg","width":796,"height":448,"caption":"Foto: Andr\u00e9 Rolo"},{"@type":"BreadcrumbList","@id":"https:\/\/portaltela.pt\/noticias\/2026\/01\/30\/mario-machado-transferido-para-a-cadeia-de-pacos-de-ferreira-2\/#breadcrumb","itemListElement":[{"@type":"ListItem","position":1,"name":"In\u00edcio","item":"https:\/\/portaltela.pt\/"},{"@type":"ListItem","position":2,"name":"M\u00e1rio Machado transferido para a cadeia de Pa\u00e7os de Ferreira"}]},{"@type":"WebSite","@id":"https:\/\/portaltela.pt\/#website","url":"https:\/\/portaltela.pt\/","name":"Portal Tela Portugal","description":"","potentialAction":[{"@type":"SearchAction","target":{"@type":"EntryPoint","urlTemplate":"https:\/\/portaltela.pt\/?s={search_term_string}"},"query-input":{"@type":"PropertyValueSpecification","valueRequired":true,"valueName":"search_term_string"}}],"inLanguage":"pt-PT"},{"@type":"Person","@id":"https:\/\/portaltela.pt\/#\/schema\/person\/c4278d4a6028830caff9ee44b42d32ed","name":"Telinha","image":{"@type":"ImageObject","inLanguage":"pt-PT","@id":"https:\/\/portaltela.pt\/s.01k8rhncp4jt1\/2025\/11\/talking-bot-125x125.png","url":"https:\/\/portaltela.pt\/s.01k8rhncp4jt1\/2025\/11\/talking-bot-125x125.png","contentUrl":"https:\/\/portaltela.pt\/s.01k8rhncp4jt1\/2025\/11\/talking-bot-125x125.png","caption":"Telinha"},"sameAs":["https:\/\/portaltela.pt\/"],"url":"https:\/\/portaltela.pt\/por\/367410592786\/"}]}},"_links":{"self":[{"href":"https:\/\/portaltela.pt\/api\/wp\/v2\/posts\/184023","targetHints":{"allow":["GET"]}}],"collection":[{"href":"https:\/\/portaltela.pt\/api\/wp\/v2\/posts"}],"about":[{"href":"https:\/\/portaltela.pt\/api\/wp\/v2\/types\/post"}],"author":[{"embeddable":true,"href":"https:\/\/portaltela.pt\/api\/wp\/v2\/users\/2"}],"replies":[{"embeddable":true,"href":"https:\/\/portaltela.pt\/api\/wp\/v2\/comments?post=184023"}],"version-history":[{"count":0,"href":"https:\/\/portaltela.pt\/api\/wp\/v2\/posts\/184023\/revisions"}],"wp:featuredmedia":[{"embeddable":true,"href":"https:\/\/portaltela.pt\/api\/wp\/v2\/media\/184040"}],"wp:attachment":[{"href":"https:\/\/portaltela.pt\/api\/wp\/v2\/media?parent=184023"}],"wp:term":[{"taxonomy":"category","embeddable":true,"href":"https:\/\/portaltela.pt\/api\/wp\/v2\/categories?post=184023"},{"taxonomy":"post_tag","embeddable":true,"href":"https:\/\/portaltela.pt\/api\/wp\/v2\/tags?post=184023"}],"curies":[{"name":"wp","href":"https:\/\/api.w.org\/{rel}","templated":true}]}}