{"id":183974,"date":"2026-01-30T09:36:31","date_gmt":"2026-01-30T12:36:31","guid":{"rendered":"https:\/\/portaltela.pt\/noticias\/2026\/01\/30\/surto-de-colera-faz-12-mortos-em-24-horas\/"},"modified":"2026-01-30T09:36:31","modified_gmt":"2026-01-30T12:36:31","slug":"surto-de-colera-faz-12-mortos-em-24-horas","status":"publish","type":"post","link":"https:\/\/portaltela.pt\/noticias\/2026\/01\/30\/surto-de-colera-faz-12-mortos-em-24-horas\/","title":{"rendered":"Surto de c\u00f3lera faz 12 mortos em 24 horas"},"content":{"rendered":"<p>Mo\u00e7ambique contabiliza 135 novos casos de c\u00f3lera e 12 mortes em 24 horas, elevando o total desde setembro para 48 \u00f3bitos. O boletim di\u00e1rio da Dire\u00e7\u00e3o Nacional de Sa\u00fade P\u00fablica abrange dados de 3 de setembro a 28 de janeiro, com 3.449 casos reportados no per\u00edodo.<\/p>\n<p>Entre os casos, a regi\u00e3o de Nampula soma 1.576 infec\u00e7\u00f5es com 19 mortes; Tete regista 1.334 casos e 27 \u00f3bitos; Cabo Delgado soma 484 casos e dois \u00f3bitos. O balan\u00e7o anterior, at\u00e9 27 de janeiro, apontava 3.091 casos e 36 \u00f3bitos.<\/p>\n<p>Para al\u00e9m do n\u00famero de infec\u00e7\u00f5es, 87 pessoas permaneciam em ambulat\u00f3rio e 48 estavam internadas a 28 de janeiro. O epicentro atual situa-se em Tete, onde a taxa de letalidade superou 2% nos \u00faltimos dias.<\/p>\n<h3>Epicentro e dispers\u00e3o geogr\u00e1fica<\/h3>\n<p>A c\u00f3lera mant\u00e9m-se ativa em v\u00e1rios distritos de Tete: Marara, Tsangano, Moatize, Changara, Cahora Bassa e Tete, al\u00e9m de Morrumbala, na Zamb\u00e9zia. O surto continua a exigir vigil\u00e2ncia adicional e interven\u00e7\u00f5es r\u00e1pidas a n\u00edvel comunit\u00e1rio.<\/p>\n<h3>Resposta governamental e metas<\/h3>\n<p>O ministro da Sa\u00fade, Ussene Isse, apelou ao respeito pelas medidas de higiene como forma de mitiga\u00e7\u00e3o. O Governo recebeu cerca de 3,5 milh\u00f5es de doses de vacina para preven\u00e7\u00e3o e tratamento. O objetivo nacional \u00e9 eliminar a c\u00f3lera como problema de sa\u00fade p\u00fablica at\u00e9 2030, com acesso a \u00e1gua segura, saneamento e cuidados de qualidade.<\/p>\n","protected":false},"excerpt":{"rendered":"<ul>\n<li>Mo\u00e7ambique registou 135 novos casos de c\u00f3lera e 12 mortos em 24 horas, totalizando 48 \u00f3bitos desde o in\u00edcio do surto em setembro.<\/li>\n<li>Entre 3 de setembro e 28 de janeiro foram contabilizados 3.449 casos, com 1.576 em Nampula (19 mortos), 1.334 em Tete (27 mortos) e 484 em Cabo Delgado (2 mortos).<\/li>\n<li>O epicentro do surto \u00e9 agora a prov\u00edncia de Tete, com letalidade de 2%, registando 87 novos doentes em 24 horas; surtos nos distritos de Marara, Tsangano, Moatize, Changara, Cahora Bassa e Tete, e em Morrumbala, na Zamb\u00e9zia.<\/li>\n<li>No surto anterior, at\u00e9 27 de janeiro tinham sido registados 3.091 casos e 36 \u00f3bitos em todo o pa\u00eds.<\/li>\n<li>O Governo pretende eliminar a c\u00f3lera como problema de sa\u00fade p\u00fablica at\u00e9 2030, com 3,5 milh\u00f5es de doses de vacinas; cerca de 70% dos \u00f3bitos ocorridos at\u00e9 agora ocorreram na comunidade.<\/li>\n<\/ul>\n","protected":false},"author":2,"featured_media":183998,"comment_status":"closed","ping_status":"closed","sticky":false,"template":"","format":"standard","meta":{"footnotes":""},"categories":[1],"tags":[1503,1911,1948,3440,3949,4792],"class_list":["post-183974","post","type-post","status-publish","format-standard","has-post-thumbnail","hentry","category-noticias","tag-abastecimento-de-agua","tag-mocambique","tag-nampula","tag-tete","tag-vacinacoes","tag-zambezia"],"yoast_head":"<!-- This site is optimized with the Yoast SEO plugin v27.2 - https:\/\/yoast.com\/product\/yoast-seo-wordpress\/ -->\n<title>Surto de c\u00f3lera faz 12 mortos em 24 horas - Portal Tela Portugal<\/title>\n<meta name=\"robots\" content=\"index, follow, max-snippet:-1, max-image-preview:large, max-video-preview:-1\" \/>\n<meta property=\"og:locale\" content=\"pt_PT\" \/>\n<meta property=\"og:type\" content=\"article\" \/>\n<meta property=\"og:title\" content=\"Surto de c\u00f3lera faz 12 mortos em 24 horas - Portal Tela Portugal\" \/>\n<meta property=\"og:description\" content=\"Mo\u00e7ambique registou 135 novos casos de c\u00f3lera e 12 mortos em 24 horas, totalizando 48 \u00f3bitos desde o in\u00edcio do surto em setembro. Entre 3 de setembro e 28 de janeiro foram contabilizados 3.449 casos, com 1.576 em Nampula (19 mortos), 1.334 em Tete (27 mortos) e 484 em Cabo Delgado (2 mortos). O epicentro do surto \u00e9 agora a prov\u00edncia de Tete, com letalidade de 2%, registando 87 novos doentes em 24 horas; surtos nos distritos de Marara, Tsangano, Moatize, Changara, Cahora Bassa e Tete, e em Morrumbala, na Zamb\u00e9zia. No surto anterior, at\u00e9 27 de janeiro tinham sido registados 3.091 casos e 36 \u00f3bitos em todo o pa\u00eds. O Governo pretende eliminar a c\u00f3lera como problema de sa\u00fade p\u00fablica at\u00e9 2030, com 3,5 milh\u00f5es de doses de vacinas; cerca de 70% dos \u00f3bitos ocorridos at\u00e9 agora ocorreram na comunidade.\" \/>\n<meta property=\"og:url\" content=\"https:\/\/portaltela.pt\/noticias\/2026\/01\/30\/surto-de-colera-faz-12-mortos-em-24-horas\/\" \/>\n<meta property=\"og:site_name\" content=\"Portal Tela Portugal\" \/>\n<meta property=\"article:published_time\" content=\"2026-01-30T12:36:31+00:00\" \/>\n<meta name=\"author\" content=\"Telinha\" \/>\n<meta name=\"twitter:card\" content=\"summary_large_image\" \/>\n<meta name=\"twitter:label1\" content=\"Escrito por\" \/>\n\t<meta name=\"twitter:data1\" content=\"Telinha\" \/>\n\t<meta name=\"twitter:label2\" content=\"Tempo estimado de leitura\" \/>\n\t<meta name=\"twitter:data2\" content=\"1 minuto\" \/>\n<script type=\"application\/ld+json\" class=\"yoast-schema-graph\">{\"@context\":\"https:\/\/schema.org\",\"@graph\":[{\"@type\":\"Article\",\"@id\":\"https:\/\/portaltela.pt\/noticias\/2026\/01\/30\/surto-de-colera-faz-12-mortos-em-24-horas\/#article\",\"isPartOf\":{\"@id\":\"https:\/\/portaltela.pt\/noticias\/2026\/01\/30\/surto-de-colera-faz-12-mortos-em-24-horas\/\"},\"author\":{\"name\":\"Telinha\",\"@id\":\"https:\/\/portaltela.pt\/#\/schema\/person\/c4278d4a6028830caff9ee44b42d32ed\"},\"headline\":\"Surto de c\u00f3lera faz 12 mortos em 24 horas\",\"datePublished\":\"2026-01-30T12:36:31+00:00\",\"mainEntityOfPage\":{\"@id\":\"https:\/\/portaltela.pt\/noticias\/2026\/01\/30\/surto-de-colera-faz-12-mortos-em-24-horas\/\"},\"wordCount\":240,\"image\":{\"@id\":\"https:\/\/portaltela.pt\/noticias\/2026\/01\/30\/surto-de-colera-faz-12-mortos-em-24-horas\/#primaryimage\"},\"thumbnailUrl\":\"https:\/\/portaltela.pt\/s.01k8rhncp4jt1\/2026\/01\/unnamed-file-6089.jpg\",\"keywords\":[\"abastecimento de \u00e1gua\",\"Mo\u00e7ambique\",\"Nampula\",\"Tete\",\"vacina\u00e7\u00f5es\",\"Zamb\u00e9zia\"],\"articleSection\":[\"Not\u00edcias\"],\"inLanguage\":\"pt-PT\"},{\"@type\":\"WebPage\",\"@id\":\"https:\/\/portaltela.pt\/noticias\/2026\/01\/30\/surto-de-colera-faz-12-mortos-em-24-horas\/\",\"url\":\"https:\/\/portaltela.pt\/noticias\/2026\/01\/30\/surto-de-colera-faz-12-mortos-em-24-horas\/\",\"name\":\"Surto de c\u00f3lera faz 12 mortos em 24 horas - Portal Tela Portugal\",\"isPartOf\":{\"@id\":\"https:\/\/portaltela.pt\/#website\"},\"primaryImageOfPage\":{\"@id\":\"https:\/\/portaltela.pt\/noticias\/2026\/01\/30\/surto-de-colera-faz-12-mortos-em-24-horas\/#primaryimage\"},\"image\":{\"@id\":\"https:\/\/portaltela.pt\/noticias\/2026\/01\/30\/surto-de-colera-faz-12-mortos-em-24-horas\/#primaryimage\"},\"thumbnailUrl\":\"https:\/\/portaltela.pt\/s.01k8rhncp4jt1\/2026\/01\/unnamed-file-6089.jpg\",\"datePublished\":\"2026-01-30T12:36:31+00:00\",\"author\":{\"@id\":\"https:\/\/portaltela.pt\/#\/schema\/person\/c4278d4a6028830caff9ee44b42d32ed\"},\"breadcrumb\":{\"@id\":\"https:\/\/portaltela.pt\/noticias\/2026\/01\/30\/surto-de-colera-faz-12-mortos-em-24-horas\/#breadcrumb\"},\"inLanguage\":\"pt-PT\",\"potentialAction\":[{\"@type\":\"ReadAction\",\"target\":[\"https:\/\/portaltela.pt\/noticias\/2026\/01\/30\/surto-de-colera-faz-12-mortos-em-24-horas\/\"]}]},{\"@type\":\"ImageObject\",\"inLanguage\":\"pt-PT\",\"@id\":\"https:\/\/portaltela.pt\/noticias\/2026\/01\/30\/surto-de-colera-faz-12-mortos-em-24-horas\/#primaryimage\",\"url\":\"https:\/\/portaltela.pt\/s.01k8rhncp4jt1\/2026\/01\/unnamed-file-6089.jpg\",\"contentUrl\":\"https:\/\/portaltela.pt\/s.01k8rhncp4jt1\/2026\/01\/unnamed-file-6089.jpg\",\"width\":796,\"height\":448,\"caption\":\"Governo afirma que objetivo \u00e9 \\\"ter um Mo\u00e7ambique livre da c\u00f3lera como um problema de sa\u00fade p\u00fablica at\u00e9 2030\\\"\"},{\"@type\":\"BreadcrumbList\",\"@id\":\"https:\/\/portaltela.pt\/noticias\/2026\/01\/30\/surto-de-colera-faz-12-mortos-em-24-horas\/#breadcrumb\",\"itemListElement\":[{\"@type\":\"ListItem\",\"position\":1,\"name\":\"In\u00edcio\",\"item\":\"https:\/\/portaltela.pt\/\"},{\"@type\":\"ListItem\",\"position\":2,\"name\":\"Surto de c\u00f3lera faz 12 mortos em 24 horas\"}]},{\"@type\":\"WebSite\",\"@id\":\"https:\/\/portaltela.pt\/#website\",\"url\":\"https:\/\/portaltela.pt\/\",\"name\":\"Portal Tela Portugal\",\"description\":\"\",\"potentialAction\":[{\"@type\":\"SearchAction\",\"target\":{\"@type\":\"EntryPoint\",\"urlTemplate\":\"https:\/\/portaltela.pt\/?s={search_term_string}\"},\"query-input\":{\"@type\":\"PropertyValueSpecification\",\"valueRequired\":true,\"valueName\":\"search_term_string\"}}],\"inLanguage\":\"pt-PT\"},{\"@type\":\"Person\",\"@id\":\"https:\/\/portaltela.pt\/#\/schema\/person\/c4278d4a6028830caff9ee44b42d32ed\",\"name\":\"Telinha\",\"image\":{\"@type\":\"ImageObject\",\"inLanguage\":\"pt-PT\",\"@id\":\"https:\/\/portaltela.pt\/s.01k8rhncp4jt1\/2025\/11\/talking-bot-125x125.png\",\"url\":\"https:\/\/portaltela.pt\/s.01k8rhncp4jt1\/2025\/11\/talking-bot-125x125.png\",\"contentUrl\":\"https:\/\/portaltela.pt\/s.01k8rhncp4jt1\/2025\/11\/talking-bot-125x125.png\",\"caption\":\"Telinha\"},\"sameAs\":[\"https:\/\/portaltela.pt\/\"],\"url\":\"https:\/\/portaltela.pt\/por\/367410592786\/\"}]}<\/script>\n<!-- \/ Yoast SEO plugin. -->","yoast_head_json":{"title":"Surto de c\u00f3lera faz 12 mortos em 24 horas - Portal Tela Portugal","robots":{"index":"index","follow":"follow","max-snippet":"max-snippet:-1","max-image-preview":"max-image-preview:large","max-video-preview":"max-video-preview:-1"},"og_locale":"pt_PT","og_type":"article","og_title":"Surto de c\u00f3lera faz 12 mortos em 24 horas - Portal Tela Portugal","og_description":"Mo\u00e7ambique registou 135 novos casos de c\u00f3lera e 12 mortos em 24 horas, totalizando 48 \u00f3bitos desde o in\u00edcio do surto em setembro. Entre 3 de setembro e 28 de janeiro foram contabilizados 3.449 casos, com 1.576 em Nampula (19 mortos), 1.334 em Tete (27 mortos) e 484 em Cabo Delgado (2 mortos). O epicentro do surto \u00e9 agora a prov\u00edncia de Tete, com letalidade de 2%, registando 87 novos doentes em 24 horas; surtos nos distritos de Marara, Tsangano, Moatize, Changara, Cahora Bassa e Tete, e em Morrumbala, na Zamb\u00e9zia. No surto anterior, at\u00e9 27 de janeiro tinham sido registados 3.091 casos e 36 \u00f3bitos em todo o pa\u00eds. O Governo pretende eliminar a c\u00f3lera como problema de sa\u00fade p\u00fablica at\u00e9 2030, com 3,5 milh\u00f5es de doses de vacinas; cerca de 70% dos \u00f3bitos ocorridos at\u00e9 agora ocorreram na comunidade.","og_url":"https:\/\/portaltela.pt\/noticias\/2026\/01\/30\/surto-de-colera-faz-12-mortos-em-24-horas\/","og_site_name":"Portal Tela Portugal","article_published_time":"2026-01-30T12:36:31+00:00","author":"Telinha","twitter_card":"summary_large_image","twitter_misc":{"Escrito por":"Telinha","Tempo estimado de leitura":"1 minuto"},"schema":{"@context":"https:\/\/schema.org","@graph":[{"@type":"Article","@id":"https:\/\/portaltela.pt\/noticias\/2026\/01\/30\/surto-de-colera-faz-12-mortos-em-24-horas\/#article","isPartOf":{"@id":"https:\/\/portaltela.pt\/noticias\/2026\/01\/30\/surto-de-colera-faz-12-mortos-em-24-horas\/"},"author":{"name":"Telinha","@id":"https:\/\/portaltela.pt\/#\/schema\/person\/c4278d4a6028830caff9ee44b42d32ed"},"headline":"Surto de c\u00f3lera faz 12 mortos em 24 horas","datePublished":"2026-01-30T12:36:31+00:00","mainEntityOfPage":{"@id":"https:\/\/portaltela.pt\/noticias\/2026\/01\/30\/surto-de-colera-faz-12-mortos-em-24-horas\/"},"wordCount":240,"image":{"@id":"https:\/\/portaltela.pt\/noticias\/2026\/01\/30\/surto-de-colera-faz-12-mortos-em-24-horas\/#primaryimage"},"thumbnailUrl":"https:\/\/portaltela.pt\/s.01k8rhncp4jt1\/2026\/01\/unnamed-file-6089.jpg","keywords":["abastecimento de \u00e1gua","Mo\u00e7ambique","Nampula","Tete","vacina\u00e7\u00f5es","Zamb\u00e9zia"],"articleSection":["Not\u00edcias"],"inLanguage":"pt-PT"},{"@type":"WebPage","@id":"https:\/\/portaltela.pt\/noticias\/2026\/01\/30\/surto-de-colera-faz-12-mortos-em-24-horas\/","url":"https:\/\/portaltela.pt\/noticias\/2026\/01\/30\/surto-de-colera-faz-12-mortos-em-24-horas\/","name":"Surto de c\u00f3lera faz 12 mortos em 24 horas - Portal Tela Portugal","isPartOf":{"@id":"https:\/\/portaltela.pt\/#website"},"primaryImageOfPage":{"@id":"https:\/\/portaltela.pt\/noticias\/2026\/01\/30\/surto-de-colera-faz-12-mortos-em-24-horas\/#primaryimage"},"image":{"@id":"https:\/\/portaltela.pt\/noticias\/2026\/01\/30\/surto-de-colera-faz-12-mortos-em-24-horas\/#primaryimage"},"thumbnailUrl":"https:\/\/portaltela.pt\/s.01k8rhncp4jt1\/2026\/01\/unnamed-file-6089.jpg","datePublished":"2026-01-30T12:36:31+00:00","author":{"@id":"https:\/\/portaltela.pt\/#\/schema\/person\/c4278d4a6028830caff9ee44b42d32ed"},"breadcrumb":{"@id":"https:\/\/portaltela.pt\/noticias\/2026\/01\/30\/surto-de-colera-faz-12-mortos-em-24-horas\/#breadcrumb"},"inLanguage":"pt-PT","potentialAction":[{"@type":"ReadAction","target":["https:\/\/portaltela.pt\/noticias\/2026\/01\/30\/surto-de-colera-faz-12-mortos-em-24-horas\/"]}]},{"@type":"ImageObject","inLanguage":"pt-PT","@id":"https:\/\/portaltela.pt\/noticias\/2026\/01\/30\/surto-de-colera-faz-12-mortos-em-24-horas\/#primaryimage","url":"https:\/\/portaltela.pt\/s.01k8rhncp4jt1\/2026\/01\/unnamed-file-6089.jpg","contentUrl":"https:\/\/portaltela.pt\/s.01k8rhncp4jt1\/2026\/01\/unnamed-file-6089.jpg","width":796,"height":448,"caption":"Governo afirma que objetivo \u00e9 \"ter um Mo\u00e7ambique livre da c\u00f3lera como um problema de sa\u00fade p\u00fablica at\u00e9 2030\""},{"@type":"BreadcrumbList","@id":"https:\/\/portaltela.pt\/noticias\/2026\/01\/30\/surto-de-colera-faz-12-mortos-em-24-horas\/#breadcrumb","itemListElement":[{"@type":"ListItem","position":1,"name":"In\u00edcio","item":"https:\/\/portaltela.pt\/"},{"@type":"ListItem","position":2,"name":"Surto de c\u00f3lera faz 12 mortos em 24 horas"}]},{"@type":"WebSite","@id":"https:\/\/portaltela.pt\/#website","url":"https:\/\/portaltela.pt\/","name":"Portal Tela Portugal","description":"","potentialAction":[{"@type":"SearchAction","target":{"@type":"EntryPoint","urlTemplate":"https:\/\/portaltela.pt\/?s={search_term_string}"},"query-input":{"@type":"PropertyValueSpecification","valueRequired":true,"valueName":"search_term_string"}}],"inLanguage":"pt-PT"},{"@type":"Person","@id":"https:\/\/portaltela.pt\/#\/schema\/person\/c4278d4a6028830caff9ee44b42d32ed","name":"Telinha","image":{"@type":"ImageObject","inLanguage":"pt-PT","@id":"https:\/\/portaltela.pt\/s.01k8rhncp4jt1\/2025\/11\/talking-bot-125x125.png","url":"https:\/\/portaltela.pt\/s.01k8rhncp4jt1\/2025\/11\/talking-bot-125x125.png","contentUrl":"https:\/\/portaltela.pt\/s.01k8rhncp4jt1\/2025\/11\/talking-bot-125x125.png","caption":"Telinha"},"sameAs":["https:\/\/portaltela.pt\/"],"url":"https:\/\/portaltela.pt\/por\/367410592786\/"}]}},"_links":{"self":[{"href":"https:\/\/portaltela.pt\/api\/wp\/v2\/posts\/183974","targetHints":{"allow":["GET"]}}],"collection":[{"href":"https:\/\/portaltela.pt\/api\/wp\/v2\/posts"}],"about":[{"href":"https:\/\/portaltela.pt\/api\/wp\/v2\/types\/post"}],"author":[{"embeddable":true,"href":"https:\/\/portaltela.pt\/api\/wp\/v2\/users\/2"}],"replies":[{"embeddable":true,"href":"https:\/\/portaltela.pt\/api\/wp\/v2\/comments?post=183974"}],"version-history":[{"count":0,"href":"https:\/\/portaltela.pt\/api\/wp\/v2\/posts\/183974\/revisions"}],"wp:featuredmedia":[{"embeddable":true,"href":"https:\/\/portaltela.pt\/api\/wp\/v2\/media\/183998"}],"wp:attachment":[{"href":"https:\/\/portaltela.pt\/api\/wp\/v2\/media?parent=183974"}],"wp:term":[{"taxonomy":"category","embeddable":true,"href":"https:\/\/portaltela.pt\/api\/wp\/v2\/categories?post=183974"},{"taxonomy":"post_tag","embeddable":true,"href":"https:\/\/portaltela.pt\/api\/wp\/v2\/tags?post=183974"}],"curies":[{"name":"wp","href":"https:\/\/api.w.org\/{rel}","templated":true}]}}