{"id":183955,"date":"2026-01-30T09:40:03","date_gmt":"2026-01-30T12:40:03","guid":{"rendered":"https:\/\/portaltela.pt\/noticias\/2026\/01\/30\/penalva-do-castelo-divulga-a-programacao-da-feira-do-pastor-e-do-queijo\/"},"modified":"2026-01-30T09:40:03","modified_gmt":"2026-01-30T12:40:03","slug":"penalva-do-castelo-divulga-a-programacao-da-feira-do-pastor-e-do-queijo","status":"publish","type":"post","link":"https:\/\/portaltela.pt\/noticias\/2026\/01\/30\/penalva-do-castelo-divulga-a-programacao-da-feira-do-pastor-e-do-queijo\/","title":{"rendered":"Penalva do Castelo divulga a programa\u00e7\u00e3o da Feira do Pastor e do Queijo"},"content":{"rendered":"<p>O Munic\u00edpio de Penalva do Castelo promove nos dias 21 e 22 de fevereiro a Feira do Pastor e do Queijo, junto ao edif\u00edcio dos Pa\u00e7os do Concelho. O objetivo \u00e9 valorizar a pastor\u00edcia, os produtos locais e as tradi\u00e7\u00f5es do concelho.<\/p>\n<p>A feira re\u00fane expositores de queijo, vinho, ma\u00e7\u00e3 Bravo de Esmolfe, fumeiro, artesanato e outros produtos regionais. O evento oferece sabor, anima\u00e7\u00e3o e conhecimento sobre a gastronomia local.<\/p>\n<p>Abertura e programa\u00e7\u00e3o come\u00e7am no s\u00e1bado, com in\u00edcio \u00e0s 10h e fim previsto \u00e0s 20h. A aposta \u00e9 na atua\u00e7\u00e3o de coletivos locais ao longo do dia.<\/p>\n<p>No domingo, a feira abre \u00e0s 9h, com rece\u00e7\u00e3o \u00e0s entidades oficiais e arruada pela Banda Musical e Recreativa de Penalva do Castelo. O dia inclui grupos de cantos e atua\u00e7\u00f5es culturais.<\/p>\n<p>A tradicional prova de queijo decorre por volta do meio-dia, oferecendo a degusta\u00e7\u00e3o e avalia\u00e7\u00e3o dos melhores queijos da regi\u00e3o.<\/p>\n<h3>Programa\u00e7\u00e3o<\/h3>\n<p>No s\u00e1bado atuam a Tuna de S\u00e3o Martinho de Pindo, o Grupo de Concertinas do D\u00e3o e outros grupos locais, com diversas atua\u00e7\u00f5es ao longo do dia.<\/p>\n<p>No domingo participam o Grupo de Cantares Uni\u00e3o da Encoberta, o Grupo de Cantares de Pindo, a artista Quina Barreiros e o Rancho Folcl\u00f3rico de Penalva do Castelo, encerrando \u00e0s 20h.<\/p>\n","protected":false},"excerpt":{"rendered":"<ul>\n<li>Penalva do Castelo promove a Feira do Pastor e do Queijo nos dias 21 e 22 de fevereiro junto ao edif\u00edcio dos Pa\u00e7os do Concelho, reunindo expositores de produtos locais.<\/li>\n<li>Expostos: queijo, vinho, ma\u00e7\u00e3 Bravo de Esmolfe, fumeiro, artesanato e outros produtos regionais.<\/li>\n<li>S\u00e1bado, 21 de fevereiro, a feira abre \u00e0s dez horas com a Tuna de S\u00e3o Martinho de Pindo e o Grupo de Concertinas do D\u00e3o; atua\u00e7\u00e3o de v\u00e1rias entidades ao longo do dia, encerrando \u00e0s vinte horas.<\/li>\n<li>Domingo, 22 de fevereiro, abre \u00e0s nove horas com rece\u00e7\u00e3o \u00e0s entidades oficiais e arruada pela Banda Musical e Recreativa de Penalva do Castelo; h\u00e1 apresenta\u00e7\u00f5es de grupos de cantos, artista Quina Barreiros e Rancho Folcl\u00f3rico, at\u00e9 \u00e0s vinte horas.<\/li>\n<li>Prova de queijo decorre por meio-dia, com degusta\u00e7\u00e3o e avalia\u00e7\u00e3o dos melhores queijos da regi\u00e3o; convite \u00e0 participa\u00e7\u00e3o na celebra\u00e7\u00e3o da pastor\u00edcia e da gastronomia local.<\/li>\n<\/ul>\n","protected":false},"author":2,"featured_media":183980,"comment_status":"closed","ping_status":"closed","sticky":false,"template":"","format":"standard","meta":{"footnotes":""},"categories":[1],"tags":[222,219,4819,1721,4820,779],"class_list":["post-183955","post","type-post","status-publish","format-standard","has-post-thumbnail","hentry","category-noticias","tag-artesanato","tag-gastronomia","tag-maca-bravo-de-esmolfe","tag-penalva-do-castelo","tag-queijos","tag-vinhos"],"yoast_head":"<!-- This site is optimized with the Yoast SEO plugin v27.2 - https:\/\/yoast.com\/product\/yoast-seo-wordpress\/ -->\n<title>Penalva do Castelo divulga a programa\u00e7\u00e3o da Feira do Pastor e do Queijo - Portal Tela Portugal<\/title>\n<meta name=\"robots\" content=\"index, follow, max-snippet:-1, max-image-preview:large, max-video-preview:-1\" \/>\n<meta property=\"og:locale\" content=\"pt_PT\" \/>\n<meta property=\"og:type\" content=\"article\" \/>\n<meta property=\"og:title\" content=\"Penalva do Castelo divulga a programa\u00e7\u00e3o da Feira do Pastor e do Queijo - Portal Tela Portugal\" \/>\n<meta property=\"og:description\" content=\"Penalva do Castelo promove a Feira do Pastor e do Queijo nos dias 21 e 22 de fevereiro junto ao edif\u00edcio dos Pa\u00e7os do Concelho, reunindo expositores de produtos locais. Expostos: queijo, vinho, ma\u00e7\u00e3 Bravo de Esmolfe, fumeiro, artesanato e outros produtos regionais. S\u00e1bado, 21 de fevereiro, a feira abre \u00e0s dez horas com a Tuna de S\u00e3o Martinho de Pindo e o Grupo de Concertinas do D\u00e3o; atua\u00e7\u00e3o de v\u00e1rias entidades ao longo do dia, encerrando \u00e0s vinte horas. Domingo, 22 de fevereiro, abre \u00e0s nove horas com rece\u00e7\u00e3o \u00e0s entidades oficiais e arruada pela Banda Musical e Recreativa de Penalva do Castelo; h\u00e1 apresenta\u00e7\u00f5es de grupos de cantos, artista Quina Barreiros e Rancho Folcl\u00f3rico, at\u00e9 \u00e0s vinte horas. Prova de queijo decorre por meio-dia, com degusta\u00e7\u00e3o e avalia\u00e7\u00e3o dos melhores queijos da regi\u00e3o; convite \u00e0 participa\u00e7\u00e3o na celebra\u00e7\u00e3o da pastor\u00edcia e da gastronomia local.\" \/>\n<meta property=\"og:url\" content=\"https:\/\/portaltela.pt\/noticias\/2026\/01\/30\/penalva-do-castelo-divulga-a-programacao-da-feira-do-pastor-e-do-queijo\/\" \/>\n<meta property=\"og:site_name\" content=\"Portal Tela Portugal\" \/>\n<meta property=\"article:published_time\" content=\"2026-01-30T12:40:03+00:00\" \/>\n<meta name=\"author\" content=\"Telinha\" \/>\n<meta name=\"twitter:card\" content=\"summary_large_image\" \/>\n<meta name=\"twitter:label1\" content=\"Escrito por\" \/>\n\t<meta name=\"twitter:data1\" content=\"Telinha\" \/>\n\t<meta name=\"twitter:label2\" content=\"Tempo estimado de leitura\" \/>\n\t<meta name=\"twitter:data2\" content=\"1 minuto\" \/>\n<script type=\"application\/ld+json\" class=\"yoast-schema-graph\">{\"@context\":\"https:\/\/schema.org\",\"@graph\":[{\"@type\":\"Article\",\"@id\":\"https:\/\/portaltela.pt\/noticias\/2026\/01\/30\/penalva-do-castelo-divulga-a-programacao-da-feira-do-pastor-e-do-queijo\/#article\",\"isPartOf\":{\"@id\":\"https:\/\/portaltela.pt\/noticias\/2026\/01\/30\/penalva-do-castelo-divulga-a-programacao-da-feira-do-pastor-e-do-queijo\/\"},\"author\":{\"name\":\"Telinha\",\"@id\":\"https:\/\/portaltela.pt\/#\/schema\/person\/c4278d4a6028830caff9ee44b42d32ed\"},\"headline\":\"Penalva do Castelo divulga a programa\u00e7\u00e3o da Feira do Pastor e do Queijo\",\"datePublished\":\"2026-01-30T12:40:03+00:00\",\"mainEntityOfPage\":{\"@id\":\"https:\/\/portaltela.pt\/noticias\/2026\/01\/30\/penalva-do-castelo-divulga-a-programacao-da-feira-do-pastor-e-do-queijo\/\"},\"wordCount\":242,\"image\":{\"@id\":\"https:\/\/portaltela.pt\/noticias\/2026\/01\/30\/penalva-do-castelo-divulga-a-programacao-da-feira-do-pastor-e-do-queijo\/#primaryimage\"},\"thumbnailUrl\":\"https:\/\/portaltela.pt\/s.01k8rhncp4jt1\/2026\/01\/unnamed-file-6087.jpg\",\"keywords\":[\"artesanato\",\"gastronomia\",\"ma\u00e7\u00e3 Bravo de Esmolfe\",\"Penalva do Castelo\",\"queijos\",\"vinhos\"],\"articleSection\":[\"Not\u00edcias\"],\"inLanguage\":\"pt-PT\"},{\"@type\":\"WebPage\",\"@id\":\"https:\/\/portaltela.pt\/noticias\/2026\/01\/30\/penalva-do-castelo-divulga-a-programacao-da-feira-do-pastor-e-do-queijo\/\",\"url\":\"https:\/\/portaltela.pt\/noticias\/2026\/01\/30\/penalva-do-castelo-divulga-a-programacao-da-feira-do-pastor-e-do-queijo\/\",\"name\":\"Penalva do Castelo divulga a programa\u00e7\u00e3o da Feira do Pastor e do Queijo - Portal Tela Portugal\",\"isPartOf\":{\"@id\":\"https:\/\/portaltela.pt\/#website\"},\"primaryImageOfPage\":{\"@id\":\"https:\/\/portaltela.pt\/noticias\/2026\/01\/30\/penalva-do-castelo-divulga-a-programacao-da-feira-do-pastor-e-do-queijo\/#primaryimage\"},\"image\":{\"@id\":\"https:\/\/portaltela.pt\/noticias\/2026\/01\/30\/penalva-do-castelo-divulga-a-programacao-da-feira-do-pastor-e-do-queijo\/#primaryimage\"},\"thumbnailUrl\":\"https:\/\/portaltela.pt\/s.01k8rhncp4jt1\/2026\/01\/unnamed-file-6087.jpg\",\"datePublished\":\"2026-01-30T12:40:03+00:00\",\"author\":{\"@id\":\"https:\/\/portaltela.pt\/#\/schema\/person\/c4278d4a6028830caff9ee44b42d32ed\"},\"breadcrumb\":{\"@id\":\"https:\/\/portaltela.pt\/noticias\/2026\/01\/30\/penalva-do-castelo-divulga-a-programacao-da-feira-do-pastor-e-do-queijo\/#breadcrumb\"},\"inLanguage\":\"pt-PT\",\"potentialAction\":[{\"@type\":\"ReadAction\",\"target\":[\"https:\/\/portaltela.pt\/noticias\/2026\/01\/30\/penalva-do-castelo-divulga-a-programacao-da-feira-do-pastor-e-do-queijo\/\"]}]},{\"@type\":\"ImageObject\",\"inLanguage\":\"pt-PT\",\"@id\":\"https:\/\/portaltela.pt\/noticias\/2026\/01\/30\/penalva-do-castelo-divulga-a-programacao-da-feira-do-pastor-e-do-queijo\/#primaryimage\",\"url\":\"https:\/\/portaltela.pt\/s.01k8rhncp4jt1\/2026\/01\/unnamed-file-6087.jpg\",\"contentUrl\":\"https:\/\/portaltela.pt\/s.01k8rhncp4jt1\/2026\/01\/unnamed-file-6087.jpg\",\"width\":796,\"height\":448,\"caption\":\"PENALVA DO CASTELO: Programa\u00e7\u00e3o completa da Feira do Pastor e do Queijo\"},{\"@type\":\"BreadcrumbList\",\"@id\":\"https:\/\/portaltela.pt\/noticias\/2026\/01\/30\/penalva-do-castelo-divulga-a-programacao-da-feira-do-pastor-e-do-queijo\/#breadcrumb\",\"itemListElement\":[{\"@type\":\"ListItem\",\"position\":1,\"name\":\"In\u00edcio\",\"item\":\"https:\/\/portaltela.pt\/\"},{\"@type\":\"ListItem\",\"position\":2,\"name\":\"Penalva do Castelo divulga a programa\u00e7\u00e3o da Feira do Pastor e do Queijo\"}]},{\"@type\":\"WebSite\",\"@id\":\"https:\/\/portaltela.pt\/#website\",\"url\":\"https:\/\/portaltela.pt\/\",\"name\":\"Portal Tela Portugal\",\"description\":\"\",\"potentialAction\":[{\"@type\":\"SearchAction\",\"target\":{\"@type\":\"EntryPoint\",\"urlTemplate\":\"https:\/\/portaltela.pt\/?s={search_term_string}\"},\"query-input\":{\"@type\":\"PropertyValueSpecification\",\"valueRequired\":true,\"valueName\":\"search_term_string\"}}],\"inLanguage\":\"pt-PT\"},{\"@type\":\"Person\",\"@id\":\"https:\/\/portaltela.pt\/#\/schema\/person\/c4278d4a6028830caff9ee44b42d32ed\",\"name\":\"Telinha\",\"image\":{\"@type\":\"ImageObject\",\"inLanguage\":\"pt-PT\",\"@id\":\"https:\/\/portaltela.pt\/s.01k8rhncp4jt1\/2025\/11\/talking-bot-125x125.png\",\"url\":\"https:\/\/portaltela.pt\/s.01k8rhncp4jt1\/2025\/11\/talking-bot-125x125.png\",\"contentUrl\":\"https:\/\/portaltela.pt\/s.01k8rhncp4jt1\/2025\/11\/talking-bot-125x125.png\",\"caption\":\"Telinha\"},\"sameAs\":[\"https:\/\/portaltela.pt\/\"],\"url\":\"https:\/\/portaltela.pt\/por\/367410592786\/\"}]}<\/script>\n<!-- \/ Yoast SEO plugin. -->","yoast_head_json":{"title":"Penalva do Castelo divulga a programa\u00e7\u00e3o da Feira do Pastor e do Queijo - Portal Tela Portugal","robots":{"index":"index","follow":"follow","max-snippet":"max-snippet:-1","max-image-preview":"max-image-preview:large","max-video-preview":"max-video-preview:-1"},"og_locale":"pt_PT","og_type":"article","og_title":"Penalva do Castelo divulga a programa\u00e7\u00e3o da Feira do Pastor e do Queijo - Portal Tela Portugal","og_description":"Penalva do Castelo promove a Feira do Pastor e do Queijo nos dias 21 e 22 de fevereiro junto ao edif\u00edcio dos Pa\u00e7os do Concelho, reunindo expositores de produtos locais. Expostos: queijo, vinho, ma\u00e7\u00e3 Bravo de Esmolfe, fumeiro, artesanato e outros produtos regionais. S\u00e1bado, 21 de fevereiro, a feira abre \u00e0s dez horas com a Tuna de S\u00e3o Martinho de Pindo e o Grupo de Concertinas do D\u00e3o; atua\u00e7\u00e3o de v\u00e1rias entidades ao longo do dia, encerrando \u00e0s vinte horas. Domingo, 22 de fevereiro, abre \u00e0s nove horas com rece\u00e7\u00e3o \u00e0s entidades oficiais e arruada pela Banda Musical e Recreativa de Penalva do Castelo; h\u00e1 apresenta\u00e7\u00f5es de grupos de cantos, artista Quina Barreiros e Rancho Folcl\u00f3rico, at\u00e9 \u00e0s vinte horas. Prova de queijo decorre por meio-dia, com degusta\u00e7\u00e3o e avalia\u00e7\u00e3o dos melhores queijos da regi\u00e3o; convite \u00e0 participa\u00e7\u00e3o na celebra\u00e7\u00e3o da pastor\u00edcia e da gastronomia local.","og_url":"https:\/\/portaltela.pt\/noticias\/2026\/01\/30\/penalva-do-castelo-divulga-a-programacao-da-feira-do-pastor-e-do-queijo\/","og_site_name":"Portal Tela Portugal","article_published_time":"2026-01-30T12:40:03+00:00","author":"Telinha","twitter_card":"summary_large_image","twitter_misc":{"Escrito por":"Telinha","Tempo estimado de leitura":"1 minuto"},"schema":{"@context":"https:\/\/schema.org","@graph":[{"@type":"Article","@id":"https:\/\/portaltela.pt\/noticias\/2026\/01\/30\/penalva-do-castelo-divulga-a-programacao-da-feira-do-pastor-e-do-queijo\/#article","isPartOf":{"@id":"https:\/\/portaltela.pt\/noticias\/2026\/01\/30\/penalva-do-castelo-divulga-a-programacao-da-feira-do-pastor-e-do-queijo\/"},"author":{"name":"Telinha","@id":"https:\/\/portaltela.pt\/#\/schema\/person\/c4278d4a6028830caff9ee44b42d32ed"},"headline":"Penalva do Castelo divulga a programa\u00e7\u00e3o da Feira do Pastor e do Queijo","datePublished":"2026-01-30T12:40:03+00:00","mainEntityOfPage":{"@id":"https:\/\/portaltela.pt\/noticias\/2026\/01\/30\/penalva-do-castelo-divulga-a-programacao-da-feira-do-pastor-e-do-queijo\/"},"wordCount":242,"image":{"@id":"https:\/\/portaltela.pt\/noticias\/2026\/01\/30\/penalva-do-castelo-divulga-a-programacao-da-feira-do-pastor-e-do-queijo\/#primaryimage"},"thumbnailUrl":"https:\/\/portaltela.pt\/s.01k8rhncp4jt1\/2026\/01\/unnamed-file-6087.jpg","keywords":["artesanato","gastronomia","ma\u00e7\u00e3 Bravo de Esmolfe","Penalva do Castelo","queijos","vinhos"],"articleSection":["Not\u00edcias"],"inLanguage":"pt-PT"},{"@type":"WebPage","@id":"https:\/\/portaltela.pt\/noticias\/2026\/01\/30\/penalva-do-castelo-divulga-a-programacao-da-feira-do-pastor-e-do-queijo\/","url":"https:\/\/portaltela.pt\/noticias\/2026\/01\/30\/penalva-do-castelo-divulga-a-programacao-da-feira-do-pastor-e-do-queijo\/","name":"Penalva do Castelo divulga a programa\u00e7\u00e3o da Feira do Pastor e do Queijo - Portal Tela Portugal","isPartOf":{"@id":"https:\/\/portaltela.pt\/#website"},"primaryImageOfPage":{"@id":"https:\/\/portaltela.pt\/noticias\/2026\/01\/30\/penalva-do-castelo-divulga-a-programacao-da-feira-do-pastor-e-do-queijo\/#primaryimage"},"image":{"@id":"https:\/\/portaltela.pt\/noticias\/2026\/01\/30\/penalva-do-castelo-divulga-a-programacao-da-feira-do-pastor-e-do-queijo\/#primaryimage"},"thumbnailUrl":"https:\/\/portaltela.pt\/s.01k8rhncp4jt1\/2026\/01\/unnamed-file-6087.jpg","datePublished":"2026-01-30T12:40:03+00:00","author":{"@id":"https:\/\/portaltela.pt\/#\/schema\/person\/c4278d4a6028830caff9ee44b42d32ed"},"breadcrumb":{"@id":"https:\/\/portaltela.pt\/noticias\/2026\/01\/30\/penalva-do-castelo-divulga-a-programacao-da-feira-do-pastor-e-do-queijo\/#breadcrumb"},"inLanguage":"pt-PT","potentialAction":[{"@type":"ReadAction","target":["https:\/\/portaltela.pt\/noticias\/2026\/01\/30\/penalva-do-castelo-divulga-a-programacao-da-feira-do-pastor-e-do-queijo\/"]}]},{"@type":"ImageObject","inLanguage":"pt-PT","@id":"https:\/\/portaltela.pt\/noticias\/2026\/01\/30\/penalva-do-castelo-divulga-a-programacao-da-feira-do-pastor-e-do-queijo\/#primaryimage","url":"https:\/\/portaltela.pt\/s.01k8rhncp4jt1\/2026\/01\/unnamed-file-6087.jpg","contentUrl":"https:\/\/portaltela.pt\/s.01k8rhncp4jt1\/2026\/01\/unnamed-file-6087.jpg","width":796,"height":448,"caption":"PENALVA DO CASTELO: Programa\u00e7\u00e3o completa da Feira do Pastor e do Queijo"},{"@type":"BreadcrumbList","@id":"https:\/\/portaltela.pt\/noticias\/2026\/01\/30\/penalva-do-castelo-divulga-a-programacao-da-feira-do-pastor-e-do-queijo\/#breadcrumb","itemListElement":[{"@type":"ListItem","position":1,"name":"In\u00edcio","item":"https:\/\/portaltela.pt\/"},{"@type":"ListItem","position":2,"name":"Penalva do Castelo divulga a programa\u00e7\u00e3o da Feira do Pastor e do Queijo"}]},{"@type":"WebSite","@id":"https:\/\/portaltela.pt\/#website","url":"https:\/\/portaltela.pt\/","name":"Portal Tela Portugal","description":"","potentialAction":[{"@type":"SearchAction","target":{"@type":"EntryPoint","urlTemplate":"https:\/\/portaltela.pt\/?s={search_term_string}"},"query-input":{"@type":"PropertyValueSpecification","valueRequired":true,"valueName":"search_term_string"}}],"inLanguage":"pt-PT"},{"@type":"Person","@id":"https:\/\/portaltela.pt\/#\/schema\/person\/c4278d4a6028830caff9ee44b42d32ed","name":"Telinha","image":{"@type":"ImageObject","inLanguage":"pt-PT","@id":"https:\/\/portaltela.pt\/s.01k8rhncp4jt1\/2025\/11\/talking-bot-125x125.png","url":"https:\/\/portaltela.pt\/s.01k8rhncp4jt1\/2025\/11\/talking-bot-125x125.png","contentUrl":"https:\/\/portaltela.pt\/s.01k8rhncp4jt1\/2025\/11\/talking-bot-125x125.png","caption":"Telinha"},"sameAs":["https:\/\/portaltela.pt\/"],"url":"https:\/\/portaltela.pt\/por\/367410592786\/"}]}},"_links":{"self":[{"href":"https:\/\/portaltela.pt\/api\/wp\/v2\/posts\/183955","targetHints":{"allow":["GET"]}}],"collection":[{"href":"https:\/\/portaltela.pt\/api\/wp\/v2\/posts"}],"about":[{"href":"https:\/\/portaltela.pt\/api\/wp\/v2\/types\/post"}],"author":[{"embeddable":true,"href":"https:\/\/portaltela.pt\/api\/wp\/v2\/users\/2"}],"replies":[{"embeddable":true,"href":"https:\/\/portaltela.pt\/api\/wp\/v2\/comments?post=183955"}],"version-history":[{"count":0,"href":"https:\/\/portaltela.pt\/api\/wp\/v2\/posts\/183955\/revisions"}],"wp:featuredmedia":[{"embeddable":true,"href":"https:\/\/portaltela.pt\/api\/wp\/v2\/media\/183980"}],"wp:attachment":[{"href":"https:\/\/portaltela.pt\/api\/wp\/v2\/media?parent=183955"}],"wp:term":[{"taxonomy":"category","embeddable":true,"href":"https:\/\/portaltela.pt\/api\/wp\/v2\/categories?post=183955"},{"taxonomy":"post_tag","embeddable":true,"href":"https:\/\/portaltela.pt\/api\/wp\/v2\/tags?post=183955"}],"curies":[{"name":"wp","href":"https:\/\/api.w.org\/{rel}","templated":true}]}}