{"id":183910,"date":"2026-01-30T09:28:00","date_gmt":"2026-01-30T12:28:00","guid":{"rendered":"https:\/\/portaltela.pt\/noticias\/2026\/01\/30\/ourique-18-a-feira-do-porco-alentejano-marca-data-em-marco\/"},"modified":"2026-01-30T09:28:00","modified_gmt":"2026-01-30T12:28:00","slug":"ourique-18-a-feira-do-porco-alentejano-marca-data-em-marco","status":"publish","type":"post","link":"https:\/\/portaltela.pt\/noticias\/economia\/2026\/01\/30\/ourique-18-a-feira-do-porco-alentejano-marca-data-em-marco\/","title":{"rendered":"Ourique: 18.\u00aa Feira do Porco Alentejano marca data em mar\u00e7o"},"content":{"rendered":"<p>A 18.\u00aa Feira do Porco Alentejano de Ourique j\u00e1 tem data marcada. O evento acontece de 20 a 22 de mar\u00e7o de 2026, na vila de Ourique, promovido pela C\u00e2mara Municipal em parceria com a Associa\u00e7\u00e3o de Criadores de Porco Alentejano (ACPA). A edi\u00e7\u00e3o deste ano destaca a ra\u00e7a como pilar de sustentabilidade do montado.<\/p>\n<p>A organiza\u00e7\u00e3o refor\u00e7a o papel da feira como eixo da gastronomia, economia rural e cultura regional, consolidando-se como um dos maiores encontros do setor agropecu\u00e1rio em Portugal. O objetivo \u00e9 refor\u00e7ar o valor da ra\u00e7a para a economia local e para a sustentabilidade ambiental da regi\u00e3o.<\/p>\n<p>Os respons\u00e1veis destacam a continuidade da tradi\u00e7\u00e3o aliada \u00e0 inova\u00e7\u00e3o no sector, com participa\u00e7\u00e3o de produtores, t\u00e9cnicos e entidades parceiras. O certame visa tamb\u00e9m atrair visitantes nacionais e estrangeiros, refor\u00e7ando a marca Ourique.<\/p>\n<h3>Inscri\u00e7\u00f5es abertas<\/h3>\n<p>As inscri\u00e7\u00f5es para expositores e operadores econ\u00f3micos j\u00e1 come\u00e7aram e devem ser encerradas no dia 13 de fevereiro. A organiza\u00e7\u00e3o espera uma ades\u00e3o superior \u00e0 de edi\u00e7\u00f5es anteriores, mantendo o evento como refer\u00eancia no setor.<\/p>\n<h3>O que esperar na programa\u00e7\u00e3o<\/h3>\n<p>Durante os tr\u00eas dias, a oferta gastron\u00f3mica privilegia produtos derivados do porco alentejano, como o presunto DOP, enchidos e carne de alguidar. Haver\u00e1 tasquinhas, espa\u00e7os de restaura\u00e7\u00e3o e col\u00f3quios t\u00e9cnicos sobre os desafios da produ\u00e7\u00e3o.<\/p>\n<p>O programa inclui concursos de ra\u00e7as e apresenta\u00e7\u00f5es de cante alentejano, proporcionando uma liga\u00e7\u00e3o entre inova\u00e7\u00e3o e tradi\u00e7\u00f5es do Baixo Alentejo. O certame combina demonstra\u00e7\u00e3o econ\u00f3mica com express\u00e3o cultural.<\/p>\n","protected":false},"excerpt":{"rendered":"<ul>\n<li>A 18.\u00aa Feira do Porco Alentejano de Ourique realiza\u2011se de 20 a 22 de mar\u00e7o de 2026, consolidando a vila como epicentro da gastronomia da regi\u00e3o.<\/li>\n<li>O evento \u00e9 organizado pelo Munic\u00edpio de Ourique em parceria com a Associa\u00e7\u00e3o de Criadores de Porco Alentejano (ACPA); as inscri\u00e7\u00f5es para expositores est\u00e3o abertas at\u00e9 13 de fevereiro.<\/li>\n<li>Espera\u2011se uma ades\u00e3o recorde, mantendo a feira no grupo dos principais eventos agropecu\u00e1rios do pa\u00eds.<\/li>\n<li>Durante os tr\u00eas dias, a programa\u00e7\u00e3o destaca produtos derivados do porco alentejano, como presunto DOP (denomina\u00e7\u00e3o de origem protegida), enchidos e carnes de alguidar, al\u00e9m de tasquinhas e restaura\u00e7\u00e3o, col\u00f3quios t\u00e9cnicos e concursos de ra\u00e7as.<\/li>\n<li>O cante alentejano acompanha o evento, que alia inova\u00e7\u00e3o setorial \u00e0 preserva\u00e7\u00e3o das tradi\u00e7\u00f5es do Baixo Alentejo.<\/li>\n<\/ul>\n","protected":false},"author":2,"featured_media":183919,"comment_status":"closed","ping_status":"closed","sticky":false,"template":"","format":"standard","meta":{"footnotes":""},"categories":[2,1],"tags":[3118,883,2491,28,2900,219],"class_list":["post-183910","post","type-post","status-publish","format-standard","has-post-thumbnail","hentry","category-economia","category-noticias","tag-agropecuaria","tag-alentejo","tag-cante-alentejano","tag-economia","tag-enchidos","tag-gastronomia"],"yoast_head":"<!-- This site is optimized with the Yoast SEO plugin v27.2 - https:\/\/yoast.com\/product\/yoast-seo-wordpress\/ -->\n<title>Ourique: 18.\u00aa Feira do Porco Alentejano marca data em mar\u00e7o - Portal Tela Portugal<\/title>\n<meta name=\"robots\" content=\"index, follow, max-snippet:-1, max-image-preview:large, max-video-preview:-1\" \/>\n<meta property=\"og:locale\" content=\"pt_PT\" \/>\n<meta property=\"og:type\" content=\"article\" \/>\n<meta property=\"og:title\" content=\"Ourique: 18.\u00aa Feira do Porco Alentejano marca data em mar\u00e7o - Portal Tela Portugal\" \/>\n<meta property=\"og:description\" content=\"A 18.\u00aa Feira do Porco Alentejano de Ourique realiza\u2011se de 20 a 22 de mar\u00e7o de 2026, consolidando a vila como epicentro da gastronomia da regi\u00e3o. O evento \u00e9 organizado pelo Munic\u00edpio de Ourique em parceria com a Associa\u00e7\u00e3o de Criadores de Porco Alentejano (ACPA); as inscri\u00e7\u00f5es para expositores est\u00e3o abertas at\u00e9 13 de fevereiro. Espera\u2011se uma ades\u00e3o recorde, mantendo a feira no grupo dos principais eventos agropecu\u00e1rios do pa\u00eds. Durante os tr\u00eas dias, a programa\u00e7\u00e3o destaca produtos derivados do porco alentejano, como presunto DOP (denomina\u00e7\u00e3o de origem protegida), enchidos e carnes de alguidar, al\u00e9m de tasquinhas e restaura\u00e7\u00e3o, col\u00f3quios t\u00e9cnicos e concursos de ra\u00e7as. O cante alentejano acompanha o evento, que alia inova\u00e7\u00e3o setorial \u00e0 preserva\u00e7\u00e3o das tradi\u00e7\u00f5es do Baixo Alentejo.\" \/>\n<meta property=\"og:url\" content=\"https:\/\/portaltela.pt\/noticias\/2026\/01\/30\/ourique-18-a-feira-do-porco-alentejano-marca-data-em-marco\/\" \/>\n<meta property=\"og:site_name\" content=\"Portal Tela Portugal\" \/>\n<meta property=\"article:published_time\" content=\"2026-01-30T12:28:00+00:00\" \/>\n<meta name=\"author\" content=\"Telinha\" \/>\n<meta name=\"twitter:card\" content=\"summary_large_image\" \/>\n<meta name=\"twitter:label1\" content=\"Escrito por\" \/>\n\t<meta name=\"twitter:data1\" content=\"Telinha\" \/>\n\t<meta name=\"twitter:label2\" content=\"Tempo estimado de leitura\" \/>\n\t<meta name=\"twitter:data2\" content=\"1 minuto\" \/>\n<script type=\"application\/ld+json\" class=\"yoast-schema-graph\">{\"@context\":\"https:\/\/schema.org\",\"@graph\":[{\"@type\":\"Article\",\"@id\":\"https:\/\/portaltela.pt\/noticias\/2026\/01\/30\/ourique-18-a-feira-do-porco-alentejano-marca-data-em-marco\/#article\",\"isPartOf\":{\"@id\":\"https:\/\/portaltela.pt\/noticias\/2026\/01\/30\/ourique-18-a-feira-do-porco-alentejano-marca-data-em-marco\/\"},\"author\":{\"name\":\"Telinha\",\"@id\":\"https:\/\/portaltela.pt\/#\/schema\/person\/c4278d4a6028830caff9ee44b42d32ed\"},\"headline\":\"Ourique: 18.\u00aa Feira do Porco Alentejano marca data em mar\u00e7o\",\"datePublished\":\"2026-01-30T12:28:00+00:00\",\"mainEntityOfPage\":{\"@id\":\"https:\/\/portaltela.pt\/noticias\/2026\/01\/30\/ourique-18-a-feira-do-porco-alentejano-marca-data-em-marco\/\"},\"wordCount\":284,\"image\":{\"@id\":\"https:\/\/portaltela.pt\/noticias\/2026\/01\/30\/ourique-18-a-feira-do-porco-alentejano-marca-data-em-marco\/#primaryimage\"},\"thumbnailUrl\":\"https:\/\/portaltela.pt\/s.01k8rhncp4jt1\/2026\/01\/porco-alentejano.jpg\",\"keywords\":[\"agropecu\u00e1ria\",\"Alentejo\",\"Cante Alentejano\",\"economia\",\"enchidos\",\"gastronomia\"],\"articleSection\":[\"Economia\",\"Not\u00edcias\"],\"inLanguage\":\"pt-PT\"},{\"@type\":\"WebPage\",\"@id\":\"https:\/\/portaltela.pt\/noticias\/2026\/01\/30\/ourique-18-a-feira-do-porco-alentejano-marca-data-em-marco\/\",\"url\":\"https:\/\/portaltela.pt\/noticias\/2026\/01\/30\/ourique-18-a-feira-do-porco-alentejano-marca-data-em-marco\/\",\"name\":\"Ourique: 18.\u00aa Feira do Porco Alentejano marca data em mar\u00e7o - Portal Tela Portugal\",\"isPartOf\":{\"@id\":\"https:\/\/portaltela.pt\/#website\"},\"primaryImageOfPage\":{\"@id\":\"https:\/\/portaltela.pt\/noticias\/2026\/01\/30\/ourique-18-a-feira-do-porco-alentejano-marca-data-em-marco\/#primaryimage\"},\"image\":{\"@id\":\"https:\/\/portaltela.pt\/noticias\/2026\/01\/30\/ourique-18-a-feira-do-porco-alentejano-marca-data-em-marco\/#primaryimage\"},\"thumbnailUrl\":\"https:\/\/portaltela.pt\/s.01k8rhncp4jt1\/2026\/01\/porco-alentejano.jpg\",\"datePublished\":\"2026-01-30T12:28:00+00:00\",\"author\":{\"@id\":\"https:\/\/portaltela.pt\/#\/schema\/person\/c4278d4a6028830caff9ee44b42d32ed\"},\"breadcrumb\":{\"@id\":\"https:\/\/portaltela.pt\/noticias\/2026\/01\/30\/ourique-18-a-feira-do-porco-alentejano-marca-data-em-marco\/#breadcrumb\"},\"inLanguage\":\"pt-PT\",\"potentialAction\":[{\"@type\":\"ReadAction\",\"target\":[\"https:\/\/portaltela.pt\/noticias\/2026\/01\/30\/ourique-18-a-feira-do-porco-alentejano-marca-data-em-marco\/\"]}]},{\"@type\":\"ImageObject\",\"inLanguage\":\"pt-PT\",\"@id\":\"https:\/\/portaltela.pt\/noticias\/2026\/01\/30\/ourique-18-a-feira-do-porco-alentejano-marca-data-em-marco\/#primaryimage\",\"url\":\"https:\/\/portaltela.pt\/s.01k8rhncp4jt1\/2026\/01\/porco-alentejano.jpg\",\"contentUrl\":\"https:\/\/portaltela.pt\/s.01k8rhncp4jt1\/2026\/01\/porco-alentejano.jpg\",\"width\":796,\"height\":448,\"caption\":\"Ourique: 18.\u00aa Feira do Porco Alentejano j\u00e1 tem data marcada para mar\u00e7o\"},{\"@type\":\"BreadcrumbList\",\"@id\":\"https:\/\/portaltela.pt\/noticias\/2026\/01\/30\/ourique-18-a-feira-do-porco-alentejano-marca-data-em-marco\/#breadcrumb\",\"itemListElement\":[{\"@type\":\"ListItem\",\"position\":1,\"name\":\"In\u00edcio\",\"item\":\"https:\/\/portaltela.pt\/\"},{\"@type\":\"ListItem\",\"position\":2,\"name\":\"Ourique: 18.\u00aa Feira do Porco Alentejano marca data em mar\u00e7o\"}]},{\"@type\":\"WebSite\",\"@id\":\"https:\/\/portaltela.pt\/#website\",\"url\":\"https:\/\/portaltela.pt\/\",\"name\":\"Portal Tela Portugal\",\"description\":\"\",\"potentialAction\":[{\"@type\":\"SearchAction\",\"target\":{\"@type\":\"EntryPoint\",\"urlTemplate\":\"https:\/\/portaltela.pt\/?s={search_term_string}\"},\"query-input\":{\"@type\":\"PropertyValueSpecification\",\"valueRequired\":true,\"valueName\":\"search_term_string\"}}],\"inLanguage\":\"pt-PT\"},{\"@type\":\"Person\",\"@id\":\"https:\/\/portaltela.pt\/#\/schema\/person\/c4278d4a6028830caff9ee44b42d32ed\",\"name\":\"Telinha\",\"image\":{\"@type\":\"ImageObject\",\"inLanguage\":\"pt-PT\",\"@id\":\"https:\/\/portaltela.pt\/s.01k8rhncp4jt1\/2025\/11\/talking-bot-125x125.png\",\"url\":\"https:\/\/portaltela.pt\/s.01k8rhncp4jt1\/2025\/11\/talking-bot-125x125.png\",\"contentUrl\":\"https:\/\/portaltela.pt\/s.01k8rhncp4jt1\/2025\/11\/talking-bot-125x125.png\",\"caption\":\"Telinha\"},\"sameAs\":[\"https:\/\/portaltela.pt\/\"],\"url\":\"https:\/\/portaltela.pt\/por\/367410592786\/\"}]}<\/script>\n<!-- \/ Yoast SEO plugin. -->","yoast_head_json":{"title":"Ourique: 18.\u00aa Feira do Porco Alentejano marca data em mar\u00e7o - Portal Tela Portugal","robots":{"index":"index","follow":"follow","max-snippet":"max-snippet:-1","max-image-preview":"max-image-preview:large","max-video-preview":"max-video-preview:-1"},"og_locale":"pt_PT","og_type":"article","og_title":"Ourique: 18.\u00aa Feira do Porco Alentejano marca data em mar\u00e7o - Portal Tela Portugal","og_description":"A 18.\u00aa Feira do Porco Alentejano de Ourique realiza\u2011se de 20 a 22 de mar\u00e7o de 2026, consolidando a vila como epicentro da gastronomia da regi\u00e3o. O evento \u00e9 organizado pelo Munic\u00edpio de Ourique em parceria com a Associa\u00e7\u00e3o de Criadores de Porco Alentejano (ACPA); as inscri\u00e7\u00f5es para expositores est\u00e3o abertas at\u00e9 13 de fevereiro. Espera\u2011se uma ades\u00e3o recorde, mantendo a feira no grupo dos principais eventos agropecu\u00e1rios do pa\u00eds. Durante os tr\u00eas dias, a programa\u00e7\u00e3o destaca produtos derivados do porco alentejano, como presunto DOP (denomina\u00e7\u00e3o de origem protegida), enchidos e carnes de alguidar, al\u00e9m de tasquinhas e restaura\u00e7\u00e3o, col\u00f3quios t\u00e9cnicos e concursos de ra\u00e7as. O cante alentejano acompanha o evento, que alia inova\u00e7\u00e3o setorial \u00e0 preserva\u00e7\u00e3o das tradi\u00e7\u00f5es do Baixo Alentejo.","og_url":"https:\/\/portaltela.pt\/noticias\/2026\/01\/30\/ourique-18-a-feira-do-porco-alentejano-marca-data-em-marco\/","og_site_name":"Portal Tela Portugal","article_published_time":"2026-01-30T12:28:00+00:00","author":"Telinha","twitter_card":"summary_large_image","twitter_misc":{"Escrito por":"Telinha","Tempo estimado de leitura":"1 minuto"},"schema":{"@context":"https:\/\/schema.org","@graph":[{"@type":"Article","@id":"https:\/\/portaltela.pt\/noticias\/2026\/01\/30\/ourique-18-a-feira-do-porco-alentejano-marca-data-em-marco\/#article","isPartOf":{"@id":"https:\/\/portaltela.pt\/noticias\/2026\/01\/30\/ourique-18-a-feira-do-porco-alentejano-marca-data-em-marco\/"},"author":{"name":"Telinha","@id":"https:\/\/portaltela.pt\/#\/schema\/person\/c4278d4a6028830caff9ee44b42d32ed"},"headline":"Ourique: 18.\u00aa Feira do Porco Alentejano marca data em mar\u00e7o","datePublished":"2026-01-30T12:28:00+00:00","mainEntityOfPage":{"@id":"https:\/\/portaltela.pt\/noticias\/2026\/01\/30\/ourique-18-a-feira-do-porco-alentejano-marca-data-em-marco\/"},"wordCount":284,"image":{"@id":"https:\/\/portaltela.pt\/noticias\/2026\/01\/30\/ourique-18-a-feira-do-porco-alentejano-marca-data-em-marco\/#primaryimage"},"thumbnailUrl":"https:\/\/portaltela.pt\/s.01k8rhncp4jt1\/2026\/01\/porco-alentejano.jpg","keywords":["agropecu\u00e1ria","Alentejo","Cante Alentejano","economia","enchidos","gastronomia"],"articleSection":["Economia","Not\u00edcias"],"inLanguage":"pt-PT"},{"@type":"WebPage","@id":"https:\/\/portaltela.pt\/noticias\/2026\/01\/30\/ourique-18-a-feira-do-porco-alentejano-marca-data-em-marco\/","url":"https:\/\/portaltela.pt\/noticias\/2026\/01\/30\/ourique-18-a-feira-do-porco-alentejano-marca-data-em-marco\/","name":"Ourique: 18.\u00aa Feira do Porco Alentejano marca data em mar\u00e7o - Portal Tela Portugal","isPartOf":{"@id":"https:\/\/portaltela.pt\/#website"},"primaryImageOfPage":{"@id":"https:\/\/portaltela.pt\/noticias\/2026\/01\/30\/ourique-18-a-feira-do-porco-alentejano-marca-data-em-marco\/#primaryimage"},"image":{"@id":"https:\/\/portaltela.pt\/noticias\/2026\/01\/30\/ourique-18-a-feira-do-porco-alentejano-marca-data-em-marco\/#primaryimage"},"thumbnailUrl":"https:\/\/portaltela.pt\/s.01k8rhncp4jt1\/2026\/01\/porco-alentejano.jpg","datePublished":"2026-01-30T12:28:00+00:00","author":{"@id":"https:\/\/portaltela.pt\/#\/schema\/person\/c4278d4a6028830caff9ee44b42d32ed"},"breadcrumb":{"@id":"https:\/\/portaltela.pt\/noticias\/2026\/01\/30\/ourique-18-a-feira-do-porco-alentejano-marca-data-em-marco\/#breadcrumb"},"inLanguage":"pt-PT","potentialAction":[{"@type":"ReadAction","target":["https:\/\/portaltela.pt\/noticias\/2026\/01\/30\/ourique-18-a-feira-do-porco-alentejano-marca-data-em-marco\/"]}]},{"@type":"ImageObject","inLanguage":"pt-PT","@id":"https:\/\/portaltela.pt\/noticias\/2026\/01\/30\/ourique-18-a-feira-do-porco-alentejano-marca-data-em-marco\/#primaryimage","url":"https:\/\/portaltela.pt\/s.01k8rhncp4jt1\/2026\/01\/porco-alentejano.jpg","contentUrl":"https:\/\/portaltela.pt\/s.01k8rhncp4jt1\/2026\/01\/porco-alentejano.jpg","width":796,"height":448,"caption":"Ourique: 18.\u00aa Feira do Porco Alentejano j\u00e1 tem data marcada para mar\u00e7o"},{"@type":"BreadcrumbList","@id":"https:\/\/portaltela.pt\/noticias\/2026\/01\/30\/ourique-18-a-feira-do-porco-alentejano-marca-data-em-marco\/#breadcrumb","itemListElement":[{"@type":"ListItem","position":1,"name":"In\u00edcio","item":"https:\/\/portaltela.pt\/"},{"@type":"ListItem","position":2,"name":"Ourique: 18.\u00aa Feira do Porco Alentejano marca data em mar\u00e7o"}]},{"@type":"WebSite","@id":"https:\/\/portaltela.pt\/#website","url":"https:\/\/portaltela.pt\/","name":"Portal Tela Portugal","description":"","potentialAction":[{"@type":"SearchAction","target":{"@type":"EntryPoint","urlTemplate":"https:\/\/portaltela.pt\/?s={search_term_string}"},"query-input":{"@type":"PropertyValueSpecification","valueRequired":true,"valueName":"search_term_string"}}],"inLanguage":"pt-PT"},{"@type":"Person","@id":"https:\/\/portaltela.pt\/#\/schema\/person\/c4278d4a6028830caff9ee44b42d32ed","name":"Telinha","image":{"@type":"ImageObject","inLanguage":"pt-PT","@id":"https:\/\/portaltela.pt\/s.01k8rhncp4jt1\/2025\/11\/talking-bot-125x125.png","url":"https:\/\/portaltela.pt\/s.01k8rhncp4jt1\/2025\/11\/talking-bot-125x125.png","contentUrl":"https:\/\/portaltela.pt\/s.01k8rhncp4jt1\/2025\/11\/talking-bot-125x125.png","caption":"Telinha"},"sameAs":["https:\/\/portaltela.pt\/"],"url":"https:\/\/portaltela.pt\/por\/367410592786\/"}]}},"_links":{"self":[{"href":"https:\/\/portaltela.pt\/api\/wp\/v2\/posts\/183910","targetHints":{"allow":["GET"]}}],"collection":[{"href":"https:\/\/portaltela.pt\/api\/wp\/v2\/posts"}],"about":[{"href":"https:\/\/portaltela.pt\/api\/wp\/v2\/types\/post"}],"author":[{"embeddable":true,"href":"https:\/\/portaltela.pt\/api\/wp\/v2\/users\/2"}],"replies":[{"embeddable":true,"href":"https:\/\/portaltela.pt\/api\/wp\/v2\/comments?post=183910"}],"version-history":[{"count":0,"href":"https:\/\/portaltela.pt\/api\/wp\/v2\/posts\/183910\/revisions"}],"wp:featuredmedia":[{"embeddable":true,"href":"https:\/\/portaltela.pt\/api\/wp\/v2\/media\/183919"}],"wp:attachment":[{"href":"https:\/\/portaltela.pt\/api\/wp\/v2\/media?parent=183910"}],"wp:term":[{"taxonomy":"category","embeddable":true,"href":"https:\/\/portaltela.pt\/api\/wp\/v2\/categories?post=183910"},{"taxonomy":"post_tag","embeddable":true,"href":"https:\/\/portaltela.pt\/api\/wp\/v2\/tags?post=183910"}],"curies":[{"name":"wp","href":"https:\/\/api.w.org\/{rel}","templated":true}]}}