{"id":183865,"date":"2026-01-30T09:17:47","date_gmt":"2026-01-30T12:17:47","guid":{"rendered":"https:\/\/portaltela.pt\/noticias\/2026\/01\/30\/plaza-ferrara-recebe-nestum-pro-cacau-com-fitness-e-tiago-teotonio-pereira\/"},"modified":"2026-01-30T09:17:47","modified_gmt":"2026-01-30T12:17:47","slug":"plaza-ferrara-recebe-nestum-pro-cacau-com-fitness-e-tiago-teotonio-pereira","status":"publish","type":"post","link":"https:\/\/portaltela.pt\/noticias\/2026\/01\/30\/plaza-ferrara-recebe-nestum-pro-cacau-com-fitness-e-tiago-teotonio-pereira\/","title":{"rendered":"Plaza Ferrara recebe Nestum Pro Cacau com fitness e Tiago Teot\u00f3nio Pereira"},"content":{"rendered":"<p>O Ferrara Plaza, em Vale do Sousa, recebe no domingo o lan\u00e7amento em Portugal do Nestum Pro Cacau, cereal proteico sem a\u00e7\u00facares adicionados, promovido pela Nestl\u00e9. Tiago Teot\u00f3nio Pereira marca presen\u00e7a como embaixador da marca.<\/p>\n<p>A iniciativa inclui duas aulas de fitness gratuitas, com inscri\u00e7\u00e3o obrigat\u00f3ria, e uma degusta\u00e7\u00e3o do produto para o p\u00fablico. O objetivo \u00e9 promover um estilo de vida ativo.<\/p>\n<p>As atividades decorrem no piso 1 do centro comercial, com uma aula de Pump das 11h00 \u00e0s 12h00 e outra de Funcional das 16h00 \u00e0s 17h00.<\/p>\n<p>Tiago Teot\u00f3nio Pereira, ator e embaixador, participa nas sess\u00f5es e acompanha a prova do novo NESTUM Pro Cacau junto aos visitantes.<\/p>\n<p>A campanha de lan\u00e7amento \u00e9 desenvolvida pela ag\u00eancia Uzina e utiliza televis\u00e3o, r\u00e1dio, outdoors e plataformas digitais para a promo\u00e7\u00e3o.<\/p>\n<p>O NESTUM Pro Cacau apresenta 25 g de prote\u00edna por 100 g e n\u00e3o cont\u00e9m a\u00e7\u00facares adicionados, mantendo o sabor tradicional da marca.<\/p>\n","protected":false},"excerpt":{"rendered":"<ul>\n<li>O Ferrara Plaza, em Vale do Sousa, recebe no domingo, 1 de fevereiro, o lan\u00e7amento em Portugal do NESTUM Pro Cacau, cereal rico em prote\u00edna.<\/li>\n<li>O evento inclui duas aulas de fitness gratuitas com inscri\u00e7\u00e3o obrigat\u00f3ria: Pump das 11h00 \u00e0s 12h00 e Funcional das 16h00 \u00e0s 17h00, no piso 1.<\/li>\n<li>Haver\u00e1 uma degusta\u00e7\u00e3o aberta a todos, com a presen\u00e7a do embaixador da marca, Tiago Teot\u00f3nio Pereira.<\/li>\n<li>As inscri\u00e7\u00f5es devem ser feitas via link disponibilizado pela organiza\u00e7\u00e3o; as vagas s\u00e3o limitadas.<\/li>\n<li>A campanha \u00e9 da Nestl\u00e9 Portugal, com a ag\u00eancia Uzina, destacando 25 g de prote\u00edna por 100 g e sem adi\u00e7\u00e3o de a\u00e7\u00facares, numa estrat\u00e9gia de comunica\u00e7\u00e3o ampla.<\/li>\n<\/ul>\n","protected":false},"author":2,"featured_media":183892,"comment_status":"closed","ping_status":"closed","sticky":false,"template":"","format":"standard","meta":{"footnotes":""},"categories":[1],"tags":[86,2464,3731,915,3645,3588],"class_list":["post-183865","post","type-post","status-publish","format-standard","has-post-thumbnail","hentry","category-noticias","tag-alimentacao","tag-atividade-fisica","tag-eventos","tag-nutricao","tag-nutricao-desportiva","tag-personalidade"],"yoast_head":"<!-- This site is optimized with the Yoast SEO plugin v27.2 - https:\/\/yoast.com\/product\/yoast-seo-wordpress\/ -->\n<title>Plaza Ferrara recebe Nestum Pro Cacau com fitness e Tiago Teot\u00f3nio Pereira - Portal Tela Portugal<\/title>\n<meta name=\"robots\" content=\"index, follow, max-snippet:-1, max-image-preview:large, max-video-preview:-1\" \/>\n<meta property=\"og:locale\" content=\"pt_PT\" \/>\n<meta property=\"og:type\" content=\"article\" \/>\n<meta property=\"og:title\" content=\"Plaza Ferrara recebe Nestum Pro Cacau com fitness e Tiago Teot\u00f3nio Pereira - Portal Tela Portugal\" \/>\n<meta property=\"og:description\" content=\"O Ferrara Plaza, em Vale do Sousa, recebe no domingo, 1 de fevereiro, o lan\u00e7amento em Portugal do NESTUM Pro Cacau, cereal rico em prote\u00edna. O evento inclui duas aulas de fitness gratuitas com inscri\u00e7\u00e3o obrigat\u00f3ria: Pump das 11h00 \u00e0s 12h00 e Funcional das 16h00 \u00e0s 17h00, no piso 1. Haver\u00e1 uma degusta\u00e7\u00e3o aberta a todos, com a presen\u00e7a do embaixador da marca, Tiago Teot\u00f3nio Pereira. As inscri\u00e7\u00f5es devem ser feitas via link disponibilizado pela organiza\u00e7\u00e3o; as vagas s\u00e3o limitadas. A campanha \u00e9 da Nestl\u00e9 Portugal, com a ag\u00eancia Uzina, destacando 25 g de prote\u00edna por 100 g e sem adi\u00e7\u00e3o de a\u00e7\u00facares, numa estrat\u00e9gia de comunica\u00e7\u00e3o ampla.\" \/>\n<meta property=\"og:url\" content=\"https:\/\/portaltela.pt\/noticias\/2026\/01\/30\/plaza-ferrara-recebe-nestum-pro-cacau-com-fitness-e-tiago-teotonio-pereira\/\" \/>\n<meta property=\"og:site_name\" content=\"Portal Tela Portugal\" \/>\n<meta property=\"article:published_time\" content=\"2026-01-30T12:17:47+00:00\" \/>\n<meta name=\"author\" content=\"Telinha\" \/>\n<meta name=\"twitter:card\" content=\"summary_large_image\" \/>\n<meta name=\"twitter:label1\" content=\"Escrito por\" \/>\n\t<meta name=\"twitter:data1\" content=\"Telinha\" \/>\n\t<meta name=\"twitter:label2\" content=\"Tempo estimado de leitura\" \/>\n\t<meta name=\"twitter:data2\" content=\"1 minuto\" \/>\n<script type=\"application\/ld+json\" class=\"yoast-schema-graph\">{\"@context\":\"https:\/\/schema.org\",\"@graph\":[{\"@type\":\"Article\",\"@id\":\"https:\/\/portaltela.pt\/noticias\/2026\/01\/30\/plaza-ferrara-recebe-nestum-pro-cacau-com-fitness-e-tiago-teotonio-pereira\/#article\",\"isPartOf\":{\"@id\":\"https:\/\/portaltela.pt\/noticias\/2026\/01\/30\/plaza-ferrara-recebe-nestum-pro-cacau-com-fitness-e-tiago-teotonio-pereira\/\"},\"author\":{\"name\":\"Telinha\",\"@id\":\"https:\/\/portaltela.pt\/#\/schema\/person\/c4278d4a6028830caff9ee44b42d32ed\"},\"headline\":\"Plaza Ferrara recebe Nestum Pro Cacau com fitness e Tiago Teot\u00f3nio Pereira\",\"datePublished\":\"2026-01-30T12:17:47+00:00\",\"mainEntityOfPage\":{\"@id\":\"https:\/\/portaltela.pt\/noticias\/2026\/01\/30\/plaza-ferrara-recebe-nestum-pro-cacau-com-fitness-e-tiago-teotonio-pereira\/\"},\"wordCount\":180,\"image\":{\"@id\":\"https:\/\/portaltela.pt\/noticias\/2026\/01\/30\/plaza-ferrara-recebe-nestum-pro-cacau-com-fitness-e-tiago-teotonio-pereira\/#primaryimage\"},\"thumbnailUrl\":\"https:\/\/portaltela.pt\/s.01k8rhncp4jt1\/2026\/01\/unnamed-file-6075.jpg\",\"keywords\":[\"alimenta\u00e7\u00e3o\",\"atividade f\u00edsica\",\"eventos\",\"nutri\u00e7\u00e3o\",\"nutri\u00e7\u00e3o desportiva\",\"personalidade\"],\"articleSection\":[\"Not\u00edcias\"],\"inLanguage\":\"pt-PT\"},{\"@type\":\"WebPage\",\"@id\":\"https:\/\/portaltela.pt\/noticias\/2026\/01\/30\/plaza-ferrara-recebe-nestum-pro-cacau-com-fitness-e-tiago-teotonio-pereira\/\",\"url\":\"https:\/\/portaltela.pt\/noticias\/2026\/01\/30\/plaza-ferrara-recebe-nestum-pro-cacau-com-fitness-e-tiago-teotonio-pereira\/\",\"name\":\"Plaza Ferrara recebe Nestum Pro Cacau com fitness e Tiago Teot\u00f3nio Pereira - Portal Tela Portugal\",\"isPartOf\":{\"@id\":\"https:\/\/portaltela.pt\/#website\"},\"primaryImageOfPage\":{\"@id\":\"https:\/\/portaltela.pt\/noticias\/2026\/01\/30\/plaza-ferrara-recebe-nestum-pro-cacau-com-fitness-e-tiago-teotonio-pereira\/#primaryimage\"},\"image\":{\"@id\":\"https:\/\/portaltela.pt\/noticias\/2026\/01\/30\/plaza-ferrara-recebe-nestum-pro-cacau-com-fitness-e-tiago-teotonio-pereira\/#primaryimage\"},\"thumbnailUrl\":\"https:\/\/portaltela.pt\/s.01k8rhncp4jt1\/2026\/01\/unnamed-file-6075.jpg\",\"datePublished\":\"2026-01-30T12:17:47+00:00\",\"author\":{\"@id\":\"https:\/\/portaltela.pt\/#\/schema\/person\/c4278d4a6028830caff9ee44b42d32ed\"},\"breadcrumb\":{\"@id\":\"https:\/\/portaltela.pt\/noticias\/2026\/01\/30\/plaza-ferrara-recebe-nestum-pro-cacau-com-fitness-e-tiago-teotonio-pereira\/#breadcrumb\"},\"inLanguage\":\"pt-PT\",\"potentialAction\":[{\"@type\":\"ReadAction\",\"target\":[\"https:\/\/portaltela.pt\/noticias\/2026\/01\/30\/plaza-ferrara-recebe-nestum-pro-cacau-com-fitness-e-tiago-teotonio-pereira\/\"]}]},{\"@type\":\"ImageObject\",\"inLanguage\":\"pt-PT\",\"@id\":\"https:\/\/portaltela.pt\/noticias\/2026\/01\/30\/plaza-ferrara-recebe-nestum-pro-cacau-com-fitness-e-tiago-teotonio-pereira\/#primaryimage\",\"url\":\"https:\/\/portaltela.pt\/s.01k8rhncp4jt1\/2026\/01\/unnamed-file-6075.jpg\",\"contentUrl\":\"https:\/\/portaltela.pt\/s.01k8rhncp4jt1\/2026\/01\/unnamed-file-6075.jpg\",\"width\":796,\"height\":448,\"caption\":\"Ferrara Plaza acolhe lan\u00e7amento do novo NESTUM Pro Cacau com aulas de fitness e presen\u00e7a do embaixador Tiago Teot\u00f3nio Pereira\"},{\"@type\":\"BreadcrumbList\",\"@id\":\"https:\/\/portaltela.pt\/noticias\/2026\/01\/30\/plaza-ferrara-recebe-nestum-pro-cacau-com-fitness-e-tiago-teotonio-pereira\/#breadcrumb\",\"itemListElement\":[{\"@type\":\"ListItem\",\"position\":1,\"name\":\"In\u00edcio\",\"item\":\"https:\/\/portaltela.pt\/\"},{\"@type\":\"ListItem\",\"position\":2,\"name\":\"Plaza Ferrara recebe Nestum Pro Cacau com fitness e Tiago Teot\u00f3nio Pereira\"}]},{\"@type\":\"WebSite\",\"@id\":\"https:\/\/portaltela.pt\/#website\",\"url\":\"https:\/\/portaltela.pt\/\",\"name\":\"Portal Tela Portugal\",\"description\":\"\",\"potentialAction\":[{\"@type\":\"SearchAction\",\"target\":{\"@type\":\"EntryPoint\",\"urlTemplate\":\"https:\/\/portaltela.pt\/?s={search_term_string}\"},\"query-input\":{\"@type\":\"PropertyValueSpecification\",\"valueRequired\":true,\"valueName\":\"search_term_string\"}}],\"inLanguage\":\"pt-PT\"},{\"@type\":\"Person\",\"@id\":\"https:\/\/portaltela.pt\/#\/schema\/person\/c4278d4a6028830caff9ee44b42d32ed\",\"name\":\"Telinha\",\"image\":{\"@type\":\"ImageObject\",\"inLanguage\":\"pt-PT\",\"@id\":\"https:\/\/portaltela.pt\/s.01k8rhncp4jt1\/2025\/11\/talking-bot-125x125.png\",\"url\":\"https:\/\/portaltela.pt\/s.01k8rhncp4jt1\/2025\/11\/talking-bot-125x125.png\",\"contentUrl\":\"https:\/\/portaltela.pt\/s.01k8rhncp4jt1\/2025\/11\/talking-bot-125x125.png\",\"caption\":\"Telinha\"},\"sameAs\":[\"https:\/\/portaltela.pt\/\"],\"url\":\"https:\/\/portaltela.pt\/por\/367410592786\/\"}]}<\/script>\n<!-- \/ Yoast SEO plugin. -->","yoast_head_json":{"title":"Plaza Ferrara recebe Nestum Pro Cacau com fitness e Tiago Teot\u00f3nio Pereira - Portal Tela Portugal","robots":{"index":"index","follow":"follow","max-snippet":"max-snippet:-1","max-image-preview":"max-image-preview:large","max-video-preview":"max-video-preview:-1"},"og_locale":"pt_PT","og_type":"article","og_title":"Plaza Ferrara recebe Nestum Pro Cacau com fitness e Tiago Teot\u00f3nio Pereira - Portal Tela Portugal","og_description":"O Ferrara Plaza, em Vale do Sousa, recebe no domingo, 1 de fevereiro, o lan\u00e7amento em Portugal do NESTUM Pro Cacau, cereal rico em prote\u00edna. O evento inclui duas aulas de fitness gratuitas com inscri\u00e7\u00e3o obrigat\u00f3ria: Pump das 11h00 \u00e0s 12h00 e Funcional das 16h00 \u00e0s 17h00, no piso 1. Haver\u00e1 uma degusta\u00e7\u00e3o aberta a todos, com a presen\u00e7a do embaixador da marca, Tiago Teot\u00f3nio Pereira. As inscri\u00e7\u00f5es devem ser feitas via link disponibilizado pela organiza\u00e7\u00e3o; as vagas s\u00e3o limitadas. A campanha \u00e9 da Nestl\u00e9 Portugal, com a ag\u00eancia Uzina, destacando 25 g de prote\u00edna por 100 g e sem adi\u00e7\u00e3o de a\u00e7\u00facares, numa estrat\u00e9gia de comunica\u00e7\u00e3o ampla.","og_url":"https:\/\/portaltela.pt\/noticias\/2026\/01\/30\/plaza-ferrara-recebe-nestum-pro-cacau-com-fitness-e-tiago-teotonio-pereira\/","og_site_name":"Portal Tela Portugal","article_published_time":"2026-01-30T12:17:47+00:00","author":"Telinha","twitter_card":"summary_large_image","twitter_misc":{"Escrito por":"Telinha","Tempo estimado de leitura":"1 minuto"},"schema":{"@context":"https:\/\/schema.org","@graph":[{"@type":"Article","@id":"https:\/\/portaltela.pt\/noticias\/2026\/01\/30\/plaza-ferrara-recebe-nestum-pro-cacau-com-fitness-e-tiago-teotonio-pereira\/#article","isPartOf":{"@id":"https:\/\/portaltela.pt\/noticias\/2026\/01\/30\/plaza-ferrara-recebe-nestum-pro-cacau-com-fitness-e-tiago-teotonio-pereira\/"},"author":{"name":"Telinha","@id":"https:\/\/portaltela.pt\/#\/schema\/person\/c4278d4a6028830caff9ee44b42d32ed"},"headline":"Plaza Ferrara recebe Nestum Pro Cacau com fitness e Tiago Teot\u00f3nio Pereira","datePublished":"2026-01-30T12:17:47+00:00","mainEntityOfPage":{"@id":"https:\/\/portaltela.pt\/noticias\/2026\/01\/30\/plaza-ferrara-recebe-nestum-pro-cacau-com-fitness-e-tiago-teotonio-pereira\/"},"wordCount":180,"image":{"@id":"https:\/\/portaltela.pt\/noticias\/2026\/01\/30\/plaza-ferrara-recebe-nestum-pro-cacau-com-fitness-e-tiago-teotonio-pereira\/#primaryimage"},"thumbnailUrl":"https:\/\/portaltela.pt\/s.01k8rhncp4jt1\/2026\/01\/unnamed-file-6075.jpg","keywords":["alimenta\u00e7\u00e3o","atividade f\u00edsica","eventos","nutri\u00e7\u00e3o","nutri\u00e7\u00e3o desportiva","personalidade"],"articleSection":["Not\u00edcias"],"inLanguage":"pt-PT"},{"@type":"WebPage","@id":"https:\/\/portaltela.pt\/noticias\/2026\/01\/30\/plaza-ferrara-recebe-nestum-pro-cacau-com-fitness-e-tiago-teotonio-pereira\/","url":"https:\/\/portaltela.pt\/noticias\/2026\/01\/30\/plaza-ferrara-recebe-nestum-pro-cacau-com-fitness-e-tiago-teotonio-pereira\/","name":"Plaza Ferrara recebe Nestum Pro Cacau com fitness e Tiago Teot\u00f3nio Pereira - Portal Tela Portugal","isPartOf":{"@id":"https:\/\/portaltela.pt\/#website"},"primaryImageOfPage":{"@id":"https:\/\/portaltela.pt\/noticias\/2026\/01\/30\/plaza-ferrara-recebe-nestum-pro-cacau-com-fitness-e-tiago-teotonio-pereira\/#primaryimage"},"image":{"@id":"https:\/\/portaltela.pt\/noticias\/2026\/01\/30\/plaza-ferrara-recebe-nestum-pro-cacau-com-fitness-e-tiago-teotonio-pereira\/#primaryimage"},"thumbnailUrl":"https:\/\/portaltela.pt\/s.01k8rhncp4jt1\/2026\/01\/unnamed-file-6075.jpg","datePublished":"2026-01-30T12:17:47+00:00","author":{"@id":"https:\/\/portaltela.pt\/#\/schema\/person\/c4278d4a6028830caff9ee44b42d32ed"},"breadcrumb":{"@id":"https:\/\/portaltela.pt\/noticias\/2026\/01\/30\/plaza-ferrara-recebe-nestum-pro-cacau-com-fitness-e-tiago-teotonio-pereira\/#breadcrumb"},"inLanguage":"pt-PT","potentialAction":[{"@type":"ReadAction","target":["https:\/\/portaltela.pt\/noticias\/2026\/01\/30\/plaza-ferrara-recebe-nestum-pro-cacau-com-fitness-e-tiago-teotonio-pereira\/"]}]},{"@type":"ImageObject","inLanguage":"pt-PT","@id":"https:\/\/portaltela.pt\/noticias\/2026\/01\/30\/plaza-ferrara-recebe-nestum-pro-cacau-com-fitness-e-tiago-teotonio-pereira\/#primaryimage","url":"https:\/\/portaltela.pt\/s.01k8rhncp4jt1\/2026\/01\/unnamed-file-6075.jpg","contentUrl":"https:\/\/portaltela.pt\/s.01k8rhncp4jt1\/2026\/01\/unnamed-file-6075.jpg","width":796,"height":448,"caption":"Ferrara Plaza acolhe lan\u00e7amento do novo NESTUM Pro Cacau com aulas de fitness e presen\u00e7a do embaixador Tiago Teot\u00f3nio Pereira"},{"@type":"BreadcrumbList","@id":"https:\/\/portaltela.pt\/noticias\/2026\/01\/30\/plaza-ferrara-recebe-nestum-pro-cacau-com-fitness-e-tiago-teotonio-pereira\/#breadcrumb","itemListElement":[{"@type":"ListItem","position":1,"name":"In\u00edcio","item":"https:\/\/portaltela.pt\/"},{"@type":"ListItem","position":2,"name":"Plaza Ferrara recebe Nestum Pro Cacau com fitness e Tiago Teot\u00f3nio Pereira"}]},{"@type":"WebSite","@id":"https:\/\/portaltela.pt\/#website","url":"https:\/\/portaltela.pt\/","name":"Portal Tela Portugal","description":"","potentialAction":[{"@type":"SearchAction","target":{"@type":"EntryPoint","urlTemplate":"https:\/\/portaltela.pt\/?s={search_term_string}"},"query-input":{"@type":"PropertyValueSpecification","valueRequired":true,"valueName":"search_term_string"}}],"inLanguage":"pt-PT"},{"@type":"Person","@id":"https:\/\/portaltela.pt\/#\/schema\/person\/c4278d4a6028830caff9ee44b42d32ed","name":"Telinha","image":{"@type":"ImageObject","inLanguage":"pt-PT","@id":"https:\/\/portaltela.pt\/s.01k8rhncp4jt1\/2025\/11\/talking-bot-125x125.png","url":"https:\/\/portaltela.pt\/s.01k8rhncp4jt1\/2025\/11\/talking-bot-125x125.png","contentUrl":"https:\/\/portaltela.pt\/s.01k8rhncp4jt1\/2025\/11\/talking-bot-125x125.png","caption":"Telinha"},"sameAs":["https:\/\/portaltela.pt\/"],"url":"https:\/\/portaltela.pt\/por\/367410592786\/"}]}},"_links":{"self":[{"href":"https:\/\/portaltela.pt\/api\/wp\/v2\/posts\/183865","targetHints":{"allow":["GET"]}}],"collection":[{"href":"https:\/\/portaltela.pt\/api\/wp\/v2\/posts"}],"about":[{"href":"https:\/\/portaltela.pt\/api\/wp\/v2\/types\/post"}],"author":[{"embeddable":true,"href":"https:\/\/portaltela.pt\/api\/wp\/v2\/users\/2"}],"replies":[{"embeddable":true,"href":"https:\/\/portaltela.pt\/api\/wp\/v2\/comments?post=183865"}],"version-history":[{"count":0,"href":"https:\/\/portaltela.pt\/api\/wp\/v2\/posts\/183865\/revisions"}],"wp:featuredmedia":[{"embeddable":true,"href":"https:\/\/portaltela.pt\/api\/wp\/v2\/media\/183892"}],"wp:attachment":[{"href":"https:\/\/portaltela.pt\/api\/wp\/v2\/media?parent=183865"}],"wp:term":[{"taxonomy":"category","embeddable":true,"href":"https:\/\/portaltela.pt\/api\/wp\/v2\/categories?post=183865"},{"taxonomy":"post_tag","embeddable":true,"href":"https:\/\/portaltela.pt\/api\/wp\/v2\/tags?post=183865"}],"curies":[{"name":"wp","href":"https:\/\/api.w.org\/{rel}","templated":true}]}}