{"id":183813,"date":"2026-01-30T09:00:00","date_gmt":"2026-01-30T12:00:00","guid":{"rendered":"https:\/\/portaltela.pt\/noticias\/2026\/01\/30\/governo-conclui-designacao-da-zona-especial-de-conservacao-do-guadiana\/"},"modified":"2026-01-30T09:00:00","modified_gmt":"2026-01-30T12:00:00","slug":"governo-conclui-designacao-da-zona-especial-de-conservacao-do-guadiana","status":"publish","type":"post","link":"https:\/\/portaltela.pt\/noticias\/2026\/01\/30\/governo-conclui-designacao-da-zona-especial-de-conservacao-do-guadiana\/","title":{"rendered":"Governo conclui designa\u00e7\u00e3o da Zona Especial de Conserva\u00e7\u00e3o do Guadiana"},"content":{"rendered":"<p>O Governo concluiu a designa\u00e7\u00e3o da Zona Especial de Conserva\u00e7\u00e3o (ZEC) do Guadiana. O Conselho de Ministros aprovou, a 29 de janeiro, um Decreto-Lei que formaliza a prote\u00e7\u00e3o de habitats e de esp\u00e9cies presentes ao longo do vale inferior do Guadiana.<\/p>\n<p>A \u00e1rea abrange os concelhos de Beja, Serpa, Castro Verde, Almod\u00f4var e M\u00e9rtola, com parte do Algarve. A ZEC est\u00e1 integrada na rede Natura 2000 e visa refor\u00e7ar a gest\u00e3o ecol\u00f3gica de um territ\u00f3rio de elevado valor natural.<\/p>\n<p>Entre os ecossistemas protegidos contam-se montados de azinheira, matos mediterr\u00e2nicos e galerias ribeirinhas de salgueiros e choupos. Existem zonas h\u00famidas e cursos de \u00e1gua intermitentes, considerados essenciais para a biodiversidade.<\/p>\n<h3>Esp\u00e9cies e relev\u00e2ncia ecol\u00f3gica<\/h3>\n<p>Destacam-se o lince-ib\u00e9rico, a lontra e o c\u00e1gado-de-carapa\u00e7a-estriada, bem como v\u00e1rias esp\u00e9cies pisc\u00edcolas aut\u00f3ctones, como o saramugo, e migradores como o s\u00e1vel e a lampreia-marinha. A zona tamb\u00e9m protege o mexilh\u00e3o-do-rio, ligado \u00e0s ribeiras do Guadiana.<\/p>\n<p>A formaliza\u00e7\u00e3o da ZEC permite avan\u00e7ar com medidas de conserva\u00e7\u00e3o e monitoriza\u00e7\u00e3o mais estruturadas, assegurando a manuten\u00e7\u00e3o e recupera\u00e7\u00e3o dos habitats e esp\u00e9cies priorit\u00e1rias.<\/p>\n","protected":false},"excerpt":{"rendered":"<ul>\n<li>O Conselho de Ministros aprovou, a 29 de janeiro, um Decreto-Lei que conclui a designa\u00e7\u00e3o da Zona Especial de Conserva\u00e7\u00e3o do Guadiana.<\/li>\n<li>A ZEC est\u00e1 integrada na rede Natura 2000 e visa refor\u00e7ar a gest\u00e3o de uma \u00e1rea de elevado valor ecol\u00f3gico que abrange Beja, Serpa, Castro Verde, Almod\u00f4var e M\u00e9rtola, al\u00e9m de alguns locais do Algarve, ao longo do vale inferior do Guadiana.<\/li>\n<li>O territ\u00f3rio inclui ecossistemas como montados de azinheira, matos mediterr\u00e2nicos, galerias ribeirinhas de salgueiros e choupos, zonas h\u00famidas e cursos de \u00e1gua intermitentes.<\/li>\n<li>Destacam-se esp\u00e9cies como o lince-ib\u00e9rico, a lontra, o c\u00e1gado-de-carapa\u00e7a-estriada, o saramugo e peixes migradores como o s\u00e1vel e a lampreia-marinha.<\/li>\n<li>A formaliza\u00e7\u00e3o da ZEC permite medidas de conserva\u00e7\u00e3o e monitoriza\u00e7\u00e3o mais estruturadas para manter e recuperar habitats e esp\u00e9cies priorit\u00e1rias.<\/li>\n<\/ul>\n","protected":false},"author":2,"featured_media":183823,"comment_status":"closed","ping_status":"closed","sticky":false,"template":"","format":"standard","meta":{"footnotes":""},"categories":[1],"tags":[167,1701,4198,2409,811,2182],"class_list":["post-183813","post","type-post","status-publish","format-standard","has-post-thumbnail","hentry","category-noticias","tag-ambiente","tag-biodiversidade","tag-conservacao-da-natureza-e-da-biodiversidade","tag-guadiana","tag-protecao-ambiental","tag-zona-especial-de-conservacao"],"yoast_head":"<!-- This site is optimized with the Yoast SEO plugin v27.2 - https:\/\/yoast.com\/product\/yoast-seo-wordpress\/ -->\n<title>Governo conclui designa\u00e7\u00e3o da Zona Especial de Conserva\u00e7\u00e3o do Guadiana - Portal Tela Portugal<\/title>\n<meta name=\"robots\" content=\"index, follow, max-snippet:-1, max-image-preview:large, max-video-preview:-1\" \/>\n<meta property=\"og:locale\" content=\"pt_PT\" \/>\n<meta property=\"og:type\" content=\"article\" \/>\n<meta property=\"og:title\" content=\"Governo conclui designa\u00e7\u00e3o da Zona Especial de Conserva\u00e7\u00e3o do Guadiana - Portal Tela Portugal\" \/>\n<meta property=\"og:description\" content=\"O Conselho de Ministros aprovou, a 29 de janeiro, um Decreto-Lei que conclui a designa\u00e7\u00e3o da Zona Especial de Conserva\u00e7\u00e3o do Guadiana. A ZEC est\u00e1 integrada na rede Natura 2000 e visa refor\u00e7ar a gest\u00e3o de uma \u00e1rea de elevado valor ecol\u00f3gico que abrange Beja, Serpa, Castro Verde, Almod\u00f4var e M\u00e9rtola, al\u00e9m de alguns locais do Algarve, ao longo do vale inferior do Guadiana. O territ\u00f3rio inclui ecossistemas como montados de azinheira, matos mediterr\u00e2nicos, galerias ribeirinhas de salgueiros e choupos, zonas h\u00famidas e cursos de \u00e1gua intermitentes. Destacam-se esp\u00e9cies como o lince-ib\u00e9rico, a lontra, o c\u00e1gado-de-carapa\u00e7a-estriada, o saramugo e peixes migradores como o s\u00e1vel e a lampreia-marinha. A formaliza\u00e7\u00e3o da ZEC permite medidas de conserva\u00e7\u00e3o e monitoriza\u00e7\u00e3o mais estruturadas para manter e recuperar habitats e esp\u00e9cies priorit\u00e1rias.\" \/>\n<meta property=\"og:url\" content=\"https:\/\/portaltela.pt\/noticias\/2026\/01\/30\/governo-conclui-designacao-da-zona-especial-de-conservacao-do-guadiana\/\" \/>\n<meta property=\"og:site_name\" content=\"Portal Tela Portugal\" \/>\n<meta property=\"article:published_time\" content=\"2026-01-30T12:00:00+00:00\" \/>\n<meta name=\"author\" content=\"Telinha\" \/>\n<meta name=\"twitter:card\" content=\"summary_large_image\" \/>\n<meta name=\"twitter:label1\" content=\"Escrito por\" \/>\n\t<meta name=\"twitter:data1\" content=\"Telinha\" \/>\n\t<meta name=\"twitter:label2\" content=\"Tempo estimado de leitura\" \/>\n\t<meta name=\"twitter:data2\" content=\"1 minuto\" \/>\n<script type=\"application\/ld+json\" class=\"yoast-schema-graph\">{\"@context\":\"https:\/\/schema.org\",\"@graph\":[{\"@type\":\"Article\",\"@id\":\"https:\/\/portaltela.pt\/noticias\/2026\/01\/30\/governo-conclui-designacao-da-zona-especial-de-conservacao-do-guadiana\/#article\",\"isPartOf\":{\"@id\":\"https:\/\/portaltela.pt\/noticias\/2026\/01\/30\/governo-conclui-designacao-da-zona-especial-de-conservacao-do-guadiana\/\"},\"author\":{\"name\":\"Telinha\",\"@id\":\"https:\/\/portaltela.pt\/#\/schema\/person\/c4278d4a6028830caff9ee44b42d32ed\"},\"headline\":\"Governo conclui designa\u00e7\u00e3o da Zona Especial de Conserva\u00e7\u00e3o do Guadiana\",\"datePublished\":\"2026-01-30T12:00:00+00:00\",\"mainEntityOfPage\":{\"@id\":\"https:\/\/portaltela.pt\/noticias\/2026\/01\/30\/governo-conclui-designacao-da-zona-especial-de-conservacao-do-guadiana\/\"},\"wordCount\":216,\"image\":{\"@id\":\"https:\/\/portaltela.pt\/noticias\/2026\/01\/30\/governo-conclui-designacao-da-zona-especial-de-conservacao-do-guadiana\/#primaryimage\"},\"thumbnailUrl\":\"https:\/\/portaltela.pt\/s.01k8rhncp4jt1\/2026\/01\/rio_guadiana.jpg\",\"keywords\":[\"ambiente\",\"biodiversidade\",\"conserva\u00e7\u00e3o da natureza e da biodiversidade\",\"Guadiana\",\"prote\u00e7\u00e3o ambiental\",\"Zona Especial de Conserva\u00e7\u00e3o\"],\"articleSection\":[\"Not\u00edcias\"],\"inLanguage\":\"pt-PT\"},{\"@type\":\"WebPage\",\"@id\":\"https:\/\/portaltela.pt\/noticias\/2026\/01\/30\/governo-conclui-designacao-da-zona-especial-de-conservacao-do-guadiana\/\",\"url\":\"https:\/\/portaltela.pt\/noticias\/2026\/01\/30\/governo-conclui-designacao-da-zona-especial-de-conservacao-do-guadiana\/\",\"name\":\"Governo conclui designa\u00e7\u00e3o da Zona Especial de Conserva\u00e7\u00e3o do Guadiana - Portal Tela Portugal\",\"isPartOf\":{\"@id\":\"https:\/\/portaltela.pt\/#website\"},\"primaryImageOfPage\":{\"@id\":\"https:\/\/portaltela.pt\/noticias\/2026\/01\/30\/governo-conclui-designacao-da-zona-especial-de-conservacao-do-guadiana\/#primaryimage\"},\"image\":{\"@id\":\"https:\/\/portaltela.pt\/noticias\/2026\/01\/30\/governo-conclui-designacao-da-zona-especial-de-conservacao-do-guadiana\/#primaryimage\"},\"thumbnailUrl\":\"https:\/\/portaltela.pt\/s.01k8rhncp4jt1\/2026\/01\/rio_guadiana.jpg\",\"datePublished\":\"2026-01-30T12:00:00+00:00\",\"author\":{\"@id\":\"https:\/\/portaltela.pt\/#\/schema\/person\/c4278d4a6028830caff9ee44b42d32ed\"},\"breadcrumb\":{\"@id\":\"https:\/\/portaltela.pt\/noticias\/2026\/01\/30\/governo-conclui-designacao-da-zona-especial-de-conservacao-do-guadiana\/#breadcrumb\"},\"inLanguage\":\"pt-PT\",\"potentialAction\":[{\"@type\":\"ReadAction\",\"target\":[\"https:\/\/portaltela.pt\/noticias\/2026\/01\/30\/governo-conclui-designacao-da-zona-especial-de-conservacao-do-guadiana\/\"]}]},{\"@type\":\"ImageObject\",\"inLanguage\":\"pt-PT\",\"@id\":\"https:\/\/portaltela.pt\/noticias\/2026\/01\/30\/governo-conclui-designacao-da-zona-especial-de-conservacao-do-guadiana\/#primaryimage\",\"url\":\"https:\/\/portaltela.pt\/s.01k8rhncp4jt1\/2026\/01\/rio_guadiana.jpg\",\"contentUrl\":\"https:\/\/portaltela.pt\/s.01k8rhncp4jt1\/2026\/01\/rio_guadiana.jpg\",\"width\":796,\"height\":448,\"caption\":\"Governo conclui designa\u00e7\u00e3o da Zona Especial de Conserva\u00e7\u00e3o do Guadiana\"},{\"@type\":\"BreadcrumbList\",\"@id\":\"https:\/\/portaltela.pt\/noticias\/2026\/01\/30\/governo-conclui-designacao-da-zona-especial-de-conservacao-do-guadiana\/#breadcrumb\",\"itemListElement\":[{\"@type\":\"ListItem\",\"position\":1,\"name\":\"In\u00edcio\",\"item\":\"https:\/\/portaltela.pt\/\"},{\"@type\":\"ListItem\",\"position\":2,\"name\":\"Governo conclui designa\u00e7\u00e3o da Zona Especial de Conserva\u00e7\u00e3o do Guadiana\"}]},{\"@type\":\"WebSite\",\"@id\":\"https:\/\/portaltela.pt\/#website\",\"url\":\"https:\/\/portaltela.pt\/\",\"name\":\"Portal Tela Portugal\",\"description\":\"\",\"potentialAction\":[{\"@type\":\"SearchAction\",\"target\":{\"@type\":\"EntryPoint\",\"urlTemplate\":\"https:\/\/portaltela.pt\/?s={search_term_string}\"},\"query-input\":{\"@type\":\"PropertyValueSpecification\",\"valueRequired\":true,\"valueName\":\"search_term_string\"}}],\"inLanguage\":\"pt-PT\"},{\"@type\":\"Person\",\"@id\":\"https:\/\/portaltela.pt\/#\/schema\/person\/c4278d4a6028830caff9ee44b42d32ed\",\"name\":\"Telinha\",\"image\":{\"@type\":\"ImageObject\",\"inLanguage\":\"pt-PT\",\"@id\":\"https:\/\/portaltela.pt\/s.01k8rhncp4jt1\/2025\/11\/talking-bot-125x125.png\",\"url\":\"https:\/\/portaltela.pt\/s.01k8rhncp4jt1\/2025\/11\/talking-bot-125x125.png\",\"contentUrl\":\"https:\/\/portaltela.pt\/s.01k8rhncp4jt1\/2025\/11\/talking-bot-125x125.png\",\"caption\":\"Telinha\"},\"sameAs\":[\"https:\/\/portaltela.pt\/\"],\"url\":\"https:\/\/portaltela.pt\/por\/367410592786\/\"}]}<\/script>\n<!-- \/ Yoast SEO plugin. -->","yoast_head_json":{"title":"Governo conclui designa\u00e7\u00e3o da Zona Especial de Conserva\u00e7\u00e3o do Guadiana - Portal Tela Portugal","robots":{"index":"index","follow":"follow","max-snippet":"max-snippet:-1","max-image-preview":"max-image-preview:large","max-video-preview":"max-video-preview:-1"},"og_locale":"pt_PT","og_type":"article","og_title":"Governo conclui designa\u00e7\u00e3o da Zona Especial de Conserva\u00e7\u00e3o do Guadiana - Portal Tela Portugal","og_description":"O Conselho de Ministros aprovou, a 29 de janeiro, um Decreto-Lei que conclui a designa\u00e7\u00e3o da Zona Especial de Conserva\u00e7\u00e3o do Guadiana. A ZEC est\u00e1 integrada na rede Natura 2000 e visa refor\u00e7ar a gest\u00e3o de uma \u00e1rea de elevado valor ecol\u00f3gico que abrange Beja, Serpa, Castro Verde, Almod\u00f4var e M\u00e9rtola, al\u00e9m de alguns locais do Algarve, ao longo do vale inferior do Guadiana. O territ\u00f3rio inclui ecossistemas como montados de azinheira, matos mediterr\u00e2nicos, galerias ribeirinhas de salgueiros e choupos, zonas h\u00famidas e cursos de \u00e1gua intermitentes. Destacam-se esp\u00e9cies como o lince-ib\u00e9rico, a lontra, o c\u00e1gado-de-carapa\u00e7a-estriada, o saramugo e peixes migradores como o s\u00e1vel e a lampreia-marinha. A formaliza\u00e7\u00e3o da ZEC permite medidas de conserva\u00e7\u00e3o e monitoriza\u00e7\u00e3o mais estruturadas para manter e recuperar habitats e esp\u00e9cies priorit\u00e1rias.","og_url":"https:\/\/portaltela.pt\/noticias\/2026\/01\/30\/governo-conclui-designacao-da-zona-especial-de-conservacao-do-guadiana\/","og_site_name":"Portal Tela Portugal","article_published_time":"2026-01-30T12:00:00+00:00","author":"Telinha","twitter_card":"summary_large_image","twitter_misc":{"Escrito por":"Telinha","Tempo estimado de leitura":"1 minuto"},"schema":{"@context":"https:\/\/schema.org","@graph":[{"@type":"Article","@id":"https:\/\/portaltela.pt\/noticias\/2026\/01\/30\/governo-conclui-designacao-da-zona-especial-de-conservacao-do-guadiana\/#article","isPartOf":{"@id":"https:\/\/portaltela.pt\/noticias\/2026\/01\/30\/governo-conclui-designacao-da-zona-especial-de-conservacao-do-guadiana\/"},"author":{"name":"Telinha","@id":"https:\/\/portaltela.pt\/#\/schema\/person\/c4278d4a6028830caff9ee44b42d32ed"},"headline":"Governo conclui designa\u00e7\u00e3o da Zona Especial de Conserva\u00e7\u00e3o do Guadiana","datePublished":"2026-01-30T12:00:00+00:00","mainEntityOfPage":{"@id":"https:\/\/portaltela.pt\/noticias\/2026\/01\/30\/governo-conclui-designacao-da-zona-especial-de-conservacao-do-guadiana\/"},"wordCount":216,"image":{"@id":"https:\/\/portaltela.pt\/noticias\/2026\/01\/30\/governo-conclui-designacao-da-zona-especial-de-conservacao-do-guadiana\/#primaryimage"},"thumbnailUrl":"https:\/\/portaltela.pt\/s.01k8rhncp4jt1\/2026\/01\/rio_guadiana.jpg","keywords":["ambiente","biodiversidade","conserva\u00e7\u00e3o da natureza e da biodiversidade","Guadiana","prote\u00e7\u00e3o ambiental","Zona Especial de Conserva\u00e7\u00e3o"],"articleSection":["Not\u00edcias"],"inLanguage":"pt-PT"},{"@type":"WebPage","@id":"https:\/\/portaltela.pt\/noticias\/2026\/01\/30\/governo-conclui-designacao-da-zona-especial-de-conservacao-do-guadiana\/","url":"https:\/\/portaltela.pt\/noticias\/2026\/01\/30\/governo-conclui-designacao-da-zona-especial-de-conservacao-do-guadiana\/","name":"Governo conclui designa\u00e7\u00e3o da Zona Especial de Conserva\u00e7\u00e3o do Guadiana - Portal Tela Portugal","isPartOf":{"@id":"https:\/\/portaltela.pt\/#website"},"primaryImageOfPage":{"@id":"https:\/\/portaltela.pt\/noticias\/2026\/01\/30\/governo-conclui-designacao-da-zona-especial-de-conservacao-do-guadiana\/#primaryimage"},"image":{"@id":"https:\/\/portaltela.pt\/noticias\/2026\/01\/30\/governo-conclui-designacao-da-zona-especial-de-conservacao-do-guadiana\/#primaryimage"},"thumbnailUrl":"https:\/\/portaltela.pt\/s.01k8rhncp4jt1\/2026\/01\/rio_guadiana.jpg","datePublished":"2026-01-30T12:00:00+00:00","author":{"@id":"https:\/\/portaltela.pt\/#\/schema\/person\/c4278d4a6028830caff9ee44b42d32ed"},"breadcrumb":{"@id":"https:\/\/portaltela.pt\/noticias\/2026\/01\/30\/governo-conclui-designacao-da-zona-especial-de-conservacao-do-guadiana\/#breadcrumb"},"inLanguage":"pt-PT","potentialAction":[{"@type":"ReadAction","target":["https:\/\/portaltela.pt\/noticias\/2026\/01\/30\/governo-conclui-designacao-da-zona-especial-de-conservacao-do-guadiana\/"]}]},{"@type":"ImageObject","inLanguage":"pt-PT","@id":"https:\/\/portaltela.pt\/noticias\/2026\/01\/30\/governo-conclui-designacao-da-zona-especial-de-conservacao-do-guadiana\/#primaryimage","url":"https:\/\/portaltela.pt\/s.01k8rhncp4jt1\/2026\/01\/rio_guadiana.jpg","contentUrl":"https:\/\/portaltela.pt\/s.01k8rhncp4jt1\/2026\/01\/rio_guadiana.jpg","width":796,"height":448,"caption":"Governo conclui designa\u00e7\u00e3o da Zona Especial de Conserva\u00e7\u00e3o do Guadiana"},{"@type":"BreadcrumbList","@id":"https:\/\/portaltela.pt\/noticias\/2026\/01\/30\/governo-conclui-designacao-da-zona-especial-de-conservacao-do-guadiana\/#breadcrumb","itemListElement":[{"@type":"ListItem","position":1,"name":"In\u00edcio","item":"https:\/\/portaltela.pt\/"},{"@type":"ListItem","position":2,"name":"Governo conclui designa\u00e7\u00e3o da Zona Especial de Conserva\u00e7\u00e3o do Guadiana"}]},{"@type":"WebSite","@id":"https:\/\/portaltela.pt\/#website","url":"https:\/\/portaltela.pt\/","name":"Portal Tela Portugal","description":"","potentialAction":[{"@type":"SearchAction","target":{"@type":"EntryPoint","urlTemplate":"https:\/\/portaltela.pt\/?s={search_term_string}"},"query-input":{"@type":"PropertyValueSpecification","valueRequired":true,"valueName":"search_term_string"}}],"inLanguage":"pt-PT"},{"@type":"Person","@id":"https:\/\/portaltela.pt\/#\/schema\/person\/c4278d4a6028830caff9ee44b42d32ed","name":"Telinha","image":{"@type":"ImageObject","inLanguage":"pt-PT","@id":"https:\/\/portaltela.pt\/s.01k8rhncp4jt1\/2025\/11\/talking-bot-125x125.png","url":"https:\/\/portaltela.pt\/s.01k8rhncp4jt1\/2025\/11\/talking-bot-125x125.png","contentUrl":"https:\/\/portaltela.pt\/s.01k8rhncp4jt1\/2025\/11\/talking-bot-125x125.png","caption":"Telinha"},"sameAs":["https:\/\/portaltela.pt\/"],"url":"https:\/\/portaltela.pt\/por\/367410592786\/"}]}},"_links":{"self":[{"href":"https:\/\/portaltela.pt\/api\/wp\/v2\/posts\/183813","targetHints":{"allow":["GET"]}}],"collection":[{"href":"https:\/\/portaltela.pt\/api\/wp\/v2\/posts"}],"about":[{"href":"https:\/\/portaltela.pt\/api\/wp\/v2\/types\/post"}],"author":[{"embeddable":true,"href":"https:\/\/portaltela.pt\/api\/wp\/v2\/users\/2"}],"replies":[{"embeddable":true,"href":"https:\/\/portaltela.pt\/api\/wp\/v2\/comments?post=183813"}],"version-history":[{"count":0,"href":"https:\/\/portaltela.pt\/api\/wp\/v2\/posts\/183813\/revisions"}],"wp:featuredmedia":[{"embeddable":true,"href":"https:\/\/portaltela.pt\/api\/wp\/v2\/media\/183823"}],"wp:attachment":[{"href":"https:\/\/portaltela.pt\/api\/wp\/v2\/media?parent=183813"}],"wp:term":[{"taxonomy":"category","embeddable":true,"href":"https:\/\/portaltela.pt\/api\/wp\/v2\/categories?post=183813"},{"taxonomy":"post_tag","embeddable":true,"href":"https:\/\/portaltela.pt\/api\/wp\/v2\/tags?post=183813"}],"curies":[{"name":"wp","href":"https:\/\/api.w.org\/{rel}","templated":true}]}}