{"id":183811,"date":"2026-01-30T08:59:04","date_gmt":"2026-01-30T11:59:04","guid":{"rendered":"https:\/\/portaltela.pt\/noticias\/2026\/01\/30\/isabel-guerreiro-assume-ceo-do-santander-em-portugal\/"},"modified":"2026-01-30T08:59:04","modified_gmt":"2026-01-30T11:59:04","slug":"isabel-guerreiro-assume-ceo-do-santander-em-portugal","status":"publish","type":"post","link":"https:\/\/portaltela.pt\/noticias\/economia\/2026\/01\/30\/isabel-guerreiro-assume-ceo-do-santander-em-portugal\/","title":{"rendered":"Isabel Guerreiro assume CEO do Santander em Portugal"},"content":{"rendered":"<p>O Grupo Santander anunciou duas nomea\u00e7\u00f5es estrat\u00e9gicas para o grupo em Portugal. Isabel Guerreiro torna-se a nova CEO do Santander em Portugal, a partir de 1 de mar\u00e7o. Pedro Castro e Almeida foi nomeado Chief Risk Officer do Grupo Santander, com uma fun\u00e7\u00e3o de elevada responsabilidade a n\u00edvel internacional.<\/p>\n<p>Isabel Guerreiro atuava at\u00e9 aqui como vice-presidente do Santander Portugal e teve papel central na transforma\u00e7\u00e3o digital do banco em Portugal e na Europa. Com mais de 20 anos no sector financeiro, ingressou no Santander em 2005 e ocupou a posi\u00e7\u00e3o de administradora executiva em Portugal, liderando a rede de particulares e neg\u00f3cios, al\u00e9m de ter integrado o Supervisory Board do Santander Pol\u00f3nia.<\/p>\n<p>Licenciada em Engenharia Inform\u00e1tica pelo Instituto Superior T\u00e9cnico, Guerreiro possui um MBA do INSEAD e forma\u00e7\u00e3o complementar em Stanford, Harvard e Wharton, refor\u00e7ando a experi\u00eancia em iniciativas digitais do grupo.<\/p>\n<p>Pedro Castro e Almeida chegou ao Santander em 1993 e liderou o Santander Portugal como Presidente Executivo nos \u00faltimos sete anos. Durante o mandato, o banco promoveu uma profunda transforma\u00e7\u00e3o digital e operacional para fortalecer a rentabilidade e efici\u00eancia.<\/p>\n<p>Entre as fun\u00e7\u00f5es de Castro e Almeida est\u00e1 a lideran\u00e7a regional para a Europa e, mais recentemente, a coordena\u00e7\u00e3o da integra\u00e7\u00e3o do banco brit\u00e2nico TSB, adquirido pelo Santander ao Sabadell. A experi\u00eancia em integra\u00e7\u00f5es anteriores, como Banif e Banco Popular, levou \u00e0 sua nomea\u00e7\u00e3o para a fun\u00e7\u00e3o de risco no Grupo.<\/p>\n<p>Ana Bot\u00edn, presidente executiva do Banco Santander, sublinhou que Isabel Guerreiro \u00e9 uma l\u00edder amplamente respeitada e que personifica a cultura do Santander, com foco na melhoria cont\u00ednua e no servi\u00e7o \u00e0s equipas, aos clientes, aos acionistas e \u00e0 sociedade. Quanto a Castro e Almeida, destacou o conhecimento profundo dos neg\u00f3cios do Grupo e a abordagem disciplinada ao risco.<\/p>\n","protected":false},"excerpt":{"rendered":"<ul>\n<li>O Grupo Santander anunciou duas nomea\u00e7\u00f5es estrat\u00e9gicas: Isabel Guerreiro ser\u00e1 a nova CEO do Santander em Portugal a partir de 1 de mar\u00e7o.<\/li>\n<li>Pedro Castro e Almeida foi nomeado Chief Risk Officer do Grupo Santander, assumindo uma fun\u00e7\u00e3o de elevada responsabilidade a n\u00edvel internacional.<\/li>\n<li>Isabel Guerreiro tem mais de 20 anos de experi\u00eancia no setor financeiro, integrou o Santander em 2005 e foi respons\u00e1vel pela transforma\u00e7\u00e3o digital em Portugal e na Europa; \u00e9 licenciada em Engenharia Inform\u00e1tica e possui MBA do INSEAD.<\/li>\n<li>Pedro Castro e Almeida liderou o Santander Portugal como Presidente Executivo nos \u00faltimos sete anos e esteve \u00e0 frente da integra\u00e7\u00e3o de grandes projetos, incluindo o processo de integra\u00e7\u00e3o do banco brit\u00e2nico TSB.<\/li>\n<li>Ana Bot\u00edn elogiou as nomea\u00e7\u00f5es, destacando a lideran\u00e7a de Isabel Guerreiro e o conhecimento de neg\u00f3cios de Pedro Castro e Almeida para os novos cargos.<\/li>\n<\/ul>\n","protected":false},"author":2,"featured_media":183834,"comment_status":"closed","ping_status":"closed","sticky":false,"template":"","format":"standard","meta":{"footnotes":""},"categories":[2,1],"tags":[1144,3728,1014,1710,3173,759],"class_list":["post-183811","post","type-post","status-publish","format-standard","has-post-thumbnail","hentry","category-economia","category-noticias","tag-instituicoes","tag-liderancas","tag-portugal","tag-santander","tag-santander-portugal","tag-transformacao-digital"],"yoast_head":"<!-- This site is optimized with the Yoast SEO plugin v27.2 - https:\/\/yoast.com\/product\/yoast-seo-wordpress\/ -->\n<title>Isabel Guerreiro assume CEO do Santander em Portugal - Portal Tela Portugal<\/title>\n<meta name=\"robots\" content=\"index, follow, max-snippet:-1, max-image-preview:large, max-video-preview:-1\" \/>\n<meta property=\"og:locale\" content=\"pt_PT\" \/>\n<meta property=\"og:type\" content=\"article\" \/>\n<meta property=\"og:title\" content=\"Isabel Guerreiro assume CEO do Santander em Portugal - Portal Tela Portugal\" \/>\n<meta property=\"og:description\" content=\"O Grupo Santander anunciou duas nomea\u00e7\u00f5es estrat\u00e9gicas: Isabel Guerreiro ser\u00e1 a nova CEO do Santander em Portugal a partir de 1 de mar\u00e7o. Pedro Castro e Almeida foi nomeado Chief Risk Officer do Grupo Santander, assumindo uma fun\u00e7\u00e3o de elevada responsabilidade a n\u00edvel internacional. Isabel Guerreiro tem mais de 20 anos de experi\u00eancia no setor financeiro, integrou o Santander em 2005 e foi respons\u00e1vel pela transforma\u00e7\u00e3o digital em Portugal e na Europa; \u00e9 licenciada em Engenharia Inform\u00e1tica e possui MBA do INSEAD. Pedro Castro e Almeida liderou o Santander Portugal como Presidente Executivo nos \u00faltimos sete anos e esteve \u00e0 frente da integra\u00e7\u00e3o de grandes projetos, incluindo o processo de integra\u00e7\u00e3o do banco brit\u00e2nico TSB. Ana Bot\u00edn elogiou as nomea\u00e7\u00f5es, destacando a lideran\u00e7a de Isabel Guerreiro e o conhecimento de neg\u00f3cios de Pedro Castro e Almeida para os novos cargos.\" \/>\n<meta property=\"og:url\" content=\"https:\/\/portaltela.pt\/noticias\/2026\/01\/30\/isabel-guerreiro-assume-ceo-do-santander-em-portugal\/\" \/>\n<meta property=\"og:site_name\" content=\"Portal Tela Portugal\" \/>\n<meta property=\"article:published_time\" content=\"2026-01-30T11:59:04+00:00\" \/>\n<meta name=\"author\" content=\"Telinha\" \/>\n<meta name=\"twitter:card\" content=\"summary_large_image\" \/>\n<meta name=\"twitter:label1\" content=\"Escrito por\" \/>\n\t<meta name=\"twitter:data1\" content=\"Telinha\" \/>\n\t<meta name=\"twitter:label2\" content=\"Tempo estimado de leitura\" \/>\n\t<meta name=\"twitter:data2\" content=\"2 minutos\" \/>\n<script type=\"application\/ld+json\" class=\"yoast-schema-graph\">{\"@context\":\"https:\/\/schema.org\",\"@graph\":[{\"@type\":\"Article\",\"@id\":\"https:\/\/portaltela.pt\/noticias\/2026\/01\/30\/isabel-guerreiro-assume-ceo-do-santander-em-portugal\/#article\",\"isPartOf\":{\"@id\":\"https:\/\/portaltela.pt\/noticias\/2026\/01\/30\/isabel-guerreiro-assume-ceo-do-santander-em-portugal\/\"},\"author\":{\"name\":\"Telinha\",\"@id\":\"https:\/\/portaltela.pt\/#\/schema\/person\/c4278d4a6028830caff9ee44b42d32ed\"},\"headline\":\"Isabel Guerreiro assume CEO do Santander em Portugal\",\"datePublished\":\"2026-01-30T11:59:04+00:00\",\"mainEntityOfPage\":{\"@id\":\"https:\/\/portaltela.pt\/noticias\/2026\/01\/30\/isabel-guerreiro-assume-ceo-do-santander-em-portugal\/\"},\"wordCount\":323,\"image\":{\"@id\":\"https:\/\/portaltela.pt\/noticias\/2026\/01\/30\/isabel-guerreiro-assume-ceo-do-santander-em-portugal\/#primaryimage\"},\"thumbnailUrl\":\"https:\/\/portaltela.pt\/s.01k8rhncp4jt1\/2026\/01\/unnamed-file-6070.jpg\",\"keywords\":[\"institui\u00e7\u00f5es\",\"lideran\u00e7as\",\"Portugal\",\"Santander\",\"Santander Portugal\",\"transforma\u00e7\u00e3o digital\"],\"articleSection\":[\"Economia\",\"Not\u00edcias\"],\"inLanguage\":\"pt-PT\"},{\"@type\":\"WebPage\",\"@id\":\"https:\/\/portaltela.pt\/noticias\/2026\/01\/30\/isabel-guerreiro-assume-ceo-do-santander-em-portugal\/\",\"url\":\"https:\/\/portaltela.pt\/noticias\/2026\/01\/30\/isabel-guerreiro-assume-ceo-do-santander-em-portugal\/\",\"name\":\"Isabel Guerreiro assume CEO do Santander em Portugal - Portal Tela Portugal\",\"isPartOf\":{\"@id\":\"https:\/\/portaltela.pt\/#website\"},\"primaryImageOfPage\":{\"@id\":\"https:\/\/portaltela.pt\/noticias\/2026\/01\/30\/isabel-guerreiro-assume-ceo-do-santander-em-portugal\/#primaryimage\"},\"image\":{\"@id\":\"https:\/\/portaltela.pt\/noticias\/2026\/01\/30\/isabel-guerreiro-assume-ceo-do-santander-em-portugal\/#primaryimage\"},\"thumbnailUrl\":\"https:\/\/portaltela.pt\/s.01k8rhncp4jt1\/2026\/01\/unnamed-file-6070.jpg\",\"datePublished\":\"2026-01-30T11:59:04+00:00\",\"author\":{\"@id\":\"https:\/\/portaltela.pt\/#\/schema\/person\/c4278d4a6028830caff9ee44b42d32ed\"},\"breadcrumb\":{\"@id\":\"https:\/\/portaltela.pt\/noticias\/2026\/01\/30\/isabel-guerreiro-assume-ceo-do-santander-em-portugal\/#breadcrumb\"},\"inLanguage\":\"pt-PT\",\"potentialAction\":[{\"@type\":\"ReadAction\",\"target\":[\"https:\/\/portaltela.pt\/noticias\/2026\/01\/30\/isabel-guerreiro-assume-ceo-do-santander-em-portugal\/\"]}]},{\"@type\":\"ImageObject\",\"inLanguage\":\"pt-PT\",\"@id\":\"https:\/\/portaltela.pt\/noticias\/2026\/01\/30\/isabel-guerreiro-assume-ceo-do-santander-em-portugal\/#primaryimage\",\"url\":\"https:\/\/portaltela.pt\/s.01k8rhncp4jt1\/2026\/01\/unnamed-file-6070.jpg\",\"contentUrl\":\"https:\/\/portaltela.pt\/s.01k8rhncp4jt1\/2026\/01\/unnamed-file-6070.jpg\",\"width\":796,\"height\":448,\"caption\":\"Isabel Guerreiro \u00e9 a nova CEO do Santander em Portugal\"},{\"@type\":\"BreadcrumbList\",\"@id\":\"https:\/\/portaltela.pt\/noticias\/2026\/01\/30\/isabel-guerreiro-assume-ceo-do-santander-em-portugal\/#breadcrumb\",\"itemListElement\":[{\"@type\":\"ListItem\",\"position\":1,\"name\":\"In\u00edcio\",\"item\":\"https:\/\/portaltela.pt\/\"},{\"@type\":\"ListItem\",\"position\":2,\"name\":\"Isabel Guerreiro assume CEO do Santander em Portugal\"}]},{\"@type\":\"WebSite\",\"@id\":\"https:\/\/portaltela.pt\/#website\",\"url\":\"https:\/\/portaltela.pt\/\",\"name\":\"Portal Tela Portugal\",\"description\":\"\",\"potentialAction\":[{\"@type\":\"SearchAction\",\"target\":{\"@type\":\"EntryPoint\",\"urlTemplate\":\"https:\/\/portaltela.pt\/?s={search_term_string}\"},\"query-input\":{\"@type\":\"PropertyValueSpecification\",\"valueRequired\":true,\"valueName\":\"search_term_string\"}}],\"inLanguage\":\"pt-PT\"},{\"@type\":\"Person\",\"@id\":\"https:\/\/portaltela.pt\/#\/schema\/person\/c4278d4a6028830caff9ee44b42d32ed\",\"name\":\"Telinha\",\"image\":{\"@type\":\"ImageObject\",\"inLanguage\":\"pt-PT\",\"@id\":\"https:\/\/portaltela.pt\/s.01k8rhncp4jt1\/2025\/11\/talking-bot-125x125.png\",\"url\":\"https:\/\/portaltela.pt\/s.01k8rhncp4jt1\/2025\/11\/talking-bot-125x125.png\",\"contentUrl\":\"https:\/\/portaltela.pt\/s.01k8rhncp4jt1\/2025\/11\/talking-bot-125x125.png\",\"caption\":\"Telinha\"},\"sameAs\":[\"https:\/\/portaltela.pt\/\"],\"url\":\"https:\/\/portaltela.pt\/por\/367410592786\/\"}]}<\/script>\n<!-- \/ Yoast SEO plugin. -->","yoast_head_json":{"title":"Isabel Guerreiro assume CEO do Santander em Portugal - Portal Tela Portugal","robots":{"index":"index","follow":"follow","max-snippet":"max-snippet:-1","max-image-preview":"max-image-preview:large","max-video-preview":"max-video-preview:-1"},"og_locale":"pt_PT","og_type":"article","og_title":"Isabel Guerreiro assume CEO do Santander em Portugal - Portal Tela Portugal","og_description":"O Grupo Santander anunciou duas nomea\u00e7\u00f5es estrat\u00e9gicas: Isabel Guerreiro ser\u00e1 a nova CEO do Santander em Portugal a partir de 1 de mar\u00e7o. Pedro Castro e Almeida foi nomeado Chief Risk Officer do Grupo Santander, assumindo uma fun\u00e7\u00e3o de elevada responsabilidade a n\u00edvel internacional. Isabel Guerreiro tem mais de 20 anos de experi\u00eancia no setor financeiro, integrou o Santander em 2005 e foi respons\u00e1vel pela transforma\u00e7\u00e3o digital em Portugal e na Europa; \u00e9 licenciada em Engenharia Inform\u00e1tica e possui MBA do INSEAD. Pedro Castro e Almeida liderou o Santander Portugal como Presidente Executivo nos \u00faltimos sete anos e esteve \u00e0 frente da integra\u00e7\u00e3o de grandes projetos, incluindo o processo de integra\u00e7\u00e3o do banco brit\u00e2nico TSB. Ana Bot\u00edn elogiou as nomea\u00e7\u00f5es, destacando a lideran\u00e7a de Isabel Guerreiro e o conhecimento de neg\u00f3cios de Pedro Castro e Almeida para os novos cargos.","og_url":"https:\/\/portaltela.pt\/noticias\/2026\/01\/30\/isabel-guerreiro-assume-ceo-do-santander-em-portugal\/","og_site_name":"Portal Tela Portugal","article_published_time":"2026-01-30T11:59:04+00:00","author":"Telinha","twitter_card":"summary_large_image","twitter_misc":{"Escrito por":"Telinha","Tempo estimado de leitura":"2 minutos"},"schema":{"@context":"https:\/\/schema.org","@graph":[{"@type":"Article","@id":"https:\/\/portaltela.pt\/noticias\/2026\/01\/30\/isabel-guerreiro-assume-ceo-do-santander-em-portugal\/#article","isPartOf":{"@id":"https:\/\/portaltela.pt\/noticias\/2026\/01\/30\/isabel-guerreiro-assume-ceo-do-santander-em-portugal\/"},"author":{"name":"Telinha","@id":"https:\/\/portaltela.pt\/#\/schema\/person\/c4278d4a6028830caff9ee44b42d32ed"},"headline":"Isabel Guerreiro assume CEO do Santander em Portugal","datePublished":"2026-01-30T11:59:04+00:00","mainEntityOfPage":{"@id":"https:\/\/portaltela.pt\/noticias\/2026\/01\/30\/isabel-guerreiro-assume-ceo-do-santander-em-portugal\/"},"wordCount":323,"image":{"@id":"https:\/\/portaltela.pt\/noticias\/2026\/01\/30\/isabel-guerreiro-assume-ceo-do-santander-em-portugal\/#primaryimage"},"thumbnailUrl":"https:\/\/portaltela.pt\/s.01k8rhncp4jt1\/2026\/01\/unnamed-file-6070.jpg","keywords":["institui\u00e7\u00f5es","lideran\u00e7as","Portugal","Santander","Santander Portugal","transforma\u00e7\u00e3o digital"],"articleSection":["Economia","Not\u00edcias"],"inLanguage":"pt-PT"},{"@type":"WebPage","@id":"https:\/\/portaltela.pt\/noticias\/2026\/01\/30\/isabel-guerreiro-assume-ceo-do-santander-em-portugal\/","url":"https:\/\/portaltela.pt\/noticias\/2026\/01\/30\/isabel-guerreiro-assume-ceo-do-santander-em-portugal\/","name":"Isabel Guerreiro assume CEO do Santander em Portugal - Portal Tela Portugal","isPartOf":{"@id":"https:\/\/portaltela.pt\/#website"},"primaryImageOfPage":{"@id":"https:\/\/portaltela.pt\/noticias\/2026\/01\/30\/isabel-guerreiro-assume-ceo-do-santander-em-portugal\/#primaryimage"},"image":{"@id":"https:\/\/portaltela.pt\/noticias\/2026\/01\/30\/isabel-guerreiro-assume-ceo-do-santander-em-portugal\/#primaryimage"},"thumbnailUrl":"https:\/\/portaltela.pt\/s.01k8rhncp4jt1\/2026\/01\/unnamed-file-6070.jpg","datePublished":"2026-01-30T11:59:04+00:00","author":{"@id":"https:\/\/portaltela.pt\/#\/schema\/person\/c4278d4a6028830caff9ee44b42d32ed"},"breadcrumb":{"@id":"https:\/\/portaltela.pt\/noticias\/2026\/01\/30\/isabel-guerreiro-assume-ceo-do-santander-em-portugal\/#breadcrumb"},"inLanguage":"pt-PT","potentialAction":[{"@type":"ReadAction","target":["https:\/\/portaltela.pt\/noticias\/2026\/01\/30\/isabel-guerreiro-assume-ceo-do-santander-em-portugal\/"]}]},{"@type":"ImageObject","inLanguage":"pt-PT","@id":"https:\/\/portaltela.pt\/noticias\/2026\/01\/30\/isabel-guerreiro-assume-ceo-do-santander-em-portugal\/#primaryimage","url":"https:\/\/portaltela.pt\/s.01k8rhncp4jt1\/2026\/01\/unnamed-file-6070.jpg","contentUrl":"https:\/\/portaltela.pt\/s.01k8rhncp4jt1\/2026\/01\/unnamed-file-6070.jpg","width":796,"height":448,"caption":"Isabel Guerreiro \u00e9 a nova CEO do Santander em Portugal"},{"@type":"BreadcrumbList","@id":"https:\/\/portaltela.pt\/noticias\/2026\/01\/30\/isabel-guerreiro-assume-ceo-do-santander-em-portugal\/#breadcrumb","itemListElement":[{"@type":"ListItem","position":1,"name":"In\u00edcio","item":"https:\/\/portaltela.pt\/"},{"@type":"ListItem","position":2,"name":"Isabel Guerreiro assume CEO do Santander em Portugal"}]},{"@type":"WebSite","@id":"https:\/\/portaltela.pt\/#website","url":"https:\/\/portaltela.pt\/","name":"Portal Tela Portugal","description":"","potentialAction":[{"@type":"SearchAction","target":{"@type":"EntryPoint","urlTemplate":"https:\/\/portaltela.pt\/?s={search_term_string}"},"query-input":{"@type":"PropertyValueSpecification","valueRequired":true,"valueName":"search_term_string"}}],"inLanguage":"pt-PT"},{"@type":"Person","@id":"https:\/\/portaltela.pt\/#\/schema\/person\/c4278d4a6028830caff9ee44b42d32ed","name":"Telinha","image":{"@type":"ImageObject","inLanguage":"pt-PT","@id":"https:\/\/portaltela.pt\/s.01k8rhncp4jt1\/2025\/11\/talking-bot-125x125.png","url":"https:\/\/portaltela.pt\/s.01k8rhncp4jt1\/2025\/11\/talking-bot-125x125.png","contentUrl":"https:\/\/portaltela.pt\/s.01k8rhncp4jt1\/2025\/11\/talking-bot-125x125.png","caption":"Telinha"},"sameAs":["https:\/\/portaltela.pt\/"],"url":"https:\/\/portaltela.pt\/por\/367410592786\/"}]}},"_links":{"self":[{"href":"https:\/\/portaltela.pt\/api\/wp\/v2\/posts\/183811","targetHints":{"allow":["GET"]}}],"collection":[{"href":"https:\/\/portaltela.pt\/api\/wp\/v2\/posts"}],"about":[{"href":"https:\/\/portaltela.pt\/api\/wp\/v2\/types\/post"}],"author":[{"embeddable":true,"href":"https:\/\/portaltela.pt\/api\/wp\/v2\/users\/2"}],"replies":[{"embeddable":true,"href":"https:\/\/portaltela.pt\/api\/wp\/v2\/comments?post=183811"}],"version-history":[{"count":0,"href":"https:\/\/portaltela.pt\/api\/wp\/v2\/posts\/183811\/revisions"}],"wp:featuredmedia":[{"embeddable":true,"href":"https:\/\/portaltela.pt\/api\/wp\/v2\/media\/183834"}],"wp:attachment":[{"href":"https:\/\/portaltela.pt\/api\/wp\/v2\/media?parent=183811"}],"wp:term":[{"taxonomy":"category","embeddable":true,"href":"https:\/\/portaltela.pt\/api\/wp\/v2\/categories?post=183811"},{"taxonomy":"post_tag","embeddable":true,"href":"https:\/\/portaltela.pt\/api\/wp\/v2\/tags?post=183811"}],"curies":[{"name":"wp","href":"https:\/\/api.w.org\/{rel}","templated":true}]}}