{"id":183785,"date":"2026-01-30T08:54:00","date_gmt":"2026-01-30T11:54:00","guid":{"rendered":"https:\/\/portaltela.pt\/noticias\/2026\/01\/30\/janeiras-animam-comunidade-de-agunchos-ribeira-de-pena\/"},"modified":"2026-01-30T08:54:00","modified_gmt":"2026-01-30T11:54:00","slug":"janeiras-animam-comunidade-de-agunchos-ribeira-de-pena","status":"publish","type":"post","link":"https:\/\/portaltela.pt\/noticias\/2026\/01\/30\/janeiras-animam-comunidade-de-agunchos-ribeira-de-pena\/","title":{"rendered":"Janeiras animam comunidade de Agunchos, Ribeira de Pena"},"content":{"rendered":"<p>O encontro de Cantares das Janeiras aconteceu no passado dia 25 de janeiro, organizado pela Associa\u00e7\u00e3o Cultural e Desportiva de Agunchos, com o objetivo de preservar tradi\u00e7\u00f5es populares da regi\u00e3o de Ribeira de Pena.<\/p>\n<p>O evento contou com o apoio da C\u00e2mara Municipal de Ribeira de Pena e da Junta de Freguesia de Cerva e Lim\u00f5es, que participaram na organiza\u00e7\u00e3o e na presen\u00e7a de v\u00e1rios membros da autarquia.<\/p>\n<p>A vereadora In\u00eas Torres Pereira destacou a import\u00e2ncia do trabalho dos grupos participantes e da comiss\u00e3o organizadora, sublinhando o valor da preserva\u00e7\u00e3o das tradi\u00e7\u00f5es para a identidade local e para a coes\u00e3o da comunidade.<\/p>\n<p>Participaram no encontro o grupo de Agunchos, a Casa do Povo de Cerva, os Amigos de Cerva, Ra\u00edzes do P\u00f3io, o Unidos de Cerva, o Coral de Cerva e o grupo Vale das Montanhas, proporcionando momentos de m\u00fasica e conv\u00edvio.<\/p>\n<p>Ao longo da tarde houve atua\u00e7\u00e3o dos grupos e, no encerramento, seguiu-se uma confraterniza\u00e7\u00e3o com lanche, composto por bifanas no p\u00e3o, promovendo proximidade entre os presentes.<\/p>\n<p>A iniciativa insere-se na continuidade das Janeiras populares, fortalecendo o papel da comunidade na valoriza\u00e7\u00e3o da tradi\u00e7\u00e3o e na promo\u00e7\u00e3o de atividades culturais locais.<\/p>\n","protected":false},"excerpt":{"rendered":"<ul>\n<li>No dia 25 de janeiro, a Associa\u00e7\u00e3o Cultural e Desportiva de Agunchos realizou o Encontro de Cantares das Janeiras em Agunchos, no \u00e2mbito da preserva\u00e7\u00e3o das tradi\u00e7\u00f5es populares.<\/li>\n<li>O evento contou com o apoio da C\u00e2mara Municipal de Ribeira de Pena e da Junta de Freguesia de Cerva e Lim\u00f5es, com a presen\u00e7a de v\u00e1rios membros da autarquia.<\/li>\n<li>A vereadora In\u00eas Torres Pereira agradeceu o envolvimento dos grupos participantes e da organiza\u00e7\u00e3o, destacando a preserva\u00e7\u00e3o das tradi\u00e7\u00f5es e a valoriza\u00e7\u00e3o da identidade local.<\/li>\n<li>Participaram os grupos: Agunchos, Casa do Povo de Cerva, Amigos de Cerva, Ra\u00edzes do P\u00f3io, Unidos de Cerva, Coral de Cerva e Vale das Montanhas.<\/li>\n<li>O encontro terminou com uma confraterniza\u00e7\u00e3o e lanche, com bifanas no p\u00e3o.<\/li>\n<\/ul>\n","protected":false},"author":2,"featured_media":0,"comment_status":"closed","ping_status":"closed","sticky":false,"template":"","format":"standard","meta":{"footnotes":""},"categories":[1],"tags":[1392,3035,145,3731,4311,146],"class_list":["post-183785","post","type-post","status-publish","format-standard","hentry","category-noticias","tag-cerva","tag-comunidade","tag-cultura","tag-eventos","tag-juntas-de-freguesia","tag-tradicoes"],"yoast_head":"<!-- This site is optimized with the Yoast SEO plugin v27.2 - https:\/\/yoast.com\/product\/yoast-seo-wordpress\/ -->\n<title>Janeiras animam comunidade de Agunchos, Ribeira de Pena - Portal Tela Portugal<\/title>\n<meta name=\"robots\" content=\"index, follow, max-snippet:-1, max-image-preview:large, max-video-preview:-1\" \/>\n<meta property=\"og:locale\" content=\"pt_PT\" \/>\n<meta property=\"og:type\" content=\"article\" \/>\n<meta property=\"og:title\" content=\"Janeiras animam comunidade de Agunchos, Ribeira de Pena - Portal Tela Portugal\" \/>\n<meta property=\"og:description\" content=\"No dia 25 de janeiro, a Associa\u00e7\u00e3o Cultural e Desportiva de Agunchos realizou o Encontro de Cantares das Janeiras em Agunchos, no \u00e2mbito da preserva\u00e7\u00e3o das tradi\u00e7\u00f5es populares. O evento contou com o apoio da C\u00e2mara Municipal de Ribeira de Pena e da Junta de Freguesia de Cerva e Lim\u00f5es, com a presen\u00e7a de v\u00e1rios membros da autarquia. A vereadora In\u00eas Torres Pereira agradeceu o envolvimento dos grupos participantes e da organiza\u00e7\u00e3o, destacando a preserva\u00e7\u00e3o das tradi\u00e7\u00f5es e a valoriza\u00e7\u00e3o da identidade local. Participaram os grupos: Agunchos, Casa do Povo de Cerva, Amigos de Cerva, Ra\u00edzes do P\u00f3io, Unidos de Cerva, Coral de Cerva e Vale das Montanhas. O encontro terminou com uma confraterniza\u00e7\u00e3o e lanche, com bifanas no p\u00e3o.\" \/>\n<meta property=\"og:url\" content=\"https:\/\/portaltela.pt\/noticias\/2026\/01\/30\/janeiras-animam-comunidade-de-agunchos-ribeira-de-pena\/\" \/>\n<meta property=\"og:site_name\" content=\"Portal Tela Portugal\" \/>\n<meta property=\"article:published_time\" content=\"2026-01-30T11:54:00+00:00\" \/>\n<meta name=\"author\" content=\"Telinha\" \/>\n<meta name=\"twitter:card\" content=\"summary_large_image\" \/>\n<meta name=\"twitter:label1\" content=\"Escrito por\" \/>\n\t<meta name=\"twitter:data1\" content=\"Telinha\" \/>\n\t<meta name=\"twitter:label2\" content=\"Tempo estimado de leitura\" \/>\n\t<meta name=\"twitter:data2\" content=\"1 minuto\" \/>\n<script type=\"application\/ld+json\" class=\"yoast-schema-graph\">{\"@context\":\"https:\/\/schema.org\",\"@graph\":[{\"@type\":\"Article\",\"@id\":\"https:\/\/portaltela.pt\/noticias\/2026\/01\/30\/janeiras-animam-comunidade-de-agunchos-ribeira-de-pena\/#article\",\"isPartOf\":{\"@id\":\"https:\/\/portaltela.pt\/noticias\/2026\/01\/30\/janeiras-animam-comunidade-de-agunchos-ribeira-de-pena\/\"},\"author\":{\"name\":\"Telinha\",\"@id\":\"https:\/\/portaltela.pt\/#\/schema\/person\/c4278d4a6028830caff9ee44b42d32ed\"},\"headline\":\"Janeiras animam comunidade de Agunchos, Ribeira de Pena\",\"datePublished\":\"2026-01-30T11:54:00+00:00\",\"mainEntityOfPage\":{\"@id\":\"https:\/\/portaltela.pt\/noticias\/2026\/01\/30\/janeiras-animam-comunidade-de-agunchos-ribeira-de-pena\/\"},\"wordCount\":223,\"keywords\":[\"Cerva\",\"comunidade\",\"cultura\",\"eventos\",\"juntas de freguesia\",\"tradi\u00e7\u00f5es\"],\"articleSection\":[\"Not\u00edcias\"],\"inLanguage\":\"pt-PT\"},{\"@type\":\"WebPage\",\"@id\":\"https:\/\/portaltela.pt\/noticias\/2026\/01\/30\/janeiras-animam-comunidade-de-agunchos-ribeira-de-pena\/\",\"url\":\"https:\/\/portaltela.pt\/noticias\/2026\/01\/30\/janeiras-animam-comunidade-de-agunchos-ribeira-de-pena\/\",\"name\":\"Janeiras animam comunidade de Agunchos, Ribeira de Pena - Portal Tela Portugal\",\"isPartOf\":{\"@id\":\"https:\/\/portaltela.pt\/#website\"},\"datePublished\":\"2026-01-30T11:54:00+00:00\",\"author\":{\"@id\":\"https:\/\/portaltela.pt\/#\/schema\/person\/c4278d4a6028830caff9ee44b42d32ed\"},\"breadcrumb\":{\"@id\":\"https:\/\/portaltela.pt\/noticias\/2026\/01\/30\/janeiras-animam-comunidade-de-agunchos-ribeira-de-pena\/#breadcrumb\"},\"inLanguage\":\"pt-PT\",\"potentialAction\":[{\"@type\":\"ReadAction\",\"target\":[\"https:\/\/portaltela.pt\/noticias\/2026\/01\/30\/janeiras-animam-comunidade-de-agunchos-ribeira-de-pena\/\"]}]},{\"@type\":\"BreadcrumbList\",\"@id\":\"https:\/\/portaltela.pt\/noticias\/2026\/01\/30\/janeiras-animam-comunidade-de-agunchos-ribeira-de-pena\/#breadcrumb\",\"itemListElement\":[{\"@type\":\"ListItem\",\"position\":1,\"name\":\"In\u00edcio\",\"item\":\"https:\/\/portaltela.pt\/\"},{\"@type\":\"ListItem\",\"position\":2,\"name\":\"Janeiras animam comunidade de Agunchos, Ribeira de Pena\"}]},{\"@type\":\"WebSite\",\"@id\":\"https:\/\/portaltela.pt\/#website\",\"url\":\"https:\/\/portaltela.pt\/\",\"name\":\"Portal Tela Portugal\",\"description\":\"\",\"potentialAction\":[{\"@type\":\"SearchAction\",\"target\":{\"@type\":\"EntryPoint\",\"urlTemplate\":\"https:\/\/portaltela.pt\/?s={search_term_string}\"},\"query-input\":{\"@type\":\"PropertyValueSpecification\",\"valueRequired\":true,\"valueName\":\"search_term_string\"}}],\"inLanguage\":\"pt-PT\"},{\"@type\":\"Person\",\"@id\":\"https:\/\/portaltela.pt\/#\/schema\/person\/c4278d4a6028830caff9ee44b42d32ed\",\"name\":\"Telinha\",\"image\":{\"@type\":\"ImageObject\",\"inLanguage\":\"pt-PT\",\"@id\":\"https:\/\/portaltela.pt\/s.01k8rhncp4jt1\/2025\/11\/talking-bot-125x125.png\",\"url\":\"https:\/\/portaltela.pt\/s.01k8rhncp4jt1\/2025\/11\/talking-bot-125x125.png\",\"contentUrl\":\"https:\/\/portaltela.pt\/s.01k8rhncp4jt1\/2025\/11\/talking-bot-125x125.png\",\"caption\":\"Telinha\"},\"sameAs\":[\"https:\/\/portaltela.pt\/\"],\"url\":\"https:\/\/portaltela.pt\/por\/367410592786\/\"}]}<\/script>\n<!-- \/ Yoast SEO plugin. -->","yoast_head_json":{"title":"Janeiras animam comunidade de Agunchos, Ribeira de Pena - Portal Tela Portugal","robots":{"index":"index","follow":"follow","max-snippet":"max-snippet:-1","max-image-preview":"max-image-preview:large","max-video-preview":"max-video-preview:-1"},"og_locale":"pt_PT","og_type":"article","og_title":"Janeiras animam comunidade de Agunchos, Ribeira de Pena - Portal Tela Portugal","og_description":"No dia 25 de janeiro, a Associa\u00e7\u00e3o Cultural e Desportiva de Agunchos realizou o Encontro de Cantares das Janeiras em Agunchos, no \u00e2mbito da preserva\u00e7\u00e3o das tradi\u00e7\u00f5es populares. O evento contou com o apoio da C\u00e2mara Municipal de Ribeira de Pena e da Junta de Freguesia de Cerva e Lim\u00f5es, com a presen\u00e7a de v\u00e1rios membros da autarquia. A vereadora In\u00eas Torres Pereira agradeceu o envolvimento dos grupos participantes e da organiza\u00e7\u00e3o, destacando a preserva\u00e7\u00e3o das tradi\u00e7\u00f5es e a valoriza\u00e7\u00e3o da identidade local. Participaram os grupos: Agunchos, Casa do Povo de Cerva, Amigos de Cerva, Ra\u00edzes do P\u00f3io, Unidos de Cerva, Coral de Cerva e Vale das Montanhas. O encontro terminou com uma confraterniza\u00e7\u00e3o e lanche, com bifanas no p\u00e3o.","og_url":"https:\/\/portaltela.pt\/noticias\/2026\/01\/30\/janeiras-animam-comunidade-de-agunchos-ribeira-de-pena\/","og_site_name":"Portal Tela Portugal","article_published_time":"2026-01-30T11:54:00+00:00","author":"Telinha","twitter_card":"summary_large_image","twitter_misc":{"Escrito por":"Telinha","Tempo estimado de leitura":"1 minuto"},"schema":{"@context":"https:\/\/schema.org","@graph":[{"@type":"Article","@id":"https:\/\/portaltela.pt\/noticias\/2026\/01\/30\/janeiras-animam-comunidade-de-agunchos-ribeira-de-pena\/#article","isPartOf":{"@id":"https:\/\/portaltela.pt\/noticias\/2026\/01\/30\/janeiras-animam-comunidade-de-agunchos-ribeira-de-pena\/"},"author":{"name":"Telinha","@id":"https:\/\/portaltela.pt\/#\/schema\/person\/c4278d4a6028830caff9ee44b42d32ed"},"headline":"Janeiras animam comunidade de Agunchos, Ribeira de Pena","datePublished":"2026-01-30T11:54:00+00:00","mainEntityOfPage":{"@id":"https:\/\/portaltela.pt\/noticias\/2026\/01\/30\/janeiras-animam-comunidade-de-agunchos-ribeira-de-pena\/"},"wordCount":223,"keywords":["Cerva","comunidade","cultura","eventos","juntas de freguesia","tradi\u00e7\u00f5es"],"articleSection":["Not\u00edcias"],"inLanguage":"pt-PT"},{"@type":"WebPage","@id":"https:\/\/portaltela.pt\/noticias\/2026\/01\/30\/janeiras-animam-comunidade-de-agunchos-ribeira-de-pena\/","url":"https:\/\/portaltela.pt\/noticias\/2026\/01\/30\/janeiras-animam-comunidade-de-agunchos-ribeira-de-pena\/","name":"Janeiras animam comunidade de Agunchos, Ribeira de Pena - Portal Tela Portugal","isPartOf":{"@id":"https:\/\/portaltela.pt\/#website"},"datePublished":"2026-01-30T11:54:00+00:00","author":{"@id":"https:\/\/portaltela.pt\/#\/schema\/person\/c4278d4a6028830caff9ee44b42d32ed"},"breadcrumb":{"@id":"https:\/\/portaltela.pt\/noticias\/2026\/01\/30\/janeiras-animam-comunidade-de-agunchos-ribeira-de-pena\/#breadcrumb"},"inLanguage":"pt-PT","potentialAction":[{"@type":"ReadAction","target":["https:\/\/portaltela.pt\/noticias\/2026\/01\/30\/janeiras-animam-comunidade-de-agunchos-ribeira-de-pena\/"]}]},{"@type":"BreadcrumbList","@id":"https:\/\/portaltela.pt\/noticias\/2026\/01\/30\/janeiras-animam-comunidade-de-agunchos-ribeira-de-pena\/#breadcrumb","itemListElement":[{"@type":"ListItem","position":1,"name":"In\u00edcio","item":"https:\/\/portaltela.pt\/"},{"@type":"ListItem","position":2,"name":"Janeiras animam comunidade de Agunchos, Ribeira de Pena"}]},{"@type":"WebSite","@id":"https:\/\/portaltela.pt\/#website","url":"https:\/\/portaltela.pt\/","name":"Portal Tela Portugal","description":"","potentialAction":[{"@type":"SearchAction","target":{"@type":"EntryPoint","urlTemplate":"https:\/\/portaltela.pt\/?s={search_term_string}"},"query-input":{"@type":"PropertyValueSpecification","valueRequired":true,"valueName":"search_term_string"}}],"inLanguage":"pt-PT"},{"@type":"Person","@id":"https:\/\/portaltela.pt\/#\/schema\/person\/c4278d4a6028830caff9ee44b42d32ed","name":"Telinha","image":{"@type":"ImageObject","inLanguage":"pt-PT","@id":"https:\/\/portaltela.pt\/s.01k8rhncp4jt1\/2025\/11\/talking-bot-125x125.png","url":"https:\/\/portaltela.pt\/s.01k8rhncp4jt1\/2025\/11\/talking-bot-125x125.png","contentUrl":"https:\/\/portaltela.pt\/s.01k8rhncp4jt1\/2025\/11\/talking-bot-125x125.png","caption":"Telinha"},"sameAs":["https:\/\/portaltela.pt\/"],"url":"https:\/\/portaltela.pt\/por\/367410592786\/"}]}},"_links":{"self":[{"href":"https:\/\/portaltela.pt\/api\/wp\/v2\/posts\/183785","targetHints":{"allow":["GET"]}}],"collection":[{"href":"https:\/\/portaltela.pt\/api\/wp\/v2\/posts"}],"about":[{"href":"https:\/\/portaltela.pt\/api\/wp\/v2\/types\/post"}],"author":[{"embeddable":true,"href":"https:\/\/portaltela.pt\/api\/wp\/v2\/users\/2"}],"replies":[{"embeddable":true,"href":"https:\/\/portaltela.pt\/api\/wp\/v2\/comments?post=183785"}],"version-history":[{"count":0,"href":"https:\/\/portaltela.pt\/api\/wp\/v2\/posts\/183785\/revisions"}],"wp:attachment":[{"href":"https:\/\/portaltela.pt\/api\/wp\/v2\/media?parent=183785"}],"wp:term":[{"taxonomy":"category","embeddable":true,"href":"https:\/\/portaltela.pt\/api\/wp\/v2\/categories?post=183785"},{"taxonomy":"post_tag","embeddable":true,"href":"https:\/\/portaltela.pt\/api\/wp\/v2\/tags?post=183785"}],"curies":[{"name":"wp","href":"https:\/\/api.w.org\/{rel}","templated":true}]}}