{"id":183772,"date":"2026-01-30T08:45:55","date_gmt":"2026-01-30T11:45:55","guid":{"rendered":"https:\/\/portaltela.pt\/noticias\/2026\/01\/30\/montemor-o-novo-recebe-a-3-a-prova-do-criterio-paulo-guerra\/"},"modified":"2026-01-30T08:45:55","modified_gmt":"2026-01-30T11:45:55","slug":"montemor-o-novo-recebe-a-3-a-prova-do-criterio-paulo-guerra","status":"publish","type":"post","link":"https:\/\/portaltela.pt\/desporto\/2026\/01\/30\/montemor-o-novo-recebe-a-3-a-prova-do-criterio-paulo-guerra\/","title":{"rendered":"Montemor-o-Novo recebe a 3.\u00aa prova do Crit\u00e9rio Paulo Guerra"},"content":{"rendered":"<p>O Parque de Exposi\u00e7\u00f5es de Montemor-o-Novo recebeu, no s\u00e1bado passado, dia 24 de janeiro, a terceira etapa da XXVII edi\u00e7\u00e3o do Crit\u00e9rio Corta-Mato Paulo Guerra. A prova desenrolou-se num tra\u00e7ado duro, com lama, vento e frio a marcar o percurso.<\/p>\n<p>A organiza\u00e7\u00e3o ficou a cargo da Associa\u00e7\u00e3o de Atletismo de \u00c9vora (AAE), em parceria com a CIMAC e o Munic\u00edpio. A presen\u00e7a especial ficou a cargo de Paulo Guerra, vice-presidente da Federa\u00e7\u00e3o Portuguesa de Atletismo, que acompanhou a competi\u00e7\u00e3o e a entrega de pr\u00e9mios, ao lado do Vereador do Desporto, Francisco Martins.<\/p>\n<p>Centenas de atletas, desde Benjamins at\u00e9 Masters 60, marcaram presen\u00e7a, num encontro de adversidade e esp\u00edrito de competi\u00e7\u00e3o. O resultado do dia refletiu a determina\u00e7\u00e3o dos clubes e treinadores frente \u00e0s condi\u00e7\u00f5es adversas.<\/p>\n<h3>Apoiadores e agradecimentos<\/h3>\n<p>A autarquia destacou publicamente o trabalho dos t\u00e9cnicos municipais e da Sec\u00e7\u00e3o de Atletismo dos Bombeiros Volunt\u00e1rios de Montemor-o-Novo, cujo apoio log\u00edstico foi decisivo para a realiza\u00e7\u00e3o do evento.<\/p>\n<p>A meteorologia adversa n\u00e3o diminuiu o conv\u00edvio entre participantes e organizadores, que reiteraram o objetivo de manter a prova como refer\u00eancia da regi\u00e3o.<\/p>\n<p>A terceira etapa encerra-se com balan\u00e7os preliminares sobre a participa\u00e7\u00e3o e o impacto do evento no calend\u00e1rio desportivo local, aguardando-se a divulga\u00e7\u00e3o das classifica\u00e7\u00f5es oficiais.<\/p>\n","protected":false},"excerpt":{"rendered":"<ul>\n<li>No dia 24 de janeiro, o Parque de Exposi\u00e7\u00f5es de Montemor-o-Novo recebeu a terceira etapa da XXVII Edi\u00e7\u00e3o do Crit\u00e9rio Corta-Mato Paulo Guerra.<\/li>\n<li>A prova reuniu centenas de participantes, desde Benjamins at\u00e9 Masters 60, num percurso marcado pela lama, vento e frio.<\/li>\n<li>O evento foi organizado pela Associa\u00e7\u00e3o de Atletismo de \u00c9vora, em parceria com a CIMAC e o Munic\u00edpio, com a presen\u00e7a de Paulo Guerra.<\/li>\n<li>Paulo Guerra, atual Vice-Presidente da Federa\u00e7\u00e3o Portuguesa de Atletismo, acompanhou a competi\u00e7\u00e3o e a entrega de pr\u00e9mios, ao lado do Vereador do Desporto, Francisco Martins.<\/li>\n<li>A autarquia agradeceu aos t\u00e9cnicos municipais e \u00e0 Sec\u00e7\u00e3o de Atletismo dos Bombeiros Volunt\u00e1rios de Montemor-o-Novo pela log\u00edstica que viabilizou a prova.<\/li>\n<\/ul>\n","protected":false},"author":2,"featured_media":183778,"comment_status":"closed","ping_status":"closed","sticky":false,"template":"","format":"standard","meta":{"footnotes":""},"categories":[21],"tags":[137,4397,4351,4527,152,1074],"class_list":["post-183772","post","type-post","status-publish","format-standard","has-post-thumbnail","hentry","category-desporto","tag-atletismo","tag-benjamins","tag-bombeiros-voluntarios","tag-corta-mato","tag-desporto","tag-evora"],"yoast_head":"<!-- This site is optimized with the Yoast SEO plugin v27.2 - https:\/\/yoast.com\/product\/yoast-seo-wordpress\/ -->\n<title>Montemor-o-Novo recebe a 3.\u00aa prova do Crit\u00e9rio Paulo Guerra - Portal Tela Portugal<\/title>\n<meta name=\"robots\" content=\"index, follow, max-snippet:-1, max-image-preview:large, max-video-preview:-1\" \/>\n<meta property=\"og:locale\" content=\"pt_PT\" \/>\n<meta property=\"og:type\" content=\"article\" \/>\n<meta property=\"og:title\" content=\"Montemor-o-Novo recebe a 3.\u00aa prova do Crit\u00e9rio Paulo Guerra - Portal Tela Portugal\" \/>\n<meta property=\"og:description\" content=\"No dia 24 de janeiro, o Parque de Exposi\u00e7\u00f5es de Montemor-o-Novo recebeu a terceira etapa da XXVII Edi\u00e7\u00e3o do Crit\u00e9rio Corta-Mato Paulo Guerra. A prova reuniu centenas de participantes, desde Benjamins at\u00e9 Masters 60, num percurso marcado pela lama, vento e frio. O evento foi organizado pela Associa\u00e7\u00e3o de Atletismo de \u00c9vora, em parceria com a CIMAC e o Munic\u00edpio, com a presen\u00e7a de Paulo Guerra. Paulo Guerra, atual Vice-Presidente da Federa\u00e7\u00e3o Portuguesa de Atletismo, acompanhou a competi\u00e7\u00e3o e a entrega de pr\u00e9mios, ao lado do Vereador do Desporto, Francisco Martins. A autarquia agradeceu aos t\u00e9cnicos municipais e \u00e0 Sec\u00e7\u00e3o de Atletismo dos Bombeiros Volunt\u00e1rios de Montemor-o-Novo pela log\u00edstica que viabilizou a prova.\" \/>\n<meta property=\"og:url\" content=\"https:\/\/portaltela.pt\/noticias\/2026\/01\/30\/montemor-o-novo-recebe-a-3-a-prova-do-criterio-paulo-guerra\/\" \/>\n<meta property=\"og:site_name\" content=\"Portal Tela Portugal\" \/>\n<meta property=\"article:published_time\" content=\"2026-01-30T11:45:55+00:00\" \/>\n<meta name=\"author\" content=\"Telinha\" \/>\n<meta name=\"twitter:card\" content=\"summary_large_image\" \/>\n<meta name=\"twitter:label1\" content=\"Escrito por\" \/>\n\t<meta name=\"twitter:data1\" content=\"Telinha\" \/>\n\t<meta name=\"twitter:label2\" content=\"Tempo estimado de leitura\" \/>\n\t<meta name=\"twitter:data2\" content=\"1 minuto\" \/>\n<script type=\"application\/ld+json\" class=\"yoast-schema-graph\">{\"@context\":\"https:\/\/schema.org\",\"@graph\":[{\"@type\":\"Article\",\"@id\":\"https:\/\/portaltela.pt\/noticias\/2026\/01\/30\/montemor-o-novo-recebe-a-3-a-prova-do-criterio-paulo-guerra\/#article\",\"isPartOf\":{\"@id\":\"https:\/\/portaltela.pt\/noticias\/2026\/01\/30\/montemor-o-novo-recebe-a-3-a-prova-do-criterio-paulo-guerra\/\"},\"author\":{\"name\":\"Telinha\",\"@id\":\"https:\/\/portaltela.pt\/#\/schema\/person\/c4278d4a6028830caff9ee44b42d32ed\"},\"headline\":\"Montemor-o-Novo recebe a 3.\u00aa prova do Crit\u00e9rio Paulo Guerra\",\"datePublished\":\"2026-01-30T11:45:55+00:00\",\"mainEntityOfPage\":{\"@id\":\"https:\/\/portaltela.pt\/noticias\/2026\/01\/30\/montemor-o-novo-recebe-a-3-a-prova-do-criterio-paulo-guerra\/\"},\"wordCount\":243,\"image\":{\"@id\":\"https:\/\/portaltela.pt\/noticias\/2026\/01\/30\/montemor-o-novo-recebe-a-3-a-prova-do-criterio-paulo-guerra\/#primaryimage\"},\"thumbnailUrl\":\"https:\/\/portaltela.pt\/s.01k8rhncp4jt1\/2026\/01\/617674163_1317913483715388_6561069309017150943_n.jpg\",\"keywords\":[\"atletismo\",\"Benjamins\",\"Bombeiros Volunt\u00e1rios\",\"corta-mato\",\"desporto\",\"\u00c9vora\"],\"articleSection\":[\"Desporto\"],\"inLanguage\":\"pt-PT\"},{\"@type\":\"WebPage\",\"@id\":\"https:\/\/portaltela.pt\/noticias\/2026\/01\/30\/montemor-o-novo-recebe-a-3-a-prova-do-criterio-paulo-guerra\/\",\"url\":\"https:\/\/portaltela.pt\/noticias\/2026\/01\/30\/montemor-o-novo-recebe-a-3-a-prova-do-criterio-paulo-guerra\/\",\"name\":\"Montemor-o-Novo recebe a 3.\u00aa prova do Crit\u00e9rio Paulo Guerra - Portal Tela Portugal\",\"isPartOf\":{\"@id\":\"https:\/\/portaltela.pt\/#website\"},\"primaryImageOfPage\":{\"@id\":\"https:\/\/portaltela.pt\/noticias\/2026\/01\/30\/montemor-o-novo-recebe-a-3-a-prova-do-criterio-paulo-guerra\/#primaryimage\"},\"image\":{\"@id\":\"https:\/\/portaltela.pt\/noticias\/2026\/01\/30\/montemor-o-novo-recebe-a-3-a-prova-do-criterio-paulo-guerra\/#primaryimage\"},\"thumbnailUrl\":\"https:\/\/portaltela.pt\/s.01k8rhncp4jt1\/2026\/01\/617674163_1317913483715388_6561069309017150943_n.jpg\",\"datePublished\":\"2026-01-30T11:45:55+00:00\",\"author\":{\"@id\":\"https:\/\/portaltela.pt\/#\/schema\/person\/c4278d4a6028830caff9ee44b42d32ed\"},\"breadcrumb\":{\"@id\":\"https:\/\/portaltela.pt\/noticias\/2026\/01\/30\/montemor-o-novo-recebe-a-3-a-prova-do-criterio-paulo-guerra\/#breadcrumb\"},\"inLanguage\":\"pt-PT\",\"potentialAction\":[{\"@type\":\"ReadAction\",\"target\":[\"https:\/\/portaltela.pt\/noticias\/2026\/01\/30\/montemor-o-novo-recebe-a-3-a-prova-do-criterio-paulo-guerra\/\"]}]},{\"@type\":\"ImageObject\",\"inLanguage\":\"pt-PT\",\"@id\":\"https:\/\/portaltela.pt\/noticias\/2026\/01\/30\/montemor-o-novo-recebe-a-3-a-prova-do-criterio-paulo-guerra\/#primaryimage\",\"url\":\"https:\/\/portaltela.pt\/s.01k8rhncp4jt1\/2026\/01\/617674163_1317913483715388_6561069309017150943_n.jpg\",\"contentUrl\":\"https:\/\/portaltela.pt\/s.01k8rhncp4jt1\/2026\/01\/617674163_1317913483715388_6561069309017150943_n.jpg\",\"width\":796,\"height\":448,\"caption\":\"Lama e determina\u00e7\u00e3o: Montemor-o-Novo recebeu 3.\u00aa prova do Crit\u00e9rio Paulo Guerra\"},{\"@type\":\"BreadcrumbList\",\"@id\":\"https:\/\/portaltela.pt\/noticias\/2026\/01\/30\/montemor-o-novo-recebe-a-3-a-prova-do-criterio-paulo-guerra\/#breadcrumb\",\"itemListElement\":[{\"@type\":\"ListItem\",\"position\":1,\"name\":\"In\u00edcio\",\"item\":\"https:\/\/portaltela.pt\/\"},{\"@type\":\"ListItem\",\"position\":2,\"name\":\"Montemor-o-Novo recebe a 3.\u00aa prova do Crit\u00e9rio Paulo Guerra\"}]},{\"@type\":\"WebSite\",\"@id\":\"https:\/\/portaltela.pt\/#website\",\"url\":\"https:\/\/portaltela.pt\/\",\"name\":\"Portal Tela Portugal\",\"description\":\"\",\"potentialAction\":[{\"@type\":\"SearchAction\",\"target\":{\"@type\":\"EntryPoint\",\"urlTemplate\":\"https:\/\/portaltela.pt\/?s={search_term_string}\"},\"query-input\":{\"@type\":\"PropertyValueSpecification\",\"valueRequired\":true,\"valueName\":\"search_term_string\"}}],\"inLanguage\":\"pt-PT\"},{\"@type\":\"Person\",\"@id\":\"https:\/\/portaltela.pt\/#\/schema\/person\/c4278d4a6028830caff9ee44b42d32ed\",\"name\":\"Telinha\",\"image\":{\"@type\":\"ImageObject\",\"inLanguage\":\"pt-PT\",\"@id\":\"https:\/\/portaltela.pt\/s.01k8rhncp4jt1\/2025\/11\/talking-bot-125x125.png\",\"url\":\"https:\/\/portaltela.pt\/s.01k8rhncp4jt1\/2025\/11\/talking-bot-125x125.png\",\"contentUrl\":\"https:\/\/portaltela.pt\/s.01k8rhncp4jt1\/2025\/11\/talking-bot-125x125.png\",\"caption\":\"Telinha\"},\"sameAs\":[\"https:\/\/portaltela.pt\/\"],\"url\":\"https:\/\/portaltela.pt\/por\/367410592786\/\"}]}<\/script>\n<!-- \/ Yoast SEO plugin. -->","yoast_head_json":{"title":"Montemor-o-Novo recebe a 3.\u00aa prova do Crit\u00e9rio Paulo Guerra - Portal Tela Portugal","robots":{"index":"index","follow":"follow","max-snippet":"max-snippet:-1","max-image-preview":"max-image-preview:large","max-video-preview":"max-video-preview:-1"},"og_locale":"pt_PT","og_type":"article","og_title":"Montemor-o-Novo recebe a 3.\u00aa prova do Crit\u00e9rio Paulo Guerra - Portal Tela Portugal","og_description":"No dia 24 de janeiro, o Parque de Exposi\u00e7\u00f5es de Montemor-o-Novo recebeu a terceira etapa da XXVII Edi\u00e7\u00e3o do Crit\u00e9rio Corta-Mato Paulo Guerra. A prova reuniu centenas de participantes, desde Benjamins at\u00e9 Masters 60, num percurso marcado pela lama, vento e frio. O evento foi organizado pela Associa\u00e7\u00e3o de Atletismo de \u00c9vora, em parceria com a CIMAC e o Munic\u00edpio, com a presen\u00e7a de Paulo Guerra. Paulo Guerra, atual Vice-Presidente da Federa\u00e7\u00e3o Portuguesa de Atletismo, acompanhou a competi\u00e7\u00e3o e a entrega de pr\u00e9mios, ao lado do Vereador do Desporto, Francisco Martins. A autarquia agradeceu aos t\u00e9cnicos municipais e \u00e0 Sec\u00e7\u00e3o de Atletismo dos Bombeiros Volunt\u00e1rios de Montemor-o-Novo pela log\u00edstica que viabilizou a prova.","og_url":"https:\/\/portaltela.pt\/noticias\/2026\/01\/30\/montemor-o-novo-recebe-a-3-a-prova-do-criterio-paulo-guerra\/","og_site_name":"Portal Tela Portugal","article_published_time":"2026-01-30T11:45:55+00:00","author":"Telinha","twitter_card":"summary_large_image","twitter_misc":{"Escrito por":"Telinha","Tempo estimado de leitura":"1 minuto"},"schema":{"@context":"https:\/\/schema.org","@graph":[{"@type":"Article","@id":"https:\/\/portaltela.pt\/noticias\/2026\/01\/30\/montemor-o-novo-recebe-a-3-a-prova-do-criterio-paulo-guerra\/#article","isPartOf":{"@id":"https:\/\/portaltela.pt\/noticias\/2026\/01\/30\/montemor-o-novo-recebe-a-3-a-prova-do-criterio-paulo-guerra\/"},"author":{"name":"Telinha","@id":"https:\/\/portaltela.pt\/#\/schema\/person\/c4278d4a6028830caff9ee44b42d32ed"},"headline":"Montemor-o-Novo recebe a 3.\u00aa prova do Crit\u00e9rio Paulo Guerra","datePublished":"2026-01-30T11:45:55+00:00","mainEntityOfPage":{"@id":"https:\/\/portaltela.pt\/noticias\/2026\/01\/30\/montemor-o-novo-recebe-a-3-a-prova-do-criterio-paulo-guerra\/"},"wordCount":243,"image":{"@id":"https:\/\/portaltela.pt\/noticias\/2026\/01\/30\/montemor-o-novo-recebe-a-3-a-prova-do-criterio-paulo-guerra\/#primaryimage"},"thumbnailUrl":"https:\/\/portaltela.pt\/s.01k8rhncp4jt1\/2026\/01\/617674163_1317913483715388_6561069309017150943_n.jpg","keywords":["atletismo","Benjamins","Bombeiros Volunt\u00e1rios","corta-mato","desporto","\u00c9vora"],"articleSection":["Desporto"],"inLanguage":"pt-PT"},{"@type":"WebPage","@id":"https:\/\/portaltela.pt\/noticias\/2026\/01\/30\/montemor-o-novo-recebe-a-3-a-prova-do-criterio-paulo-guerra\/","url":"https:\/\/portaltela.pt\/noticias\/2026\/01\/30\/montemor-o-novo-recebe-a-3-a-prova-do-criterio-paulo-guerra\/","name":"Montemor-o-Novo recebe a 3.\u00aa prova do Crit\u00e9rio Paulo Guerra - Portal Tela Portugal","isPartOf":{"@id":"https:\/\/portaltela.pt\/#website"},"primaryImageOfPage":{"@id":"https:\/\/portaltela.pt\/noticias\/2026\/01\/30\/montemor-o-novo-recebe-a-3-a-prova-do-criterio-paulo-guerra\/#primaryimage"},"image":{"@id":"https:\/\/portaltela.pt\/noticias\/2026\/01\/30\/montemor-o-novo-recebe-a-3-a-prova-do-criterio-paulo-guerra\/#primaryimage"},"thumbnailUrl":"https:\/\/portaltela.pt\/s.01k8rhncp4jt1\/2026\/01\/617674163_1317913483715388_6561069309017150943_n.jpg","datePublished":"2026-01-30T11:45:55+00:00","author":{"@id":"https:\/\/portaltela.pt\/#\/schema\/person\/c4278d4a6028830caff9ee44b42d32ed"},"breadcrumb":{"@id":"https:\/\/portaltela.pt\/noticias\/2026\/01\/30\/montemor-o-novo-recebe-a-3-a-prova-do-criterio-paulo-guerra\/#breadcrumb"},"inLanguage":"pt-PT","potentialAction":[{"@type":"ReadAction","target":["https:\/\/portaltela.pt\/noticias\/2026\/01\/30\/montemor-o-novo-recebe-a-3-a-prova-do-criterio-paulo-guerra\/"]}]},{"@type":"ImageObject","inLanguage":"pt-PT","@id":"https:\/\/portaltela.pt\/noticias\/2026\/01\/30\/montemor-o-novo-recebe-a-3-a-prova-do-criterio-paulo-guerra\/#primaryimage","url":"https:\/\/portaltela.pt\/s.01k8rhncp4jt1\/2026\/01\/617674163_1317913483715388_6561069309017150943_n.jpg","contentUrl":"https:\/\/portaltela.pt\/s.01k8rhncp4jt1\/2026\/01\/617674163_1317913483715388_6561069309017150943_n.jpg","width":796,"height":448,"caption":"Lama e determina\u00e7\u00e3o: Montemor-o-Novo recebeu 3.\u00aa prova do Crit\u00e9rio Paulo Guerra"},{"@type":"BreadcrumbList","@id":"https:\/\/portaltela.pt\/noticias\/2026\/01\/30\/montemor-o-novo-recebe-a-3-a-prova-do-criterio-paulo-guerra\/#breadcrumb","itemListElement":[{"@type":"ListItem","position":1,"name":"In\u00edcio","item":"https:\/\/portaltela.pt\/"},{"@type":"ListItem","position":2,"name":"Montemor-o-Novo recebe a 3.\u00aa prova do Crit\u00e9rio Paulo Guerra"}]},{"@type":"WebSite","@id":"https:\/\/portaltela.pt\/#website","url":"https:\/\/portaltela.pt\/","name":"Portal Tela Portugal","description":"","potentialAction":[{"@type":"SearchAction","target":{"@type":"EntryPoint","urlTemplate":"https:\/\/portaltela.pt\/?s={search_term_string}"},"query-input":{"@type":"PropertyValueSpecification","valueRequired":true,"valueName":"search_term_string"}}],"inLanguage":"pt-PT"},{"@type":"Person","@id":"https:\/\/portaltela.pt\/#\/schema\/person\/c4278d4a6028830caff9ee44b42d32ed","name":"Telinha","image":{"@type":"ImageObject","inLanguage":"pt-PT","@id":"https:\/\/portaltela.pt\/s.01k8rhncp4jt1\/2025\/11\/talking-bot-125x125.png","url":"https:\/\/portaltela.pt\/s.01k8rhncp4jt1\/2025\/11\/talking-bot-125x125.png","contentUrl":"https:\/\/portaltela.pt\/s.01k8rhncp4jt1\/2025\/11\/talking-bot-125x125.png","caption":"Telinha"},"sameAs":["https:\/\/portaltela.pt\/"],"url":"https:\/\/portaltela.pt\/por\/367410592786\/"}]}},"_links":{"self":[{"href":"https:\/\/portaltela.pt\/api\/wp\/v2\/posts\/183772","targetHints":{"allow":["GET"]}}],"collection":[{"href":"https:\/\/portaltela.pt\/api\/wp\/v2\/posts"}],"about":[{"href":"https:\/\/portaltela.pt\/api\/wp\/v2\/types\/post"}],"author":[{"embeddable":true,"href":"https:\/\/portaltela.pt\/api\/wp\/v2\/users\/2"}],"replies":[{"embeddable":true,"href":"https:\/\/portaltela.pt\/api\/wp\/v2\/comments?post=183772"}],"version-history":[{"count":0,"href":"https:\/\/portaltela.pt\/api\/wp\/v2\/posts\/183772\/revisions"}],"wp:featuredmedia":[{"embeddable":true,"href":"https:\/\/portaltela.pt\/api\/wp\/v2\/media\/183778"}],"wp:attachment":[{"href":"https:\/\/portaltela.pt\/api\/wp\/v2\/media?parent=183772"}],"wp:term":[{"taxonomy":"category","embeddable":true,"href":"https:\/\/portaltela.pt\/api\/wp\/v2\/categories?post=183772"},{"taxonomy":"post_tag","embeddable":true,"href":"https:\/\/portaltela.pt\/api\/wp\/v2\/tags?post=183772"}],"curies":[{"name":"wp","href":"https:\/\/api.w.org\/{rel}","templated":true}]}}