{"id":183722,"date":"2026-01-30T08:34:05","date_gmt":"2026-01-30T11:34:05","guid":{"rendered":"https:\/\/portaltela.pt\/noticias\/2026\/01\/30\/universidade-senior-de-vila-franca-de-xira-conquista-podio-em-concurso-nacional\/"},"modified":"2026-01-30T08:34:05","modified_gmt":"2026-01-30T11:34:05","slug":"universidade-senior-de-vila-franca-de-xira-conquista-podio-em-concurso-nacional","status":"publish","type":"post","link":"https:\/\/portaltela.pt\/noticias\/2026\/01\/30\/universidade-senior-de-vila-franca-de-xira-conquista-podio-em-concurso-nacional\/","title":{"rendered":"Universidade S\u00e9nior de Vila Franca de Xira conquista p\u00f3dio em concurso nacional"},"content":{"rendered":"<p>A Universidade S\u00e9nior de Vila Franca de Xira ficou em 3.\u00ba lugar no Concurso Nacional de Cultura Geral, promovido pela RUTIS. O evento realizou-se a 23 de janeiro de 2026 no F\u00f3rum Cultural de Ermesinde, reunindo participantes de v\u00e1rias regi\u00f5es.<\/p>\n<p>A competi\u00e7\u00e3o contou com a participa\u00e7\u00e3o de diversas universidades seniores, num encontro de partilha de saberes, conv\u00edvio intergeracional e aprendizagem ao longo da vida. O objetivo foi promover a participa\u00e7\u00e3o de idosos na cultura e na comunidade.<\/p>\n<p>A equipa de Vila Franca de Xira foi composta pelos efetivos Paulo Marques Cabrito, Manuel Lu\u00eds Caetano Caeiro e Joaquim Ant\u00f3nio Gato Casimiro, com as suplentes Maria Leonor Figueiredo de Oliveira Raposo Carvalho e Ana Paula Henrique Mendes Soldado Vale de Andrade. O grupo destacou-se pelo empenho e pela coopera\u00e7\u00e3o.<\/p>\n<h3>Resultados do concurso<\/h3>\n<p>O primeiro lugar coube \u00e0 Universidade S\u00e9nior de Ermesinde, seguida pela Universidade S\u00e9nior de Gondomar, que ficou na segunda posi\u00e7\u00e3o. O p\u00f3dio ficou completo com Vila Franca de Xira em 3.\u00ba lugar.<\/p>\n<p>A C\u00e2mara Municipal de Vila Franca de Xira esteve representada pela vereadora Manuela Ralha, respons\u00e1vel pela Universidade S\u00e9nior. A autarquia congratulou os concorrentes e organizadores, destacando a import\u00e2ncia de este tipo de atividades para o envelhecimento ativo, a cultura e a cidadania s\u00e9nior.<\/p>\n","protected":false},"excerpt":{"rendered":"<ul>\n<li>A Universidade S\u00e9nior de Vila Franca de Xira ficou em 3.\u00ba lugar no Concurso Nacional de Cultura Geral promovido pela Rede de Universidades da Terceira Idade (RUTIS), realizado no dia 23 de janeiro de 2026 no F\u00f3rum Cultural de Ermesinde.<\/li>\n<li>O encontro reuniu participantes de todo o pa\u00eds e destacou a partilha de saberes, o conv\u00edvio intergeracional e a aprendizagem ao longo da vida.<\/li>\n<li>A equipa de Vila Franca de Xira foi composta por Paulo Marques Cabrito, Manuel Lu\u00eds Caetano Caeiro e Joaquim Ant\u00f3nio Gato Casimiro, com suplentes Maria Leonor Figueiredo de Oliveira Raposo Carvalho e Ana Paula Henrique Mendes Soldado Vale de Andrade.<\/li>\n<li>O 1.\u00ba lugar ficou com a Universidade S\u00e9nior de Ermesinde, e o 2.\u00ba com a Universidade S\u00e9nior de Gondomar.<\/li>\n<li>A vereadora Manuela Ralha, da C\u00e2mara Municipal de Vila Franca de Xira, marcou presen\u00e7a e a autarquia congratulou concorrentes e organizadores, destacando a promo\u00e7\u00e3o do envelhecimento ativo, da cultura e da cidadania s\u00e9nior.<\/li>\n<\/ul>\n","protected":false},"author":2,"featured_media":183728,"comment_status":"closed","ping_status":"closed","sticky":false,"template":"","format":"standard","meta":{"footnotes":""},"categories":[1],"tags":[145,4108,4069,2736,58,3980],"class_list":["post-183722","post","type-post","status-publish","format-standard","has-post-thumbnail","hentry","category-noticias","tag-cultura","tag-envelhecimento-ativo","tag-ermesinde","tag-idosos","tag-universidades","tag-vila-franca-de-xira"],"yoast_head":"<!-- This site is optimized with the Yoast SEO plugin v27.2 - https:\/\/yoast.com\/product\/yoast-seo-wordpress\/ -->\n<title>Universidade S\u00e9nior de Vila Franca de Xira conquista p\u00f3dio em concurso nacional - Portal Tela Portugal<\/title>\n<meta name=\"robots\" content=\"index, follow, max-snippet:-1, max-image-preview:large, max-video-preview:-1\" \/>\n<meta property=\"og:locale\" content=\"pt_PT\" \/>\n<meta property=\"og:type\" content=\"article\" \/>\n<meta property=\"og:title\" content=\"Universidade S\u00e9nior de Vila Franca de Xira conquista p\u00f3dio em concurso nacional - Portal Tela Portugal\" \/>\n<meta property=\"og:description\" content=\"A Universidade S\u00e9nior de Vila Franca de Xira ficou em 3.\u00ba lugar no Concurso Nacional de Cultura Geral promovido pela Rede de Universidades da Terceira Idade (RUTIS), realizado no dia 23 de janeiro de 2026 no F\u00f3rum Cultural de Ermesinde. O encontro reuniu participantes de todo o pa\u00eds e destacou a partilha de saberes, o conv\u00edvio intergeracional e a aprendizagem ao longo da vida. A equipa de Vila Franca de Xira foi composta por Paulo Marques Cabrito, Manuel Lu\u00eds Caetano Caeiro e Joaquim Ant\u00f3nio Gato Casimiro, com suplentes Maria Leonor Figueiredo de Oliveira Raposo Carvalho e Ana Paula Henrique Mendes Soldado Vale de Andrade. O 1.\u00ba lugar ficou com a Universidade S\u00e9nior de Ermesinde, e o 2.\u00ba com a Universidade S\u00e9nior de Gondomar. A vereadora Manuela Ralha, da C\u00e2mara Municipal de Vila Franca de Xira, marcou presen\u00e7a e a autarquia congratulou concorrentes e organizadores, destacando a promo\u00e7\u00e3o do envelhecimento ativo, da cultura e da cidadania s\u00e9nior.\" \/>\n<meta property=\"og:url\" content=\"https:\/\/portaltela.pt\/noticias\/2026\/01\/30\/universidade-senior-de-vila-franca-de-xira-conquista-podio-em-concurso-nacional\/\" \/>\n<meta property=\"og:site_name\" content=\"Portal Tela Portugal\" \/>\n<meta property=\"article:published_time\" content=\"2026-01-30T11:34:05+00:00\" \/>\n<meta name=\"author\" content=\"Telinha\" \/>\n<meta name=\"twitter:card\" content=\"summary_large_image\" \/>\n<meta name=\"twitter:label1\" content=\"Escrito por\" \/>\n\t<meta name=\"twitter:data1\" content=\"Telinha\" \/>\n\t<meta name=\"twitter:label2\" content=\"Tempo estimado de leitura\" \/>\n\t<meta name=\"twitter:data2\" content=\"1 minuto\" \/>\n<script type=\"application\/ld+json\" class=\"yoast-schema-graph\">{\"@context\":\"https:\/\/schema.org\",\"@graph\":[{\"@type\":\"Article\",\"@id\":\"https:\/\/portaltela.pt\/noticias\/2026\/01\/30\/universidade-senior-de-vila-franca-de-xira-conquista-podio-em-concurso-nacional\/#article\",\"isPartOf\":{\"@id\":\"https:\/\/portaltela.pt\/noticias\/2026\/01\/30\/universidade-senior-de-vila-franca-de-xira-conquista-podio-em-concurso-nacional\/\"},\"author\":{\"name\":\"Telinha\",\"@id\":\"https:\/\/portaltela.pt\/#\/schema\/person\/c4278d4a6028830caff9ee44b42d32ed\"},\"headline\":\"Universidade S\u00e9nior de Vila Franca de Xira conquista p\u00f3dio em concurso nacional\",\"datePublished\":\"2026-01-30T11:34:05+00:00\",\"mainEntityOfPage\":{\"@id\":\"https:\/\/portaltela.pt\/noticias\/2026\/01\/30\/universidade-senior-de-vila-franca-de-xira-conquista-podio-em-concurso-nacional\/\"},\"wordCount\":234,\"image\":{\"@id\":\"https:\/\/portaltela.pt\/noticias\/2026\/01\/30\/universidade-senior-de-vila-franca-de-xira-conquista-podio-em-concurso-nacional\/#primaryimage\"},\"thumbnailUrl\":\"https:\/\/portaltela.pt\/s.01k8rhncp4jt1\/2026\/01\/Universidade_Senior_VFX_012026-4-e1769772830856.jpg\",\"keywords\":[\"cultura\",\"envelhecimento ativo\",\"Ermesinde\",\"idosos\",\"universidades\",\"Vila Franca de Xira\"],\"articleSection\":[\"Not\u00edcias\"],\"inLanguage\":\"pt-PT\"},{\"@type\":\"WebPage\",\"@id\":\"https:\/\/portaltela.pt\/noticias\/2026\/01\/30\/universidade-senior-de-vila-franca-de-xira-conquista-podio-em-concurso-nacional\/\",\"url\":\"https:\/\/portaltela.pt\/noticias\/2026\/01\/30\/universidade-senior-de-vila-franca-de-xira-conquista-podio-em-concurso-nacional\/\",\"name\":\"Universidade S\u00e9nior de Vila Franca de Xira conquista p\u00f3dio em concurso nacional - Portal Tela Portugal\",\"isPartOf\":{\"@id\":\"https:\/\/portaltela.pt\/#website\"},\"primaryImageOfPage\":{\"@id\":\"https:\/\/portaltela.pt\/noticias\/2026\/01\/30\/universidade-senior-de-vila-franca-de-xira-conquista-podio-em-concurso-nacional\/#primaryimage\"},\"image\":{\"@id\":\"https:\/\/portaltela.pt\/noticias\/2026\/01\/30\/universidade-senior-de-vila-franca-de-xira-conquista-podio-em-concurso-nacional\/#primaryimage\"},\"thumbnailUrl\":\"https:\/\/portaltela.pt\/s.01k8rhncp4jt1\/2026\/01\/Universidade_Senior_VFX_012026-4-e1769772830856.jpg\",\"datePublished\":\"2026-01-30T11:34:05+00:00\",\"author\":{\"@id\":\"https:\/\/portaltela.pt\/#\/schema\/person\/c4278d4a6028830caff9ee44b42d32ed\"},\"breadcrumb\":{\"@id\":\"https:\/\/portaltela.pt\/noticias\/2026\/01\/30\/universidade-senior-de-vila-franca-de-xira-conquista-podio-em-concurso-nacional\/#breadcrumb\"},\"inLanguage\":\"pt-PT\",\"potentialAction\":[{\"@type\":\"ReadAction\",\"target\":[\"https:\/\/portaltela.pt\/noticias\/2026\/01\/30\/universidade-senior-de-vila-franca-de-xira-conquista-podio-em-concurso-nacional\/\"]}]},{\"@type\":\"ImageObject\",\"inLanguage\":\"pt-PT\",\"@id\":\"https:\/\/portaltela.pt\/noticias\/2026\/01\/30\/universidade-senior-de-vila-franca-de-xira-conquista-podio-em-concurso-nacional\/#primaryimage\",\"url\":\"https:\/\/portaltela.pt\/s.01k8rhncp4jt1\/2026\/01\/Universidade_Senior_VFX_012026-4-e1769772830856.jpg\",\"contentUrl\":\"https:\/\/portaltela.pt\/s.01k8rhncp4jt1\/2026\/01\/Universidade_Senior_VFX_012026-4-e1769772830856.jpg\",\"width\":796,\"height\":448,\"caption\":\"Universidade S\u00e9nior de Vila Franca de Xira alcan\u00e7a p\u00f3dio em concurso nacional\"},{\"@type\":\"BreadcrumbList\",\"@id\":\"https:\/\/portaltela.pt\/noticias\/2026\/01\/30\/universidade-senior-de-vila-franca-de-xira-conquista-podio-em-concurso-nacional\/#breadcrumb\",\"itemListElement\":[{\"@type\":\"ListItem\",\"position\":1,\"name\":\"In\u00edcio\",\"item\":\"https:\/\/portaltela.pt\/\"},{\"@type\":\"ListItem\",\"position\":2,\"name\":\"Universidade S\u00e9nior de Vila Franca de Xira conquista p\u00f3dio em concurso nacional\"}]},{\"@type\":\"WebSite\",\"@id\":\"https:\/\/portaltela.pt\/#website\",\"url\":\"https:\/\/portaltela.pt\/\",\"name\":\"Portal Tela Portugal\",\"description\":\"\",\"potentialAction\":[{\"@type\":\"SearchAction\",\"target\":{\"@type\":\"EntryPoint\",\"urlTemplate\":\"https:\/\/portaltela.pt\/?s={search_term_string}\"},\"query-input\":{\"@type\":\"PropertyValueSpecification\",\"valueRequired\":true,\"valueName\":\"search_term_string\"}}],\"inLanguage\":\"pt-PT\"},{\"@type\":\"Person\",\"@id\":\"https:\/\/portaltela.pt\/#\/schema\/person\/c4278d4a6028830caff9ee44b42d32ed\",\"name\":\"Telinha\",\"image\":{\"@type\":\"ImageObject\",\"inLanguage\":\"pt-PT\",\"@id\":\"https:\/\/portaltela.pt\/s.01k8rhncp4jt1\/2025\/11\/talking-bot-125x125.png\",\"url\":\"https:\/\/portaltela.pt\/s.01k8rhncp4jt1\/2025\/11\/talking-bot-125x125.png\",\"contentUrl\":\"https:\/\/portaltela.pt\/s.01k8rhncp4jt1\/2025\/11\/talking-bot-125x125.png\",\"caption\":\"Telinha\"},\"sameAs\":[\"https:\/\/portaltela.pt\/\"],\"url\":\"https:\/\/portaltela.pt\/por\/367410592786\/\"}]}<\/script>\n<!-- \/ Yoast SEO plugin. -->","yoast_head_json":{"title":"Universidade S\u00e9nior de Vila Franca de Xira conquista p\u00f3dio em concurso nacional - Portal Tela Portugal","robots":{"index":"index","follow":"follow","max-snippet":"max-snippet:-1","max-image-preview":"max-image-preview:large","max-video-preview":"max-video-preview:-1"},"og_locale":"pt_PT","og_type":"article","og_title":"Universidade S\u00e9nior de Vila Franca de Xira conquista p\u00f3dio em concurso nacional - Portal Tela Portugal","og_description":"A Universidade S\u00e9nior de Vila Franca de Xira ficou em 3.\u00ba lugar no Concurso Nacional de Cultura Geral promovido pela Rede de Universidades da Terceira Idade (RUTIS), realizado no dia 23 de janeiro de 2026 no F\u00f3rum Cultural de Ermesinde. O encontro reuniu participantes de todo o pa\u00eds e destacou a partilha de saberes, o conv\u00edvio intergeracional e a aprendizagem ao longo da vida. A equipa de Vila Franca de Xira foi composta por Paulo Marques Cabrito, Manuel Lu\u00eds Caetano Caeiro e Joaquim Ant\u00f3nio Gato Casimiro, com suplentes Maria Leonor Figueiredo de Oliveira Raposo Carvalho e Ana Paula Henrique Mendes Soldado Vale de Andrade. O 1.\u00ba lugar ficou com a Universidade S\u00e9nior de Ermesinde, e o 2.\u00ba com a Universidade S\u00e9nior de Gondomar. A vereadora Manuela Ralha, da C\u00e2mara Municipal de Vila Franca de Xira, marcou presen\u00e7a e a autarquia congratulou concorrentes e organizadores, destacando a promo\u00e7\u00e3o do envelhecimento ativo, da cultura e da cidadania s\u00e9nior.","og_url":"https:\/\/portaltela.pt\/noticias\/2026\/01\/30\/universidade-senior-de-vila-franca-de-xira-conquista-podio-em-concurso-nacional\/","og_site_name":"Portal Tela Portugal","article_published_time":"2026-01-30T11:34:05+00:00","author":"Telinha","twitter_card":"summary_large_image","twitter_misc":{"Escrito por":"Telinha","Tempo estimado de leitura":"1 minuto"},"schema":{"@context":"https:\/\/schema.org","@graph":[{"@type":"Article","@id":"https:\/\/portaltela.pt\/noticias\/2026\/01\/30\/universidade-senior-de-vila-franca-de-xira-conquista-podio-em-concurso-nacional\/#article","isPartOf":{"@id":"https:\/\/portaltela.pt\/noticias\/2026\/01\/30\/universidade-senior-de-vila-franca-de-xira-conquista-podio-em-concurso-nacional\/"},"author":{"name":"Telinha","@id":"https:\/\/portaltela.pt\/#\/schema\/person\/c4278d4a6028830caff9ee44b42d32ed"},"headline":"Universidade S\u00e9nior de Vila Franca de Xira conquista p\u00f3dio em concurso nacional","datePublished":"2026-01-30T11:34:05+00:00","mainEntityOfPage":{"@id":"https:\/\/portaltela.pt\/noticias\/2026\/01\/30\/universidade-senior-de-vila-franca-de-xira-conquista-podio-em-concurso-nacional\/"},"wordCount":234,"image":{"@id":"https:\/\/portaltela.pt\/noticias\/2026\/01\/30\/universidade-senior-de-vila-franca-de-xira-conquista-podio-em-concurso-nacional\/#primaryimage"},"thumbnailUrl":"https:\/\/portaltela.pt\/s.01k8rhncp4jt1\/2026\/01\/Universidade_Senior_VFX_012026-4-e1769772830856.jpg","keywords":["cultura","envelhecimento ativo","Ermesinde","idosos","universidades","Vila Franca de Xira"],"articleSection":["Not\u00edcias"],"inLanguage":"pt-PT"},{"@type":"WebPage","@id":"https:\/\/portaltela.pt\/noticias\/2026\/01\/30\/universidade-senior-de-vila-franca-de-xira-conquista-podio-em-concurso-nacional\/","url":"https:\/\/portaltela.pt\/noticias\/2026\/01\/30\/universidade-senior-de-vila-franca-de-xira-conquista-podio-em-concurso-nacional\/","name":"Universidade S\u00e9nior de Vila Franca de Xira conquista p\u00f3dio em concurso nacional - Portal Tela Portugal","isPartOf":{"@id":"https:\/\/portaltela.pt\/#website"},"primaryImageOfPage":{"@id":"https:\/\/portaltela.pt\/noticias\/2026\/01\/30\/universidade-senior-de-vila-franca-de-xira-conquista-podio-em-concurso-nacional\/#primaryimage"},"image":{"@id":"https:\/\/portaltela.pt\/noticias\/2026\/01\/30\/universidade-senior-de-vila-franca-de-xira-conquista-podio-em-concurso-nacional\/#primaryimage"},"thumbnailUrl":"https:\/\/portaltela.pt\/s.01k8rhncp4jt1\/2026\/01\/Universidade_Senior_VFX_012026-4-e1769772830856.jpg","datePublished":"2026-01-30T11:34:05+00:00","author":{"@id":"https:\/\/portaltela.pt\/#\/schema\/person\/c4278d4a6028830caff9ee44b42d32ed"},"breadcrumb":{"@id":"https:\/\/portaltela.pt\/noticias\/2026\/01\/30\/universidade-senior-de-vila-franca-de-xira-conquista-podio-em-concurso-nacional\/#breadcrumb"},"inLanguage":"pt-PT","potentialAction":[{"@type":"ReadAction","target":["https:\/\/portaltela.pt\/noticias\/2026\/01\/30\/universidade-senior-de-vila-franca-de-xira-conquista-podio-em-concurso-nacional\/"]}]},{"@type":"ImageObject","inLanguage":"pt-PT","@id":"https:\/\/portaltela.pt\/noticias\/2026\/01\/30\/universidade-senior-de-vila-franca-de-xira-conquista-podio-em-concurso-nacional\/#primaryimage","url":"https:\/\/portaltela.pt\/s.01k8rhncp4jt1\/2026\/01\/Universidade_Senior_VFX_012026-4-e1769772830856.jpg","contentUrl":"https:\/\/portaltela.pt\/s.01k8rhncp4jt1\/2026\/01\/Universidade_Senior_VFX_012026-4-e1769772830856.jpg","width":796,"height":448,"caption":"Universidade S\u00e9nior de Vila Franca de Xira alcan\u00e7a p\u00f3dio em concurso nacional"},{"@type":"BreadcrumbList","@id":"https:\/\/portaltela.pt\/noticias\/2026\/01\/30\/universidade-senior-de-vila-franca-de-xira-conquista-podio-em-concurso-nacional\/#breadcrumb","itemListElement":[{"@type":"ListItem","position":1,"name":"In\u00edcio","item":"https:\/\/portaltela.pt\/"},{"@type":"ListItem","position":2,"name":"Universidade S\u00e9nior de Vila Franca de Xira conquista p\u00f3dio em concurso nacional"}]},{"@type":"WebSite","@id":"https:\/\/portaltela.pt\/#website","url":"https:\/\/portaltela.pt\/","name":"Portal Tela Portugal","description":"","potentialAction":[{"@type":"SearchAction","target":{"@type":"EntryPoint","urlTemplate":"https:\/\/portaltela.pt\/?s={search_term_string}"},"query-input":{"@type":"PropertyValueSpecification","valueRequired":true,"valueName":"search_term_string"}}],"inLanguage":"pt-PT"},{"@type":"Person","@id":"https:\/\/portaltela.pt\/#\/schema\/person\/c4278d4a6028830caff9ee44b42d32ed","name":"Telinha","image":{"@type":"ImageObject","inLanguage":"pt-PT","@id":"https:\/\/portaltela.pt\/s.01k8rhncp4jt1\/2025\/11\/talking-bot-125x125.png","url":"https:\/\/portaltela.pt\/s.01k8rhncp4jt1\/2025\/11\/talking-bot-125x125.png","contentUrl":"https:\/\/portaltela.pt\/s.01k8rhncp4jt1\/2025\/11\/talking-bot-125x125.png","caption":"Telinha"},"sameAs":["https:\/\/portaltela.pt\/"],"url":"https:\/\/portaltela.pt\/por\/367410592786\/"}]}},"_links":{"self":[{"href":"https:\/\/portaltela.pt\/api\/wp\/v2\/posts\/183722","targetHints":{"allow":["GET"]}}],"collection":[{"href":"https:\/\/portaltela.pt\/api\/wp\/v2\/posts"}],"about":[{"href":"https:\/\/portaltela.pt\/api\/wp\/v2\/types\/post"}],"author":[{"embeddable":true,"href":"https:\/\/portaltela.pt\/api\/wp\/v2\/users\/2"}],"replies":[{"embeddable":true,"href":"https:\/\/portaltela.pt\/api\/wp\/v2\/comments?post=183722"}],"version-history":[{"count":0,"href":"https:\/\/portaltela.pt\/api\/wp\/v2\/posts\/183722\/revisions"}],"wp:featuredmedia":[{"embeddable":true,"href":"https:\/\/portaltela.pt\/api\/wp\/v2\/media\/183728"}],"wp:attachment":[{"href":"https:\/\/portaltela.pt\/api\/wp\/v2\/media?parent=183722"}],"wp:term":[{"taxonomy":"category","embeddable":true,"href":"https:\/\/portaltela.pt\/api\/wp\/v2\/categories?post=183722"},{"taxonomy":"post_tag","embeddable":true,"href":"https:\/\/portaltela.pt\/api\/wp\/v2\/tags?post=183722"}],"curies":[{"name":"wp","href":"https:\/\/api.w.org\/{rel}","templated":true}]}}