{"id":183692,"date":"2026-01-30T08:22:00","date_gmt":"2026-01-30T11:22:00","guid":{"rendered":"https:\/\/portaltela.pt\/noticias\/2026\/01\/30\/galeria-de-exposicoes-apresenta-retratos-a-carvao-no-conte\/"},"modified":"2026-01-30T08:22:00","modified_gmt":"2026-01-30T11:22:00","slug":"galeria-de-exposicoes-apresenta-retratos-a-carvao-no-conte","status":"publish","type":"post","link":"https:\/\/portaltela.pt\/noticias\/2026\/01\/30\/galeria-de-exposicoes-apresenta-retratos-a-carvao-no-conte\/","title":{"rendered":"Galeria de Exposi\u00e7\u00f5es apresenta retratos a carv\u00e3o no CONTE"},"content":{"rendered":"<p>A exposi\u00e7\u00e3o Olhares, de Carlos Correia, estar\u00e1 patente na Galeria de Exposi\u00e7\u00f5es do Theatro Club durante o CONTE, o Concurso Nacional de Teatro Ruy de Carvalho. A inaugura\u00e7\u00e3o acontece a 30 de janeiro, \u00e0s 21h00, coincidindo com o primeiro espet\u00e1culo do evento.<\/p>\n<p>Ser\u00e3o cerca de 60 retratos a carv\u00e3o, alguns criados para este mostra. Destaca-se o retrato de Ruy de Carvalho, patrono do concurso, que Correia j\u00e1 conheceu pessoalmente no Theatro Club, em 20 de maio de 2023.<\/p>\n<h3>Obras em Exposi\u00e7\u00e3o<\/h3>\n<p>Carlos Correia, pintor autodidata, tem carreira ligada \u00e0 regi\u00e3o desde 2018, com presen\u00e7a regular nas Exposi\u00e7\u00f5es Abertas do munic\u00edpio e esta \u00e9 a sua primeira exposi\u00e7\u00e3o individual na P\u00f3voa de Lanhoso. O curr\u00edculo inclui participa\u00e7\u00e3o em feiras e confer\u00eancias internacionais.<\/p>\n<p>Os trabalhos da mostra podem ser vistos at\u00e9 7 de mar\u00e7o, com hor\u00e1rios de visita de ter\u00e7a a sexta-feira, das 9h30 \u00e0s 13h00 e 14h30 \u00e0s 18h00, e em dias de espet\u00e1culo entre as 20h30 e as 24h00.<\/p>\n","protected":false},"excerpt":{"rendered":"<ul>\n<li>Exposi\u00e7\u00e3o \u201cOlhares\u201d, de Carlos Correia, est\u00e1 patente na Galeria de Exposi\u00e7\u00f5es do Theatro Club durante o CONTE.<\/li>\n<\/ul>\n<p>\u2022<\/p>\n<ul>\n<li>Inaugura\u00e7\u00e3o marcada para 30 de janeiro, \u00e0s 21h00, data em que sobe ao palco o primeiro espet\u00e1culo do concurso.<\/li>\n<\/ul>\n<p>\u2022<\/p>\n<ul>\n<li>Ser\u00e3o cerca de 60 trabalhos, incluindo o retrato de Ruy de Carvalho, patrono do concurso; o artista conheceu-o no Theatro Club a 20 de maio de 2023.<\/li>\n<\/ul>\n<p>\u2022<\/p>\n<ul>\n<li>Carlos Correia, pintor e retratista autodidata, participa em Exposi\u00e7\u00f5es Abertas desde 2018; esta \u00e9 a primeira exposi\u00e7\u00e3o individual na P\u00f3voa de Lanhoso.<\/li>\n<\/ul>\n<p>\u2022<\/p>\n<ul>\n<li>As obras podem ser vistas at\u00e9 7 de mar\u00e7o, de ter\u00e7a a sexta-feira, entre 9h30-13h00 e 14h30-18h00; em dias de espet\u00e1culo, entre 20h30 e 24h00.<\/li>\n<\/ul>\n","protected":false},"author":2,"featured_media":183707,"comment_status":"closed","ping_status":"closed","sticky":false,"template":"","format":"standard","meta":{"footnotes":""},"categories":[1],"tags":[70,164,145,1397,2923,119],"class_list":["post-183692","post","type-post","status-publish","format-standard","has-post-thumbnail","hentry","category-noticias","tag-arte","tag-concurso","tag-cultura","tag-exposicoes","tag-galerias-arquivos","tag-teatro"],"yoast_head":"<!-- This site is optimized with the Yoast SEO plugin v27.2 - https:\/\/yoast.com\/product\/yoast-seo-wordpress\/ -->\n<title>Galeria de Exposi\u00e7\u00f5es apresenta retratos a carv\u00e3o no CONTE - Portal Tela Portugal<\/title>\n<meta name=\"robots\" content=\"index, follow, max-snippet:-1, max-image-preview:large, max-video-preview:-1\" \/>\n<meta property=\"og:locale\" content=\"pt_PT\" \/>\n<meta property=\"og:type\" content=\"article\" \/>\n<meta property=\"og:title\" content=\"Galeria de Exposi\u00e7\u00f5es apresenta retratos a carv\u00e3o no CONTE - Portal Tela Portugal\" \/>\n<meta property=\"og:description\" content=\"Exposi\u00e7\u00e3o \u201cOlhares\u201d, de Carlos Correia, est\u00e1 patente na Galeria de Exposi\u00e7\u00f5es do Theatro Club durante o CONTE. \u2022 Inaugura\u00e7\u00e3o marcada para 30 de janeiro, \u00e0s 21h00, data em que sobe ao palco o primeiro espet\u00e1culo do concurso. \u2022 Ser\u00e3o cerca de 60 trabalhos, incluindo o retrato de Ruy de Carvalho, patrono do concurso; o artista conheceu-o no Theatro Club a 20 de maio de 2023. \u2022 Carlos Correia, pintor e retratista autodidata, participa em Exposi\u00e7\u00f5es Abertas desde 2018; esta \u00e9 a primeira exposi\u00e7\u00e3o individual na P\u00f3voa de Lanhoso. \u2022 As obras podem ser vistas at\u00e9 7 de mar\u00e7o, de ter\u00e7a a sexta-feira, entre 9h30-13h00 e 14h30-18h00; em dias de espet\u00e1culo, entre 20h30 e 24h00.\" \/>\n<meta property=\"og:url\" content=\"https:\/\/portaltela.pt\/noticias\/2026\/01\/30\/galeria-de-exposicoes-apresenta-retratos-a-carvao-no-conte\/\" \/>\n<meta property=\"og:site_name\" content=\"Portal Tela Portugal\" \/>\n<meta property=\"article:published_time\" content=\"2026-01-30T11:22:00+00:00\" \/>\n<meta name=\"author\" content=\"Telinha\" \/>\n<meta name=\"twitter:card\" content=\"summary_large_image\" \/>\n<meta name=\"twitter:label1\" content=\"Escrito por\" \/>\n\t<meta name=\"twitter:data1\" content=\"Telinha\" \/>\n\t<meta name=\"twitter:label2\" content=\"Tempo estimado de leitura\" \/>\n\t<meta name=\"twitter:data2\" content=\"1 minuto\" \/>\n<script type=\"application\/ld+json\" class=\"yoast-schema-graph\">{\"@context\":\"https:\/\/schema.org\",\"@graph\":[{\"@type\":\"Article\",\"@id\":\"https:\/\/portaltela.pt\/noticias\/2026\/01\/30\/galeria-de-exposicoes-apresenta-retratos-a-carvao-no-conte\/#article\",\"isPartOf\":{\"@id\":\"https:\/\/portaltela.pt\/noticias\/2026\/01\/30\/galeria-de-exposicoes-apresenta-retratos-a-carvao-no-conte\/\"},\"author\":{\"name\":\"Telinha\",\"@id\":\"https:\/\/portaltela.pt\/#\/schema\/person\/c4278d4a6028830caff9ee44b42d32ed\"},\"headline\":\"Galeria de Exposi\u00e7\u00f5es apresenta retratos a carv\u00e3o no CONTE\",\"datePublished\":\"2026-01-30T11:22:00+00:00\",\"mainEntityOfPage\":{\"@id\":\"https:\/\/portaltela.pt\/noticias\/2026\/01\/30\/galeria-de-exposicoes-apresenta-retratos-a-carvao-no-conte\/\"},\"wordCount\":182,\"image\":{\"@id\":\"https:\/\/portaltela.pt\/noticias\/2026\/01\/30\/galeria-de-exposicoes-apresenta-retratos-a-carvao-no-conte\/#primaryimage\"},\"thumbnailUrl\":\"https:\/\/portaltela.pt\/s.01k8rhncp4jt1\/2026\/01\/unnamed-file-6055.jpg\",\"keywords\":[\"arte\",\"concurso\",\"cultura\",\"exposi\u00e7\u00f5es\",\"galerias\/arquivos\",\"teatro\"],\"articleSection\":[\"Not\u00edcias\"],\"inLanguage\":\"pt-PT\"},{\"@type\":\"WebPage\",\"@id\":\"https:\/\/portaltela.pt\/noticias\/2026\/01\/30\/galeria-de-exposicoes-apresenta-retratos-a-carvao-no-conte\/\",\"url\":\"https:\/\/portaltela.pt\/noticias\/2026\/01\/30\/galeria-de-exposicoes-apresenta-retratos-a-carvao-no-conte\/\",\"name\":\"Galeria de Exposi\u00e7\u00f5es apresenta retratos a carv\u00e3o no CONTE - Portal Tela Portugal\",\"isPartOf\":{\"@id\":\"https:\/\/portaltela.pt\/#website\"},\"primaryImageOfPage\":{\"@id\":\"https:\/\/portaltela.pt\/noticias\/2026\/01\/30\/galeria-de-exposicoes-apresenta-retratos-a-carvao-no-conte\/#primaryimage\"},\"image\":{\"@id\":\"https:\/\/portaltela.pt\/noticias\/2026\/01\/30\/galeria-de-exposicoes-apresenta-retratos-a-carvao-no-conte\/#primaryimage\"},\"thumbnailUrl\":\"https:\/\/portaltela.pt\/s.01k8rhncp4jt1\/2026\/01\/unnamed-file-6055.jpg\",\"datePublished\":\"2026-01-30T11:22:00+00:00\",\"author\":{\"@id\":\"https:\/\/portaltela.pt\/#\/schema\/person\/c4278d4a6028830caff9ee44b42d32ed\"},\"breadcrumb\":{\"@id\":\"https:\/\/portaltela.pt\/noticias\/2026\/01\/30\/galeria-de-exposicoes-apresenta-retratos-a-carvao-no-conte\/#breadcrumb\"},\"inLanguage\":\"pt-PT\",\"potentialAction\":[{\"@type\":\"ReadAction\",\"target\":[\"https:\/\/portaltela.pt\/noticias\/2026\/01\/30\/galeria-de-exposicoes-apresenta-retratos-a-carvao-no-conte\/\"]}]},{\"@type\":\"ImageObject\",\"inLanguage\":\"pt-PT\",\"@id\":\"https:\/\/portaltela.pt\/noticias\/2026\/01\/30\/galeria-de-exposicoes-apresenta-retratos-a-carvao-no-conte\/#primaryimage\",\"url\":\"https:\/\/portaltela.pt\/s.01k8rhncp4jt1\/2026\/01\/unnamed-file-6055.jpg\",\"contentUrl\":\"https:\/\/portaltela.pt\/s.01k8rhncp4jt1\/2026\/01\/unnamed-file-6055.jpg\",\"width\":796,\"height\":448,\"caption\":\"Galeria de Exposi\u00e7\u00f5es apresenta retratos a carv\u00e3o durante o CONTE\"},{\"@type\":\"BreadcrumbList\",\"@id\":\"https:\/\/portaltela.pt\/noticias\/2026\/01\/30\/galeria-de-exposicoes-apresenta-retratos-a-carvao-no-conte\/#breadcrumb\",\"itemListElement\":[{\"@type\":\"ListItem\",\"position\":1,\"name\":\"In\u00edcio\",\"item\":\"https:\/\/portaltela.pt\/\"},{\"@type\":\"ListItem\",\"position\":2,\"name\":\"Galeria de Exposi\u00e7\u00f5es apresenta retratos a carv\u00e3o no CONTE\"}]},{\"@type\":\"WebSite\",\"@id\":\"https:\/\/portaltela.pt\/#website\",\"url\":\"https:\/\/portaltela.pt\/\",\"name\":\"Portal Tela Portugal\",\"description\":\"\",\"potentialAction\":[{\"@type\":\"SearchAction\",\"target\":{\"@type\":\"EntryPoint\",\"urlTemplate\":\"https:\/\/portaltela.pt\/?s={search_term_string}\"},\"query-input\":{\"@type\":\"PropertyValueSpecification\",\"valueRequired\":true,\"valueName\":\"search_term_string\"}}],\"inLanguage\":\"pt-PT\"},{\"@type\":\"Person\",\"@id\":\"https:\/\/portaltela.pt\/#\/schema\/person\/c4278d4a6028830caff9ee44b42d32ed\",\"name\":\"Telinha\",\"image\":{\"@type\":\"ImageObject\",\"inLanguage\":\"pt-PT\",\"@id\":\"https:\/\/portaltela.pt\/s.01k8rhncp4jt1\/2025\/11\/talking-bot-125x125.png\",\"url\":\"https:\/\/portaltela.pt\/s.01k8rhncp4jt1\/2025\/11\/talking-bot-125x125.png\",\"contentUrl\":\"https:\/\/portaltela.pt\/s.01k8rhncp4jt1\/2025\/11\/talking-bot-125x125.png\",\"caption\":\"Telinha\"},\"sameAs\":[\"https:\/\/portaltela.pt\/\"],\"url\":\"https:\/\/portaltela.pt\/por\/367410592786\/\"}]}<\/script>\n<!-- \/ Yoast SEO plugin. -->","yoast_head_json":{"title":"Galeria de Exposi\u00e7\u00f5es apresenta retratos a carv\u00e3o no CONTE - Portal Tela Portugal","robots":{"index":"index","follow":"follow","max-snippet":"max-snippet:-1","max-image-preview":"max-image-preview:large","max-video-preview":"max-video-preview:-1"},"og_locale":"pt_PT","og_type":"article","og_title":"Galeria de Exposi\u00e7\u00f5es apresenta retratos a carv\u00e3o no CONTE - Portal Tela Portugal","og_description":"Exposi\u00e7\u00e3o \u201cOlhares\u201d, de Carlos Correia, est\u00e1 patente na Galeria de Exposi\u00e7\u00f5es do Theatro Club durante o CONTE. \u2022 Inaugura\u00e7\u00e3o marcada para 30 de janeiro, \u00e0s 21h00, data em que sobe ao palco o primeiro espet\u00e1culo do concurso. \u2022 Ser\u00e3o cerca de 60 trabalhos, incluindo o retrato de Ruy de Carvalho, patrono do concurso; o artista conheceu-o no Theatro Club a 20 de maio de 2023. \u2022 Carlos Correia, pintor e retratista autodidata, participa em Exposi\u00e7\u00f5es Abertas desde 2018; esta \u00e9 a primeira exposi\u00e7\u00e3o individual na P\u00f3voa de Lanhoso. \u2022 As obras podem ser vistas at\u00e9 7 de mar\u00e7o, de ter\u00e7a a sexta-feira, entre 9h30-13h00 e 14h30-18h00; em dias de espet\u00e1culo, entre 20h30 e 24h00.","og_url":"https:\/\/portaltela.pt\/noticias\/2026\/01\/30\/galeria-de-exposicoes-apresenta-retratos-a-carvao-no-conte\/","og_site_name":"Portal Tela Portugal","article_published_time":"2026-01-30T11:22:00+00:00","author":"Telinha","twitter_card":"summary_large_image","twitter_misc":{"Escrito por":"Telinha","Tempo estimado de leitura":"1 minuto"},"schema":{"@context":"https:\/\/schema.org","@graph":[{"@type":"Article","@id":"https:\/\/portaltela.pt\/noticias\/2026\/01\/30\/galeria-de-exposicoes-apresenta-retratos-a-carvao-no-conte\/#article","isPartOf":{"@id":"https:\/\/portaltela.pt\/noticias\/2026\/01\/30\/galeria-de-exposicoes-apresenta-retratos-a-carvao-no-conte\/"},"author":{"name":"Telinha","@id":"https:\/\/portaltela.pt\/#\/schema\/person\/c4278d4a6028830caff9ee44b42d32ed"},"headline":"Galeria de Exposi\u00e7\u00f5es apresenta retratos a carv\u00e3o no CONTE","datePublished":"2026-01-30T11:22:00+00:00","mainEntityOfPage":{"@id":"https:\/\/portaltela.pt\/noticias\/2026\/01\/30\/galeria-de-exposicoes-apresenta-retratos-a-carvao-no-conte\/"},"wordCount":182,"image":{"@id":"https:\/\/portaltela.pt\/noticias\/2026\/01\/30\/galeria-de-exposicoes-apresenta-retratos-a-carvao-no-conte\/#primaryimage"},"thumbnailUrl":"https:\/\/portaltela.pt\/s.01k8rhncp4jt1\/2026\/01\/unnamed-file-6055.jpg","keywords":["arte","concurso","cultura","exposi\u00e7\u00f5es","galerias\/arquivos","teatro"],"articleSection":["Not\u00edcias"],"inLanguage":"pt-PT"},{"@type":"WebPage","@id":"https:\/\/portaltela.pt\/noticias\/2026\/01\/30\/galeria-de-exposicoes-apresenta-retratos-a-carvao-no-conte\/","url":"https:\/\/portaltela.pt\/noticias\/2026\/01\/30\/galeria-de-exposicoes-apresenta-retratos-a-carvao-no-conte\/","name":"Galeria de Exposi\u00e7\u00f5es apresenta retratos a carv\u00e3o no CONTE - Portal Tela Portugal","isPartOf":{"@id":"https:\/\/portaltela.pt\/#website"},"primaryImageOfPage":{"@id":"https:\/\/portaltela.pt\/noticias\/2026\/01\/30\/galeria-de-exposicoes-apresenta-retratos-a-carvao-no-conte\/#primaryimage"},"image":{"@id":"https:\/\/portaltela.pt\/noticias\/2026\/01\/30\/galeria-de-exposicoes-apresenta-retratos-a-carvao-no-conte\/#primaryimage"},"thumbnailUrl":"https:\/\/portaltela.pt\/s.01k8rhncp4jt1\/2026\/01\/unnamed-file-6055.jpg","datePublished":"2026-01-30T11:22:00+00:00","author":{"@id":"https:\/\/portaltela.pt\/#\/schema\/person\/c4278d4a6028830caff9ee44b42d32ed"},"breadcrumb":{"@id":"https:\/\/portaltela.pt\/noticias\/2026\/01\/30\/galeria-de-exposicoes-apresenta-retratos-a-carvao-no-conte\/#breadcrumb"},"inLanguage":"pt-PT","potentialAction":[{"@type":"ReadAction","target":["https:\/\/portaltela.pt\/noticias\/2026\/01\/30\/galeria-de-exposicoes-apresenta-retratos-a-carvao-no-conte\/"]}]},{"@type":"ImageObject","inLanguage":"pt-PT","@id":"https:\/\/portaltela.pt\/noticias\/2026\/01\/30\/galeria-de-exposicoes-apresenta-retratos-a-carvao-no-conte\/#primaryimage","url":"https:\/\/portaltela.pt\/s.01k8rhncp4jt1\/2026\/01\/unnamed-file-6055.jpg","contentUrl":"https:\/\/portaltela.pt\/s.01k8rhncp4jt1\/2026\/01\/unnamed-file-6055.jpg","width":796,"height":448,"caption":"Galeria de Exposi\u00e7\u00f5es apresenta retratos a carv\u00e3o durante o CONTE"},{"@type":"BreadcrumbList","@id":"https:\/\/portaltela.pt\/noticias\/2026\/01\/30\/galeria-de-exposicoes-apresenta-retratos-a-carvao-no-conte\/#breadcrumb","itemListElement":[{"@type":"ListItem","position":1,"name":"In\u00edcio","item":"https:\/\/portaltela.pt\/"},{"@type":"ListItem","position":2,"name":"Galeria de Exposi\u00e7\u00f5es apresenta retratos a carv\u00e3o no CONTE"}]},{"@type":"WebSite","@id":"https:\/\/portaltela.pt\/#website","url":"https:\/\/portaltela.pt\/","name":"Portal Tela Portugal","description":"","potentialAction":[{"@type":"SearchAction","target":{"@type":"EntryPoint","urlTemplate":"https:\/\/portaltela.pt\/?s={search_term_string}"},"query-input":{"@type":"PropertyValueSpecification","valueRequired":true,"valueName":"search_term_string"}}],"inLanguage":"pt-PT"},{"@type":"Person","@id":"https:\/\/portaltela.pt\/#\/schema\/person\/c4278d4a6028830caff9ee44b42d32ed","name":"Telinha","image":{"@type":"ImageObject","inLanguage":"pt-PT","@id":"https:\/\/portaltela.pt\/s.01k8rhncp4jt1\/2025\/11\/talking-bot-125x125.png","url":"https:\/\/portaltela.pt\/s.01k8rhncp4jt1\/2025\/11\/talking-bot-125x125.png","contentUrl":"https:\/\/portaltela.pt\/s.01k8rhncp4jt1\/2025\/11\/talking-bot-125x125.png","caption":"Telinha"},"sameAs":["https:\/\/portaltela.pt\/"],"url":"https:\/\/portaltela.pt\/por\/367410592786\/"}]}},"_links":{"self":[{"href":"https:\/\/portaltela.pt\/api\/wp\/v2\/posts\/183692","targetHints":{"allow":["GET"]}}],"collection":[{"href":"https:\/\/portaltela.pt\/api\/wp\/v2\/posts"}],"about":[{"href":"https:\/\/portaltela.pt\/api\/wp\/v2\/types\/post"}],"author":[{"embeddable":true,"href":"https:\/\/portaltela.pt\/api\/wp\/v2\/users\/2"}],"replies":[{"embeddable":true,"href":"https:\/\/portaltela.pt\/api\/wp\/v2\/comments?post=183692"}],"version-history":[{"count":0,"href":"https:\/\/portaltela.pt\/api\/wp\/v2\/posts\/183692\/revisions"}],"wp:featuredmedia":[{"embeddable":true,"href":"https:\/\/portaltela.pt\/api\/wp\/v2\/media\/183707"}],"wp:attachment":[{"href":"https:\/\/portaltela.pt\/api\/wp\/v2\/media?parent=183692"}],"wp:term":[{"taxonomy":"category","embeddable":true,"href":"https:\/\/portaltela.pt\/api\/wp\/v2\/categories?post=183692"},{"taxonomy":"post_tag","embeddable":true,"href":"https:\/\/portaltela.pt\/api\/wp\/v2\/tags?post=183692"}],"curies":[{"name":"wp","href":"https:\/\/api.w.org\/{rel}","templated":true}]}}