{"id":183674,"date":"2026-01-30T08:24:00","date_gmt":"2026-01-30T11:24:00","guid":{"rendered":"https:\/\/portaltela.pt\/noticias\/2026\/01\/30\/clas-esposende-reforca-cooperacao-institucional-e-aprova-instr-estrat\/"},"modified":"2026-01-30T08:24:00","modified_gmt":"2026-01-30T11:24:00","slug":"clas-esposende-reforca-cooperacao-institucional-e-aprova-instr-estrat","status":"publish","type":"post","link":"https:\/\/portaltela.pt\/noticias\/2026\/01\/30\/clas-esposende-reforca-cooperacao-institucional-e-aprova-instr-estrat\/","title":{"rendered":"CLAS Esposende refor\u00e7a coopera\u00e7\u00e3o institucional e aprova instr. estrat."},"content":{"rendered":"<p>O Conselho Local de A\u00e7\u00e3o Social (CLAS) de Esposende reuniu-se em dezembro, sob a presid\u00eancia da Vereadora da Coes\u00e3o e Desenvolvimento Social, F\u00e1tima Escriv\u00e3es. O encontro refor\u00e7ou a coopera\u00e7\u00e3o interinstitucional e a capacita\u00e7\u00e3o das entidades da Rede Social de Esposende.<\/p>\n<p>Entre os objetivos, destacou-se o refor\u00e7o da rede de trabalho, a coopera\u00e7\u00e3o entre institui\u00e7\u00f5es e a forma\u00e7\u00e3o das organiza\u00e7\u00f5es que integram a Rede Social. A reuni\u00e3o incidiu sobre instrumentos de planeamento e interven\u00e7\u00e3o social.<\/p>\n<h3>Mapeamento dos Recursos Sociais<\/h3>\n<p>Foi apresentada e aprovada a estrutura do Mapeamento dos Recursos Sociais, elaborado no \u00e2mbito do Projeto Radar Social. O documento resulta de visitas t\u00e9cnicas e da recolha de informa\u00e7\u00e3o junto das entidades.<\/p>\n<p>O Mapeamento \u00e9 din\u00e2mico e est\u00e1 sujeito a atualiza\u00e7\u00f5es. Permite mapear respostas sociais locais, regionais e nacionais, identificar lacunas e orientar decis\u00f5es de interven\u00e7\u00e3o.<\/p>\n<p>O relat\u00f3rio aponta potencialidades, boas pr\u00e1ticas e desafios comuns no concelho, incluindo recursos humanos, financiamento, infraestruturas e capacidade de resposta. Serve de base para a\u00e7\u00f5es conjuntas de m\u00e9dio e longo prazo.<\/p>\n<h3>Planos e a\u00e7\u00f5es aprovados<\/h3>\n<p>Foram aprovadas adendas aos Planos de A\u00e7\u00e3o do Radar Social e do CLAS, ajustando o n\u00famero de destinat\u00e1rios e definindo o Plano de A\u00e7\u00e3o para 2026. O conjunto de a\u00e7\u00f5es foca envelhecimento ativo, inclus\u00e3o social e empregabilidade.<\/p>\n<p>Foi ainda aprovado o Relat\u00f3rio de Execu\u00e7\u00e3o F\u00edsica do projeto agirE \u2013 CLDS 5G, evidenciando apoio \u00e0 comunidade, inclus\u00e3o, suporte a cuidadores e integra\u00e7\u00e3o de migrantes.<\/p>\n<p>Com estas delibera\u00e7\u00f5es, o CLAS de Esposende reafirma o objetivo de uma Rede Social participada, pr\u00f3xima e qualificada, valorizando o papel das institui\u00e7\u00f5es na resposta \u00e0s necessidades locais.<\/p>\n","protected":false},"excerpt":{"rendered":"<ul>\n<li>O Conselho Local de A\u00e7\u00e3o Social de Esposende reuniu em dezembro, sob a presid\u00eancia da vereadora da Coes\u00e3o e Desenvolvimento Social, F\u00e1tima Escriv\u00e3es, para refor\u00e7ar o trabalho em rede e a capacita\u00e7\u00e3o das entidades da Rede Social de Esposende.<\/li>\n<li>Foi apresentado e aprovado o Mapeamento dos Recursos Sociais, instrumento do Projeto Radar Social, resultante de visitas t\u00e9cnicas e recolha de informa\u00e7\u00e3o junto das institui\u00e7\u00f5es.<\/li>\n<li>O mapeamento \u00e9 din\u00e2mico e visa acompanhar a evolu\u00e7\u00e3o das respostas sociais, identificar lacunas e prioridades de interven\u00e7\u00e3o, fortalecendo a articula\u00e7\u00e3o entre entidades e o acesso equitativo aos servi\u00e7os.<\/li>\n<li>Foram aprovadas adendas aos Planos de A\u00e7\u00e3o do Projeto Radar Social e do CLAS, ajustando o n\u00famero de destinat\u00e1rios e fixando o Plano de A\u00e7\u00e3o para 2026, com foco em envelhecimento ativo, inclus\u00e3o social, empregabilidade e capacita\u00e7\u00e3o do terceiro setor.<\/li>\n<li>Foi ainda aprovado o Relat\u00f3rio de Execu\u00e7\u00e3o F\u00edsica do projeto agirE \u2013 CLDS 5G, destacando a\u00e7\u00f5es de apoio \u00e0 comunidade, inclus\u00e3o, apoio a cuidadores e integra\u00e7\u00e3o de popula\u00e7\u00e3o migrante.<\/li>\n<\/ul>\n","protected":false},"author":2,"featured_media":183715,"comment_status":"closed","ping_status":"closed","sticky":false,"template":"","format":"standard","meta":{"footnotes":""},"categories":[1],"tags":[1006,1545,4074,1678,1734,2484],"class_list":["post-183674","post","type-post","status-publish","format-standard","has-post-thumbnail","hentry","category-noticias","tag-emprego","tag-esposende","tag-inclusao-social","tag-migrantes","tag-planeamento-estrategico","tag-radar-social"],"yoast_head":"<!-- This site is optimized with the Yoast SEO plugin v27.2 - https:\/\/yoast.com\/product\/yoast-seo-wordpress\/ -->\n<title>CLAS Esposende refor\u00e7a coopera\u00e7\u00e3o institucional e aprova instr. estrat. - Portal Tela Portugal<\/title>\n<meta name=\"robots\" content=\"index, follow, max-snippet:-1, max-image-preview:large, max-video-preview:-1\" \/>\n<meta property=\"og:locale\" content=\"pt_PT\" \/>\n<meta property=\"og:type\" content=\"article\" \/>\n<meta property=\"og:title\" content=\"CLAS Esposende refor\u00e7a coopera\u00e7\u00e3o institucional e aprova instr. estrat. - Portal Tela Portugal\" \/>\n<meta property=\"og:description\" content=\"O Conselho Local de A\u00e7\u00e3o Social de Esposende reuniu em dezembro, sob a presid\u00eancia da vereadora da Coes\u00e3o e Desenvolvimento Social, F\u00e1tima Escriv\u00e3es, para refor\u00e7ar o trabalho em rede e a capacita\u00e7\u00e3o das entidades da Rede Social de Esposende. Foi apresentado e aprovado o Mapeamento dos Recursos Sociais, instrumento do Projeto Radar Social, resultante de visitas t\u00e9cnicas e recolha de informa\u00e7\u00e3o junto das institui\u00e7\u00f5es. O mapeamento \u00e9 din\u00e2mico e visa acompanhar a evolu\u00e7\u00e3o das respostas sociais, identificar lacunas e prioridades de interven\u00e7\u00e3o, fortalecendo a articula\u00e7\u00e3o entre entidades e o acesso equitativo aos servi\u00e7os. Foram aprovadas adendas aos Planos de A\u00e7\u00e3o do Projeto Radar Social e do CLAS, ajustando o n\u00famero de destinat\u00e1rios e fixando o Plano de A\u00e7\u00e3o para 2026, com foco em envelhecimento ativo, inclus\u00e3o social, empregabilidade e capacita\u00e7\u00e3o do terceiro setor. Foi ainda aprovado o Relat\u00f3rio de Execu\u00e7\u00e3o F\u00edsica do projeto agirE \u2013 CLDS 5G, destacando a\u00e7\u00f5es de apoio \u00e0 comunidade, inclus\u00e3o, apoio a cuidadores e integra\u00e7\u00e3o de popula\u00e7\u00e3o migrante.\" \/>\n<meta property=\"og:url\" content=\"https:\/\/portaltela.pt\/noticias\/2026\/01\/30\/clas-esposende-reforca-cooperacao-institucional-e-aprova-instr-estrat\/\" \/>\n<meta property=\"og:site_name\" content=\"Portal Tela Portugal\" \/>\n<meta property=\"article:published_time\" content=\"2026-01-30T11:24:00+00:00\" \/>\n<meta name=\"author\" content=\"Telinha\" \/>\n<meta name=\"twitter:card\" content=\"summary_large_image\" \/>\n<meta name=\"twitter:label1\" content=\"Escrito por\" \/>\n\t<meta name=\"twitter:data1\" content=\"Telinha\" \/>\n\t<meta name=\"twitter:label2\" content=\"Tempo estimado de leitura\" \/>\n\t<meta name=\"twitter:data2\" content=\"1 minuto\" \/>\n<script type=\"application\/ld+json\" class=\"yoast-schema-graph\">{\"@context\":\"https:\/\/schema.org\",\"@graph\":[{\"@type\":\"Article\",\"@id\":\"https:\/\/portaltela.pt\/noticias\/2026\/01\/30\/clas-esposende-reforca-cooperacao-institucional-e-aprova-instr-estrat\/#article\",\"isPartOf\":{\"@id\":\"https:\/\/portaltela.pt\/noticias\/2026\/01\/30\/clas-esposende-reforca-cooperacao-institucional-e-aprova-instr-estrat\/\"},\"author\":{\"name\":\"Telinha\",\"@id\":\"https:\/\/portaltela.pt\/#\/schema\/person\/c4278d4a6028830caff9ee44b42d32ed\"},\"headline\":\"CLAS Esposende refor\u00e7a coopera\u00e7\u00e3o institucional e aprova instr. estrat.\",\"datePublished\":\"2026-01-30T11:24:00+00:00\",\"mainEntityOfPage\":{\"@id\":\"https:\/\/portaltela.pt\/noticias\/2026\/01\/30\/clas-esposende-reforca-cooperacao-institucional-e-aprova-instr-estrat\/\"},\"wordCount\":307,\"image\":{\"@id\":\"https:\/\/portaltela.pt\/noticias\/2026\/01\/30\/clas-esposende-reforca-cooperacao-institucional-e-aprova-instr-estrat\/#primaryimage\"},\"thumbnailUrl\":\"https:\/\/portaltela.pt\/s.01k8rhncp4jt1\/2026\/01\/unnamed-file-6056.jpg\",\"keywords\":[\"emprego\",\"Esposende\",\"inclus\u00e3o social\",\"migrantes\",\"Planeamento Estrat\u00e9gico\",\"Radar Social\"],\"articleSection\":[\"Not\u00edcias\"],\"inLanguage\":\"pt-PT\"},{\"@type\":\"WebPage\",\"@id\":\"https:\/\/portaltela.pt\/noticias\/2026\/01\/30\/clas-esposende-reforca-cooperacao-institucional-e-aprova-instr-estrat\/\",\"url\":\"https:\/\/portaltela.pt\/noticias\/2026\/01\/30\/clas-esposende-reforca-cooperacao-institucional-e-aprova-instr-estrat\/\",\"name\":\"CLAS Esposende refor\u00e7a coopera\u00e7\u00e3o institucional e aprova instr. estrat. - Portal Tela Portugal\",\"isPartOf\":{\"@id\":\"https:\/\/portaltela.pt\/#website\"},\"primaryImageOfPage\":{\"@id\":\"https:\/\/portaltela.pt\/noticias\/2026\/01\/30\/clas-esposende-reforca-cooperacao-institucional-e-aprova-instr-estrat\/#primaryimage\"},\"image\":{\"@id\":\"https:\/\/portaltela.pt\/noticias\/2026\/01\/30\/clas-esposende-reforca-cooperacao-institucional-e-aprova-instr-estrat\/#primaryimage\"},\"thumbnailUrl\":\"https:\/\/portaltela.pt\/s.01k8rhncp4jt1\/2026\/01\/unnamed-file-6056.jpg\",\"datePublished\":\"2026-01-30T11:24:00+00:00\",\"author\":{\"@id\":\"https:\/\/portaltela.pt\/#\/schema\/person\/c4278d4a6028830caff9ee44b42d32ed\"},\"breadcrumb\":{\"@id\":\"https:\/\/portaltela.pt\/noticias\/2026\/01\/30\/clas-esposende-reforca-cooperacao-institucional-e-aprova-instr-estrat\/#breadcrumb\"},\"inLanguage\":\"pt-PT\",\"potentialAction\":[{\"@type\":\"ReadAction\",\"target\":[\"https:\/\/portaltela.pt\/noticias\/2026\/01\/30\/clas-esposende-reforca-cooperacao-institucional-e-aprova-instr-estrat\/\"]}]},{\"@type\":\"ImageObject\",\"inLanguage\":\"pt-PT\",\"@id\":\"https:\/\/portaltela.pt\/noticias\/2026\/01\/30\/clas-esposende-reforca-cooperacao-institucional-e-aprova-instr-estrat\/#primaryimage\",\"url\":\"https:\/\/portaltela.pt\/s.01k8rhncp4jt1\/2026\/01\/unnamed-file-6056.jpg\",\"contentUrl\":\"https:\/\/portaltela.pt\/s.01k8rhncp4jt1\/2026\/01\/unnamed-file-6056.jpg\",\"width\":796,\"height\":448,\"caption\":\"CLAS de Esposende refor\u00e7a coopera\u00e7\u00e3o institucional e aprova instrumentos estrat\u00e9gicos para a interven\u00e7\u00e3o social\"},{\"@type\":\"BreadcrumbList\",\"@id\":\"https:\/\/portaltela.pt\/noticias\/2026\/01\/30\/clas-esposende-reforca-cooperacao-institucional-e-aprova-instr-estrat\/#breadcrumb\",\"itemListElement\":[{\"@type\":\"ListItem\",\"position\":1,\"name\":\"In\u00edcio\",\"item\":\"https:\/\/portaltela.pt\/\"},{\"@type\":\"ListItem\",\"position\":2,\"name\":\"CLAS Esposende refor\u00e7a coopera\u00e7\u00e3o institucional e aprova instr. estrat.\"}]},{\"@type\":\"WebSite\",\"@id\":\"https:\/\/portaltela.pt\/#website\",\"url\":\"https:\/\/portaltela.pt\/\",\"name\":\"Portal Tela Portugal\",\"description\":\"\",\"potentialAction\":[{\"@type\":\"SearchAction\",\"target\":{\"@type\":\"EntryPoint\",\"urlTemplate\":\"https:\/\/portaltela.pt\/?s={search_term_string}\"},\"query-input\":{\"@type\":\"PropertyValueSpecification\",\"valueRequired\":true,\"valueName\":\"search_term_string\"}}],\"inLanguage\":\"pt-PT\"},{\"@type\":\"Person\",\"@id\":\"https:\/\/portaltela.pt\/#\/schema\/person\/c4278d4a6028830caff9ee44b42d32ed\",\"name\":\"Telinha\",\"image\":{\"@type\":\"ImageObject\",\"inLanguage\":\"pt-PT\",\"@id\":\"https:\/\/portaltela.pt\/s.01k8rhncp4jt1\/2025\/11\/talking-bot-125x125.png\",\"url\":\"https:\/\/portaltela.pt\/s.01k8rhncp4jt1\/2025\/11\/talking-bot-125x125.png\",\"contentUrl\":\"https:\/\/portaltela.pt\/s.01k8rhncp4jt1\/2025\/11\/talking-bot-125x125.png\",\"caption\":\"Telinha\"},\"sameAs\":[\"https:\/\/portaltela.pt\/\"],\"url\":\"https:\/\/portaltela.pt\/por\/367410592786\/\"}]}<\/script>\n<!-- \/ Yoast SEO plugin. -->","yoast_head_json":{"title":"CLAS Esposende refor\u00e7a coopera\u00e7\u00e3o institucional e aprova instr. estrat. - Portal Tela Portugal","robots":{"index":"index","follow":"follow","max-snippet":"max-snippet:-1","max-image-preview":"max-image-preview:large","max-video-preview":"max-video-preview:-1"},"og_locale":"pt_PT","og_type":"article","og_title":"CLAS Esposende refor\u00e7a coopera\u00e7\u00e3o institucional e aprova instr. estrat. - Portal Tela Portugal","og_description":"O Conselho Local de A\u00e7\u00e3o Social de Esposende reuniu em dezembro, sob a presid\u00eancia da vereadora da Coes\u00e3o e Desenvolvimento Social, F\u00e1tima Escriv\u00e3es, para refor\u00e7ar o trabalho em rede e a capacita\u00e7\u00e3o das entidades da Rede Social de Esposende. Foi apresentado e aprovado o Mapeamento dos Recursos Sociais, instrumento do Projeto Radar Social, resultante de visitas t\u00e9cnicas e recolha de informa\u00e7\u00e3o junto das institui\u00e7\u00f5es. O mapeamento \u00e9 din\u00e2mico e visa acompanhar a evolu\u00e7\u00e3o das respostas sociais, identificar lacunas e prioridades de interven\u00e7\u00e3o, fortalecendo a articula\u00e7\u00e3o entre entidades e o acesso equitativo aos servi\u00e7os. Foram aprovadas adendas aos Planos de A\u00e7\u00e3o do Projeto Radar Social e do CLAS, ajustando o n\u00famero de destinat\u00e1rios e fixando o Plano de A\u00e7\u00e3o para 2026, com foco em envelhecimento ativo, inclus\u00e3o social, empregabilidade e capacita\u00e7\u00e3o do terceiro setor. Foi ainda aprovado o Relat\u00f3rio de Execu\u00e7\u00e3o F\u00edsica do projeto agirE \u2013 CLDS 5G, destacando a\u00e7\u00f5es de apoio \u00e0 comunidade, inclus\u00e3o, apoio a cuidadores e integra\u00e7\u00e3o de popula\u00e7\u00e3o migrante.","og_url":"https:\/\/portaltela.pt\/noticias\/2026\/01\/30\/clas-esposende-reforca-cooperacao-institucional-e-aprova-instr-estrat\/","og_site_name":"Portal Tela Portugal","article_published_time":"2026-01-30T11:24:00+00:00","author":"Telinha","twitter_card":"summary_large_image","twitter_misc":{"Escrito por":"Telinha","Tempo estimado de leitura":"1 minuto"},"schema":{"@context":"https:\/\/schema.org","@graph":[{"@type":"Article","@id":"https:\/\/portaltela.pt\/noticias\/2026\/01\/30\/clas-esposende-reforca-cooperacao-institucional-e-aprova-instr-estrat\/#article","isPartOf":{"@id":"https:\/\/portaltela.pt\/noticias\/2026\/01\/30\/clas-esposende-reforca-cooperacao-institucional-e-aprova-instr-estrat\/"},"author":{"name":"Telinha","@id":"https:\/\/portaltela.pt\/#\/schema\/person\/c4278d4a6028830caff9ee44b42d32ed"},"headline":"CLAS Esposende refor\u00e7a coopera\u00e7\u00e3o institucional e aprova instr. estrat.","datePublished":"2026-01-30T11:24:00+00:00","mainEntityOfPage":{"@id":"https:\/\/portaltela.pt\/noticias\/2026\/01\/30\/clas-esposende-reforca-cooperacao-institucional-e-aprova-instr-estrat\/"},"wordCount":307,"image":{"@id":"https:\/\/portaltela.pt\/noticias\/2026\/01\/30\/clas-esposende-reforca-cooperacao-institucional-e-aprova-instr-estrat\/#primaryimage"},"thumbnailUrl":"https:\/\/portaltela.pt\/s.01k8rhncp4jt1\/2026\/01\/unnamed-file-6056.jpg","keywords":["emprego","Esposende","inclus\u00e3o social","migrantes","Planeamento Estrat\u00e9gico","Radar Social"],"articleSection":["Not\u00edcias"],"inLanguage":"pt-PT"},{"@type":"WebPage","@id":"https:\/\/portaltela.pt\/noticias\/2026\/01\/30\/clas-esposende-reforca-cooperacao-institucional-e-aprova-instr-estrat\/","url":"https:\/\/portaltela.pt\/noticias\/2026\/01\/30\/clas-esposende-reforca-cooperacao-institucional-e-aprova-instr-estrat\/","name":"CLAS Esposende refor\u00e7a coopera\u00e7\u00e3o institucional e aprova instr. estrat. - Portal Tela Portugal","isPartOf":{"@id":"https:\/\/portaltela.pt\/#website"},"primaryImageOfPage":{"@id":"https:\/\/portaltela.pt\/noticias\/2026\/01\/30\/clas-esposende-reforca-cooperacao-institucional-e-aprova-instr-estrat\/#primaryimage"},"image":{"@id":"https:\/\/portaltela.pt\/noticias\/2026\/01\/30\/clas-esposende-reforca-cooperacao-institucional-e-aprova-instr-estrat\/#primaryimage"},"thumbnailUrl":"https:\/\/portaltela.pt\/s.01k8rhncp4jt1\/2026\/01\/unnamed-file-6056.jpg","datePublished":"2026-01-30T11:24:00+00:00","author":{"@id":"https:\/\/portaltela.pt\/#\/schema\/person\/c4278d4a6028830caff9ee44b42d32ed"},"breadcrumb":{"@id":"https:\/\/portaltela.pt\/noticias\/2026\/01\/30\/clas-esposende-reforca-cooperacao-institucional-e-aprova-instr-estrat\/#breadcrumb"},"inLanguage":"pt-PT","potentialAction":[{"@type":"ReadAction","target":["https:\/\/portaltela.pt\/noticias\/2026\/01\/30\/clas-esposende-reforca-cooperacao-institucional-e-aprova-instr-estrat\/"]}]},{"@type":"ImageObject","inLanguage":"pt-PT","@id":"https:\/\/portaltela.pt\/noticias\/2026\/01\/30\/clas-esposende-reforca-cooperacao-institucional-e-aprova-instr-estrat\/#primaryimage","url":"https:\/\/portaltela.pt\/s.01k8rhncp4jt1\/2026\/01\/unnamed-file-6056.jpg","contentUrl":"https:\/\/portaltela.pt\/s.01k8rhncp4jt1\/2026\/01\/unnamed-file-6056.jpg","width":796,"height":448,"caption":"CLAS de Esposende refor\u00e7a coopera\u00e7\u00e3o institucional e aprova instrumentos estrat\u00e9gicos para a interven\u00e7\u00e3o social"},{"@type":"BreadcrumbList","@id":"https:\/\/portaltela.pt\/noticias\/2026\/01\/30\/clas-esposende-reforca-cooperacao-institucional-e-aprova-instr-estrat\/#breadcrumb","itemListElement":[{"@type":"ListItem","position":1,"name":"In\u00edcio","item":"https:\/\/portaltela.pt\/"},{"@type":"ListItem","position":2,"name":"CLAS Esposende refor\u00e7a coopera\u00e7\u00e3o institucional e aprova instr. estrat."}]},{"@type":"WebSite","@id":"https:\/\/portaltela.pt\/#website","url":"https:\/\/portaltela.pt\/","name":"Portal Tela Portugal","description":"","potentialAction":[{"@type":"SearchAction","target":{"@type":"EntryPoint","urlTemplate":"https:\/\/portaltela.pt\/?s={search_term_string}"},"query-input":{"@type":"PropertyValueSpecification","valueRequired":true,"valueName":"search_term_string"}}],"inLanguage":"pt-PT"},{"@type":"Person","@id":"https:\/\/portaltela.pt\/#\/schema\/person\/c4278d4a6028830caff9ee44b42d32ed","name":"Telinha","image":{"@type":"ImageObject","inLanguage":"pt-PT","@id":"https:\/\/portaltela.pt\/s.01k8rhncp4jt1\/2025\/11\/talking-bot-125x125.png","url":"https:\/\/portaltela.pt\/s.01k8rhncp4jt1\/2025\/11\/talking-bot-125x125.png","contentUrl":"https:\/\/portaltela.pt\/s.01k8rhncp4jt1\/2025\/11\/talking-bot-125x125.png","caption":"Telinha"},"sameAs":["https:\/\/portaltela.pt\/"],"url":"https:\/\/portaltela.pt\/por\/367410592786\/"}]}},"_links":{"self":[{"href":"https:\/\/portaltela.pt\/api\/wp\/v2\/posts\/183674","targetHints":{"allow":["GET"]}}],"collection":[{"href":"https:\/\/portaltela.pt\/api\/wp\/v2\/posts"}],"about":[{"href":"https:\/\/portaltela.pt\/api\/wp\/v2\/types\/post"}],"author":[{"embeddable":true,"href":"https:\/\/portaltela.pt\/api\/wp\/v2\/users\/2"}],"replies":[{"embeddable":true,"href":"https:\/\/portaltela.pt\/api\/wp\/v2\/comments?post=183674"}],"version-history":[{"count":0,"href":"https:\/\/portaltela.pt\/api\/wp\/v2\/posts\/183674\/revisions"}],"wp:featuredmedia":[{"embeddable":true,"href":"https:\/\/portaltela.pt\/api\/wp\/v2\/media\/183715"}],"wp:attachment":[{"href":"https:\/\/portaltela.pt\/api\/wp\/v2\/media?parent=183674"}],"wp:term":[{"taxonomy":"category","embeddable":true,"href":"https:\/\/portaltela.pt\/api\/wp\/v2\/categories?post=183674"},{"taxonomy":"post_tag","embeddable":true,"href":"https:\/\/portaltela.pt\/api\/wp\/v2\/tags?post=183674"}],"curies":[{"name":"wp","href":"https:\/\/api.w.org\/{rel}","templated":true}]}}