{"id":183643,"date":"2026-01-30T08:07:00","date_gmt":"2026-01-30T11:07:00","guid":{"rendered":"https:\/\/portaltela.pt\/noticias\/2026\/01\/30\/mp-investiga-morte-de-mulher-nas-urgencias-de-leiria\/"},"modified":"2026-01-30T08:07:00","modified_gmt":"2026-01-30T11:07:00","slug":"mp-investiga-morte-de-mulher-nas-urgencias-de-leiria","status":"publish","type":"post","link":"https:\/\/portaltela.pt\/noticias\/2026\/01\/30\/mp-investiga-morte-de-mulher-nas-urgencias-de-leiria\/","title":{"rendered":"MP investiga morte de mulher nas urg\u00eancias de Leiria"},"content":{"rendered":"<p>O Minist\u00e9rio P\u00fablico abriu um inqu\u00e9rito para apurar a morte de uma mulher de 79 anos nas urg\u00eancias do Hospital de Santo Andr\u00e9, em Leiria, ocorrida na noite de 21 de dezembro de 2025. O objetivo \u00e9 esclarecer as circunst\u00e2ncias do \u00f3bito, ap\u00f3s avalia\u00e7\u00e3o m\u00e9dica e interven\u00e7\u00f5es no servi\u00e7o de urg\u00eancia geral.<\/p>\n<p>A fam\u00edlia da utente relatou que a ida ao hospital ocorreu depois de apresentar problemas respirat\u00f3rios e febre. A satura\u00e7\u00e3o de oxig\u00e9nio da\/idosa foi medida pela filha e ficou abaixo do normal, levando \u00e0 ativa\u00e7\u00e3o do Centro de Orienta\u00e7\u00e3o de Doentes Urgentes e \u00e0 desloca\u00e7\u00e3o de uma ambul\u00e2ncia. No hospital, a paciente recebeu oxig\u00e9nio por m\u00e1scara durante a observa\u00e7\u00e3o.<\/p>\n<p>O filho acompanhou o processo e descreve atrasos na informa\u00e7\u00e3o sobre o estado da m\u00e3e antes da confirma\u00e7\u00e3o de morte. Segundo a fam\u00edlia, a senhora entrou em paragem cardiorrespirat\u00f3ria e n\u00e3o houve sucesso nas tentativas de reanima\u00e7\u00e3o, com o corpo j\u00e1 frio quando chegou junto dela. O inqu\u00e9rito poder\u00e1 incluir uma avalia\u00e7\u00e3o criminal e a aut\u00f3psia m\u00e9dico-legal.<\/p>\n<h3>Situa\u00e7\u00e3o atual do inqu\u00e9rito e posi\u00e7\u00e3o institucional<\/h3>\n<p>A Unidade Local de Sa\u00fade (ULS) da Regi\u00e3o de Leiria informou que n\u00e3o recebeu at\u00e9 \u00e0 data comunica\u00e7\u00e3o formal do inqu\u00e9rito pela Procuradoria-Geral da Rep\u00fablica. A institui\u00e7\u00e3o assegura ter seguido os protocolos vigentes de triagem e observa\u00e7\u00e3o na admiss\u00e3o, com o familiar informado sobre os procedimentos. A aut\u00f3psia, ordenada pelo MP, j\u00e1 foi indicada para esclarecer a causa de morte. O filho pretende decidir sobre uma poss\u00edvel queixa-crime ap\u00f3s o relat\u00f3rio final da aut\u00f3psia.<\/p>\n","protected":false},"excerpt":{"rendered":"<ul>\n<li>O Minist\u00e9rio P\u00fablico abriu um inqu\u00e9rito para apurar as circunst\u00e2ncias da morte de uma mulher de 79 anos nas urg\u00eancias do Hospital de Santo Andr\u00e9, em Leiria, ap\u00f3s a entrada no servi\u00e7o \u00e0s 17h20 de 21 de dezembro de 2025.<\/li>\n<li>Segundo o filho, a paciente foi submetida a triagem, recebeu oxig\u00e9nio e foi encaminhada em ambul\u00e2ncia ao hospital ap\u00f3s apresentar queixas respirat\u00f3rias e febre.<\/li>\n<li>O filho relatou que, cerca de uma hora depois, esteve com a m\u00e3e no corredor da sala de espera e que a idosa ter\u00e1 morrido pouco depois, com a informa\u00e7\u00e3o m\u00e9dica a indicar insufici\u00eancia respirat\u00f3ria avan\u00e7ada e paragem cardiorrespirat\u00f3ria.<\/li>\n<li>A Unidade Local de Sa\u00fade da Regi\u00e3o de Leiria afirmou que a triagem ocorreu segundo o protocolo vigente e que, no momento em que o familiar solicitou informa\u00e7\u00f5es, a doente j\u00e1 se encontrava na sala de emerg\u00eancia em observa\u00e7\u00e3o e em reanima\u00e7\u00e3o.<\/li>\n<li>A Procuradoria-Geral da Rep\u00fablica confirmou a instaura\u00e7\u00e3o do inqu\u00e9rito e ordenou a realiza\u00e7\u00e3o de uma aut\u00f3psia m\u00e9dico-legal. A fam\u00edlia aguarda o relat\u00f3rio final para decidir sobre eventual queixa-crime.<\/li>\n<\/ul>\n","protected":false},"author":2,"featured_media":183664,"comment_status":"closed","ping_status":"closed","sticky":false,"template":"","format":"standard","meta":{"footnotes":""},"categories":[1],"tags":[2861,1878,215,1385,4783,1899],"class_list":["post-183643","post","type-post","status-publish","format-standard","has-post-thumbnail","hentry","category-noticias","tag-denuncia-crime","tag-inquerito-criminal","tag-investigacao","tag-leiria","tag-patologia-forense","tag-urgencias"],"yoast_head":"<!-- This site is optimized with the Yoast SEO plugin v27.2 - https:\/\/yoast.com\/product\/yoast-seo-wordpress\/ -->\n<title>MP investiga morte de mulher nas urg\u00eancias de Leiria - Portal Tela Portugal<\/title>\n<meta name=\"robots\" content=\"index, follow, max-snippet:-1, max-image-preview:large, max-video-preview:-1\" \/>\n<meta property=\"og:locale\" content=\"pt_PT\" \/>\n<meta property=\"og:type\" content=\"article\" \/>\n<meta property=\"og:title\" content=\"MP investiga morte de mulher nas urg\u00eancias de Leiria - Portal Tela Portugal\" \/>\n<meta property=\"og:description\" content=\"O Minist\u00e9rio P\u00fablico abriu um inqu\u00e9rito para apurar as circunst\u00e2ncias da morte de uma mulher de 79 anos nas urg\u00eancias do Hospital de Santo Andr\u00e9, em Leiria, ap\u00f3s a entrada no servi\u00e7o \u00e0s 17h20 de 21 de dezembro de 2025. Segundo o filho, a paciente foi submetida a triagem, recebeu oxig\u00e9nio e foi encaminhada em ambul\u00e2ncia ao hospital ap\u00f3s apresentar queixas respirat\u00f3rias e febre. O filho relatou que, cerca de uma hora depois, esteve com a m\u00e3e no corredor da sala de espera e que a idosa ter\u00e1 morrido pouco depois, com a informa\u00e7\u00e3o m\u00e9dica a indicar insufici\u00eancia respirat\u00f3ria avan\u00e7ada e paragem cardiorrespirat\u00f3ria. A Unidade Local de Sa\u00fade da Regi\u00e3o de Leiria afirmou que a triagem ocorreu segundo o protocolo vigente e que, no momento em que o familiar solicitou informa\u00e7\u00f5es, a doente j\u00e1 se encontrava na sala de emerg\u00eancia em observa\u00e7\u00e3o e em reanima\u00e7\u00e3o. A Procuradoria-Geral da Rep\u00fablica confirmou a instaura\u00e7\u00e3o do inqu\u00e9rito e ordenou a realiza\u00e7\u00e3o de uma aut\u00f3psia m\u00e9dico-legal. A fam\u00edlia aguarda o relat\u00f3rio final para decidir sobre eventual queixa-crime.\" \/>\n<meta property=\"og:url\" content=\"https:\/\/portaltela.pt\/noticias\/2026\/01\/30\/mp-investiga-morte-de-mulher-nas-urgencias-de-leiria\/\" \/>\n<meta property=\"og:site_name\" content=\"Portal Tela Portugal\" \/>\n<meta property=\"article:published_time\" content=\"2026-01-30T11:07:00+00:00\" \/>\n<meta name=\"author\" content=\"Telinha\" \/>\n<meta name=\"twitter:card\" content=\"summary_large_image\" \/>\n<meta name=\"twitter:label1\" content=\"Escrito por\" \/>\n\t<meta name=\"twitter:data1\" content=\"Telinha\" \/>\n\t<meta name=\"twitter:label2\" content=\"Tempo estimado de leitura\" \/>\n\t<meta name=\"twitter:data2\" content=\"1 minuto\" \/>\n<script type=\"application\/ld+json\" class=\"yoast-schema-graph\">{\"@context\":\"https:\/\/schema.org\",\"@graph\":[{\"@type\":\"Article\",\"@id\":\"https:\/\/portaltela.pt\/noticias\/2026\/01\/30\/mp-investiga-morte-de-mulher-nas-urgencias-de-leiria\/#article\",\"isPartOf\":{\"@id\":\"https:\/\/portaltela.pt\/noticias\/2026\/01\/30\/mp-investiga-morte-de-mulher-nas-urgencias-de-leiria\/\"},\"author\":{\"name\":\"Telinha\",\"@id\":\"https:\/\/portaltela.pt\/#\/schema\/person\/c4278d4a6028830caff9ee44b42d32ed\"},\"headline\":\"MP investiga morte de mulher nas urg\u00eancias de Leiria\",\"datePublished\":\"2026-01-30T11:07:00+00:00\",\"mainEntityOfPage\":{\"@id\":\"https:\/\/portaltela.pt\/noticias\/2026\/01\/30\/mp-investiga-morte-de-mulher-nas-urgencias-de-leiria\/\"},\"wordCount\":303,\"image\":{\"@id\":\"https:\/\/portaltela.pt\/noticias\/2026\/01\/30\/mp-investiga-morte-de-mulher-nas-urgencias-de-leiria\/#primaryimage\"},\"thumbnailUrl\":\"https:\/\/portaltela.pt\/s.01k8rhncp4jt1\/2026\/01\/image-2109.jpg\",\"keywords\":[\"den\u00fancia-crime\",\"inqu\u00e9rito criminal\",\"investiga\u00e7\u00e3o\",\"Leiria\",\"Patologia Forense\",\"urg\u00eancias\"],\"articleSection\":[\"Not\u00edcias\"],\"inLanguage\":\"pt-PT\"},{\"@type\":\"WebPage\",\"@id\":\"https:\/\/portaltela.pt\/noticias\/2026\/01\/30\/mp-investiga-morte-de-mulher-nas-urgencias-de-leiria\/\",\"url\":\"https:\/\/portaltela.pt\/noticias\/2026\/01\/30\/mp-investiga-morte-de-mulher-nas-urgencias-de-leiria\/\",\"name\":\"MP investiga morte de mulher nas urg\u00eancias de Leiria - Portal Tela Portugal\",\"isPartOf\":{\"@id\":\"https:\/\/portaltela.pt\/#website\"},\"primaryImageOfPage\":{\"@id\":\"https:\/\/portaltela.pt\/noticias\/2026\/01\/30\/mp-investiga-morte-de-mulher-nas-urgencias-de-leiria\/#primaryimage\"},\"image\":{\"@id\":\"https:\/\/portaltela.pt\/noticias\/2026\/01\/30\/mp-investiga-morte-de-mulher-nas-urgencias-de-leiria\/#primaryimage\"},\"thumbnailUrl\":\"https:\/\/portaltela.pt\/s.01k8rhncp4jt1\/2026\/01\/image-2109.jpg\",\"datePublished\":\"2026-01-30T11:07:00+00:00\",\"author\":{\"@id\":\"https:\/\/portaltela.pt\/#\/schema\/person\/c4278d4a6028830caff9ee44b42d32ed\"},\"breadcrumb\":{\"@id\":\"https:\/\/portaltela.pt\/noticias\/2026\/01\/30\/mp-investiga-morte-de-mulher-nas-urgencias-de-leiria\/#breadcrumb\"},\"inLanguage\":\"pt-PT\",\"potentialAction\":[{\"@type\":\"ReadAction\",\"target\":[\"https:\/\/portaltela.pt\/noticias\/2026\/01\/30\/mp-investiga-morte-de-mulher-nas-urgencias-de-leiria\/\"]}]},{\"@type\":\"ImageObject\",\"inLanguage\":\"pt-PT\",\"@id\":\"https:\/\/portaltela.pt\/noticias\/2026\/01\/30\/mp-investiga-morte-de-mulher-nas-urgencias-de-leiria\/#primaryimage\",\"url\":\"https:\/\/portaltela.pt\/s.01k8rhncp4jt1\/2026\/01\/image-2109.jpg\",\"contentUrl\":\"https:\/\/portaltela.pt\/s.01k8rhncp4jt1\/2026\/01\/image-2109.jpg\",\"width\":796,\"height\":448,\"caption\":\"Mulher foi levada de ambul\u00e2ncia para as urg\u00eancias de Leiria\"},{\"@type\":\"BreadcrumbList\",\"@id\":\"https:\/\/portaltela.pt\/noticias\/2026\/01\/30\/mp-investiga-morte-de-mulher-nas-urgencias-de-leiria\/#breadcrumb\",\"itemListElement\":[{\"@type\":\"ListItem\",\"position\":1,\"name\":\"In\u00edcio\",\"item\":\"https:\/\/portaltela.pt\/\"},{\"@type\":\"ListItem\",\"position\":2,\"name\":\"MP investiga morte de mulher nas urg\u00eancias de Leiria\"}]},{\"@type\":\"WebSite\",\"@id\":\"https:\/\/portaltela.pt\/#website\",\"url\":\"https:\/\/portaltela.pt\/\",\"name\":\"Portal Tela Portugal\",\"description\":\"\",\"potentialAction\":[{\"@type\":\"SearchAction\",\"target\":{\"@type\":\"EntryPoint\",\"urlTemplate\":\"https:\/\/portaltela.pt\/?s={search_term_string}\"},\"query-input\":{\"@type\":\"PropertyValueSpecification\",\"valueRequired\":true,\"valueName\":\"search_term_string\"}}],\"inLanguage\":\"pt-PT\"},{\"@type\":\"Person\",\"@id\":\"https:\/\/portaltela.pt\/#\/schema\/person\/c4278d4a6028830caff9ee44b42d32ed\",\"name\":\"Telinha\",\"image\":{\"@type\":\"ImageObject\",\"inLanguage\":\"pt-PT\",\"@id\":\"https:\/\/portaltela.pt\/s.01k8rhncp4jt1\/2025\/11\/talking-bot-125x125.png\",\"url\":\"https:\/\/portaltela.pt\/s.01k8rhncp4jt1\/2025\/11\/talking-bot-125x125.png\",\"contentUrl\":\"https:\/\/portaltela.pt\/s.01k8rhncp4jt1\/2025\/11\/talking-bot-125x125.png\",\"caption\":\"Telinha\"},\"sameAs\":[\"https:\/\/portaltela.pt\/\"],\"url\":\"https:\/\/portaltela.pt\/por\/367410592786\/\"}]}<\/script>\n<!-- \/ Yoast SEO plugin. -->","yoast_head_json":{"title":"MP investiga morte de mulher nas urg\u00eancias de Leiria - Portal Tela Portugal","robots":{"index":"index","follow":"follow","max-snippet":"max-snippet:-1","max-image-preview":"max-image-preview:large","max-video-preview":"max-video-preview:-1"},"og_locale":"pt_PT","og_type":"article","og_title":"MP investiga morte de mulher nas urg\u00eancias de Leiria - Portal Tela Portugal","og_description":"O Minist\u00e9rio P\u00fablico abriu um inqu\u00e9rito para apurar as circunst\u00e2ncias da morte de uma mulher de 79 anos nas urg\u00eancias do Hospital de Santo Andr\u00e9, em Leiria, ap\u00f3s a entrada no servi\u00e7o \u00e0s 17h20 de 21 de dezembro de 2025. Segundo o filho, a paciente foi submetida a triagem, recebeu oxig\u00e9nio e foi encaminhada em ambul\u00e2ncia ao hospital ap\u00f3s apresentar queixas respirat\u00f3rias e febre. O filho relatou que, cerca de uma hora depois, esteve com a m\u00e3e no corredor da sala de espera e que a idosa ter\u00e1 morrido pouco depois, com a informa\u00e7\u00e3o m\u00e9dica a indicar insufici\u00eancia respirat\u00f3ria avan\u00e7ada e paragem cardiorrespirat\u00f3ria. A Unidade Local de Sa\u00fade da Regi\u00e3o de Leiria afirmou que a triagem ocorreu segundo o protocolo vigente e que, no momento em que o familiar solicitou informa\u00e7\u00f5es, a doente j\u00e1 se encontrava na sala de emerg\u00eancia em observa\u00e7\u00e3o e em reanima\u00e7\u00e3o. A Procuradoria-Geral da Rep\u00fablica confirmou a instaura\u00e7\u00e3o do inqu\u00e9rito e ordenou a realiza\u00e7\u00e3o de uma aut\u00f3psia m\u00e9dico-legal. A fam\u00edlia aguarda o relat\u00f3rio final para decidir sobre eventual queixa-crime.","og_url":"https:\/\/portaltela.pt\/noticias\/2026\/01\/30\/mp-investiga-morte-de-mulher-nas-urgencias-de-leiria\/","og_site_name":"Portal Tela Portugal","article_published_time":"2026-01-30T11:07:00+00:00","author":"Telinha","twitter_card":"summary_large_image","twitter_misc":{"Escrito por":"Telinha","Tempo estimado de leitura":"1 minuto"},"schema":{"@context":"https:\/\/schema.org","@graph":[{"@type":"Article","@id":"https:\/\/portaltela.pt\/noticias\/2026\/01\/30\/mp-investiga-morte-de-mulher-nas-urgencias-de-leiria\/#article","isPartOf":{"@id":"https:\/\/portaltela.pt\/noticias\/2026\/01\/30\/mp-investiga-morte-de-mulher-nas-urgencias-de-leiria\/"},"author":{"name":"Telinha","@id":"https:\/\/portaltela.pt\/#\/schema\/person\/c4278d4a6028830caff9ee44b42d32ed"},"headline":"MP investiga morte de mulher nas urg\u00eancias de Leiria","datePublished":"2026-01-30T11:07:00+00:00","mainEntityOfPage":{"@id":"https:\/\/portaltela.pt\/noticias\/2026\/01\/30\/mp-investiga-morte-de-mulher-nas-urgencias-de-leiria\/"},"wordCount":303,"image":{"@id":"https:\/\/portaltela.pt\/noticias\/2026\/01\/30\/mp-investiga-morte-de-mulher-nas-urgencias-de-leiria\/#primaryimage"},"thumbnailUrl":"https:\/\/portaltela.pt\/s.01k8rhncp4jt1\/2026\/01\/image-2109.jpg","keywords":["den\u00fancia-crime","inqu\u00e9rito criminal","investiga\u00e7\u00e3o","Leiria","Patologia Forense","urg\u00eancias"],"articleSection":["Not\u00edcias"],"inLanguage":"pt-PT"},{"@type":"WebPage","@id":"https:\/\/portaltela.pt\/noticias\/2026\/01\/30\/mp-investiga-morte-de-mulher-nas-urgencias-de-leiria\/","url":"https:\/\/portaltela.pt\/noticias\/2026\/01\/30\/mp-investiga-morte-de-mulher-nas-urgencias-de-leiria\/","name":"MP investiga morte de mulher nas urg\u00eancias de Leiria - Portal Tela Portugal","isPartOf":{"@id":"https:\/\/portaltela.pt\/#website"},"primaryImageOfPage":{"@id":"https:\/\/portaltela.pt\/noticias\/2026\/01\/30\/mp-investiga-morte-de-mulher-nas-urgencias-de-leiria\/#primaryimage"},"image":{"@id":"https:\/\/portaltela.pt\/noticias\/2026\/01\/30\/mp-investiga-morte-de-mulher-nas-urgencias-de-leiria\/#primaryimage"},"thumbnailUrl":"https:\/\/portaltela.pt\/s.01k8rhncp4jt1\/2026\/01\/image-2109.jpg","datePublished":"2026-01-30T11:07:00+00:00","author":{"@id":"https:\/\/portaltela.pt\/#\/schema\/person\/c4278d4a6028830caff9ee44b42d32ed"},"breadcrumb":{"@id":"https:\/\/portaltela.pt\/noticias\/2026\/01\/30\/mp-investiga-morte-de-mulher-nas-urgencias-de-leiria\/#breadcrumb"},"inLanguage":"pt-PT","potentialAction":[{"@type":"ReadAction","target":["https:\/\/portaltela.pt\/noticias\/2026\/01\/30\/mp-investiga-morte-de-mulher-nas-urgencias-de-leiria\/"]}]},{"@type":"ImageObject","inLanguage":"pt-PT","@id":"https:\/\/portaltela.pt\/noticias\/2026\/01\/30\/mp-investiga-morte-de-mulher-nas-urgencias-de-leiria\/#primaryimage","url":"https:\/\/portaltela.pt\/s.01k8rhncp4jt1\/2026\/01\/image-2109.jpg","contentUrl":"https:\/\/portaltela.pt\/s.01k8rhncp4jt1\/2026\/01\/image-2109.jpg","width":796,"height":448,"caption":"Mulher foi levada de ambul\u00e2ncia para as urg\u00eancias de Leiria"},{"@type":"BreadcrumbList","@id":"https:\/\/portaltela.pt\/noticias\/2026\/01\/30\/mp-investiga-morte-de-mulher-nas-urgencias-de-leiria\/#breadcrumb","itemListElement":[{"@type":"ListItem","position":1,"name":"In\u00edcio","item":"https:\/\/portaltela.pt\/"},{"@type":"ListItem","position":2,"name":"MP investiga morte de mulher nas urg\u00eancias de Leiria"}]},{"@type":"WebSite","@id":"https:\/\/portaltela.pt\/#website","url":"https:\/\/portaltela.pt\/","name":"Portal Tela Portugal","description":"","potentialAction":[{"@type":"SearchAction","target":{"@type":"EntryPoint","urlTemplate":"https:\/\/portaltela.pt\/?s={search_term_string}"},"query-input":{"@type":"PropertyValueSpecification","valueRequired":true,"valueName":"search_term_string"}}],"inLanguage":"pt-PT"},{"@type":"Person","@id":"https:\/\/portaltela.pt\/#\/schema\/person\/c4278d4a6028830caff9ee44b42d32ed","name":"Telinha","image":{"@type":"ImageObject","inLanguage":"pt-PT","@id":"https:\/\/portaltela.pt\/s.01k8rhncp4jt1\/2025\/11\/talking-bot-125x125.png","url":"https:\/\/portaltela.pt\/s.01k8rhncp4jt1\/2025\/11\/talking-bot-125x125.png","contentUrl":"https:\/\/portaltela.pt\/s.01k8rhncp4jt1\/2025\/11\/talking-bot-125x125.png","caption":"Telinha"},"sameAs":["https:\/\/portaltela.pt\/"],"url":"https:\/\/portaltela.pt\/por\/367410592786\/"}]}},"_links":{"self":[{"href":"https:\/\/portaltela.pt\/api\/wp\/v2\/posts\/183643","targetHints":{"allow":["GET"]}}],"collection":[{"href":"https:\/\/portaltela.pt\/api\/wp\/v2\/posts"}],"about":[{"href":"https:\/\/portaltela.pt\/api\/wp\/v2\/types\/post"}],"author":[{"embeddable":true,"href":"https:\/\/portaltela.pt\/api\/wp\/v2\/users\/2"}],"replies":[{"embeddable":true,"href":"https:\/\/portaltela.pt\/api\/wp\/v2\/comments?post=183643"}],"version-history":[{"count":0,"href":"https:\/\/portaltela.pt\/api\/wp\/v2\/posts\/183643\/revisions"}],"wp:featuredmedia":[{"embeddable":true,"href":"https:\/\/portaltela.pt\/api\/wp\/v2\/media\/183664"}],"wp:attachment":[{"href":"https:\/\/portaltela.pt\/api\/wp\/v2\/media?parent=183643"}],"wp:term":[{"taxonomy":"category","embeddable":true,"href":"https:\/\/portaltela.pt\/api\/wp\/v2\/categories?post=183643"},{"taxonomy":"post_tag","embeddable":true,"href":"https:\/\/portaltela.pt\/api\/wp\/v2\/tags?post=183643"}],"curies":[{"name":"wp","href":"https:\/\/api.w.org\/{rel}","templated":true}]}}