{"id":183625,"date":"2026-01-30T08:03:18","date_gmt":"2026-01-30T11:03:18","guid":{"rendered":"https:\/\/portaltela.pt\/noticias\/2026\/01\/30\/uls-do-alentejo-central-abre-concursos-para-medicos-de-varias-especialidades\/"},"modified":"2026-01-30T08:03:18","modified_gmt":"2026-01-30T11:03:18","slug":"uls-do-alentejo-central-abre-concursos-para-medicos-de-varias-especialidades","status":"publish","type":"post","link":"https:\/\/portaltela.pt\/noticias\/2026\/01\/30\/uls-do-alentejo-central-abre-concursos-para-medicos-de-varias-especialidades\/","title":{"rendered":"ULS do Alentejo Central abre concursos para m\u00e9dicos de v\u00e1rias especialidades"},"content":{"rendered":"<p>A Unidade Local de Sa\u00fade do Alentejo Central (ULSAC) abriu v\u00e1rios procedimentos concursais com car\u00e1ter urgente para contratar m\u00e9dicos especialistas. O objetivo \u00e9 preencher postos no mapa de pessoal da institui\u00e7\u00e3o, conforme avisos publicados no Di\u00e1rio da Rep\u00fablica.<\/p>\n<p>S\u00e3o vagas para as especialidades de pediatria, medicina interna, cirurgia geral, neurologia, psiquiatria, pneumologia, urologia, patologia cl\u00ednica e imunoalergologia. No total, h\u00e1 nove postos, sendo dois em medicina interna e um em cada uma das restantes especialidades. Os contratos s\u00e3o sem termo.<\/p>\n<h3>Prazo de candidaturas e requisitos<\/h3>\n<p>Os concursos decorrem com regime urgente e o prazo \u00e9 de cinco dias \u00fateis a partir da publica\u00e7\u00e3o dos avisos. A ULSAC justifica a urg\u00eancia pela necessidade de refor\u00e7ar o funcionamento do Servi\u00e7o Nacional de Sa\u00fade. As candidaturas devem ser enviadas exclusivamente por via eletr\u00f3nica, em formato PDF, para recrutamento@ulsac.min-saude.pt.<\/p>\n<h3>Locais de atua\u00e7\u00e3o e condi\u00e7\u00f5es<\/h3>\n<p>Os m\u00e9dicos contratados ir\u00e3o exercer fun\u00e7\u00f5es na sede da ULSAC, em \u00c9vora, podendo ser colocados nos restantes estabelecimentos da rede. O hor\u00e1rio \u00e9 de 40 horas semanais, com remunera\u00e7\u00e3o correspondente \u00e0 primeira posi\u00e7\u00e3o da categoria de assistente.<\/p>\n<h3>Requisitos de admiss\u00e3o<\/h3>\n<p>Podem candidatar-se m\u00e9dicos com grau de especialista na \u00e1rea correspondente, desde que n\u00e3o tenham v\u00ednculo de emprego por tempo indeterminado com servi\u00e7os ou organismos do Estado.<\/p>\n","protected":false},"excerpt":{"rendered":"<ul>\n<li>A Unidade Local de Sa\u00fade do Alentejo Central abriu concursos urgentes para contratar m\u00e9dicos especialistas, visando preencher postos no seu mapa de pessoal.<\/li>\n<li>S\u00e3o vagas nas \u00e1reas de pediatria, medicina interna, cirurgia geral, neurologia, psiquiatria, pneumologia, urologia, patologia cl\u00ednica e imunoalergologia, totalizando nove postos (duas em medicina interna).<\/li>\n<li>Os contratos s\u00e3o sem termo, ao abrigo do C\u00f3digo do Trabalho, e as candidaturas devem ser feitas em cinco dias \u00fateis a partir da publica\u00e7\u00e3o dos avisos.<\/li>\n<li>As candidaturas devem ser enviadas exclusivamente por via eletr\u00f3nica, em formato PDF, para recrutamento@ulsac.min-saude.pt.<\/li>\n<li>Os m\u00e9dicos ir\u00e3o exercer fun\u00e7\u00f5es na sede da ULSAC, em \u00c9vora, podendo ser colocados nos restantes estabelecimentos da rede, com 40 horas semanais e a primeira posi\u00e7\u00e3o remunerat\u00f3ria de assistente.<\/li>\n<li>Requisitos: ser detentor do grau de especialista na \u00e1rea correspondente, desde que n\u00e3o tenha v\u00ednculo de emprego por tempo indeterminado com servi\u00e7os ou organismos do Estado.<\/li>\n<\/ul>\n","protected":false},"author":2,"featured_media":183654,"comment_status":"closed","ping_status":"closed","sticky":false,"template":"","format":"standard","meta":{"footnotes":""},"categories":[1],"tags":[2218,1074,1401,4800,1403,1404],"class_list":["post-183625","post","type-post","status-publish","format-standard","has-post-thumbnail","hentry","category-noticias","tag-cirurgia-geral","tag-evora","tag-medicina-interna","tag-neurologia","tag-pediatria","tag-psiquiatria"],"yoast_head":"<!-- This site is optimized with the Yoast SEO plugin v27.2 - https:\/\/yoast.com\/product\/yoast-seo-wordpress\/ -->\n<title>ULS do Alentejo Central abre concursos para m\u00e9dicos de v\u00e1rias especialidades - Portal Tela Portugal<\/title>\n<meta name=\"robots\" content=\"index, follow, max-snippet:-1, max-image-preview:large, max-video-preview:-1\" \/>\n<meta property=\"og:locale\" content=\"pt_PT\" \/>\n<meta property=\"og:type\" content=\"article\" \/>\n<meta property=\"og:title\" content=\"ULS do Alentejo Central abre concursos para m\u00e9dicos de v\u00e1rias especialidades - Portal Tela Portugal\" \/>\n<meta property=\"og:description\" content=\"A Unidade Local de Sa\u00fade do Alentejo Central abriu concursos urgentes para contratar m\u00e9dicos especialistas, visando preencher postos no seu mapa de pessoal. S\u00e3o vagas nas \u00e1reas de pediatria, medicina interna, cirurgia geral, neurologia, psiquiatria, pneumologia, urologia, patologia cl\u00ednica e imunoalergologia, totalizando nove postos (duas em medicina interna). Os contratos s\u00e3o sem termo, ao abrigo do C\u00f3digo do Trabalho, e as candidaturas devem ser feitas em cinco dias \u00fateis a partir da publica\u00e7\u00e3o dos avisos. As candidaturas devem ser enviadas exclusivamente por via eletr\u00f3nica, em formato PDF, para recrutamento@ulsac.min-saude.pt. Os m\u00e9dicos ir\u00e3o exercer fun\u00e7\u00f5es na sede da ULSAC, em \u00c9vora, podendo ser colocados nos restantes estabelecimentos da rede, com 40 horas semanais e a primeira posi\u00e7\u00e3o remunerat\u00f3ria de assistente. Requisitos: ser detentor do grau de especialista na \u00e1rea correspondente, desde que n\u00e3o tenha v\u00ednculo de emprego por tempo indeterminado com servi\u00e7os ou organismos do Estado.\" \/>\n<meta property=\"og:url\" content=\"https:\/\/portaltela.pt\/noticias\/2026\/01\/30\/uls-do-alentejo-central-abre-concursos-para-medicos-de-varias-especialidades\/\" \/>\n<meta property=\"og:site_name\" content=\"Portal Tela Portugal\" \/>\n<meta property=\"article:published_time\" content=\"2026-01-30T11:03:18+00:00\" \/>\n<meta name=\"author\" content=\"Telinha\" \/>\n<meta name=\"twitter:card\" content=\"summary_large_image\" \/>\n<meta name=\"twitter:label1\" content=\"Escrito por\" \/>\n\t<meta name=\"twitter:data1\" content=\"Telinha\" \/>\n\t<meta name=\"twitter:label2\" content=\"Tempo estimado de leitura\" \/>\n\t<meta name=\"twitter:data2\" content=\"1 minuto\" \/>\n<script type=\"application\/ld+json\" class=\"yoast-schema-graph\">{\"@context\":\"https:\/\/schema.org\",\"@graph\":[{\"@type\":\"Article\",\"@id\":\"https:\/\/portaltela.pt\/noticias\/2026\/01\/30\/uls-do-alentejo-central-abre-concursos-para-medicos-de-varias-especialidades\/#article\",\"isPartOf\":{\"@id\":\"https:\/\/portaltela.pt\/noticias\/2026\/01\/30\/uls-do-alentejo-central-abre-concursos-para-medicos-de-varias-especialidades\/\"},\"author\":{\"name\":\"Telinha\",\"@id\":\"https:\/\/portaltela.pt\/#\/schema\/person\/c4278d4a6028830caff9ee44b42d32ed\"},\"headline\":\"ULS do Alentejo Central abre concursos para m\u00e9dicos de v\u00e1rias especialidades\",\"datePublished\":\"2026-01-30T11:03:18+00:00\",\"mainEntityOfPage\":{\"@id\":\"https:\/\/portaltela.pt\/noticias\/2026\/01\/30\/uls-do-alentejo-central-abre-concursos-para-medicos-de-varias-especialidades\/\"},\"wordCount\":246,\"image\":{\"@id\":\"https:\/\/portaltela.pt\/noticias\/2026\/01\/30\/uls-do-alentejo-central-abre-concursos-para-medicos-de-varias-especialidades\/#primaryimage\"},\"thumbnailUrl\":\"https:\/\/portaltela.pt\/s.01k8rhncp4jt1\/2026\/01\/medicos-scaled-1.jpg\",\"keywords\":[\"Cirurgia Geral\",\"\u00c9vora\",\"Medicina Interna\",\"neurologia\",\"Pediatria\",\"Psiquiatria\"],\"articleSection\":[\"Not\u00edcias\"],\"inLanguage\":\"pt-PT\"},{\"@type\":\"WebPage\",\"@id\":\"https:\/\/portaltela.pt\/noticias\/2026\/01\/30\/uls-do-alentejo-central-abre-concursos-para-medicos-de-varias-especialidades\/\",\"url\":\"https:\/\/portaltela.pt\/noticias\/2026\/01\/30\/uls-do-alentejo-central-abre-concursos-para-medicos-de-varias-especialidades\/\",\"name\":\"ULS do Alentejo Central abre concursos para m\u00e9dicos de v\u00e1rias especialidades - Portal Tela Portugal\",\"isPartOf\":{\"@id\":\"https:\/\/portaltela.pt\/#website\"},\"primaryImageOfPage\":{\"@id\":\"https:\/\/portaltela.pt\/noticias\/2026\/01\/30\/uls-do-alentejo-central-abre-concursos-para-medicos-de-varias-especialidades\/#primaryimage\"},\"image\":{\"@id\":\"https:\/\/portaltela.pt\/noticias\/2026\/01\/30\/uls-do-alentejo-central-abre-concursos-para-medicos-de-varias-especialidades\/#primaryimage\"},\"thumbnailUrl\":\"https:\/\/portaltela.pt\/s.01k8rhncp4jt1\/2026\/01\/medicos-scaled-1.jpg\",\"datePublished\":\"2026-01-30T11:03:18+00:00\",\"author\":{\"@id\":\"https:\/\/portaltela.pt\/#\/schema\/person\/c4278d4a6028830caff9ee44b42d32ed\"},\"breadcrumb\":{\"@id\":\"https:\/\/portaltela.pt\/noticias\/2026\/01\/30\/uls-do-alentejo-central-abre-concursos-para-medicos-de-varias-especialidades\/#breadcrumb\"},\"inLanguage\":\"pt-PT\",\"potentialAction\":[{\"@type\":\"ReadAction\",\"target\":[\"https:\/\/portaltela.pt\/noticias\/2026\/01\/30\/uls-do-alentejo-central-abre-concursos-para-medicos-de-varias-especialidades\/\"]}]},{\"@type\":\"ImageObject\",\"inLanguage\":\"pt-PT\",\"@id\":\"https:\/\/portaltela.pt\/noticias\/2026\/01\/30\/uls-do-alentejo-central-abre-concursos-para-medicos-de-varias-especialidades\/#primaryimage\",\"url\":\"https:\/\/portaltela.pt\/s.01k8rhncp4jt1\/2026\/01\/medicos-scaled-1.jpg\",\"contentUrl\":\"https:\/\/portaltela.pt\/s.01k8rhncp4jt1\/2026\/01\/medicos-scaled-1.jpg\",\"width\":796,\"height\":448,\"caption\":\"Extens\u00e3o de sa\u00fade de aldeia de Vidigueira fecha por falta de condi\u00e7\u00f5es\"},{\"@type\":\"BreadcrumbList\",\"@id\":\"https:\/\/portaltela.pt\/noticias\/2026\/01\/30\/uls-do-alentejo-central-abre-concursos-para-medicos-de-varias-especialidades\/#breadcrumb\",\"itemListElement\":[{\"@type\":\"ListItem\",\"position\":1,\"name\":\"In\u00edcio\",\"item\":\"https:\/\/portaltela.pt\/\"},{\"@type\":\"ListItem\",\"position\":2,\"name\":\"ULS do Alentejo Central abre concursos para m\u00e9dicos de v\u00e1rias especialidades\"}]},{\"@type\":\"WebSite\",\"@id\":\"https:\/\/portaltela.pt\/#website\",\"url\":\"https:\/\/portaltela.pt\/\",\"name\":\"Portal Tela Portugal\",\"description\":\"\",\"potentialAction\":[{\"@type\":\"SearchAction\",\"target\":{\"@type\":\"EntryPoint\",\"urlTemplate\":\"https:\/\/portaltela.pt\/?s={search_term_string}\"},\"query-input\":{\"@type\":\"PropertyValueSpecification\",\"valueRequired\":true,\"valueName\":\"search_term_string\"}}],\"inLanguage\":\"pt-PT\"},{\"@type\":\"Person\",\"@id\":\"https:\/\/portaltela.pt\/#\/schema\/person\/c4278d4a6028830caff9ee44b42d32ed\",\"name\":\"Telinha\",\"image\":{\"@type\":\"ImageObject\",\"inLanguage\":\"pt-PT\",\"@id\":\"https:\/\/portaltela.pt\/s.01k8rhncp4jt1\/2025\/11\/talking-bot-125x125.png\",\"url\":\"https:\/\/portaltela.pt\/s.01k8rhncp4jt1\/2025\/11\/talking-bot-125x125.png\",\"contentUrl\":\"https:\/\/portaltela.pt\/s.01k8rhncp4jt1\/2025\/11\/talking-bot-125x125.png\",\"caption\":\"Telinha\"},\"sameAs\":[\"https:\/\/portaltela.pt\/\"],\"url\":\"https:\/\/portaltela.pt\/por\/367410592786\/\"}]}<\/script>\n<!-- \/ Yoast SEO plugin. -->","yoast_head_json":{"title":"ULS do Alentejo Central abre concursos para m\u00e9dicos de v\u00e1rias especialidades - Portal Tela Portugal","robots":{"index":"index","follow":"follow","max-snippet":"max-snippet:-1","max-image-preview":"max-image-preview:large","max-video-preview":"max-video-preview:-1"},"og_locale":"pt_PT","og_type":"article","og_title":"ULS do Alentejo Central abre concursos para m\u00e9dicos de v\u00e1rias especialidades - Portal Tela Portugal","og_description":"A Unidade Local de Sa\u00fade do Alentejo Central abriu concursos urgentes para contratar m\u00e9dicos especialistas, visando preencher postos no seu mapa de pessoal. S\u00e3o vagas nas \u00e1reas de pediatria, medicina interna, cirurgia geral, neurologia, psiquiatria, pneumologia, urologia, patologia cl\u00ednica e imunoalergologia, totalizando nove postos (duas em medicina interna). Os contratos s\u00e3o sem termo, ao abrigo do C\u00f3digo do Trabalho, e as candidaturas devem ser feitas em cinco dias \u00fateis a partir da publica\u00e7\u00e3o dos avisos. As candidaturas devem ser enviadas exclusivamente por via eletr\u00f3nica, em formato PDF, para recrutamento@ulsac.min-saude.pt. Os m\u00e9dicos ir\u00e3o exercer fun\u00e7\u00f5es na sede da ULSAC, em \u00c9vora, podendo ser colocados nos restantes estabelecimentos da rede, com 40 horas semanais e a primeira posi\u00e7\u00e3o remunerat\u00f3ria de assistente. Requisitos: ser detentor do grau de especialista na \u00e1rea correspondente, desde que n\u00e3o tenha v\u00ednculo de emprego por tempo indeterminado com servi\u00e7os ou organismos do Estado.","og_url":"https:\/\/portaltela.pt\/noticias\/2026\/01\/30\/uls-do-alentejo-central-abre-concursos-para-medicos-de-varias-especialidades\/","og_site_name":"Portal Tela Portugal","article_published_time":"2026-01-30T11:03:18+00:00","author":"Telinha","twitter_card":"summary_large_image","twitter_misc":{"Escrito por":"Telinha","Tempo estimado de leitura":"1 minuto"},"schema":{"@context":"https:\/\/schema.org","@graph":[{"@type":"Article","@id":"https:\/\/portaltela.pt\/noticias\/2026\/01\/30\/uls-do-alentejo-central-abre-concursos-para-medicos-de-varias-especialidades\/#article","isPartOf":{"@id":"https:\/\/portaltela.pt\/noticias\/2026\/01\/30\/uls-do-alentejo-central-abre-concursos-para-medicos-de-varias-especialidades\/"},"author":{"name":"Telinha","@id":"https:\/\/portaltela.pt\/#\/schema\/person\/c4278d4a6028830caff9ee44b42d32ed"},"headline":"ULS do Alentejo Central abre concursos para m\u00e9dicos de v\u00e1rias especialidades","datePublished":"2026-01-30T11:03:18+00:00","mainEntityOfPage":{"@id":"https:\/\/portaltela.pt\/noticias\/2026\/01\/30\/uls-do-alentejo-central-abre-concursos-para-medicos-de-varias-especialidades\/"},"wordCount":246,"image":{"@id":"https:\/\/portaltela.pt\/noticias\/2026\/01\/30\/uls-do-alentejo-central-abre-concursos-para-medicos-de-varias-especialidades\/#primaryimage"},"thumbnailUrl":"https:\/\/portaltela.pt\/s.01k8rhncp4jt1\/2026\/01\/medicos-scaled-1.jpg","keywords":["Cirurgia Geral","\u00c9vora","Medicina Interna","neurologia","Pediatria","Psiquiatria"],"articleSection":["Not\u00edcias"],"inLanguage":"pt-PT"},{"@type":"WebPage","@id":"https:\/\/portaltela.pt\/noticias\/2026\/01\/30\/uls-do-alentejo-central-abre-concursos-para-medicos-de-varias-especialidades\/","url":"https:\/\/portaltela.pt\/noticias\/2026\/01\/30\/uls-do-alentejo-central-abre-concursos-para-medicos-de-varias-especialidades\/","name":"ULS do Alentejo Central abre concursos para m\u00e9dicos de v\u00e1rias especialidades - Portal Tela Portugal","isPartOf":{"@id":"https:\/\/portaltela.pt\/#website"},"primaryImageOfPage":{"@id":"https:\/\/portaltela.pt\/noticias\/2026\/01\/30\/uls-do-alentejo-central-abre-concursos-para-medicos-de-varias-especialidades\/#primaryimage"},"image":{"@id":"https:\/\/portaltela.pt\/noticias\/2026\/01\/30\/uls-do-alentejo-central-abre-concursos-para-medicos-de-varias-especialidades\/#primaryimage"},"thumbnailUrl":"https:\/\/portaltela.pt\/s.01k8rhncp4jt1\/2026\/01\/medicos-scaled-1.jpg","datePublished":"2026-01-30T11:03:18+00:00","author":{"@id":"https:\/\/portaltela.pt\/#\/schema\/person\/c4278d4a6028830caff9ee44b42d32ed"},"breadcrumb":{"@id":"https:\/\/portaltela.pt\/noticias\/2026\/01\/30\/uls-do-alentejo-central-abre-concursos-para-medicos-de-varias-especialidades\/#breadcrumb"},"inLanguage":"pt-PT","potentialAction":[{"@type":"ReadAction","target":["https:\/\/portaltela.pt\/noticias\/2026\/01\/30\/uls-do-alentejo-central-abre-concursos-para-medicos-de-varias-especialidades\/"]}]},{"@type":"ImageObject","inLanguage":"pt-PT","@id":"https:\/\/portaltela.pt\/noticias\/2026\/01\/30\/uls-do-alentejo-central-abre-concursos-para-medicos-de-varias-especialidades\/#primaryimage","url":"https:\/\/portaltela.pt\/s.01k8rhncp4jt1\/2026\/01\/medicos-scaled-1.jpg","contentUrl":"https:\/\/portaltela.pt\/s.01k8rhncp4jt1\/2026\/01\/medicos-scaled-1.jpg","width":796,"height":448,"caption":"Extens\u00e3o de sa\u00fade de aldeia de Vidigueira fecha por falta de condi\u00e7\u00f5es"},{"@type":"BreadcrumbList","@id":"https:\/\/portaltela.pt\/noticias\/2026\/01\/30\/uls-do-alentejo-central-abre-concursos-para-medicos-de-varias-especialidades\/#breadcrumb","itemListElement":[{"@type":"ListItem","position":1,"name":"In\u00edcio","item":"https:\/\/portaltela.pt\/"},{"@type":"ListItem","position":2,"name":"ULS do Alentejo Central abre concursos para m\u00e9dicos de v\u00e1rias especialidades"}]},{"@type":"WebSite","@id":"https:\/\/portaltela.pt\/#website","url":"https:\/\/portaltela.pt\/","name":"Portal Tela Portugal","description":"","potentialAction":[{"@type":"SearchAction","target":{"@type":"EntryPoint","urlTemplate":"https:\/\/portaltela.pt\/?s={search_term_string}"},"query-input":{"@type":"PropertyValueSpecification","valueRequired":true,"valueName":"search_term_string"}}],"inLanguage":"pt-PT"},{"@type":"Person","@id":"https:\/\/portaltela.pt\/#\/schema\/person\/c4278d4a6028830caff9ee44b42d32ed","name":"Telinha","image":{"@type":"ImageObject","inLanguage":"pt-PT","@id":"https:\/\/portaltela.pt\/s.01k8rhncp4jt1\/2025\/11\/talking-bot-125x125.png","url":"https:\/\/portaltela.pt\/s.01k8rhncp4jt1\/2025\/11\/talking-bot-125x125.png","contentUrl":"https:\/\/portaltela.pt\/s.01k8rhncp4jt1\/2025\/11\/talking-bot-125x125.png","caption":"Telinha"},"sameAs":["https:\/\/portaltela.pt\/"],"url":"https:\/\/portaltela.pt\/por\/367410592786\/"}]}},"_links":{"self":[{"href":"https:\/\/portaltela.pt\/api\/wp\/v2\/posts\/183625","targetHints":{"allow":["GET"]}}],"collection":[{"href":"https:\/\/portaltela.pt\/api\/wp\/v2\/posts"}],"about":[{"href":"https:\/\/portaltela.pt\/api\/wp\/v2\/types\/post"}],"author":[{"embeddable":true,"href":"https:\/\/portaltela.pt\/api\/wp\/v2\/users\/2"}],"replies":[{"embeddable":true,"href":"https:\/\/portaltela.pt\/api\/wp\/v2\/comments?post=183625"}],"version-history":[{"count":0,"href":"https:\/\/portaltela.pt\/api\/wp\/v2\/posts\/183625\/revisions"}],"wp:featuredmedia":[{"embeddable":true,"href":"https:\/\/portaltela.pt\/api\/wp\/v2\/media\/183654"}],"wp:attachment":[{"href":"https:\/\/portaltela.pt\/api\/wp\/v2\/media?parent=183625"}],"wp:term":[{"taxonomy":"category","embeddable":true,"href":"https:\/\/portaltela.pt\/api\/wp\/v2\/categories?post=183625"},{"taxonomy":"post_tag","embeddable":true,"href":"https:\/\/portaltela.pt\/api\/wp\/v2\/tags?post=183625"}],"curies":[{"name":"wp","href":"https:\/\/api.w.org\/{rel}","templated":true}]}}