{"id":183618,"date":"2026-01-30T07:58:57","date_gmt":"2026-01-30T10:58:57","guid":{"rendered":"https:\/\/portaltela.pt\/noticias\/2026\/01\/30\/famalicao-cineclube-inicia-programacao-com-a-obra-a-sua-imagem\/"},"modified":"2026-01-30T07:58:57","modified_gmt":"2026-01-30T10:58:57","slug":"famalicao-cineclube-inicia-programacao-com-a-obra-a-sua-imagem","status":"publish","type":"post","link":"https:\/\/portaltela.pt\/noticias\/2026\/01\/30\/famalicao-cineclube-inicia-programacao-com-a-obra-a-sua-imagem\/","title":{"rendered":"Famalic\u00e3o: Cineclube inicia programa\u00e7\u00e3o com a obra \u00c0 sua imagem"},"content":{"rendered":"<p>O Cineclube de Joane apresenta a programa\u00e7\u00e3o de fevereiro, com sess\u00f5es \u00e0s 21h45 no audit\u00f3rio da Casa das Artes. O objetivo \u00e9 oferecer uma sele\u00e7\u00e3o de filmes de distintas origens e tem\u00e1ticas ao p\u00fablico da regi\u00e3o. O programa destaca obras adaptadas de romances ou inspiradas em can\u00e7\u00f5es, mantendo o foco em cinema de qualidade.<\/p>\n<p>No m\u00eas, a entrada \u00e9 gratuita para determinadas sess\u00f5es, e cada sexta-feira reserva um t\u00edtulo diferente, seguido de observa\u00e7\u00f5es sobre o filme e o seu contexto. O ciclo mant\u00e9m a tradi\u00e7\u00e3o de abrir espa\u00e7o a produ\u00e7\u00f5es internacionais com parcerias entre pa\u00edses, refor\u00e7ando a diversidade do cat\u00e1logo divulgado para fevereiro.<\/p>\n<h3>\u00c0 sua imagem<\/h3>\n<p>\u201c\u00c0 sua imagem\u201d, de Thierry de Peretti, abre o m\u00eas no dia 5. O filme, adaptado do livro hom\u00f3nimo de J\u00e9r\u00f4me Ferrari, segue a fot\u00f3grafa Antonia pela vida de 20 anos, vista atrav\u00e9s da lente e de uma rela\u00e7\u00e3o com um ativista da FLNC.<\/p>\n<h3>O riso e faca<\/h3>\n<p>No dia 12 \u00e9 exibido \u201cO riso e faca\u201d, de Pedro Pinto. Gravado entre Guin\u00e9-Bissau e o deserto da Maurit\u00e2nia, o filme \u00e9 uma co-produ\u00e7\u00e3o entre Portugal, Fran\u00e7a, Rom\u00e9nia e Brasil e competiu em Cannes, na sec\u00e7\u00e3o Un Certain Regard.<\/p>\n<h3>Onde aterrar<\/h3>\n<p>No dia 19 sobe ao ecr\u00e3 \u201cOnde aterrar\u201d, de Hal Hartley. O drama aborda o luto antecipado e a inquieta\u00e7\u00e3o humana perante a ideia da morte, com um elenco liderado por Robert John Burke e Gia Crovatin. Abrindo a sess\u00e3o, fica em mostra Misfida, de Falc\u00e3o Nhaga, no \u00e2mbito do Shortcutz Famalic\u00e3o.<\/p>\n<h3>O general Della Rovere<\/h3>\n<p>No dia 26, encerrando o ciclo, \u00e9 apresentado \u201cO general Della Rovere\u201d, de Roberto Rossellini, na sess\u00e3o J\u00e1 n\u00e3o h\u00e1 Cin\u00e9filos. A obra recupera uma figura hist\u00f3rica no contexto da resist\u00eancia italiana durante a II Guerra Mundial.<\/p>\n","protected":false},"excerpt":{"rendered":"<ul>\n<li>5 de fevereiro, \u00c0 sua imagem, de Thierry de Peretti, sess\u00e3o Traz outro amigo tamb\u00e9m, \u00e0s 21h45, no audit\u00f3rio Casa das Artes, Joane.<\/li>\n<li>12 de fevereiro, O riso e faca, de Pedro Pinto, co-produ\u00e7\u00e3o Portugal\u2013Fran\u00e7a\u2013Rom\u00e9nia\u2013Brasil, filmada na Guin\u00e9-Bissau e no deserto da Maurit\u00e2nia; participou em Un Certain Regard no Festival de Cannes, com a atriz Di\u00e1ra distinguida.<\/li>\n<li>19 de fevereiro, Onde aterrar, de Hal Hartley; drama sobre o luto e a ideia da morte, com o elenco Robert John Burke, Gia Crovatin, Jennifer Stepanyk e Jeremy Hendrik; abre a sess\u00e3o Misfida, de Falc\u00e3o Nhaga, no \u00e2mbito do Shortcutz Famalic\u00e3o.<\/li>\n<li>26 de fevereiro, O general Della Rovere, de Roberto Rossellini, na sess\u00e3o J\u00e1 n\u00e3o h\u00e1 Cin\u00e9filos.<\/li>\n<\/ul>\n","protected":false},"author":2,"featured_media":183663,"comment_status":"closed","ping_status":"closed","sticky":false,"template":"","format":"standard","meta":{"footnotes":""},"categories":[12,1],"tags":[112,4294,145,3731,1396,113],"class_list":["post-183618","post","type-post","status-publish","format-standard","has-post-thumbnail","hentry","category-entretenimento","category-noticias","tag-cinema","tag-co-producoes-internacionais","tag-cultura","tag-eventos","tag-famalicao","tag-filmes-e-series"],"yoast_head":"<!-- This site is optimized with the Yoast SEO plugin v27.2 - https:\/\/yoast.com\/product\/yoast-seo-wordpress\/ -->\n<title>Famalic\u00e3o: Cineclube inicia programa\u00e7\u00e3o com a obra \u00c0 sua imagem - Portal Tela Portugal<\/title>\n<meta name=\"robots\" content=\"index, follow, max-snippet:-1, max-image-preview:large, max-video-preview:-1\" \/>\n<meta property=\"og:locale\" content=\"pt_PT\" \/>\n<meta property=\"og:type\" content=\"article\" \/>\n<meta property=\"og:title\" content=\"Famalic\u00e3o: Cineclube inicia programa\u00e7\u00e3o com a obra \u00c0 sua imagem - Portal Tela Portugal\" \/>\n<meta property=\"og:description\" content=\"5 de fevereiro, \u00c0 sua imagem, de Thierry de Peretti, sess\u00e3o Traz outro amigo tamb\u00e9m, \u00e0s 21h45, no audit\u00f3rio Casa das Artes, Joane. 12 de fevereiro, O riso e faca, de Pedro Pinto, co-produ\u00e7\u00e3o Portugal\u2013Fran\u00e7a\u2013Rom\u00e9nia\u2013Brasil, filmada na Guin\u00e9-Bissau e no deserto da Maurit\u00e2nia; participou em Un Certain Regard no Festival de Cannes, com a atriz Di\u00e1ra distinguida. 19 de fevereiro, Onde aterrar, de Hal Hartley; drama sobre o luto e a ideia da morte, com o elenco Robert John Burke, Gia Crovatin, Jennifer Stepanyk e Jeremy Hendrik; abre a sess\u00e3o Misfida, de Falc\u00e3o Nhaga, no \u00e2mbito do Shortcutz Famalic\u00e3o. 26 de fevereiro, O general Della Rovere, de Roberto Rossellini, na sess\u00e3o J\u00e1 n\u00e3o h\u00e1 Cin\u00e9filos.\" \/>\n<meta property=\"og:url\" content=\"https:\/\/portaltela.pt\/noticias\/2026\/01\/30\/famalicao-cineclube-inicia-programacao-com-a-obra-a-sua-imagem\/\" \/>\n<meta property=\"og:site_name\" content=\"Portal Tela Portugal\" \/>\n<meta property=\"article:published_time\" content=\"2026-01-30T10:58:57+00:00\" \/>\n<meta name=\"author\" content=\"Telinha\" \/>\n<meta name=\"twitter:card\" content=\"summary_large_image\" \/>\n<meta name=\"twitter:label1\" content=\"Escrito por\" \/>\n\t<meta name=\"twitter:data1\" content=\"Telinha\" \/>\n\t<meta name=\"twitter:label2\" content=\"Tempo estimado de leitura\" \/>\n\t<meta name=\"twitter:data2\" content=\"2 minutos\" \/>\n<script type=\"application\/ld+json\" class=\"yoast-schema-graph\">{\"@context\":\"https:\/\/schema.org\",\"@graph\":[{\"@type\":\"Article\",\"@id\":\"https:\/\/portaltela.pt\/noticias\/2026\/01\/30\/famalicao-cineclube-inicia-programacao-com-a-obra-a-sua-imagem\/#article\",\"isPartOf\":{\"@id\":\"https:\/\/portaltela.pt\/noticias\/2026\/01\/30\/famalicao-cineclube-inicia-programacao-com-a-obra-a-sua-imagem\/\"},\"author\":{\"name\":\"Telinha\",\"@id\":\"https:\/\/portaltela.pt\/#\/schema\/person\/c4278d4a6028830caff9ee44b42d32ed\"},\"headline\":\"Famalic\u00e3o: Cineclube inicia programa\u00e7\u00e3o com a obra \u00c0 sua imagem\",\"datePublished\":\"2026-01-30T10:58:57+00:00\",\"mainEntityOfPage\":{\"@id\":\"https:\/\/portaltela.pt\/noticias\/2026\/01\/30\/famalicao-cineclube-inicia-programacao-com-a-obra-a-sua-imagem\/\"},\"wordCount\":329,\"image\":{\"@id\":\"https:\/\/portaltela.pt\/noticias\/2026\/01\/30\/famalicao-cineclube-inicia-programacao-com-a-obra-a-sua-imagem\/#primaryimage\"},\"thumbnailUrl\":\"https:\/\/portaltela.pt\/s.01k8rhncp4jt1\/2026\/01\/unnamed-file-6050.jpg\",\"keywords\":[\"cinema\",\"co-produ\u00e7\u00f5es internacionais\",\"cultura\",\"eventos\",\"Famalic\u00e3o\",\"filmes e s\u00e9ries\"],\"articleSection\":[\"Entretenimento\",\"Not\u00edcias\"],\"inLanguage\":\"pt-PT\"},{\"@type\":\"WebPage\",\"@id\":\"https:\/\/portaltela.pt\/noticias\/2026\/01\/30\/famalicao-cineclube-inicia-programacao-com-a-obra-a-sua-imagem\/\",\"url\":\"https:\/\/portaltela.pt\/noticias\/2026\/01\/30\/famalicao-cineclube-inicia-programacao-com-a-obra-a-sua-imagem\/\",\"name\":\"Famalic\u00e3o: Cineclube inicia programa\u00e7\u00e3o com a obra \u00c0 sua imagem - Portal Tela Portugal\",\"isPartOf\":{\"@id\":\"https:\/\/portaltela.pt\/#website\"},\"primaryImageOfPage\":{\"@id\":\"https:\/\/portaltela.pt\/noticias\/2026\/01\/30\/famalicao-cineclube-inicia-programacao-com-a-obra-a-sua-imagem\/#primaryimage\"},\"image\":{\"@id\":\"https:\/\/portaltela.pt\/noticias\/2026\/01\/30\/famalicao-cineclube-inicia-programacao-com-a-obra-a-sua-imagem\/#primaryimage\"},\"thumbnailUrl\":\"https:\/\/portaltela.pt\/s.01k8rhncp4jt1\/2026\/01\/unnamed-file-6050.jpg\",\"datePublished\":\"2026-01-30T10:58:57+00:00\",\"author\":{\"@id\":\"https:\/\/portaltela.pt\/#\/schema\/person\/c4278d4a6028830caff9ee44b42d32ed\"},\"breadcrumb\":{\"@id\":\"https:\/\/portaltela.pt\/noticias\/2026\/01\/30\/famalicao-cineclube-inicia-programacao-com-a-obra-a-sua-imagem\/#breadcrumb\"},\"inLanguage\":\"pt-PT\",\"potentialAction\":[{\"@type\":\"ReadAction\",\"target\":[\"https:\/\/portaltela.pt\/noticias\/2026\/01\/30\/famalicao-cineclube-inicia-programacao-com-a-obra-a-sua-imagem\/\"]}]},{\"@type\":\"ImageObject\",\"inLanguage\":\"pt-PT\",\"@id\":\"https:\/\/portaltela.pt\/noticias\/2026\/01\/30\/famalicao-cineclube-inicia-programacao-com-a-obra-a-sua-imagem\/#primaryimage\",\"url\":\"https:\/\/portaltela.pt\/s.01k8rhncp4jt1\/2026\/01\/unnamed-file-6050.jpg\",\"contentUrl\":\"https:\/\/portaltela.pt\/s.01k8rhncp4jt1\/2026\/01\/unnamed-file-6050.jpg\",\"width\":796,\"height\":448,\"caption\":\"Famalic\u00e3o: Programa\u00e7\u00e3o do Cineclube come\u00e7a \u201c\u00c0 sua imagem\u201d\"},{\"@type\":\"BreadcrumbList\",\"@id\":\"https:\/\/portaltela.pt\/noticias\/2026\/01\/30\/famalicao-cineclube-inicia-programacao-com-a-obra-a-sua-imagem\/#breadcrumb\",\"itemListElement\":[{\"@type\":\"ListItem\",\"position\":1,\"name\":\"In\u00edcio\",\"item\":\"https:\/\/portaltela.pt\/\"},{\"@type\":\"ListItem\",\"position\":2,\"name\":\"Famalic\u00e3o: Cineclube inicia programa\u00e7\u00e3o com a obra \u00c0 sua imagem\"}]},{\"@type\":\"WebSite\",\"@id\":\"https:\/\/portaltela.pt\/#website\",\"url\":\"https:\/\/portaltela.pt\/\",\"name\":\"Portal Tela Portugal\",\"description\":\"\",\"potentialAction\":[{\"@type\":\"SearchAction\",\"target\":{\"@type\":\"EntryPoint\",\"urlTemplate\":\"https:\/\/portaltela.pt\/?s={search_term_string}\"},\"query-input\":{\"@type\":\"PropertyValueSpecification\",\"valueRequired\":true,\"valueName\":\"search_term_string\"}}],\"inLanguage\":\"pt-PT\"},{\"@type\":\"Person\",\"@id\":\"https:\/\/portaltela.pt\/#\/schema\/person\/c4278d4a6028830caff9ee44b42d32ed\",\"name\":\"Telinha\",\"image\":{\"@type\":\"ImageObject\",\"inLanguage\":\"pt-PT\",\"@id\":\"https:\/\/portaltela.pt\/s.01k8rhncp4jt1\/2025\/11\/talking-bot-125x125.png\",\"url\":\"https:\/\/portaltela.pt\/s.01k8rhncp4jt1\/2025\/11\/talking-bot-125x125.png\",\"contentUrl\":\"https:\/\/portaltela.pt\/s.01k8rhncp4jt1\/2025\/11\/talking-bot-125x125.png\",\"caption\":\"Telinha\"},\"sameAs\":[\"https:\/\/portaltela.pt\/\"],\"url\":\"https:\/\/portaltela.pt\/por\/367410592786\/\"}]}<\/script>\n<!-- \/ Yoast SEO plugin. -->","yoast_head_json":{"title":"Famalic\u00e3o: Cineclube inicia programa\u00e7\u00e3o com a obra \u00c0 sua imagem - Portal Tela Portugal","robots":{"index":"index","follow":"follow","max-snippet":"max-snippet:-1","max-image-preview":"max-image-preview:large","max-video-preview":"max-video-preview:-1"},"og_locale":"pt_PT","og_type":"article","og_title":"Famalic\u00e3o: Cineclube inicia programa\u00e7\u00e3o com a obra \u00c0 sua imagem - Portal Tela Portugal","og_description":"5 de fevereiro, \u00c0 sua imagem, de Thierry de Peretti, sess\u00e3o Traz outro amigo tamb\u00e9m, \u00e0s 21h45, no audit\u00f3rio Casa das Artes, Joane. 12 de fevereiro, O riso e faca, de Pedro Pinto, co-produ\u00e7\u00e3o Portugal\u2013Fran\u00e7a\u2013Rom\u00e9nia\u2013Brasil, filmada na Guin\u00e9-Bissau e no deserto da Maurit\u00e2nia; participou em Un Certain Regard no Festival de Cannes, com a atriz Di\u00e1ra distinguida. 19 de fevereiro, Onde aterrar, de Hal Hartley; drama sobre o luto e a ideia da morte, com o elenco Robert John Burke, Gia Crovatin, Jennifer Stepanyk e Jeremy Hendrik; abre a sess\u00e3o Misfida, de Falc\u00e3o Nhaga, no \u00e2mbito do Shortcutz Famalic\u00e3o. 26 de fevereiro, O general Della Rovere, de Roberto Rossellini, na sess\u00e3o J\u00e1 n\u00e3o h\u00e1 Cin\u00e9filos.","og_url":"https:\/\/portaltela.pt\/noticias\/2026\/01\/30\/famalicao-cineclube-inicia-programacao-com-a-obra-a-sua-imagem\/","og_site_name":"Portal Tela Portugal","article_published_time":"2026-01-30T10:58:57+00:00","author":"Telinha","twitter_card":"summary_large_image","twitter_misc":{"Escrito por":"Telinha","Tempo estimado de leitura":"2 minutos"},"schema":{"@context":"https:\/\/schema.org","@graph":[{"@type":"Article","@id":"https:\/\/portaltela.pt\/noticias\/2026\/01\/30\/famalicao-cineclube-inicia-programacao-com-a-obra-a-sua-imagem\/#article","isPartOf":{"@id":"https:\/\/portaltela.pt\/noticias\/2026\/01\/30\/famalicao-cineclube-inicia-programacao-com-a-obra-a-sua-imagem\/"},"author":{"name":"Telinha","@id":"https:\/\/portaltela.pt\/#\/schema\/person\/c4278d4a6028830caff9ee44b42d32ed"},"headline":"Famalic\u00e3o: Cineclube inicia programa\u00e7\u00e3o com a obra \u00c0 sua imagem","datePublished":"2026-01-30T10:58:57+00:00","mainEntityOfPage":{"@id":"https:\/\/portaltela.pt\/noticias\/2026\/01\/30\/famalicao-cineclube-inicia-programacao-com-a-obra-a-sua-imagem\/"},"wordCount":329,"image":{"@id":"https:\/\/portaltela.pt\/noticias\/2026\/01\/30\/famalicao-cineclube-inicia-programacao-com-a-obra-a-sua-imagem\/#primaryimage"},"thumbnailUrl":"https:\/\/portaltela.pt\/s.01k8rhncp4jt1\/2026\/01\/unnamed-file-6050.jpg","keywords":["cinema","co-produ\u00e7\u00f5es internacionais","cultura","eventos","Famalic\u00e3o","filmes e s\u00e9ries"],"articleSection":["Entretenimento","Not\u00edcias"],"inLanguage":"pt-PT"},{"@type":"WebPage","@id":"https:\/\/portaltela.pt\/noticias\/2026\/01\/30\/famalicao-cineclube-inicia-programacao-com-a-obra-a-sua-imagem\/","url":"https:\/\/portaltela.pt\/noticias\/2026\/01\/30\/famalicao-cineclube-inicia-programacao-com-a-obra-a-sua-imagem\/","name":"Famalic\u00e3o: Cineclube inicia programa\u00e7\u00e3o com a obra \u00c0 sua imagem - Portal Tela Portugal","isPartOf":{"@id":"https:\/\/portaltela.pt\/#website"},"primaryImageOfPage":{"@id":"https:\/\/portaltela.pt\/noticias\/2026\/01\/30\/famalicao-cineclube-inicia-programacao-com-a-obra-a-sua-imagem\/#primaryimage"},"image":{"@id":"https:\/\/portaltela.pt\/noticias\/2026\/01\/30\/famalicao-cineclube-inicia-programacao-com-a-obra-a-sua-imagem\/#primaryimage"},"thumbnailUrl":"https:\/\/portaltela.pt\/s.01k8rhncp4jt1\/2026\/01\/unnamed-file-6050.jpg","datePublished":"2026-01-30T10:58:57+00:00","author":{"@id":"https:\/\/portaltela.pt\/#\/schema\/person\/c4278d4a6028830caff9ee44b42d32ed"},"breadcrumb":{"@id":"https:\/\/portaltela.pt\/noticias\/2026\/01\/30\/famalicao-cineclube-inicia-programacao-com-a-obra-a-sua-imagem\/#breadcrumb"},"inLanguage":"pt-PT","potentialAction":[{"@type":"ReadAction","target":["https:\/\/portaltela.pt\/noticias\/2026\/01\/30\/famalicao-cineclube-inicia-programacao-com-a-obra-a-sua-imagem\/"]}]},{"@type":"ImageObject","inLanguage":"pt-PT","@id":"https:\/\/portaltela.pt\/noticias\/2026\/01\/30\/famalicao-cineclube-inicia-programacao-com-a-obra-a-sua-imagem\/#primaryimage","url":"https:\/\/portaltela.pt\/s.01k8rhncp4jt1\/2026\/01\/unnamed-file-6050.jpg","contentUrl":"https:\/\/portaltela.pt\/s.01k8rhncp4jt1\/2026\/01\/unnamed-file-6050.jpg","width":796,"height":448,"caption":"Famalic\u00e3o: Programa\u00e7\u00e3o do Cineclube come\u00e7a \u201c\u00c0 sua imagem\u201d"},{"@type":"BreadcrumbList","@id":"https:\/\/portaltela.pt\/noticias\/2026\/01\/30\/famalicao-cineclube-inicia-programacao-com-a-obra-a-sua-imagem\/#breadcrumb","itemListElement":[{"@type":"ListItem","position":1,"name":"In\u00edcio","item":"https:\/\/portaltela.pt\/"},{"@type":"ListItem","position":2,"name":"Famalic\u00e3o: Cineclube inicia programa\u00e7\u00e3o com a obra \u00c0 sua imagem"}]},{"@type":"WebSite","@id":"https:\/\/portaltela.pt\/#website","url":"https:\/\/portaltela.pt\/","name":"Portal Tela Portugal","description":"","potentialAction":[{"@type":"SearchAction","target":{"@type":"EntryPoint","urlTemplate":"https:\/\/portaltela.pt\/?s={search_term_string}"},"query-input":{"@type":"PropertyValueSpecification","valueRequired":true,"valueName":"search_term_string"}}],"inLanguage":"pt-PT"},{"@type":"Person","@id":"https:\/\/portaltela.pt\/#\/schema\/person\/c4278d4a6028830caff9ee44b42d32ed","name":"Telinha","image":{"@type":"ImageObject","inLanguage":"pt-PT","@id":"https:\/\/portaltela.pt\/s.01k8rhncp4jt1\/2025\/11\/talking-bot-125x125.png","url":"https:\/\/portaltela.pt\/s.01k8rhncp4jt1\/2025\/11\/talking-bot-125x125.png","contentUrl":"https:\/\/portaltela.pt\/s.01k8rhncp4jt1\/2025\/11\/talking-bot-125x125.png","caption":"Telinha"},"sameAs":["https:\/\/portaltela.pt\/"],"url":"https:\/\/portaltela.pt\/por\/367410592786\/"}]}},"_links":{"self":[{"href":"https:\/\/portaltela.pt\/api\/wp\/v2\/posts\/183618","targetHints":{"allow":["GET"]}}],"collection":[{"href":"https:\/\/portaltela.pt\/api\/wp\/v2\/posts"}],"about":[{"href":"https:\/\/portaltela.pt\/api\/wp\/v2\/types\/post"}],"author":[{"embeddable":true,"href":"https:\/\/portaltela.pt\/api\/wp\/v2\/users\/2"}],"replies":[{"embeddable":true,"href":"https:\/\/portaltela.pt\/api\/wp\/v2\/comments?post=183618"}],"version-history":[{"count":0,"href":"https:\/\/portaltela.pt\/api\/wp\/v2\/posts\/183618\/revisions"}],"wp:featuredmedia":[{"embeddable":true,"href":"https:\/\/portaltela.pt\/api\/wp\/v2\/media\/183663"}],"wp:attachment":[{"href":"https:\/\/portaltela.pt\/api\/wp\/v2\/media?parent=183618"}],"wp:term":[{"taxonomy":"category","embeddable":true,"href":"https:\/\/portaltela.pt\/api\/wp\/v2\/categories?post=183618"},{"taxonomy":"post_tag","embeddable":true,"href":"https:\/\/portaltela.pt\/api\/wp\/v2\/tags?post=183618"}],"curies":[{"name":"wp","href":"https:\/\/api.w.org\/{rel}","templated":true}]}}