{"id":183617,"date":"2026-01-30T07:58:20","date_gmt":"2026-01-30T10:58:20","guid":{"rendered":"https:\/\/portaltela.pt\/noticias\/2026\/01\/30\/isabel-guerreiro-e-a-nova-ceo-do-santander-em-portugal\/"},"modified":"2026-01-30T07:58:20","modified_gmt":"2026-01-30T10:58:20","slug":"isabel-guerreiro-e-a-nova-ceo-do-santander-em-portugal","status":"publish","type":"post","link":"https:\/\/portaltela.pt\/noticias\/economia\/2026\/01\/30\/isabel-guerreiro-e-a-nova-ceo-do-santander-em-portugal\/","title":{"rendered":"Isabel Guerreiro \u00e9 a nova CEO do Santander em Portugal"},"content":{"rendered":"<p>A poucos dias da divulga\u00e7\u00e3o dos resultados, o Santander Portugal anunciou uma altera\u00e7\u00e3o na lideran\u00e7a executiva. Isabel Guerreiro, vice-presidente at\u00e9 agora, passa a desempenhar o cargo de CEO a partir de 1 de mar\u00e7o. Pedro Castro e Almeida assume o papel de Chief Risk Officer do Grupo Santander.<\/p>\n<p>A nomea\u00e7\u00e3o de Isabel Guerreiro \u00e9 descrita pelo banco como uma aposta na estrat\u00e9gia de crescimento e inova\u00e7\u00e3o. Guerreiro teve um papel central na transforma\u00e7\u00e3o digital do Santander, em Portugal e na Europa, assumindo a gest\u00e3o m\u00e1xima da \u00e1rea digital no Grupo.<\/p>\n<p>Pedro Castro e Almeida integrou o Santander em 1993 e liderou a filial portuguesa como presidente executivo nos \u00faltimos sete anos. Desempenhou ainda fun\u00e7\u00f5es regionais na Europa e esteve envolvido na integra\u00e7\u00e3o de entidades adquiridas, como TSB, Banif e Banco Popular.<\/p>\n<h3>Contexto e declara\u00e7\u00f5es<\/h3>\n<p>Ana Bot\u00edn, presidente executiva, destaca a lideran\u00e7a de Guerreiro como prova de compet\u00eancia e alinhamento com a cultura do Santander, apontando um foco cont\u00ednuo na melhoria e no servi\u00e7o a clientes, acionistas e sociedade. A l\u00edder tamb\u00e9m reconhece a experi\u00eancia de Castro e Almeida no risco e a sua capacidade de gerir integra\u00e7\u00f5es complexas.<\/p>\n<p>A transi\u00e7\u00e3o de lideran\u00e7a ocorre num momento de prepara\u00e7\u00e3o para apresenta\u00e7\u00e3o de resultados. A escolha refor\u00e7a a disciplina de planeamento de sucess\u00e3o e a estrat\u00e9gia de longo prazo do grupo, segundo o Santander. O objetivo \u00e9 manter a execu\u00e7\u00e3o est\u00e1vel da vis\u00e3o de valor para o conjunto do Grupo.<\/p>\n","protected":false},"excerpt":{"rendered":"<ul>\n<li>O Santander Portugal anunciou mudan\u00e7as na lideran\u00e7a: Isabel Guerreiro, at\u00e9 agora vice\u2011presidente, ser\u00e1 a nova CEO a partir de 1 de mar\u00e7o.<\/li>\n<li>Pedro Castro e Almeida foi nomeado Chief Risk Officer do Grupo Santander, com experi\u00eancia em integra\u00e7\u00f5es de bancos e gest\u00e3o regional na Europa.<\/li>\n<li>Guerreiro tem mais de 20 anos no grupo, teve papel central na transforma\u00e7\u00e3o digital em Portugal e na Europa, liderando a \u00e1rea de tecnologia da informa\u00e7\u00e3o para o grupo.<\/li>\n<li>Castro e Almeida ingressou no Santander em 1993, liderou o Santander Portugal nos \u00faltimos sete anos e supervisionou integra\u00e7\u00f5es como Banif e Banco Popular, al\u00e9m de liderar o processo de integra\u00e7\u00e3o do TSB.<\/li>\n<li>Ana Bot\u00edn elogiou as compet\u00eancias de Guerreiro e a experi\u00eancia de Castro, destacando o planeamento de succession e o foco na execu\u00e7\u00e3o da estrat\u00e9gia a longo prazo.<\/li>\n<\/ul>\n","protected":false},"author":2,"featured_media":183628,"comment_status":"closed","ping_status":"closed","sticky":false,"template":"","format":"standard","meta":{"footnotes":""},"categories":[2,1],"tags":[28,2415,3728,31,1734,1710],"class_list":["post-183617","post","type-post","status-publish","format-standard","has-post-thumbnail","hentry","category-economia","category-noticias","tag-economia","tag-gestao","tag-liderancas","tag-negocios","tag-planeamento-estrategico","tag-santander"],"yoast_head":"<!-- This site is optimized with the Yoast SEO plugin v27.2 - https:\/\/yoast.com\/product\/yoast-seo-wordpress\/ -->\n<title>Isabel Guerreiro \u00e9 a nova CEO do Santander em Portugal - Portal Tela Portugal<\/title>\n<meta name=\"robots\" content=\"index, follow, max-snippet:-1, max-image-preview:large, max-video-preview:-1\" \/>\n<meta property=\"og:locale\" content=\"pt_PT\" \/>\n<meta property=\"og:type\" content=\"article\" \/>\n<meta property=\"og:title\" content=\"Isabel Guerreiro \u00e9 a nova CEO do Santander em Portugal - Portal Tela Portugal\" \/>\n<meta property=\"og:description\" content=\"O Santander Portugal anunciou mudan\u00e7as na lideran\u00e7a: Isabel Guerreiro, at\u00e9 agora vice\u2011presidente, ser\u00e1 a nova CEO a partir de 1 de mar\u00e7o. Pedro Castro e Almeida foi nomeado Chief Risk Officer do Grupo Santander, com experi\u00eancia em integra\u00e7\u00f5es de bancos e gest\u00e3o regional na Europa. Guerreiro tem mais de 20 anos no grupo, teve papel central na transforma\u00e7\u00e3o digital em Portugal e na Europa, liderando a \u00e1rea de tecnologia da informa\u00e7\u00e3o para o grupo. Castro e Almeida ingressou no Santander em 1993, liderou o Santander Portugal nos \u00faltimos sete anos e supervisionou integra\u00e7\u00f5es como Banif e Banco Popular, al\u00e9m de liderar o processo de integra\u00e7\u00e3o do TSB. Ana Bot\u00edn elogiou as compet\u00eancias de Guerreiro e a experi\u00eancia de Castro, destacando o planeamento de succession e o foco na execu\u00e7\u00e3o da estrat\u00e9gia a longo prazo.\" \/>\n<meta property=\"og:url\" content=\"https:\/\/portaltela.pt\/noticias\/2026\/01\/30\/isabel-guerreiro-e-a-nova-ceo-do-santander-em-portugal\/\" \/>\n<meta property=\"og:site_name\" content=\"Portal Tela Portugal\" \/>\n<meta property=\"article:published_time\" content=\"2026-01-30T10:58:20+00:00\" \/>\n<meta name=\"author\" content=\"Telinha\" \/>\n<meta name=\"twitter:card\" content=\"summary_large_image\" \/>\n<meta name=\"twitter:label1\" content=\"Escrito por\" \/>\n\t<meta name=\"twitter:data1\" content=\"Telinha\" \/>\n\t<meta name=\"twitter:label2\" content=\"Tempo estimado de leitura\" \/>\n\t<meta name=\"twitter:data2\" content=\"1 minuto\" \/>\n<script type=\"application\/ld+json\" class=\"yoast-schema-graph\">{\"@context\":\"https:\/\/schema.org\",\"@graph\":[{\"@type\":\"Article\",\"@id\":\"https:\/\/portaltela.pt\/noticias\/2026\/01\/30\/isabel-guerreiro-e-a-nova-ceo-do-santander-em-portugal\/#article\",\"isPartOf\":{\"@id\":\"https:\/\/portaltela.pt\/noticias\/2026\/01\/30\/isabel-guerreiro-e-a-nova-ceo-do-santander-em-portugal\/\"},\"author\":{\"name\":\"Telinha\",\"@id\":\"https:\/\/portaltela.pt\/#\/schema\/person\/c4278d4a6028830caff9ee44b42d32ed\"},\"headline\":\"Isabel Guerreiro \u00e9 a nova CEO do Santander em Portugal\",\"datePublished\":\"2026-01-30T10:58:20+00:00\",\"mainEntityOfPage\":{\"@id\":\"https:\/\/portaltela.pt\/noticias\/2026\/01\/30\/isabel-guerreiro-e-a-nova-ceo-do-santander-em-portugal\/\"},\"wordCount\":274,\"image\":{\"@id\":\"https:\/\/portaltela.pt\/noticias\/2026\/01\/30\/isabel-guerreiro-e-a-nova-ceo-do-santander-em-portugal\/#primaryimage\"},\"thumbnailUrl\":\"https:\/\/portaltela.pt\/s.01k8rhncp4jt1\/2026\/01\/unnamed-file-6044.jpg\",\"keywords\":[\"economia\",\"gest\u00e3o\",\"lideran\u00e7as\",\"neg\u00f3cios\",\"Planeamento Estrat\u00e9gico\",\"Santander\"],\"articleSection\":[\"Economia\",\"Not\u00edcias\"],\"inLanguage\":\"pt-PT\"},{\"@type\":\"WebPage\",\"@id\":\"https:\/\/portaltela.pt\/noticias\/2026\/01\/30\/isabel-guerreiro-e-a-nova-ceo-do-santander-em-portugal\/\",\"url\":\"https:\/\/portaltela.pt\/noticias\/2026\/01\/30\/isabel-guerreiro-e-a-nova-ceo-do-santander-em-portugal\/\",\"name\":\"Isabel Guerreiro \u00e9 a nova CEO do Santander em Portugal - Portal Tela Portugal\",\"isPartOf\":{\"@id\":\"https:\/\/portaltela.pt\/#website\"},\"primaryImageOfPage\":{\"@id\":\"https:\/\/portaltela.pt\/noticias\/2026\/01\/30\/isabel-guerreiro-e-a-nova-ceo-do-santander-em-portugal\/#primaryimage\"},\"image\":{\"@id\":\"https:\/\/portaltela.pt\/noticias\/2026\/01\/30\/isabel-guerreiro-e-a-nova-ceo-do-santander-em-portugal\/#primaryimage\"},\"thumbnailUrl\":\"https:\/\/portaltela.pt\/s.01k8rhncp4jt1\/2026\/01\/unnamed-file-6044.jpg\",\"datePublished\":\"2026-01-30T10:58:20+00:00\",\"author\":{\"@id\":\"https:\/\/portaltela.pt\/#\/schema\/person\/c4278d4a6028830caff9ee44b42d32ed\"},\"breadcrumb\":{\"@id\":\"https:\/\/portaltela.pt\/noticias\/2026\/01\/30\/isabel-guerreiro-e-a-nova-ceo-do-santander-em-portugal\/#breadcrumb\"},\"inLanguage\":\"pt-PT\",\"potentialAction\":[{\"@type\":\"ReadAction\",\"target\":[\"https:\/\/portaltela.pt\/noticias\/2026\/01\/30\/isabel-guerreiro-e-a-nova-ceo-do-santander-em-portugal\/\"]}]},{\"@type\":\"ImageObject\",\"inLanguage\":\"pt-PT\",\"@id\":\"https:\/\/portaltela.pt\/noticias\/2026\/01\/30\/isabel-guerreiro-e-a-nova-ceo-do-santander-em-portugal\/#primaryimage\",\"url\":\"https:\/\/portaltela.pt\/s.01k8rhncp4jt1\/2026\/01\/unnamed-file-6044.jpg\",\"contentUrl\":\"https:\/\/portaltela.pt\/s.01k8rhncp4jt1\/2026\/01\/unnamed-file-6044.jpg\",\"width\":796,\"height\":448,\"caption\":\"Isabel Guerreiro \u00e9 a nova CEO do Santander em Portugal\"},{\"@type\":\"BreadcrumbList\",\"@id\":\"https:\/\/portaltela.pt\/noticias\/2026\/01\/30\/isabel-guerreiro-e-a-nova-ceo-do-santander-em-portugal\/#breadcrumb\",\"itemListElement\":[{\"@type\":\"ListItem\",\"position\":1,\"name\":\"In\u00edcio\",\"item\":\"https:\/\/portaltela.pt\/\"},{\"@type\":\"ListItem\",\"position\":2,\"name\":\"Isabel Guerreiro \u00e9 a nova CEO do Santander em Portugal\"}]},{\"@type\":\"WebSite\",\"@id\":\"https:\/\/portaltela.pt\/#website\",\"url\":\"https:\/\/portaltela.pt\/\",\"name\":\"Portal Tela Portugal\",\"description\":\"\",\"potentialAction\":[{\"@type\":\"SearchAction\",\"target\":{\"@type\":\"EntryPoint\",\"urlTemplate\":\"https:\/\/portaltela.pt\/?s={search_term_string}\"},\"query-input\":{\"@type\":\"PropertyValueSpecification\",\"valueRequired\":true,\"valueName\":\"search_term_string\"}}],\"inLanguage\":\"pt-PT\"},{\"@type\":\"Person\",\"@id\":\"https:\/\/portaltela.pt\/#\/schema\/person\/c4278d4a6028830caff9ee44b42d32ed\",\"name\":\"Telinha\",\"image\":{\"@type\":\"ImageObject\",\"inLanguage\":\"pt-PT\",\"@id\":\"https:\/\/portaltela.pt\/s.01k8rhncp4jt1\/2025\/11\/talking-bot-125x125.png\",\"url\":\"https:\/\/portaltela.pt\/s.01k8rhncp4jt1\/2025\/11\/talking-bot-125x125.png\",\"contentUrl\":\"https:\/\/portaltela.pt\/s.01k8rhncp4jt1\/2025\/11\/talking-bot-125x125.png\",\"caption\":\"Telinha\"},\"sameAs\":[\"https:\/\/portaltela.pt\/\"],\"url\":\"https:\/\/portaltela.pt\/por\/367410592786\/\"}]}<\/script>\n<!-- \/ Yoast SEO plugin. -->","yoast_head_json":{"title":"Isabel Guerreiro \u00e9 a nova CEO do Santander em Portugal - Portal Tela Portugal","robots":{"index":"index","follow":"follow","max-snippet":"max-snippet:-1","max-image-preview":"max-image-preview:large","max-video-preview":"max-video-preview:-1"},"og_locale":"pt_PT","og_type":"article","og_title":"Isabel Guerreiro \u00e9 a nova CEO do Santander em Portugal - Portal Tela Portugal","og_description":"O Santander Portugal anunciou mudan\u00e7as na lideran\u00e7a: Isabel Guerreiro, at\u00e9 agora vice\u2011presidente, ser\u00e1 a nova CEO a partir de 1 de mar\u00e7o. Pedro Castro e Almeida foi nomeado Chief Risk Officer do Grupo Santander, com experi\u00eancia em integra\u00e7\u00f5es de bancos e gest\u00e3o regional na Europa. Guerreiro tem mais de 20 anos no grupo, teve papel central na transforma\u00e7\u00e3o digital em Portugal e na Europa, liderando a \u00e1rea de tecnologia da informa\u00e7\u00e3o para o grupo. Castro e Almeida ingressou no Santander em 1993, liderou o Santander Portugal nos \u00faltimos sete anos e supervisionou integra\u00e7\u00f5es como Banif e Banco Popular, al\u00e9m de liderar o processo de integra\u00e7\u00e3o do TSB. Ana Bot\u00edn elogiou as compet\u00eancias de Guerreiro e a experi\u00eancia de Castro, destacando o planeamento de succession e o foco na execu\u00e7\u00e3o da estrat\u00e9gia a longo prazo.","og_url":"https:\/\/portaltela.pt\/noticias\/2026\/01\/30\/isabel-guerreiro-e-a-nova-ceo-do-santander-em-portugal\/","og_site_name":"Portal Tela Portugal","article_published_time":"2026-01-30T10:58:20+00:00","author":"Telinha","twitter_card":"summary_large_image","twitter_misc":{"Escrito por":"Telinha","Tempo estimado de leitura":"1 minuto"},"schema":{"@context":"https:\/\/schema.org","@graph":[{"@type":"Article","@id":"https:\/\/portaltela.pt\/noticias\/2026\/01\/30\/isabel-guerreiro-e-a-nova-ceo-do-santander-em-portugal\/#article","isPartOf":{"@id":"https:\/\/portaltela.pt\/noticias\/2026\/01\/30\/isabel-guerreiro-e-a-nova-ceo-do-santander-em-portugal\/"},"author":{"name":"Telinha","@id":"https:\/\/portaltela.pt\/#\/schema\/person\/c4278d4a6028830caff9ee44b42d32ed"},"headline":"Isabel Guerreiro \u00e9 a nova CEO do Santander em Portugal","datePublished":"2026-01-30T10:58:20+00:00","mainEntityOfPage":{"@id":"https:\/\/portaltela.pt\/noticias\/2026\/01\/30\/isabel-guerreiro-e-a-nova-ceo-do-santander-em-portugal\/"},"wordCount":274,"image":{"@id":"https:\/\/portaltela.pt\/noticias\/2026\/01\/30\/isabel-guerreiro-e-a-nova-ceo-do-santander-em-portugal\/#primaryimage"},"thumbnailUrl":"https:\/\/portaltela.pt\/s.01k8rhncp4jt1\/2026\/01\/unnamed-file-6044.jpg","keywords":["economia","gest\u00e3o","lideran\u00e7as","neg\u00f3cios","Planeamento Estrat\u00e9gico","Santander"],"articleSection":["Economia","Not\u00edcias"],"inLanguage":"pt-PT"},{"@type":"WebPage","@id":"https:\/\/portaltela.pt\/noticias\/2026\/01\/30\/isabel-guerreiro-e-a-nova-ceo-do-santander-em-portugal\/","url":"https:\/\/portaltela.pt\/noticias\/2026\/01\/30\/isabel-guerreiro-e-a-nova-ceo-do-santander-em-portugal\/","name":"Isabel Guerreiro \u00e9 a nova CEO do Santander em Portugal - Portal Tela Portugal","isPartOf":{"@id":"https:\/\/portaltela.pt\/#website"},"primaryImageOfPage":{"@id":"https:\/\/portaltela.pt\/noticias\/2026\/01\/30\/isabel-guerreiro-e-a-nova-ceo-do-santander-em-portugal\/#primaryimage"},"image":{"@id":"https:\/\/portaltela.pt\/noticias\/2026\/01\/30\/isabel-guerreiro-e-a-nova-ceo-do-santander-em-portugal\/#primaryimage"},"thumbnailUrl":"https:\/\/portaltela.pt\/s.01k8rhncp4jt1\/2026\/01\/unnamed-file-6044.jpg","datePublished":"2026-01-30T10:58:20+00:00","author":{"@id":"https:\/\/portaltela.pt\/#\/schema\/person\/c4278d4a6028830caff9ee44b42d32ed"},"breadcrumb":{"@id":"https:\/\/portaltela.pt\/noticias\/2026\/01\/30\/isabel-guerreiro-e-a-nova-ceo-do-santander-em-portugal\/#breadcrumb"},"inLanguage":"pt-PT","potentialAction":[{"@type":"ReadAction","target":["https:\/\/portaltela.pt\/noticias\/2026\/01\/30\/isabel-guerreiro-e-a-nova-ceo-do-santander-em-portugal\/"]}]},{"@type":"ImageObject","inLanguage":"pt-PT","@id":"https:\/\/portaltela.pt\/noticias\/2026\/01\/30\/isabel-guerreiro-e-a-nova-ceo-do-santander-em-portugal\/#primaryimage","url":"https:\/\/portaltela.pt\/s.01k8rhncp4jt1\/2026\/01\/unnamed-file-6044.jpg","contentUrl":"https:\/\/portaltela.pt\/s.01k8rhncp4jt1\/2026\/01\/unnamed-file-6044.jpg","width":796,"height":448,"caption":"Isabel Guerreiro \u00e9 a nova CEO do Santander em Portugal"},{"@type":"BreadcrumbList","@id":"https:\/\/portaltela.pt\/noticias\/2026\/01\/30\/isabel-guerreiro-e-a-nova-ceo-do-santander-em-portugal\/#breadcrumb","itemListElement":[{"@type":"ListItem","position":1,"name":"In\u00edcio","item":"https:\/\/portaltela.pt\/"},{"@type":"ListItem","position":2,"name":"Isabel Guerreiro \u00e9 a nova CEO do Santander em Portugal"}]},{"@type":"WebSite","@id":"https:\/\/portaltela.pt\/#website","url":"https:\/\/portaltela.pt\/","name":"Portal Tela Portugal","description":"","potentialAction":[{"@type":"SearchAction","target":{"@type":"EntryPoint","urlTemplate":"https:\/\/portaltela.pt\/?s={search_term_string}"},"query-input":{"@type":"PropertyValueSpecification","valueRequired":true,"valueName":"search_term_string"}}],"inLanguage":"pt-PT"},{"@type":"Person","@id":"https:\/\/portaltela.pt\/#\/schema\/person\/c4278d4a6028830caff9ee44b42d32ed","name":"Telinha","image":{"@type":"ImageObject","inLanguage":"pt-PT","@id":"https:\/\/portaltela.pt\/s.01k8rhncp4jt1\/2025\/11\/talking-bot-125x125.png","url":"https:\/\/portaltela.pt\/s.01k8rhncp4jt1\/2025\/11\/talking-bot-125x125.png","contentUrl":"https:\/\/portaltela.pt\/s.01k8rhncp4jt1\/2025\/11\/talking-bot-125x125.png","caption":"Telinha"},"sameAs":["https:\/\/portaltela.pt\/"],"url":"https:\/\/portaltela.pt\/por\/367410592786\/"}]}},"_links":{"self":[{"href":"https:\/\/portaltela.pt\/api\/wp\/v2\/posts\/183617","targetHints":{"allow":["GET"]}}],"collection":[{"href":"https:\/\/portaltela.pt\/api\/wp\/v2\/posts"}],"about":[{"href":"https:\/\/portaltela.pt\/api\/wp\/v2\/types\/post"}],"author":[{"embeddable":true,"href":"https:\/\/portaltela.pt\/api\/wp\/v2\/users\/2"}],"replies":[{"embeddable":true,"href":"https:\/\/portaltela.pt\/api\/wp\/v2\/comments?post=183617"}],"version-history":[{"count":0,"href":"https:\/\/portaltela.pt\/api\/wp\/v2\/posts\/183617\/revisions"}],"wp:featuredmedia":[{"embeddable":true,"href":"https:\/\/portaltela.pt\/api\/wp\/v2\/media\/183628"}],"wp:attachment":[{"href":"https:\/\/portaltela.pt\/api\/wp\/v2\/media?parent=183617"}],"wp:term":[{"taxonomy":"category","embeddable":true,"href":"https:\/\/portaltela.pt\/api\/wp\/v2\/categories?post=183617"},{"taxonomy":"post_tag","embeddable":true,"href":"https:\/\/portaltela.pt\/api\/wp\/v2\/tags?post=183617"}],"curies":[{"name":"wp","href":"https:\/\/api.w.org\/{rel}","templated":true}]}}