{"id":183587,"date":"2026-01-30T07:45:15","date_gmt":"2026-01-30T10:45:15","guid":{"rendered":"https:\/\/portaltela.pt\/noticias\/2026\/01\/30\/morreu-joao-canijo-um-dos-maiores-cineastas-portugueses\/"},"modified":"2026-01-30T07:45:15","modified_gmt":"2026-01-30T10:45:15","slug":"morreu-joao-canijo-um-dos-maiores-cineastas-portugueses","status":"publish","type":"post","link":"https:\/\/portaltela.pt\/noticias\/2026\/01\/30\/morreu-joao-canijo-um-dos-maiores-cineastas-portugueses\/","title":{"rendered":"Morreu Jo\u00e3o Canijo, um dos maiores cineastas portugueses"},"content":{"rendered":"<p>Jo\u00e3o Canijo morreu na quinta-feira, 29 de janeiro, aos 68 anos, em Vila Vi\u00e7osa, no Alentejo. A causa da morte n\u00e3o foi divulgada, mas diversas fontes apontam para um poss\u00edvel ataque card\u00edaco fulminante.<\/p>\n<p>O cineasta nasceu no Porto, a 10 de dezembro de 1957. Estudou Hist\u00f3ria na FLUP, mas seguiu o cinema de forma exclusiva. Foi assistente de realiza\u00e7\u00e3o de Manoel de Oliveira, Wim Wenders e Werner Schroeter, e realizou a sua primeira longas-metragem em 1988, Tr\u00eas Menos Eu.<\/p>\n<p>Ao longo da carreira, destacou-se pela intensidade das personagens e pela vis\u00e3o humana das suas hist\u00f3rias, com foco especial nas figuras femininas. Recusava narrativas excessivamente explicadas, promovendo a liberdade do p\u00fablico criar as suas pr\u00f3prias interpreta\u00e7\u00f5es.<\/p>\n<p>Entre as obras que marcaram o cinema portugu\u00eas, destacam-se Noite Escura (2004), Sangue do Meu Sangue (2011), Portugal, Um Dia de Cada Vez (2015), F\u00e1tima (2017) e Viver Mal e Mal Viver (2023). Este \u00faltimo valeu-lhe o Urso de Prata no Festival de Berlim, em 2023.<\/p>\n<h3>Rea\u00e7\u00e3o oficial e projetos em curso<\/h3>\n<p>A ministra da Cultura, Margarida Balseiro Lopes, descreveu a perda como irrepar\u00e1vel para a cultura portuguesa. No momento, Canijo encontrava-se em regime de p\u00f3s-produ\u00e7\u00e3o do filme Encena\u00e7\u00e3o, com Miguel Guilherme no papel principal.<\/p>\n<p>O cineasta deixa um legado abrangente tanto a n\u00edvel nacional como internacional, caracterizado pela vis\u00e3o \u00edntima das suas personagens e pela promo\u00e7\u00e3o da cultura portuguesa atrav\u00e9s de m\u00faltiplas obras e formatos.<\/p>\n","protected":false},"excerpt":{"rendered":"<ul>\n<li>Morreu o cineasta portugu\u00eas Jo\u00e3o Canijo na quinta-feira, 29 de janeiro, aos 68 anos, em Vila Vi\u00e7osa, possivelmente v\u00edtima de ataque card\u00edaco fulminante.<\/li>\n<li>Nascido no Porto, em 10 de dezembro de 1957, Canijo estudou Hist\u00f3ria na Universidade do Porto, mas seguiu o cinema, trabalhando como assistente de realiza\u00e7\u00e3o de Manoel de Oliveira, Wim Wenders e Werner Schroeter; lan\u00e7ou a primeira longa-metragem em 1988, Tr\u00eas Menos Eu.<\/li>\n<li>Destacou\u2011se pela intensidade das suas personagens e pela abordagem pr\u00f3xima \u00e0s viv\u00eancias, com foco especial nas figuras femininas; entre os seus t\u00edtulos contam-se Noite escura (2004), Sangue do Meu Sangue (2011), Portugal, um dia de cada vez (2015), F\u00e1tima (2017), Viver Mal (2023) e Mal Viver (2023).<\/li>\n<li>O \u00faltimo filme, Mal Viver, recebeu reconhecimento internacional, incluindo o Urso de Prata no Festival de Berlim de 2023, e Canijo j\u00e1 tinha elogiado o projeto como o seu melhor filme.<\/li>\n<li>A ministra da cultura, Margarida Balseiro Lopes, qualificou a perda como irrepar\u00e1vel para a cultura portuguesa; Canijo mantinha em p\u00f3s-produ\u00e7\u00e3o o filme Encena\u00e7\u00e3o, rodado no ano passado, com Miguel Guilherme no papel principal.<\/li>\n<\/ul>\n","protected":false},"author":2,"featured_media":183593,"comment_status":"closed","ping_status":"closed","sticky":false,"template":"","format":"standard","meta":{"footnotes":""},"categories":[1],"tags":[112,145,3588,1014,4760],"class_list":["post-183587","post","type-post","status-publish","format-standard","has-post-thumbnail","hentry","category-noticias","tag-cinema","tag-cultura","tag-personalidade","tag-portugal","tag-urso-de-prata"],"yoast_head":"<!-- This site is optimized with the Yoast SEO plugin v27.2 - https:\/\/yoast.com\/product\/yoast-seo-wordpress\/ -->\n<title>Morreu Jo\u00e3o Canijo, um dos maiores cineastas portugueses - Portal Tela Portugal<\/title>\n<meta name=\"robots\" content=\"index, follow, max-snippet:-1, max-image-preview:large, max-video-preview:-1\" \/>\n<meta property=\"og:locale\" content=\"pt_PT\" \/>\n<meta property=\"og:type\" content=\"article\" \/>\n<meta property=\"og:title\" content=\"Morreu Jo\u00e3o Canijo, um dos maiores cineastas portugueses - Portal Tela Portugal\" \/>\n<meta property=\"og:description\" content=\"Morreu o cineasta portugu\u00eas Jo\u00e3o Canijo na quinta-feira, 29 de janeiro, aos 68 anos, em Vila Vi\u00e7osa, possivelmente v\u00edtima de ataque card\u00edaco fulminante. Nascido no Porto, em 10 de dezembro de 1957, Canijo estudou Hist\u00f3ria na Universidade do Porto, mas seguiu o cinema, trabalhando como assistente de realiza\u00e7\u00e3o de Manoel de Oliveira, Wim Wenders e Werner Schroeter; lan\u00e7ou a primeira longa-metragem em 1988, Tr\u00eas Menos Eu. Destacou\u2011se pela intensidade das suas personagens e pela abordagem pr\u00f3xima \u00e0s viv\u00eancias, com foco especial nas figuras femininas; entre os seus t\u00edtulos contam-se Noite escura (2004), Sangue do Meu Sangue (2011), Portugal, um dia de cada vez (2015), F\u00e1tima (2017), Viver Mal (2023) e Mal Viver (2023). O \u00faltimo filme, Mal Viver, recebeu reconhecimento internacional, incluindo o Urso de Prata no Festival de Berlim de 2023, e Canijo j\u00e1 tinha elogiado o projeto como o seu melhor filme. A ministra da cultura, Margarida Balseiro Lopes, qualificou a perda como irrepar\u00e1vel para a cultura portuguesa; Canijo mantinha em p\u00f3s-produ\u00e7\u00e3o o filme Encena\u00e7\u00e3o, rodado no ano passado, com Miguel Guilherme no papel principal.\" \/>\n<meta property=\"og:url\" content=\"https:\/\/portaltela.pt\/noticias\/2026\/01\/30\/morreu-joao-canijo-um-dos-maiores-cineastas-portugueses\/\" \/>\n<meta property=\"og:site_name\" content=\"Portal Tela Portugal\" \/>\n<meta property=\"article:published_time\" content=\"2026-01-30T10:45:15+00:00\" \/>\n<meta name=\"author\" content=\"Telinha\" \/>\n<meta name=\"twitter:card\" content=\"summary_large_image\" \/>\n<meta name=\"twitter:label1\" content=\"Escrito por\" \/>\n\t<meta name=\"twitter:data1\" content=\"Telinha\" \/>\n\t<meta name=\"twitter:label2\" content=\"Tempo estimado de leitura\" \/>\n\t<meta name=\"twitter:data2\" content=\"1 minuto\" \/>\n<script type=\"application\/ld+json\" class=\"yoast-schema-graph\">{\"@context\":\"https:\/\/schema.org\",\"@graph\":[{\"@type\":\"Article\",\"@id\":\"https:\/\/portaltela.pt\/noticias\/2026\/01\/30\/morreu-joao-canijo-um-dos-maiores-cineastas-portugueses\/#article\",\"isPartOf\":{\"@id\":\"https:\/\/portaltela.pt\/noticias\/2026\/01\/30\/morreu-joao-canijo-um-dos-maiores-cineastas-portugueses\/\"},\"author\":{\"name\":\"Telinha\",\"@id\":\"https:\/\/portaltela.pt\/#\/schema\/person\/c4278d4a6028830caff9ee44b42d32ed\"},\"headline\":\"Morreu Jo\u00e3o Canijo, um dos maiores cineastas portugueses\",\"datePublished\":\"2026-01-30T10:45:15+00:00\",\"mainEntityOfPage\":{\"@id\":\"https:\/\/portaltela.pt\/noticias\/2026\/01\/30\/morreu-joao-canijo-um-dos-maiores-cineastas-portugueses\/\"},\"wordCount\":254,\"image\":{\"@id\":\"https:\/\/portaltela.pt\/noticias\/2026\/01\/30\/morreu-joao-canijo-um-dos-maiores-cineastas-portugueses\/#primaryimage\"},\"thumbnailUrl\":\"https:\/\/portaltela.pt\/s.01k8rhncp4jt1\/2026\/01\/1536x864_cmsv2_23c2e9c7-413e-5911-8a69-3ab443ae3747-9632459.jpg\",\"keywords\":[\"cinema\",\"cultura\",\"personalidade\",\"Portugal\",\"Urso de Prata\"],\"articleSection\":[\"Not\u00edcias\"],\"inLanguage\":\"pt-PT\"},{\"@type\":\"WebPage\",\"@id\":\"https:\/\/portaltela.pt\/noticias\/2026\/01\/30\/morreu-joao-canijo-um-dos-maiores-cineastas-portugueses\/\",\"url\":\"https:\/\/portaltela.pt\/noticias\/2026\/01\/30\/morreu-joao-canijo-um-dos-maiores-cineastas-portugueses\/\",\"name\":\"Morreu Jo\u00e3o Canijo, um dos maiores cineastas portugueses - Portal Tela Portugal\",\"isPartOf\":{\"@id\":\"https:\/\/portaltela.pt\/#website\"},\"primaryImageOfPage\":{\"@id\":\"https:\/\/portaltela.pt\/noticias\/2026\/01\/30\/morreu-joao-canijo-um-dos-maiores-cineastas-portugueses\/#primaryimage\"},\"image\":{\"@id\":\"https:\/\/portaltela.pt\/noticias\/2026\/01\/30\/morreu-joao-canijo-um-dos-maiores-cineastas-portugueses\/#primaryimage\"},\"thumbnailUrl\":\"https:\/\/portaltela.pt\/s.01k8rhncp4jt1\/2026\/01\/1536x864_cmsv2_23c2e9c7-413e-5911-8a69-3ab443ae3747-9632459.jpg\",\"datePublished\":\"2026-01-30T10:45:15+00:00\",\"author\":{\"@id\":\"https:\/\/portaltela.pt\/#\/schema\/person\/c4278d4a6028830caff9ee44b42d32ed\"},\"breadcrumb\":{\"@id\":\"https:\/\/portaltela.pt\/noticias\/2026\/01\/30\/morreu-joao-canijo-um-dos-maiores-cineastas-portugueses\/#breadcrumb\"},\"inLanguage\":\"pt-PT\",\"potentialAction\":[{\"@type\":\"ReadAction\",\"target\":[\"https:\/\/portaltela.pt\/noticias\/2026\/01\/30\/morreu-joao-canijo-um-dos-maiores-cineastas-portugueses\/\"]}]},{\"@type\":\"ImageObject\",\"inLanguage\":\"pt-PT\",\"@id\":\"https:\/\/portaltela.pt\/noticias\/2026\/01\/30\/morreu-joao-canijo-um-dos-maiores-cineastas-portugueses\/#primaryimage\",\"url\":\"https:\/\/portaltela.pt\/s.01k8rhncp4jt1\/2026\/01\/1536x864_cmsv2_23c2e9c7-413e-5911-8a69-3ab443ae3747-9632459.jpg\",\"contentUrl\":\"https:\/\/portaltela.pt\/s.01k8rhncp4jt1\/2026\/01\/1536x864_cmsv2_23c2e9c7-413e-5911-8a69-3ab443ae3747-9632459.jpg\",\"width\":796,\"height\":448,\"caption\":\"Jo\u00e3o Canijo recebe o Grande Pr\u00e9mio do J\u00fari Ursa de Prata ap\u00f3s a cerim\u00f3nia de entrega dos pr\u00e9mios do Festival Internacional de Cinema, Berlinale, em Berlim, Alemanha, 2023\"},{\"@type\":\"BreadcrumbList\",\"@id\":\"https:\/\/portaltela.pt\/noticias\/2026\/01\/30\/morreu-joao-canijo-um-dos-maiores-cineastas-portugueses\/#breadcrumb\",\"itemListElement\":[{\"@type\":\"ListItem\",\"position\":1,\"name\":\"In\u00edcio\",\"item\":\"https:\/\/portaltela.pt\/\"},{\"@type\":\"ListItem\",\"position\":2,\"name\":\"Morreu Jo\u00e3o Canijo, um dos maiores cineastas portugueses\"}]},{\"@type\":\"WebSite\",\"@id\":\"https:\/\/portaltela.pt\/#website\",\"url\":\"https:\/\/portaltela.pt\/\",\"name\":\"Portal Tela Portugal\",\"description\":\"\",\"potentialAction\":[{\"@type\":\"SearchAction\",\"target\":{\"@type\":\"EntryPoint\",\"urlTemplate\":\"https:\/\/portaltela.pt\/?s={search_term_string}\"},\"query-input\":{\"@type\":\"PropertyValueSpecification\",\"valueRequired\":true,\"valueName\":\"search_term_string\"}}],\"inLanguage\":\"pt-PT\"},{\"@type\":\"Person\",\"@id\":\"https:\/\/portaltela.pt\/#\/schema\/person\/c4278d4a6028830caff9ee44b42d32ed\",\"name\":\"Telinha\",\"image\":{\"@type\":\"ImageObject\",\"inLanguage\":\"pt-PT\",\"@id\":\"https:\/\/portaltela.pt\/s.01k8rhncp4jt1\/2025\/11\/talking-bot-125x125.png\",\"url\":\"https:\/\/portaltela.pt\/s.01k8rhncp4jt1\/2025\/11\/talking-bot-125x125.png\",\"contentUrl\":\"https:\/\/portaltela.pt\/s.01k8rhncp4jt1\/2025\/11\/talking-bot-125x125.png\",\"caption\":\"Telinha\"},\"sameAs\":[\"https:\/\/portaltela.pt\/\"],\"url\":\"https:\/\/portaltela.pt\/por\/367410592786\/\"}]}<\/script>\n<!-- \/ Yoast SEO plugin. -->","yoast_head_json":{"title":"Morreu Jo\u00e3o Canijo, um dos maiores cineastas portugueses - Portal Tela Portugal","robots":{"index":"index","follow":"follow","max-snippet":"max-snippet:-1","max-image-preview":"max-image-preview:large","max-video-preview":"max-video-preview:-1"},"og_locale":"pt_PT","og_type":"article","og_title":"Morreu Jo\u00e3o Canijo, um dos maiores cineastas portugueses - Portal Tela Portugal","og_description":"Morreu o cineasta portugu\u00eas Jo\u00e3o Canijo na quinta-feira, 29 de janeiro, aos 68 anos, em Vila Vi\u00e7osa, possivelmente v\u00edtima de ataque card\u00edaco fulminante. Nascido no Porto, em 10 de dezembro de 1957, Canijo estudou Hist\u00f3ria na Universidade do Porto, mas seguiu o cinema, trabalhando como assistente de realiza\u00e7\u00e3o de Manoel de Oliveira, Wim Wenders e Werner Schroeter; lan\u00e7ou a primeira longa-metragem em 1988, Tr\u00eas Menos Eu. Destacou\u2011se pela intensidade das suas personagens e pela abordagem pr\u00f3xima \u00e0s viv\u00eancias, com foco especial nas figuras femininas; entre os seus t\u00edtulos contam-se Noite escura (2004), Sangue do Meu Sangue (2011), Portugal, um dia de cada vez (2015), F\u00e1tima (2017), Viver Mal (2023) e Mal Viver (2023). O \u00faltimo filme, Mal Viver, recebeu reconhecimento internacional, incluindo o Urso de Prata no Festival de Berlim de 2023, e Canijo j\u00e1 tinha elogiado o projeto como o seu melhor filme. A ministra da cultura, Margarida Balseiro Lopes, qualificou a perda como irrepar\u00e1vel para a cultura portuguesa; Canijo mantinha em p\u00f3s-produ\u00e7\u00e3o o filme Encena\u00e7\u00e3o, rodado no ano passado, com Miguel Guilherme no papel principal.","og_url":"https:\/\/portaltela.pt\/noticias\/2026\/01\/30\/morreu-joao-canijo-um-dos-maiores-cineastas-portugueses\/","og_site_name":"Portal Tela Portugal","article_published_time":"2026-01-30T10:45:15+00:00","author":"Telinha","twitter_card":"summary_large_image","twitter_misc":{"Escrito por":"Telinha","Tempo estimado de leitura":"1 minuto"},"schema":{"@context":"https:\/\/schema.org","@graph":[{"@type":"Article","@id":"https:\/\/portaltela.pt\/noticias\/2026\/01\/30\/morreu-joao-canijo-um-dos-maiores-cineastas-portugueses\/#article","isPartOf":{"@id":"https:\/\/portaltela.pt\/noticias\/2026\/01\/30\/morreu-joao-canijo-um-dos-maiores-cineastas-portugueses\/"},"author":{"name":"Telinha","@id":"https:\/\/portaltela.pt\/#\/schema\/person\/c4278d4a6028830caff9ee44b42d32ed"},"headline":"Morreu Jo\u00e3o Canijo, um dos maiores cineastas portugueses","datePublished":"2026-01-30T10:45:15+00:00","mainEntityOfPage":{"@id":"https:\/\/portaltela.pt\/noticias\/2026\/01\/30\/morreu-joao-canijo-um-dos-maiores-cineastas-portugueses\/"},"wordCount":254,"image":{"@id":"https:\/\/portaltela.pt\/noticias\/2026\/01\/30\/morreu-joao-canijo-um-dos-maiores-cineastas-portugueses\/#primaryimage"},"thumbnailUrl":"https:\/\/portaltela.pt\/s.01k8rhncp4jt1\/2026\/01\/1536x864_cmsv2_23c2e9c7-413e-5911-8a69-3ab443ae3747-9632459.jpg","keywords":["cinema","cultura","personalidade","Portugal","Urso de Prata"],"articleSection":["Not\u00edcias"],"inLanguage":"pt-PT"},{"@type":"WebPage","@id":"https:\/\/portaltela.pt\/noticias\/2026\/01\/30\/morreu-joao-canijo-um-dos-maiores-cineastas-portugueses\/","url":"https:\/\/portaltela.pt\/noticias\/2026\/01\/30\/morreu-joao-canijo-um-dos-maiores-cineastas-portugueses\/","name":"Morreu Jo\u00e3o Canijo, um dos maiores cineastas portugueses - Portal Tela Portugal","isPartOf":{"@id":"https:\/\/portaltela.pt\/#website"},"primaryImageOfPage":{"@id":"https:\/\/portaltela.pt\/noticias\/2026\/01\/30\/morreu-joao-canijo-um-dos-maiores-cineastas-portugueses\/#primaryimage"},"image":{"@id":"https:\/\/portaltela.pt\/noticias\/2026\/01\/30\/morreu-joao-canijo-um-dos-maiores-cineastas-portugueses\/#primaryimage"},"thumbnailUrl":"https:\/\/portaltela.pt\/s.01k8rhncp4jt1\/2026\/01\/1536x864_cmsv2_23c2e9c7-413e-5911-8a69-3ab443ae3747-9632459.jpg","datePublished":"2026-01-30T10:45:15+00:00","author":{"@id":"https:\/\/portaltela.pt\/#\/schema\/person\/c4278d4a6028830caff9ee44b42d32ed"},"breadcrumb":{"@id":"https:\/\/portaltela.pt\/noticias\/2026\/01\/30\/morreu-joao-canijo-um-dos-maiores-cineastas-portugueses\/#breadcrumb"},"inLanguage":"pt-PT","potentialAction":[{"@type":"ReadAction","target":["https:\/\/portaltela.pt\/noticias\/2026\/01\/30\/morreu-joao-canijo-um-dos-maiores-cineastas-portugueses\/"]}]},{"@type":"ImageObject","inLanguage":"pt-PT","@id":"https:\/\/portaltela.pt\/noticias\/2026\/01\/30\/morreu-joao-canijo-um-dos-maiores-cineastas-portugueses\/#primaryimage","url":"https:\/\/portaltela.pt\/s.01k8rhncp4jt1\/2026\/01\/1536x864_cmsv2_23c2e9c7-413e-5911-8a69-3ab443ae3747-9632459.jpg","contentUrl":"https:\/\/portaltela.pt\/s.01k8rhncp4jt1\/2026\/01\/1536x864_cmsv2_23c2e9c7-413e-5911-8a69-3ab443ae3747-9632459.jpg","width":796,"height":448,"caption":"Jo\u00e3o Canijo recebe o Grande Pr\u00e9mio do J\u00fari Ursa de Prata ap\u00f3s a cerim\u00f3nia de entrega dos pr\u00e9mios do Festival Internacional de Cinema, Berlinale, em Berlim, Alemanha, 2023"},{"@type":"BreadcrumbList","@id":"https:\/\/portaltela.pt\/noticias\/2026\/01\/30\/morreu-joao-canijo-um-dos-maiores-cineastas-portugueses\/#breadcrumb","itemListElement":[{"@type":"ListItem","position":1,"name":"In\u00edcio","item":"https:\/\/portaltela.pt\/"},{"@type":"ListItem","position":2,"name":"Morreu Jo\u00e3o Canijo, um dos maiores cineastas portugueses"}]},{"@type":"WebSite","@id":"https:\/\/portaltela.pt\/#website","url":"https:\/\/portaltela.pt\/","name":"Portal Tela Portugal","description":"","potentialAction":[{"@type":"SearchAction","target":{"@type":"EntryPoint","urlTemplate":"https:\/\/portaltela.pt\/?s={search_term_string}"},"query-input":{"@type":"PropertyValueSpecification","valueRequired":true,"valueName":"search_term_string"}}],"inLanguage":"pt-PT"},{"@type":"Person","@id":"https:\/\/portaltela.pt\/#\/schema\/person\/c4278d4a6028830caff9ee44b42d32ed","name":"Telinha","image":{"@type":"ImageObject","inLanguage":"pt-PT","@id":"https:\/\/portaltela.pt\/s.01k8rhncp4jt1\/2025\/11\/talking-bot-125x125.png","url":"https:\/\/portaltela.pt\/s.01k8rhncp4jt1\/2025\/11\/talking-bot-125x125.png","contentUrl":"https:\/\/portaltela.pt\/s.01k8rhncp4jt1\/2025\/11\/talking-bot-125x125.png","caption":"Telinha"},"sameAs":["https:\/\/portaltela.pt\/"],"url":"https:\/\/portaltela.pt\/por\/367410592786\/"}]}},"_links":{"self":[{"href":"https:\/\/portaltela.pt\/api\/wp\/v2\/posts\/183587","targetHints":{"allow":["GET"]}}],"collection":[{"href":"https:\/\/portaltela.pt\/api\/wp\/v2\/posts"}],"about":[{"href":"https:\/\/portaltela.pt\/api\/wp\/v2\/types\/post"}],"author":[{"embeddable":true,"href":"https:\/\/portaltela.pt\/api\/wp\/v2\/users\/2"}],"replies":[{"embeddable":true,"href":"https:\/\/portaltela.pt\/api\/wp\/v2\/comments?post=183587"}],"version-history":[{"count":0,"href":"https:\/\/portaltela.pt\/api\/wp\/v2\/posts\/183587\/revisions"}],"wp:featuredmedia":[{"embeddable":true,"href":"https:\/\/portaltela.pt\/api\/wp\/v2\/media\/183593"}],"wp:attachment":[{"href":"https:\/\/portaltela.pt\/api\/wp\/v2\/media?parent=183587"}],"wp:term":[{"taxonomy":"category","embeddable":true,"href":"https:\/\/portaltela.pt\/api\/wp\/v2\/categories?post=183587"},{"taxonomy":"post_tag","embeddable":true,"href":"https:\/\/portaltela.pt\/api\/wp\/v2\/tags?post=183587"}],"curies":[{"name":"wp","href":"https:\/\/api.w.org\/{rel}","templated":true}]}}