{"id":183568,"date":"2026-01-30T07:47:00","date_gmt":"2026-01-30T10:47:00","guid":{"rendered":"https:\/\/portaltela.pt\/noticias\/2026\/01\/30\/caso-do-cao-orelha-adolescentes-acusados-de-agressao-no-brasil\/"},"modified":"2026-01-30T07:47:00","modified_gmt":"2026-01-30T10:47:00","slug":"caso-do-cao-orelha-adolescentes-acusados-de-agressao-no-brasil","status":"publish","type":"post","link":"https:\/\/portaltela.pt\/noticias\/2026\/01\/30\/caso-do-cao-orelha-adolescentes-acusados-de-agressao-no-brasil\/","title":{"rendered":"Caso do c\u00e3o Orelha: adolescentes acusados de agress\u00e3o no Brasil"},"content":{"rendered":"<p>O caso do c\u00e3o comunit\u00e1rio Orelha, que morreu ap\u00f3s ser agredido por um grupo de adolescentes em Florian\u00f3polis, no Brasil, gerou indigna\u00e7\u00e3o internacional. Em Portugal, a not\u00edcia despertou rea\u00e7\u00f5es p\u00fablicas e debates sobre prote\u00e7\u00e3o animal.<\/p>\n<p>A agress\u00e3o levanta quest\u00f5es sobre a responsabiliza\u00e7\u00e3o de menores e sobre a viol\u00eancia contra animais na sociedade. Observadores apontam que a forma como a viol\u00eancia \u00e9 tratada pela comunidade pode influenciar comportamentos futuros.<\/p>\n<p>No Brasil, discute-se a inimputabilidade penal dos agressores, com foco na idade dos agressores. Analistas defendem, al\u00e9m da puni\u00e7\u00e3o legal, a necessidade de avalia\u00e7\u00e3o de fatores sociais que favorecem a crueldade.<\/p>\n<h3>Contexto em Portugal<\/h3>\n<p>Em Portugal, a mudan\u00e7a legal ocorreu em 2014, com a inser\u00e7\u00e3o de Maus-tratos a animais de companhia no C\u00f3digo Penal. A altera\u00e7\u00e3o resultou de press\u00e3o c\u00edvica e campanhas de ONGs, visando tutela penal efetiva contra crimes de viol\u00eancia animal.<\/p>\n<p>Casos recentes no pa\u00eds mostraram que a viol\u00eancia contra animais n\u00e3o se esgota em a\u00e7\u00f5es p\u00fablicas: houve condena\u00e7\u00e3o por omiss\u00e3o de cuidados a uma gata, num caso motivado por rejei\u00e7\u00e3o prolongada a tratamento veterin\u00e1rio. O epis\u00f3dio evidence a indiferen\u00e7a social como fator de risco.<\/p>\n<p>A prote\u00e7\u00e3o animal enfrenta desafios di\u00e1rios, com muitos casos n\u00e3o chegam \u00e0s manchetes. Organiza\u00e7\u00f5es c\u00edvicas e volunt\u00e1rios destacam a necessidade de mudan\u00e7a cultural para al\u00e9m de respostas legais, incluindo educa\u00e7\u00e3o para empatia e responsabilidade.<\/p>\n<p>Os relatos do Brasil e de Portugal apontam para uma sociedade onde o sofrimento animal pode ser normalizado ou ignorado. Especialistas lembram que a indigna\u00e7\u00e3o p\u00fablica \u00e9 v\u00e1lida, mas exige a\u00e7\u00f5es estruturais para preven\u00e7\u00e3o e prote\u00e7\u00e3o cont\u00ednua.<\/p>\n<h3>Conclus\u00e3o<\/h3>\n<p>A cobertura desses casos refor\u00e7a a necessidade de pol\u00edticas p\u00fablicas consistentes e de uma cidadania atenta \u00e0 prote\u00e7\u00e3o de todos os seres, humanos e n\u00e3o humanos. A m\u00e9dio prazo, a coopera\u00e7\u00e3o entre sociedade civil, Justi\u00e7a e institui\u00e7\u00f5es \u00e9 essencial para reduzir epis\u00f3dios de crueldade.<\/p>\n","protected":false},"excerpt":{"rendered":"<ul>\n<li>O c\u00e3o comunit\u00e1rio Orelha foi brutalmente agredido por adolescentes em Florian\u00f3polis e morreu devido aos ferimentos.<\/li>\n<li>O caso ganhou repercuss\u00e3o internacional, incluindo em Portugal.<\/li>\n<li>No Brasil, discute-se a inimputabilidade penal dos agressores por serem menores, bem como a inimputabilidade social, relacionada com normas culturais de viol\u00eancia contra animais.<\/li>\n<li>Em Portugal, a protec\u00e7\u00e3o dos animais tornou-se crime em dezoito mil e quatorze, ap\u00f3s d\u00e9cadas de press\u00e3o da sociedade civil e de ONGs.<\/li>\n<li>Recentemente, um tribunal portugu\u00eas condenou uma mulher por maus-tratos por omiss\u00e3o a uma gata que sofreu queimaduras graves, evidenciando que a indiferen\u00e7a tamb\u00e9m \u00e9 encarada como crime.<\/li>\n<\/ul>\n","protected":false},"author":2,"featured_media":183604,"comment_status":"closed","ping_status":"closed","sticky":false,"template":"","format":"standard","meta":{"footnotes":""},"categories":[1],"tags":[4577,2547,147,4001,1014,939],"class_list":["post-183568","post","type-post","status-publish","format-standard","has-post-thumbnail","hentry","category-noticias","tag-animais-de-companhia","tag-brasil","tag-crime","tag-maus-tratos-a-animais","tag-portugal","tag-violencia"],"yoast_head":"<!-- This site is optimized with the Yoast SEO plugin v27.2 - https:\/\/yoast.com\/product\/yoast-seo-wordpress\/ -->\n<title>Caso do c\u00e3o Orelha: adolescentes acusados de agress\u00e3o no Brasil - Portal Tela Portugal<\/title>\n<meta name=\"robots\" content=\"index, follow, max-snippet:-1, max-image-preview:large, max-video-preview:-1\" \/>\n<meta property=\"og:locale\" content=\"pt_PT\" \/>\n<meta property=\"og:type\" content=\"article\" \/>\n<meta property=\"og:title\" content=\"Caso do c\u00e3o Orelha: adolescentes acusados de agress\u00e3o no Brasil - Portal Tela Portugal\" \/>\n<meta property=\"og:description\" content=\"O c\u00e3o comunit\u00e1rio Orelha foi brutalmente agredido por adolescentes em Florian\u00f3polis e morreu devido aos ferimentos. O caso ganhou repercuss\u00e3o internacional, incluindo em Portugal. No Brasil, discute-se a inimputabilidade penal dos agressores por serem menores, bem como a inimputabilidade social, relacionada com normas culturais de viol\u00eancia contra animais. Em Portugal, a protec\u00e7\u00e3o dos animais tornou-se crime em dezoito mil e quatorze, ap\u00f3s d\u00e9cadas de press\u00e3o da sociedade civil e de ONGs. Recentemente, um tribunal portugu\u00eas condenou uma mulher por maus-tratos por omiss\u00e3o a uma gata que sofreu queimaduras graves, evidenciando que a indiferen\u00e7a tamb\u00e9m \u00e9 encarada como crime.\" \/>\n<meta property=\"og:url\" content=\"https:\/\/portaltela.pt\/noticias\/2026\/01\/30\/caso-do-cao-orelha-adolescentes-acusados-de-agressao-no-brasil\/\" \/>\n<meta property=\"og:site_name\" content=\"Portal Tela Portugal\" \/>\n<meta property=\"article:published_time\" content=\"2026-01-30T10:47:00+00:00\" \/>\n<meta name=\"author\" content=\"Telinha\" \/>\n<meta name=\"twitter:card\" content=\"summary_large_image\" \/>\n<meta name=\"twitter:label1\" content=\"Escrito por\" \/>\n\t<meta name=\"twitter:data1\" content=\"Telinha\" \/>\n\t<meta name=\"twitter:label2\" content=\"Tempo estimado de leitura\" \/>\n\t<meta name=\"twitter:data2\" content=\"2 minutos\" \/>\n<script type=\"application\/ld+json\" class=\"yoast-schema-graph\">{\"@context\":\"https:\/\/schema.org\",\"@graph\":[{\"@type\":\"Article\",\"@id\":\"https:\/\/portaltela.pt\/noticias\/2026\/01\/30\/caso-do-cao-orelha-adolescentes-acusados-de-agressao-no-brasil\/#article\",\"isPartOf\":{\"@id\":\"https:\/\/portaltela.pt\/noticias\/2026\/01\/30\/caso-do-cao-orelha-adolescentes-acusados-de-agressao-no-brasil\/\"},\"author\":{\"name\":\"Telinha\",\"@id\":\"https:\/\/portaltela.pt\/#\/schema\/person\/c4278d4a6028830caff9ee44b42d32ed\"},\"headline\":\"Caso do c\u00e3o Orelha: adolescentes acusados de agress\u00e3o no Brasil\",\"datePublished\":\"2026-01-30T10:47:00+00:00\",\"mainEntityOfPage\":{\"@id\":\"https:\/\/portaltela.pt\/noticias\/2026\/01\/30\/caso-do-cao-orelha-adolescentes-acusados-de-agressao-no-brasil\/\"},\"wordCount\":370,\"image\":{\"@id\":\"https:\/\/portaltela.pt\/noticias\/2026\/01\/30\/caso-do-cao-orelha-adolescentes-acusados-de-agressao-no-brasil\/#primaryimage\"},\"thumbnailUrl\":\"https:\/\/portaltela.pt\/s.01k8rhncp4jt1\/2026\/01\/2062972.jpg\",\"keywords\":[\"animais de companhia\",\"Brasil\",\"crime\",\"maus-tratos a animais\",\"Portugal\",\"viol\u00eancia\"],\"articleSection\":[\"Not\u00edcias\"],\"inLanguage\":\"pt-PT\"},{\"@type\":\"WebPage\",\"@id\":\"https:\/\/portaltela.pt\/noticias\/2026\/01\/30\/caso-do-cao-orelha-adolescentes-acusados-de-agressao-no-brasil\/\",\"url\":\"https:\/\/portaltela.pt\/noticias\/2026\/01\/30\/caso-do-cao-orelha-adolescentes-acusados-de-agressao-no-brasil\/\",\"name\":\"Caso do c\u00e3o Orelha: adolescentes acusados de agress\u00e3o no Brasil - Portal Tela Portugal\",\"isPartOf\":{\"@id\":\"https:\/\/portaltela.pt\/#website\"},\"primaryImageOfPage\":{\"@id\":\"https:\/\/portaltela.pt\/noticias\/2026\/01\/30\/caso-do-cao-orelha-adolescentes-acusados-de-agressao-no-brasil\/#primaryimage\"},\"image\":{\"@id\":\"https:\/\/portaltela.pt\/noticias\/2026\/01\/30\/caso-do-cao-orelha-adolescentes-acusados-de-agressao-no-brasil\/#primaryimage\"},\"thumbnailUrl\":\"https:\/\/portaltela.pt\/s.01k8rhncp4jt1\/2026\/01\/2062972.jpg\",\"datePublished\":\"2026-01-30T10:47:00+00:00\",\"author\":{\"@id\":\"https:\/\/portaltela.pt\/#\/schema\/person\/c4278d4a6028830caff9ee44b42d32ed\"},\"breadcrumb\":{\"@id\":\"https:\/\/portaltela.pt\/noticias\/2026\/01\/30\/caso-do-cao-orelha-adolescentes-acusados-de-agressao-no-brasil\/#breadcrumb\"},\"inLanguage\":\"pt-PT\",\"potentialAction\":[{\"@type\":\"ReadAction\",\"target\":[\"https:\/\/portaltela.pt\/noticias\/2026\/01\/30\/caso-do-cao-orelha-adolescentes-acusados-de-agressao-no-brasil\/\"]}]},{\"@type\":\"ImageObject\",\"inLanguage\":\"pt-PT\",\"@id\":\"https:\/\/portaltela.pt\/noticias\/2026\/01\/30\/caso-do-cao-orelha-adolescentes-acusados-de-agressao-no-brasil\/#primaryimage\",\"url\":\"https:\/\/portaltela.pt\/s.01k8rhncp4jt1\/2026\/01\/2062972.jpg\",\"contentUrl\":\"https:\/\/portaltela.pt\/s.01k8rhncp4jt1\/2026\/01\/2062972.jpg\",\"width\":796,\"height\":448,\"caption\":\"O c\u00e3o comunit\u00e1rio Orelha, que morreu ap\u00f3s ser agredido em Florian\u00f3polis\"},{\"@type\":\"BreadcrumbList\",\"@id\":\"https:\/\/portaltela.pt\/noticias\/2026\/01\/30\/caso-do-cao-orelha-adolescentes-acusados-de-agressao-no-brasil\/#breadcrumb\",\"itemListElement\":[{\"@type\":\"ListItem\",\"position\":1,\"name\":\"In\u00edcio\",\"item\":\"https:\/\/portaltela.pt\/\"},{\"@type\":\"ListItem\",\"position\":2,\"name\":\"Caso do c\u00e3o Orelha: adolescentes acusados de agress\u00e3o no Brasil\"}]},{\"@type\":\"WebSite\",\"@id\":\"https:\/\/portaltela.pt\/#website\",\"url\":\"https:\/\/portaltela.pt\/\",\"name\":\"Portal Tela Portugal\",\"description\":\"\",\"potentialAction\":[{\"@type\":\"SearchAction\",\"target\":{\"@type\":\"EntryPoint\",\"urlTemplate\":\"https:\/\/portaltela.pt\/?s={search_term_string}\"},\"query-input\":{\"@type\":\"PropertyValueSpecification\",\"valueRequired\":true,\"valueName\":\"search_term_string\"}}],\"inLanguage\":\"pt-PT\"},{\"@type\":\"Person\",\"@id\":\"https:\/\/portaltela.pt\/#\/schema\/person\/c4278d4a6028830caff9ee44b42d32ed\",\"name\":\"Telinha\",\"image\":{\"@type\":\"ImageObject\",\"inLanguage\":\"pt-PT\",\"@id\":\"https:\/\/portaltela.pt\/s.01k8rhncp4jt1\/2025\/11\/talking-bot-125x125.png\",\"url\":\"https:\/\/portaltela.pt\/s.01k8rhncp4jt1\/2025\/11\/talking-bot-125x125.png\",\"contentUrl\":\"https:\/\/portaltela.pt\/s.01k8rhncp4jt1\/2025\/11\/talking-bot-125x125.png\",\"caption\":\"Telinha\"},\"sameAs\":[\"https:\/\/portaltela.pt\/\"],\"url\":\"https:\/\/portaltela.pt\/por\/367410592786\/\"}]}<\/script>\n<!-- \/ Yoast SEO plugin. -->","yoast_head_json":{"title":"Caso do c\u00e3o Orelha: adolescentes acusados de agress\u00e3o no Brasil - Portal Tela Portugal","robots":{"index":"index","follow":"follow","max-snippet":"max-snippet:-1","max-image-preview":"max-image-preview:large","max-video-preview":"max-video-preview:-1"},"og_locale":"pt_PT","og_type":"article","og_title":"Caso do c\u00e3o Orelha: adolescentes acusados de agress\u00e3o no Brasil - Portal Tela Portugal","og_description":"O c\u00e3o comunit\u00e1rio Orelha foi brutalmente agredido por adolescentes em Florian\u00f3polis e morreu devido aos ferimentos. O caso ganhou repercuss\u00e3o internacional, incluindo em Portugal. No Brasil, discute-se a inimputabilidade penal dos agressores por serem menores, bem como a inimputabilidade social, relacionada com normas culturais de viol\u00eancia contra animais. Em Portugal, a protec\u00e7\u00e3o dos animais tornou-se crime em dezoito mil e quatorze, ap\u00f3s d\u00e9cadas de press\u00e3o da sociedade civil e de ONGs. Recentemente, um tribunal portugu\u00eas condenou uma mulher por maus-tratos por omiss\u00e3o a uma gata que sofreu queimaduras graves, evidenciando que a indiferen\u00e7a tamb\u00e9m \u00e9 encarada como crime.","og_url":"https:\/\/portaltela.pt\/noticias\/2026\/01\/30\/caso-do-cao-orelha-adolescentes-acusados-de-agressao-no-brasil\/","og_site_name":"Portal Tela Portugal","article_published_time":"2026-01-30T10:47:00+00:00","author":"Telinha","twitter_card":"summary_large_image","twitter_misc":{"Escrito por":"Telinha","Tempo estimado de leitura":"2 minutos"},"schema":{"@context":"https:\/\/schema.org","@graph":[{"@type":"Article","@id":"https:\/\/portaltela.pt\/noticias\/2026\/01\/30\/caso-do-cao-orelha-adolescentes-acusados-de-agressao-no-brasil\/#article","isPartOf":{"@id":"https:\/\/portaltela.pt\/noticias\/2026\/01\/30\/caso-do-cao-orelha-adolescentes-acusados-de-agressao-no-brasil\/"},"author":{"name":"Telinha","@id":"https:\/\/portaltela.pt\/#\/schema\/person\/c4278d4a6028830caff9ee44b42d32ed"},"headline":"Caso do c\u00e3o Orelha: adolescentes acusados de agress\u00e3o no Brasil","datePublished":"2026-01-30T10:47:00+00:00","mainEntityOfPage":{"@id":"https:\/\/portaltela.pt\/noticias\/2026\/01\/30\/caso-do-cao-orelha-adolescentes-acusados-de-agressao-no-brasil\/"},"wordCount":370,"image":{"@id":"https:\/\/portaltela.pt\/noticias\/2026\/01\/30\/caso-do-cao-orelha-adolescentes-acusados-de-agressao-no-brasil\/#primaryimage"},"thumbnailUrl":"https:\/\/portaltela.pt\/s.01k8rhncp4jt1\/2026\/01\/2062972.jpg","keywords":["animais de companhia","Brasil","crime","maus-tratos a animais","Portugal","viol\u00eancia"],"articleSection":["Not\u00edcias"],"inLanguage":"pt-PT"},{"@type":"WebPage","@id":"https:\/\/portaltela.pt\/noticias\/2026\/01\/30\/caso-do-cao-orelha-adolescentes-acusados-de-agressao-no-brasil\/","url":"https:\/\/portaltela.pt\/noticias\/2026\/01\/30\/caso-do-cao-orelha-adolescentes-acusados-de-agressao-no-brasil\/","name":"Caso do c\u00e3o Orelha: adolescentes acusados de agress\u00e3o no Brasil - Portal Tela Portugal","isPartOf":{"@id":"https:\/\/portaltela.pt\/#website"},"primaryImageOfPage":{"@id":"https:\/\/portaltela.pt\/noticias\/2026\/01\/30\/caso-do-cao-orelha-adolescentes-acusados-de-agressao-no-brasil\/#primaryimage"},"image":{"@id":"https:\/\/portaltela.pt\/noticias\/2026\/01\/30\/caso-do-cao-orelha-adolescentes-acusados-de-agressao-no-brasil\/#primaryimage"},"thumbnailUrl":"https:\/\/portaltela.pt\/s.01k8rhncp4jt1\/2026\/01\/2062972.jpg","datePublished":"2026-01-30T10:47:00+00:00","author":{"@id":"https:\/\/portaltela.pt\/#\/schema\/person\/c4278d4a6028830caff9ee44b42d32ed"},"breadcrumb":{"@id":"https:\/\/portaltela.pt\/noticias\/2026\/01\/30\/caso-do-cao-orelha-adolescentes-acusados-de-agressao-no-brasil\/#breadcrumb"},"inLanguage":"pt-PT","potentialAction":[{"@type":"ReadAction","target":["https:\/\/portaltela.pt\/noticias\/2026\/01\/30\/caso-do-cao-orelha-adolescentes-acusados-de-agressao-no-brasil\/"]}]},{"@type":"ImageObject","inLanguage":"pt-PT","@id":"https:\/\/portaltela.pt\/noticias\/2026\/01\/30\/caso-do-cao-orelha-adolescentes-acusados-de-agressao-no-brasil\/#primaryimage","url":"https:\/\/portaltela.pt\/s.01k8rhncp4jt1\/2026\/01\/2062972.jpg","contentUrl":"https:\/\/portaltela.pt\/s.01k8rhncp4jt1\/2026\/01\/2062972.jpg","width":796,"height":448,"caption":"O c\u00e3o comunit\u00e1rio Orelha, que morreu ap\u00f3s ser agredido em Florian\u00f3polis"},{"@type":"BreadcrumbList","@id":"https:\/\/portaltela.pt\/noticias\/2026\/01\/30\/caso-do-cao-orelha-adolescentes-acusados-de-agressao-no-brasil\/#breadcrumb","itemListElement":[{"@type":"ListItem","position":1,"name":"In\u00edcio","item":"https:\/\/portaltela.pt\/"},{"@type":"ListItem","position":2,"name":"Caso do c\u00e3o Orelha: adolescentes acusados de agress\u00e3o no Brasil"}]},{"@type":"WebSite","@id":"https:\/\/portaltela.pt\/#website","url":"https:\/\/portaltela.pt\/","name":"Portal Tela Portugal","description":"","potentialAction":[{"@type":"SearchAction","target":{"@type":"EntryPoint","urlTemplate":"https:\/\/portaltela.pt\/?s={search_term_string}"},"query-input":{"@type":"PropertyValueSpecification","valueRequired":true,"valueName":"search_term_string"}}],"inLanguage":"pt-PT"},{"@type":"Person","@id":"https:\/\/portaltela.pt\/#\/schema\/person\/c4278d4a6028830caff9ee44b42d32ed","name":"Telinha","image":{"@type":"ImageObject","inLanguage":"pt-PT","@id":"https:\/\/portaltela.pt\/s.01k8rhncp4jt1\/2025\/11\/talking-bot-125x125.png","url":"https:\/\/portaltela.pt\/s.01k8rhncp4jt1\/2025\/11\/talking-bot-125x125.png","contentUrl":"https:\/\/portaltela.pt\/s.01k8rhncp4jt1\/2025\/11\/talking-bot-125x125.png","caption":"Telinha"},"sameAs":["https:\/\/portaltela.pt\/"],"url":"https:\/\/portaltela.pt\/por\/367410592786\/"}]}},"_links":{"self":[{"href":"https:\/\/portaltela.pt\/api\/wp\/v2\/posts\/183568","targetHints":{"allow":["GET"]}}],"collection":[{"href":"https:\/\/portaltela.pt\/api\/wp\/v2\/posts"}],"about":[{"href":"https:\/\/portaltela.pt\/api\/wp\/v2\/types\/post"}],"author":[{"embeddable":true,"href":"https:\/\/portaltela.pt\/api\/wp\/v2\/users\/2"}],"replies":[{"embeddable":true,"href":"https:\/\/portaltela.pt\/api\/wp\/v2\/comments?post=183568"}],"version-history":[{"count":0,"href":"https:\/\/portaltela.pt\/api\/wp\/v2\/posts\/183568\/revisions"}],"wp:featuredmedia":[{"embeddable":true,"href":"https:\/\/portaltela.pt\/api\/wp\/v2\/media\/183604"}],"wp:attachment":[{"href":"https:\/\/portaltela.pt\/api\/wp\/v2\/media?parent=183568"}],"wp:term":[{"taxonomy":"category","embeddable":true,"href":"https:\/\/portaltela.pt\/api\/wp\/v2\/categories?post=183568"},{"taxonomy":"post_tag","embeddable":true,"href":"https:\/\/portaltela.pt\/api\/wp\/v2\/tags?post=183568"}],"curies":[{"name":"wp","href":"https:\/\/api.w.org\/{rel}","templated":true}]}}