{"id":183558,"date":"2026-01-30T07:43:00","date_gmt":"2026-01-30T10:43:00","guid":{"rendered":"https:\/\/portaltela.pt\/noticias\/2026\/01\/30\/mocambique-tem-mais-de-600-casos-de-sarampo-e-uma-morte-em-surto-de-seis-meses\/"},"modified":"2026-01-30T07:43:00","modified_gmt":"2026-01-30T10:43:00","slug":"mocambique-tem-mais-de-600-casos-de-sarampo-e-uma-morte-em-surto-de-seis-meses","status":"publish","type":"post","link":"https:\/\/portaltela.pt\/noticias\/2026\/01\/30\/mocambique-tem-mais-de-600-casos-de-sarampo-e-uma-morte-em-surto-de-seis-meses\/","title":{"rendered":"Mo\u00e7ambique tem mais de 600 casos de sarampo e uma morte em surto de seis meses"},"content":{"rendered":"<p>O Resumo Epidemiol\u00f3gico do Sarampo, da DNSP, mostra o in\u00edcio do surto em agosto de 2023 at\u00e9 28 de janeiro de 2025. O foco de transmiss\u00e3o est\u00e1 no centro e norte do pa\u00eds, com um morto at\u00e9 ao momento. At\u00e9 16 de janeiro, o total era de 598 casos.<\/p>\n<p>No \u00faltimo boletim de 28 de janeiro, as autoridades confirmaram mais um caso da doen\u00e7a nas 24 horas anteriores. Ao longo de seis meses, Mo\u00e7ambique registou casos em v\u00e1rias prov\u00edncias, com a maioria no centro e norte.<\/p>\n<p>Na lista por prov\u00edncias, Nampula contabiliza 195 casos e uma morte. Sofala tem 178 casos. Niassa regista 104 casos e Zamb\u00e9zia 96. Manica tem 37 e Maputo 7 casos.<\/p>\n<p>Em termos de tend\u00eancia, a Dire\u00e7\u00e3o Nacional de Sa\u00fade P\u00fablica refor\u00e7a que o sarampo \u00e9 grave sobretudo em menores de 5 anos. Apela para que quem apresente sintomas procure rapidamente uma unidade de sa\u00fade.<\/p>\n<h3>Dados por prov\u00edncia<\/h3>\n<p>A campanha de vacina\u00e7\u00e3o de 2023 ocorreu entre 31 de julho e 4 de agosto, visando crian\u00e7as at\u00e9 aos 59 meses. O objetivo era vacinar 4,8 milh\u00f5es de crian\u00e7as, num esfor\u00e7o que alcan\u00e7ou perto de 5 milh\u00f5es.<\/p>\n<p>A opera\u00e7\u00e3o, com custo de cerca de 5 milh\u00f5es de d\u00f3lares, mobilizou 38 mil t\u00e9cnicos, incluindo vacinadores, registadores e mobilizadores. A iniciativa cobriu Manica, Sofala, Tete, Zamb\u00e9zia e Niassa.<\/p>\n<p>O diretor nacional de Sa\u00fade P\u00fablica, Quinhas Fernandes, afirmou que os n\u00fameros foram superados, com a vacina\u00e7\u00e3o de cerca de 5 milh\u00f5es de crian\u00e7as. O refor\u00e7o sublinhou a prioriza\u00e7\u00e3o de \u00e1reas com maior aus\u00eancia de vacina\u00e7\u00e3o.<\/p>\n<p>As autoridades lembraram os impactos da pandemia de covid-19, que dificultaram a vacina\u00e7\u00e3o e a oferta de programas de preven\u00e7\u00e3o. Outras emerg\u00eancias de sa\u00fade p\u00fablica tamb\u00e9m contribu\u00edram para o atraso.<\/p>\n<p>Antes do surto atual, Mo\u00e7ambique registou entre 2020 e 2023 um total de 2.565 casos, com 80% concentrados em Niassa, Zamb\u00e9zia, Tete, Manica e Sofala. Crian\u00e7as com menos de 5 anos foram as mais afetadas.<\/p>\n<p>A \u00faltima grande campanha nacional de sarampo e rub\u00e9ola ocorreu entre abril e maio de 2018. Na altura vacinou cerca de 13 milh\u00f5es de crian\u00e7as, reduzindo substancialmente os casos nas zonas mais atingidas.<\/p>\n","protected":false},"excerpt":{"rendered":"<ul>\n<li>O boletim de sarampo indica mais de 600 casos e um morto no surto em Mo\u00e7ambique, com in\u00edcio em julho de 2025 e registo at\u00e9 28 de janeiro.<\/li>\n<li>At\u00e9 16 de janeiro havia 598 casos no pa\u00eds; nos 24 horas anteriores ao fecho, foi confirmado mais um caso.<\/li>\n<li>Nampula registou 195 casos e um morto; Sofala contabilizou 178, Niassa 104 e Zamb\u00e9zia 96; Manica tem 37 e Maputo 7.<\/li>\n<li>O sarampo \u00e9 uma infe\u00e7\u00e3o viral aguda, geralmente grave em menores de cinco anos, e as autoridades pedem que quem tenha sintomas procure unidades de sa\u00fade.<\/li>\n<li>O surto ocorre dois anos ap\u00f3s a campanha de vacina\u00e7\u00e3o de julho a agosto de 2023, que vacinou cerca de cinco milh\u00f5es de crian\u00e7as e custou cinco milh\u00f5es de d\u00f3lares.<\/li>\n<\/ul>\n","protected":false},"author":2,"featured_media":183569,"comment_status":"closed","ping_status":"closed","sticky":false,"template":"","format":"standard","meta":{"footnotes":""},"categories":[1],"tags":[4684,1911,1948,271,3441,3949],"class_list":["post-183558","post","type-post","status-publish","format-standard","has-post-thumbnail","hentry","category-noticias","tag-epidemiologia","tag-mocambique","tag-nampula","tag-saude-publica","tag-sofala","tag-vacinacoes"],"yoast_head":"<!-- This site is optimized with the Yoast SEO plugin v27.2 - https:\/\/yoast.com\/product\/yoast-seo-wordpress\/ -->\n<title>Mo\u00e7ambique tem mais de 600 casos de sarampo e uma morte em surto de seis meses - Portal Tela Portugal<\/title>\n<meta name=\"robots\" content=\"index, follow, max-snippet:-1, max-image-preview:large, max-video-preview:-1\" \/>\n<meta property=\"og:locale\" content=\"pt_PT\" \/>\n<meta property=\"og:type\" content=\"article\" \/>\n<meta property=\"og:title\" content=\"Mo\u00e7ambique tem mais de 600 casos de sarampo e uma morte em surto de seis meses - Portal Tela Portugal\" \/>\n<meta property=\"og:description\" content=\"O boletim de sarampo indica mais de 600 casos e um morto no surto em Mo\u00e7ambique, com in\u00edcio em julho de 2025 e registo at\u00e9 28 de janeiro. At\u00e9 16 de janeiro havia 598 casos no pa\u00eds; nos 24 horas anteriores ao fecho, foi confirmado mais um caso. Nampula registou 195 casos e um morto; Sofala contabilizou 178, Niassa 104 e Zamb\u00e9zia 96; Manica tem 37 e Maputo 7. O sarampo \u00e9 uma infe\u00e7\u00e3o viral aguda, geralmente grave em menores de cinco anos, e as autoridades pedem que quem tenha sintomas procure unidades de sa\u00fade. O surto ocorre dois anos ap\u00f3s a campanha de vacina\u00e7\u00e3o de julho a agosto de 2023, que vacinou cerca de cinco milh\u00f5es de crian\u00e7as e custou cinco milh\u00f5es de d\u00f3lares.\" \/>\n<meta property=\"og:url\" content=\"https:\/\/portaltela.pt\/noticias\/2026\/01\/30\/mocambique-tem-mais-de-600-casos-de-sarampo-e-uma-morte-em-surto-de-seis-meses\/\" \/>\n<meta property=\"og:site_name\" content=\"Portal Tela Portugal\" \/>\n<meta property=\"article:published_time\" content=\"2026-01-30T10:43:00+00:00\" \/>\n<meta name=\"author\" content=\"Telinha\" \/>\n<meta name=\"twitter:card\" content=\"summary_large_image\" \/>\n<meta name=\"twitter:label1\" content=\"Escrito por\" \/>\n\t<meta name=\"twitter:data1\" content=\"Telinha\" \/>\n\t<meta name=\"twitter:label2\" content=\"Tempo estimado de leitura\" \/>\n\t<meta name=\"twitter:data2\" content=\"2 minutos\" \/>\n<script type=\"application\/ld+json\" class=\"yoast-schema-graph\">{\"@context\":\"https:\/\/schema.org\",\"@graph\":[{\"@type\":\"Article\",\"@id\":\"https:\/\/portaltela.pt\/noticias\/2026\/01\/30\/mocambique-tem-mais-de-600-casos-de-sarampo-e-uma-morte-em-surto-de-seis-meses\/#article\",\"isPartOf\":{\"@id\":\"https:\/\/portaltela.pt\/noticias\/2026\/01\/30\/mocambique-tem-mais-de-600-casos-de-sarampo-e-uma-morte-em-surto-de-seis-meses\/\"},\"author\":{\"name\":\"Telinha\",\"@id\":\"https:\/\/portaltela.pt\/#\/schema\/person\/c4278d4a6028830caff9ee44b42d32ed\"},\"headline\":\"Mo\u00e7ambique tem mais de 600 casos de sarampo e uma morte em surto de seis meses\",\"datePublished\":\"2026-01-30T10:43:00+00:00\",\"mainEntityOfPage\":{\"@id\":\"https:\/\/portaltela.pt\/noticias\/2026\/01\/30\/mocambique-tem-mais-de-600-casos-de-sarampo-e-uma-morte-em-surto-de-seis-meses\/\"},\"wordCount\":389,\"image\":{\"@id\":\"https:\/\/portaltela.pt\/noticias\/2026\/01\/30\/mocambique-tem-mais-de-600-casos-de-sarampo-e-uma-morte-em-surto-de-seis-meses\/#primaryimage\"},\"thumbnailUrl\":\"https:\/\/portaltela.pt\/s.01k8rhncp4jt1\/2026\/01\/unnamed-file-6038.jpg\",\"keywords\":[\"epidemiologia\",\"Mo\u00e7ambique\",\"Nampula\",\"sa\u00fade p\u00fablica\",\"Sofala\",\"vacina\u00e7\u00f5es\"],\"articleSection\":[\"Not\u00edcias\"],\"inLanguage\":\"pt-PT\"},{\"@type\":\"WebPage\",\"@id\":\"https:\/\/portaltela.pt\/noticias\/2026\/01\/30\/mocambique-tem-mais-de-600-casos-de-sarampo-e-uma-morte-em-surto-de-seis-meses\/\",\"url\":\"https:\/\/portaltela.pt\/noticias\/2026\/01\/30\/mocambique-tem-mais-de-600-casos-de-sarampo-e-uma-morte-em-surto-de-seis-meses\/\",\"name\":\"Mo\u00e7ambique tem mais de 600 casos de sarampo e uma morte em surto de seis meses - Portal Tela Portugal\",\"isPartOf\":{\"@id\":\"https:\/\/portaltela.pt\/#website\"},\"primaryImageOfPage\":{\"@id\":\"https:\/\/portaltela.pt\/noticias\/2026\/01\/30\/mocambique-tem-mais-de-600-casos-de-sarampo-e-uma-morte-em-surto-de-seis-meses\/#primaryimage\"},\"image\":{\"@id\":\"https:\/\/portaltela.pt\/noticias\/2026\/01\/30\/mocambique-tem-mais-de-600-casos-de-sarampo-e-uma-morte-em-surto-de-seis-meses\/#primaryimage\"},\"thumbnailUrl\":\"https:\/\/portaltela.pt\/s.01k8rhncp4jt1\/2026\/01\/unnamed-file-6038.jpg\",\"datePublished\":\"2026-01-30T10:43:00+00:00\",\"author\":{\"@id\":\"https:\/\/portaltela.pt\/#\/schema\/person\/c4278d4a6028830caff9ee44b42d32ed\"},\"breadcrumb\":{\"@id\":\"https:\/\/portaltela.pt\/noticias\/2026\/01\/30\/mocambique-tem-mais-de-600-casos-de-sarampo-e-uma-morte-em-surto-de-seis-meses\/#breadcrumb\"},\"inLanguage\":\"pt-PT\",\"potentialAction\":[{\"@type\":\"ReadAction\",\"target\":[\"https:\/\/portaltela.pt\/noticias\/2026\/01\/30\/mocambique-tem-mais-de-600-casos-de-sarampo-e-uma-morte-em-surto-de-seis-meses\/\"]}]},{\"@type\":\"ImageObject\",\"inLanguage\":\"pt-PT\",\"@id\":\"https:\/\/portaltela.pt\/noticias\/2026\/01\/30\/mocambique-tem-mais-de-600-casos-de-sarampo-e-uma-morte-em-surto-de-seis-meses\/#primaryimage\",\"url\":\"https:\/\/portaltela.pt\/s.01k8rhncp4jt1\/2026\/01\/unnamed-file-6038.jpg\",\"contentUrl\":\"https:\/\/portaltela.pt\/s.01k8rhncp4jt1\/2026\/01\/unnamed-file-6038.jpg\",\"width\":796,\"height\":448,\"caption\":\"Mo\u00e7ambique com mais de 600 casos de sarampo e um morto em surto com seis meses\"},{\"@type\":\"BreadcrumbList\",\"@id\":\"https:\/\/portaltela.pt\/noticias\/2026\/01\/30\/mocambique-tem-mais-de-600-casos-de-sarampo-e-uma-morte-em-surto-de-seis-meses\/#breadcrumb\",\"itemListElement\":[{\"@type\":\"ListItem\",\"position\":1,\"name\":\"In\u00edcio\",\"item\":\"https:\/\/portaltela.pt\/\"},{\"@type\":\"ListItem\",\"position\":2,\"name\":\"Mo\u00e7ambique tem mais de 600 casos de sarampo e uma morte em surto de seis meses\"}]},{\"@type\":\"WebSite\",\"@id\":\"https:\/\/portaltela.pt\/#website\",\"url\":\"https:\/\/portaltela.pt\/\",\"name\":\"Portal Tela Portugal\",\"description\":\"\",\"potentialAction\":[{\"@type\":\"SearchAction\",\"target\":{\"@type\":\"EntryPoint\",\"urlTemplate\":\"https:\/\/portaltela.pt\/?s={search_term_string}\"},\"query-input\":{\"@type\":\"PropertyValueSpecification\",\"valueRequired\":true,\"valueName\":\"search_term_string\"}}],\"inLanguage\":\"pt-PT\"},{\"@type\":\"Person\",\"@id\":\"https:\/\/portaltela.pt\/#\/schema\/person\/c4278d4a6028830caff9ee44b42d32ed\",\"name\":\"Telinha\",\"image\":{\"@type\":\"ImageObject\",\"inLanguage\":\"pt-PT\",\"@id\":\"https:\/\/portaltela.pt\/s.01k8rhncp4jt1\/2025\/11\/talking-bot-125x125.png\",\"url\":\"https:\/\/portaltela.pt\/s.01k8rhncp4jt1\/2025\/11\/talking-bot-125x125.png\",\"contentUrl\":\"https:\/\/portaltela.pt\/s.01k8rhncp4jt1\/2025\/11\/talking-bot-125x125.png\",\"caption\":\"Telinha\"},\"sameAs\":[\"https:\/\/portaltela.pt\/\"],\"url\":\"https:\/\/portaltela.pt\/por\/367410592786\/\"}]}<\/script>\n<!-- \/ Yoast SEO plugin. -->","yoast_head_json":{"title":"Mo\u00e7ambique tem mais de 600 casos de sarampo e uma morte em surto de seis meses - Portal Tela Portugal","robots":{"index":"index","follow":"follow","max-snippet":"max-snippet:-1","max-image-preview":"max-image-preview:large","max-video-preview":"max-video-preview:-1"},"og_locale":"pt_PT","og_type":"article","og_title":"Mo\u00e7ambique tem mais de 600 casos de sarampo e uma morte em surto de seis meses - Portal Tela Portugal","og_description":"O boletim de sarampo indica mais de 600 casos e um morto no surto em Mo\u00e7ambique, com in\u00edcio em julho de 2025 e registo at\u00e9 28 de janeiro. At\u00e9 16 de janeiro havia 598 casos no pa\u00eds; nos 24 horas anteriores ao fecho, foi confirmado mais um caso. Nampula registou 195 casos e um morto; Sofala contabilizou 178, Niassa 104 e Zamb\u00e9zia 96; Manica tem 37 e Maputo 7. O sarampo \u00e9 uma infe\u00e7\u00e3o viral aguda, geralmente grave em menores de cinco anos, e as autoridades pedem que quem tenha sintomas procure unidades de sa\u00fade. O surto ocorre dois anos ap\u00f3s a campanha de vacina\u00e7\u00e3o de julho a agosto de 2023, que vacinou cerca de cinco milh\u00f5es de crian\u00e7as e custou cinco milh\u00f5es de d\u00f3lares.","og_url":"https:\/\/portaltela.pt\/noticias\/2026\/01\/30\/mocambique-tem-mais-de-600-casos-de-sarampo-e-uma-morte-em-surto-de-seis-meses\/","og_site_name":"Portal Tela Portugal","article_published_time":"2026-01-30T10:43:00+00:00","author":"Telinha","twitter_card":"summary_large_image","twitter_misc":{"Escrito por":"Telinha","Tempo estimado de leitura":"2 minutos"},"schema":{"@context":"https:\/\/schema.org","@graph":[{"@type":"Article","@id":"https:\/\/portaltela.pt\/noticias\/2026\/01\/30\/mocambique-tem-mais-de-600-casos-de-sarampo-e-uma-morte-em-surto-de-seis-meses\/#article","isPartOf":{"@id":"https:\/\/portaltela.pt\/noticias\/2026\/01\/30\/mocambique-tem-mais-de-600-casos-de-sarampo-e-uma-morte-em-surto-de-seis-meses\/"},"author":{"name":"Telinha","@id":"https:\/\/portaltela.pt\/#\/schema\/person\/c4278d4a6028830caff9ee44b42d32ed"},"headline":"Mo\u00e7ambique tem mais de 600 casos de sarampo e uma morte em surto de seis meses","datePublished":"2026-01-30T10:43:00+00:00","mainEntityOfPage":{"@id":"https:\/\/portaltela.pt\/noticias\/2026\/01\/30\/mocambique-tem-mais-de-600-casos-de-sarampo-e-uma-morte-em-surto-de-seis-meses\/"},"wordCount":389,"image":{"@id":"https:\/\/portaltela.pt\/noticias\/2026\/01\/30\/mocambique-tem-mais-de-600-casos-de-sarampo-e-uma-morte-em-surto-de-seis-meses\/#primaryimage"},"thumbnailUrl":"https:\/\/portaltela.pt\/s.01k8rhncp4jt1\/2026\/01\/unnamed-file-6038.jpg","keywords":["epidemiologia","Mo\u00e7ambique","Nampula","sa\u00fade p\u00fablica","Sofala","vacina\u00e7\u00f5es"],"articleSection":["Not\u00edcias"],"inLanguage":"pt-PT"},{"@type":"WebPage","@id":"https:\/\/portaltela.pt\/noticias\/2026\/01\/30\/mocambique-tem-mais-de-600-casos-de-sarampo-e-uma-morte-em-surto-de-seis-meses\/","url":"https:\/\/portaltela.pt\/noticias\/2026\/01\/30\/mocambique-tem-mais-de-600-casos-de-sarampo-e-uma-morte-em-surto-de-seis-meses\/","name":"Mo\u00e7ambique tem mais de 600 casos de sarampo e uma morte em surto de seis meses - Portal Tela Portugal","isPartOf":{"@id":"https:\/\/portaltela.pt\/#website"},"primaryImageOfPage":{"@id":"https:\/\/portaltela.pt\/noticias\/2026\/01\/30\/mocambique-tem-mais-de-600-casos-de-sarampo-e-uma-morte-em-surto-de-seis-meses\/#primaryimage"},"image":{"@id":"https:\/\/portaltela.pt\/noticias\/2026\/01\/30\/mocambique-tem-mais-de-600-casos-de-sarampo-e-uma-morte-em-surto-de-seis-meses\/#primaryimage"},"thumbnailUrl":"https:\/\/portaltela.pt\/s.01k8rhncp4jt1\/2026\/01\/unnamed-file-6038.jpg","datePublished":"2026-01-30T10:43:00+00:00","author":{"@id":"https:\/\/portaltela.pt\/#\/schema\/person\/c4278d4a6028830caff9ee44b42d32ed"},"breadcrumb":{"@id":"https:\/\/portaltela.pt\/noticias\/2026\/01\/30\/mocambique-tem-mais-de-600-casos-de-sarampo-e-uma-morte-em-surto-de-seis-meses\/#breadcrumb"},"inLanguage":"pt-PT","potentialAction":[{"@type":"ReadAction","target":["https:\/\/portaltela.pt\/noticias\/2026\/01\/30\/mocambique-tem-mais-de-600-casos-de-sarampo-e-uma-morte-em-surto-de-seis-meses\/"]}]},{"@type":"ImageObject","inLanguage":"pt-PT","@id":"https:\/\/portaltela.pt\/noticias\/2026\/01\/30\/mocambique-tem-mais-de-600-casos-de-sarampo-e-uma-morte-em-surto-de-seis-meses\/#primaryimage","url":"https:\/\/portaltela.pt\/s.01k8rhncp4jt1\/2026\/01\/unnamed-file-6038.jpg","contentUrl":"https:\/\/portaltela.pt\/s.01k8rhncp4jt1\/2026\/01\/unnamed-file-6038.jpg","width":796,"height":448,"caption":"Mo\u00e7ambique com mais de 600 casos de sarampo e um morto em surto com seis meses"},{"@type":"BreadcrumbList","@id":"https:\/\/portaltela.pt\/noticias\/2026\/01\/30\/mocambique-tem-mais-de-600-casos-de-sarampo-e-uma-morte-em-surto-de-seis-meses\/#breadcrumb","itemListElement":[{"@type":"ListItem","position":1,"name":"In\u00edcio","item":"https:\/\/portaltela.pt\/"},{"@type":"ListItem","position":2,"name":"Mo\u00e7ambique tem mais de 600 casos de sarampo e uma morte em surto de seis meses"}]},{"@type":"WebSite","@id":"https:\/\/portaltela.pt\/#website","url":"https:\/\/portaltela.pt\/","name":"Portal Tela Portugal","description":"","potentialAction":[{"@type":"SearchAction","target":{"@type":"EntryPoint","urlTemplate":"https:\/\/portaltela.pt\/?s={search_term_string}"},"query-input":{"@type":"PropertyValueSpecification","valueRequired":true,"valueName":"search_term_string"}}],"inLanguage":"pt-PT"},{"@type":"Person","@id":"https:\/\/portaltela.pt\/#\/schema\/person\/c4278d4a6028830caff9ee44b42d32ed","name":"Telinha","image":{"@type":"ImageObject","inLanguage":"pt-PT","@id":"https:\/\/portaltela.pt\/s.01k8rhncp4jt1\/2025\/11\/talking-bot-125x125.png","url":"https:\/\/portaltela.pt\/s.01k8rhncp4jt1\/2025\/11\/talking-bot-125x125.png","contentUrl":"https:\/\/portaltela.pt\/s.01k8rhncp4jt1\/2025\/11\/talking-bot-125x125.png","caption":"Telinha"},"sameAs":["https:\/\/portaltela.pt\/"],"url":"https:\/\/portaltela.pt\/por\/367410592786\/"}]}},"_links":{"self":[{"href":"https:\/\/portaltela.pt\/api\/wp\/v2\/posts\/183558","targetHints":{"allow":["GET"]}}],"collection":[{"href":"https:\/\/portaltela.pt\/api\/wp\/v2\/posts"}],"about":[{"href":"https:\/\/portaltela.pt\/api\/wp\/v2\/types\/post"}],"author":[{"embeddable":true,"href":"https:\/\/portaltela.pt\/api\/wp\/v2\/users\/2"}],"replies":[{"embeddable":true,"href":"https:\/\/portaltela.pt\/api\/wp\/v2\/comments?post=183558"}],"version-history":[{"count":0,"href":"https:\/\/portaltela.pt\/api\/wp\/v2\/posts\/183558\/revisions"}],"wp:featuredmedia":[{"embeddable":true,"href":"https:\/\/portaltela.pt\/api\/wp\/v2\/media\/183569"}],"wp:attachment":[{"href":"https:\/\/portaltela.pt\/api\/wp\/v2\/media?parent=183558"}],"wp:term":[{"taxonomy":"category","embeddable":true,"href":"https:\/\/portaltela.pt\/api\/wp\/v2\/categories?post=183558"},{"taxonomy":"post_tag","embeddable":true,"href":"https:\/\/portaltela.pt\/api\/wp\/v2\/tags?post=183558"}],"curies":[{"name":"wp","href":"https:\/\/api.w.org\/{rel}","templated":true}]}}