{"id":183535,"date":"2026-01-30T07:34:25","date_gmt":"2026-01-30T10:34:25","guid":{"rendered":"https:\/\/portaltela.pt\/noticias\/2026\/01\/30\/presidente-lamenta-morte-precoce-do-realizador-joao-canijo\/"},"modified":"2026-01-30T07:34:25","modified_gmt":"2026-01-30T10:34:25","slug":"presidente-lamenta-morte-precoce-do-realizador-joao-canijo","status":"publish","type":"post","link":"https:\/\/portaltela.pt\/noticias\/2026\/01\/30\/presidente-lamenta-morte-precoce-do-realizador-joao-canijo\/","title":{"rendered":"Presidente lamenta morte precoce do realizador Jo\u00e3o Canijo"},"content":{"rendered":"<p>O Presidente da Rep\u00fablica, Marcelo Rebelo de Sousa, lamentou a morte precoce do realizador Jo\u00e3o Canijo, aos 68 anos. O chefe de Estado descreveu Canijo como uma voz forte e singular e um destemido cronista da realidade de Portugal.<\/p>\n<p>A nota publicada na p\u00e1gina da Presid\u00eancia destaca que Canijo tinha recentemente alcan\u00e7ado reconhecimento com o d\u00edptico Mal Viver e Viver Mal. Afirmou ainda que o cineasta filmava h\u00e1 d\u00e9cadas o lado menos vis\u00edvel do pa\u00eds, abordando temas como pobreza, emigra\u00e7\u00e3o e viol\u00eancia, atrav\u00e9s de um registo que mistura melodrama, document\u00e1rio e teatro.<\/p>\n<p>Segundo a Presid\u00eancia, a morte impede o pa\u00eds de ouvir uma voz marcante na cinegrafia nacional, especialmente num momento de maior afirma\u00e7\u00e3o internacional. O Governo, atrav\u00e9s da ministra da Cultura, Margarida Balseiro Lopes, tamb\u00e9m manifestou pesar e descreveu Canijo como uma figura maior do cinema portugu\u00eas contempor\u00e2neo.<\/p>\n<p>Canijo morreu na quinta-feira, e o corpo foi encontrado em casa pela empregada dom\u00e9stica. O cineasta completou 68 anos em dezembro e encontrava-se a terminar o seu mais recente projeto, o filme Encena\u00e7\u00e3o, ao mesmo tempo que filmava uma pe\u00e7a de teatro associada ao seu trabalho.<\/p>\n<p>Nascido em 1957 no Porto, Jo\u00e3o Manuel Altavilla Canijo frequentou Hist\u00f3ria na Faculdade de Letras da Universidade do Porto entre 1978 e 1980. Iniciou a carreira como assistente de realiza\u00e7\u00e3o de nomes como Manoel de Oliveira, Wim Wenders, Alain Tanner e Werner Schroeter.<\/p>\n<p>O historial de Canijo inclui colabora\u00e7\u00e3o em v\u00e1rias obras que marcaram o cinema portugu\u00eas recente. A equipa de produ\u00e7\u00e3o e os atores envolvidos no seu m\u00e9todo de trabalho coletivo j\u00e1 tinham utilizado o seu registo que abrange o teatral e o cinema para retratar realidades sociais complexas.<\/p>\n","protected":false},"excerpt":{"rendered":"<ul>\n<li>O Presidente da Rep\u00fablica, Marcelo Rebelo de Sousa, lamentou a morte precoce do realizador Jo\u00e3o Canijo, aos 68 anos.<\/li>\n<li>O corpo de Canijo foi encontrado em casa pela empregada dom\u00e9stica, na quinta-feira.<\/li>\n<li>A Presid\u00eancia descreveu-o como uma voz forte e singular e um destemido cronista da realidade do pa\u00eds.<\/li>\n<li>O Governo tamb\u00e9m manifestou pesar, destacando Canijo como figura maior do cinema portugu\u00eas contempor\u00e2neo.<\/li>\n<li>O cineasta, nascido em 1957 no Porto, estava a terminar o filme Encena\u00e7\u00e3o e a filmar uma pe\u00e7a de teatro associada, h\u00e1 cerca de duas semanas.<\/li>\n<\/ul>\n","protected":false},"author":2,"featured_media":183541,"comment_status":"closed","ping_status":"closed","sticky":false,"template":"","format":"standard","meta":{"footnotes":""},"categories":[1],"tags":[112,145,4775,982,1014,119],"class_list":["post-183535","post","type-post","status-publish","format-standard","has-post-thumbnail","hentry","category-noticias","tag-cinema","tag-cultura","tag-encenacao","tag-porto","tag-portugal","tag-teatro"],"yoast_head":"<!-- This site is optimized with the Yoast SEO plugin v27.2 - https:\/\/yoast.com\/product\/yoast-seo-wordpress\/ -->\n<title>Presidente lamenta morte precoce do realizador Jo\u00e3o Canijo - Portal Tela Portugal<\/title>\n<meta name=\"robots\" content=\"index, follow, max-snippet:-1, max-image-preview:large, max-video-preview:-1\" \/>\n<meta property=\"og:locale\" content=\"pt_PT\" \/>\n<meta property=\"og:type\" content=\"article\" \/>\n<meta property=\"og:title\" content=\"Presidente lamenta morte precoce do realizador Jo\u00e3o Canijo - Portal Tela Portugal\" \/>\n<meta property=\"og:description\" content=\"O Presidente da Rep\u00fablica, Marcelo Rebelo de Sousa, lamentou a morte precoce do realizador Jo\u00e3o Canijo, aos 68 anos. O corpo de Canijo foi encontrado em casa pela empregada dom\u00e9stica, na quinta-feira. A Presid\u00eancia descreveu-o como uma voz forte e singular e um destemido cronista da realidade do pa\u00eds. O Governo tamb\u00e9m manifestou pesar, destacando Canijo como figura maior do cinema portugu\u00eas contempor\u00e2neo. O cineasta, nascido em 1957 no Porto, estava a terminar o filme Encena\u00e7\u00e3o e a filmar uma pe\u00e7a de teatro associada, h\u00e1 cerca de duas semanas.\" \/>\n<meta property=\"og:url\" content=\"https:\/\/portaltela.pt\/noticias\/2026\/01\/30\/presidente-lamenta-morte-precoce-do-realizador-joao-canijo\/\" \/>\n<meta property=\"og:site_name\" content=\"Portal Tela Portugal\" \/>\n<meta property=\"article:published_time\" content=\"2026-01-30T10:34:25+00:00\" \/>\n<meta name=\"author\" content=\"Telinha\" \/>\n<meta name=\"twitter:card\" content=\"summary_large_image\" \/>\n<meta name=\"twitter:label1\" content=\"Escrito por\" \/>\n\t<meta name=\"twitter:data1\" content=\"Telinha\" \/>\n\t<meta name=\"twitter:label2\" content=\"Tempo estimado de leitura\" \/>\n\t<meta name=\"twitter:data2\" content=\"2 minutos\" \/>\n<script type=\"application\/ld+json\" class=\"yoast-schema-graph\">{\"@context\":\"https:\/\/schema.org\",\"@graph\":[{\"@type\":\"Article\",\"@id\":\"https:\/\/portaltela.pt\/noticias\/2026\/01\/30\/presidente-lamenta-morte-precoce-do-realizador-joao-canijo\/#article\",\"isPartOf\":{\"@id\":\"https:\/\/portaltela.pt\/noticias\/2026\/01\/30\/presidente-lamenta-morte-precoce-do-realizador-joao-canijo\/\"},\"author\":{\"name\":\"Telinha\",\"@id\":\"https:\/\/portaltela.pt\/#\/schema\/person\/c4278d4a6028830caff9ee44b42d32ed\"},\"headline\":\"Presidente lamenta morte precoce do realizador Jo\u00e3o Canijo\",\"datePublished\":\"2026-01-30T10:34:25+00:00\",\"mainEntityOfPage\":{\"@id\":\"https:\/\/portaltela.pt\/noticias\/2026\/01\/30\/presidente-lamenta-morte-precoce-do-realizador-joao-canijo\/\"},\"wordCount\":310,\"image\":{\"@id\":\"https:\/\/portaltela.pt\/noticias\/2026\/01\/30\/presidente-lamenta-morte-precoce-do-realizador-joao-canijo\/#primaryimage\"},\"thumbnailUrl\":\"https:\/\/portaltela.pt\/s.01k8rhncp4jt1\/2026\/01\/img_1500x1000uu2016-02-15-14-29-00-2113438.jpg\",\"keywords\":[\"cinema\",\"cultura\",\"Encena\u00e7\u00e3o\",\"Porto\",\"Portugal\",\"teatro\"],\"articleSection\":[\"Not\u00edcias\"],\"inLanguage\":\"pt-PT\"},{\"@type\":\"WebPage\",\"@id\":\"https:\/\/portaltela.pt\/noticias\/2026\/01\/30\/presidente-lamenta-morte-precoce-do-realizador-joao-canijo\/\",\"url\":\"https:\/\/portaltela.pt\/noticias\/2026\/01\/30\/presidente-lamenta-morte-precoce-do-realizador-joao-canijo\/\",\"name\":\"Presidente lamenta morte precoce do realizador Jo\u00e3o Canijo - Portal Tela Portugal\",\"isPartOf\":{\"@id\":\"https:\/\/portaltela.pt\/#website\"},\"primaryImageOfPage\":{\"@id\":\"https:\/\/portaltela.pt\/noticias\/2026\/01\/30\/presidente-lamenta-morte-precoce-do-realizador-joao-canijo\/#primaryimage\"},\"image\":{\"@id\":\"https:\/\/portaltela.pt\/noticias\/2026\/01\/30\/presidente-lamenta-morte-precoce-do-realizador-joao-canijo\/#primaryimage\"},\"thumbnailUrl\":\"https:\/\/portaltela.pt\/s.01k8rhncp4jt1\/2026\/01\/img_1500x1000uu2016-02-15-14-29-00-2113438.jpg\",\"datePublished\":\"2026-01-30T10:34:25+00:00\",\"author\":{\"@id\":\"https:\/\/portaltela.pt\/#\/schema\/person\/c4278d4a6028830caff9ee44b42d32ed\"},\"breadcrumb\":{\"@id\":\"https:\/\/portaltela.pt\/noticias\/2026\/01\/30\/presidente-lamenta-morte-precoce-do-realizador-joao-canijo\/#breadcrumb\"},\"inLanguage\":\"pt-PT\",\"potentialAction\":[{\"@type\":\"ReadAction\",\"target\":[\"https:\/\/portaltela.pt\/noticias\/2026\/01\/30\/presidente-lamenta-morte-precoce-do-realizador-joao-canijo\/\"]}]},{\"@type\":\"ImageObject\",\"inLanguage\":\"pt-PT\",\"@id\":\"https:\/\/portaltela.pt\/noticias\/2026\/01\/30\/presidente-lamenta-morte-precoce-do-realizador-joao-canijo\/#primaryimage\",\"url\":\"https:\/\/portaltela.pt\/s.01k8rhncp4jt1\/2026\/01\/img_1500x1000uu2016-02-15-14-29-00-2113438.jpg\",\"contentUrl\":\"https:\/\/portaltela.pt\/s.01k8rhncp4jt1\/2026\/01\/img_1500x1000uu2016-02-15-14-29-00-2113438.jpg\",\"width\":796,\"height\":448,\"caption\":\"Jo\u00e3o Canijo\"},{\"@type\":\"BreadcrumbList\",\"@id\":\"https:\/\/portaltela.pt\/noticias\/2026\/01\/30\/presidente-lamenta-morte-precoce-do-realizador-joao-canijo\/#breadcrumb\",\"itemListElement\":[{\"@type\":\"ListItem\",\"position\":1,\"name\":\"In\u00edcio\",\"item\":\"https:\/\/portaltela.pt\/\"},{\"@type\":\"ListItem\",\"position\":2,\"name\":\"Presidente lamenta morte precoce do realizador Jo\u00e3o Canijo\"}]},{\"@type\":\"WebSite\",\"@id\":\"https:\/\/portaltela.pt\/#website\",\"url\":\"https:\/\/portaltela.pt\/\",\"name\":\"Portal Tela Portugal\",\"description\":\"\",\"potentialAction\":[{\"@type\":\"SearchAction\",\"target\":{\"@type\":\"EntryPoint\",\"urlTemplate\":\"https:\/\/portaltela.pt\/?s={search_term_string}\"},\"query-input\":{\"@type\":\"PropertyValueSpecification\",\"valueRequired\":true,\"valueName\":\"search_term_string\"}}],\"inLanguage\":\"pt-PT\"},{\"@type\":\"Person\",\"@id\":\"https:\/\/portaltela.pt\/#\/schema\/person\/c4278d4a6028830caff9ee44b42d32ed\",\"name\":\"Telinha\",\"image\":{\"@type\":\"ImageObject\",\"inLanguage\":\"pt-PT\",\"@id\":\"https:\/\/portaltela.pt\/s.01k8rhncp4jt1\/2025\/11\/talking-bot-125x125.png\",\"url\":\"https:\/\/portaltela.pt\/s.01k8rhncp4jt1\/2025\/11\/talking-bot-125x125.png\",\"contentUrl\":\"https:\/\/portaltela.pt\/s.01k8rhncp4jt1\/2025\/11\/talking-bot-125x125.png\",\"caption\":\"Telinha\"},\"sameAs\":[\"https:\/\/portaltela.pt\/\"],\"url\":\"https:\/\/portaltela.pt\/por\/367410592786\/\"}]}<\/script>\n<!-- \/ Yoast SEO plugin. -->","yoast_head_json":{"title":"Presidente lamenta morte precoce do realizador Jo\u00e3o Canijo - Portal Tela Portugal","robots":{"index":"index","follow":"follow","max-snippet":"max-snippet:-1","max-image-preview":"max-image-preview:large","max-video-preview":"max-video-preview:-1"},"og_locale":"pt_PT","og_type":"article","og_title":"Presidente lamenta morte precoce do realizador Jo\u00e3o Canijo - Portal Tela Portugal","og_description":"O Presidente da Rep\u00fablica, Marcelo Rebelo de Sousa, lamentou a morte precoce do realizador Jo\u00e3o Canijo, aos 68 anos. O corpo de Canijo foi encontrado em casa pela empregada dom\u00e9stica, na quinta-feira. A Presid\u00eancia descreveu-o como uma voz forte e singular e um destemido cronista da realidade do pa\u00eds. O Governo tamb\u00e9m manifestou pesar, destacando Canijo como figura maior do cinema portugu\u00eas contempor\u00e2neo. O cineasta, nascido em 1957 no Porto, estava a terminar o filme Encena\u00e7\u00e3o e a filmar uma pe\u00e7a de teatro associada, h\u00e1 cerca de duas semanas.","og_url":"https:\/\/portaltela.pt\/noticias\/2026\/01\/30\/presidente-lamenta-morte-precoce-do-realizador-joao-canijo\/","og_site_name":"Portal Tela Portugal","article_published_time":"2026-01-30T10:34:25+00:00","author":"Telinha","twitter_card":"summary_large_image","twitter_misc":{"Escrito por":"Telinha","Tempo estimado de leitura":"2 minutos"},"schema":{"@context":"https:\/\/schema.org","@graph":[{"@type":"Article","@id":"https:\/\/portaltela.pt\/noticias\/2026\/01\/30\/presidente-lamenta-morte-precoce-do-realizador-joao-canijo\/#article","isPartOf":{"@id":"https:\/\/portaltela.pt\/noticias\/2026\/01\/30\/presidente-lamenta-morte-precoce-do-realizador-joao-canijo\/"},"author":{"name":"Telinha","@id":"https:\/\/portaltela.pt\/#\/schema\/person\/c4278d4a6028830caff9ee44b42d32ed"},"headline":"Presidente lamenta morte precoce do realizador Jo\u00e3o Canijo","datePublished":"2026-01-30T10:34:25+00:00","mainEntityOfPage":{"@id":"https:\/\/portaltela.pt\/noticias\/2026\/01\/30\/presidente-lamenta-morte-precoce-do-realizador-joao-canijo\/"},"wordCount":310,"image":{"@id":"https:\/\/portaltela.pt\/noticias\/2026\/01\/30\/presidente-lamenta-morte-precoce-do-realizador-joao-canijo\/#primaryimage"},"thumbnailUrl":"https:\/\/portaltela.pt\/s.01k8rhncp4jt1\/2026\/01\/img_1500x1000uu2016-02-15-14-29-00-2113438.jpg","keywords":["cinema","cultura","Encena\u00e7\u00e3o","Porto","Portugal","teatro"],"articleSection":["Not\u00edcias"],"inLanguage":"pt-PT"},{"@type":"WebPage","@id":"https:\/\/portaltela.pt\/noticias\/2026\/01\/30\/presidente-lamenta-morte-precoce-do-realizador-joao-canijo\/","url":"https:\/\/portaltela.pt\/noticias\/2026\/01\/30\/presidente-lamenta-morte-precoce-do-realizador-joao-canijo\/","name":"Presidente lamenta morte precoce do realizador Jo\u00e3o Canijo - Portal Tela Portugal","isPartOf":{"@id":"https:\/\/portaltela.pt\/#website"},"primaryImageOfPage":{"@id":"https:\/\/portaltela.pt\/noticias\/2026\/01\/30\/presidente-lamenta-morte-precoce-do-realizador-joao-canijo\/#primaryimage"},"image":{"@id":"https:\/\/portaltela.pt\/noticias\/2026\/01\/30\/presidente-lamenta-morte-precoce-do-realizador-joao-canijo\/#primaryimage"},"thumbnailUrl":"https:\/\/portaltela.pt\/s.01k8rhncp4jt1\/2026\/01\/img_1500x1000uu2016-02-15-14-29-00-2113438.jpg","datePublished":"2026-01-30T10:34:25+00:00","author":{"@id":"https:\/\/portaltela.pt\/#\/schema\/person\/c4278d4a6028830caff9ee44b42d32ed"},"breadcrumb":{"@id":"https:\/\/portaltela.pt\/noticias\/2026\/01\/30\/presidente-lamenta-morte-precoce-do-realizador-joao-canijo\/#breadcrumb"},"inLanguage":"pt-PT","potentialAction":[{"@type":"ReadAction","target":["https:\/\/portaltela.pt\/noticias\/2026\/01\/30\/presidente-lamenta-morte-precoce-do-realizador-joao-canijo\/"]}]},{"@type":"ImageObject","inLanguage":"pt-PT","@id":"https:\/\/portaltela.pt\/noticias\/2026\/01\/30\/presidente-lamenta-morte-precoce-do-realizador-joao-canijo\/#primaryimage","url":"https:\/\/portaltela.pt\/s.01k8rhncp4jt1\/2026\/01\/img_1500x1000uu2016-02-15-14-29-00-2113438.jpg","contentUrl":"https:\/\/portaltela.pt\/s.01k8rhncp4jt1\/2026\/01\/img_1500x1000uu2016-02-15-14-29-00-2113438.jpg","width":796,"height":448,"caption":"Jo\u00e3o Canijo"},{"@type":"BreadcrumbList","@id":"https:\/\/portaltela.pt\/noticias\/2026\/01\/30\/presidente-lamenta-morte-precoce-do-realizador-joao-canijo\/#breadcrumb","itemListElement":[{"@type":"ListItem","position":1,"name":"In\u00edcio","item":"https:\/\/portaltela.pt\/"},{"@type":"ListItem","position":2,"name":"Presidente lamenta morte precoce do realizador Jo\u00e3o Canijo"}]},{"@type":"WebSite","@id":"https:\/\/portaltela.pt\/#website","url":"https:\/\/portaltela.pt\/","name":"Portal Tela Portugal","description":"","potentialAction":[{"@type":"SearchAction","target":{"@type":"EntryPoint","urlTemplate":"https:\/\/portaltela.pt\/?s={search_term_string}"},"query-input":{"@type":"PropertyValueSpecification","valueRequired":true,"valueName":"search_term_string"}}],"inLanguage":"pt-PT"},{"@type":"Person","@id":"https:\/\/portaltela.pt\/#\/schema\/person\/c4278d4a6028830caff9ee44b42d32ed","name":"Telinha","image":{"@type":"ImageObject","inLanguage":"pt-PT","@id":"https:\/\/portaltela.pt\/s.01k8rhncp4jt1\/2025\/11\/talking-bot-125x125.png","url":"https:\/\/portaltela.pt\/s.01k8rhncp4jt1\/2025\/11\/talking-bot-125x125.png","contentUrl":"https:\/\/portaltela.pt\/s.01k8rhncp4jt1\/2025\/11\/talking-bot-125x125.png","caption":"Telinha"},"sameAs":["https:\/\/portaltela.pt\/"],"url":"https:\/\/portaltela.pt\/por\/367410592786\/"}]}},"_links":{"self":[{"href":"https:\/\/portaltela.pt\/api\/wp\/v2\/posts\/183535","targetHints":{"allow":["GET"]}}],"collection":[{"href":"https:\/\/portaltela.pt\/api\/wp\/v2\/posts"}],"about":[{"href":"https:\/\/portaltela.pt\/api\/wp\/v2\/types\/post"}],"author":[{"embeddable":true,"href":"https:\/\/portaltela.pt\/api\/wp\/v2\/users\/2"}],"replies":[{"embeddable":true,"href":"https:\/\/portaltela.pt\/api\/wp\/v2\/comments?post=183535"}],"version-history":[{"count":0,"href":"https:\/\/portaltela.pt\/api\/wp\/v2\/posts\/183535\/revisions"}],"wp:featuredmedia":[{"embeddable":true,"href":"https:\/\/portaltela.pt\/api\/wp\/v2\/media\/183541"}],"wp:attachment":[{"href":"https:\/\/portaltela.pt\/api\/wp\/v2\/media?parent=183535"}],"wp:term":[{"taxonomy":"category","embeddable":true,"href":"https:\/\/portaltela.pt\/api\/wp\/v2\/categories?post=183535"},{"taxonomy":"post_tag","embeddable":true,"href":"https:\/\/portaltela.pt\/api\/wp\/v2\/tags?post=183535"}],"curies":[{"name":"wp","href":"https:\/\/api.w.org\/{rel}","templated":true}]}}