{"id":183498,"date":"2026-01-30T07:11:22","date_gmt":"2026-01-30T10:11:22","guid":{"rendered":"https:\/\/portaltela.pt\/noticias\/2026\/01\/30\/encontro-de-cantar-das-janeiras-em-travanca-reune-tres-grupos-folcloricos\/"},"modified":"2026-01-30T07:11:22","modified_gmt":"2026-01-30T10:11:22","slug":"encontro-de-cantar-das-janeiras-em-travanca-reune-tres-grupos-folcloricos","status":"publish","type":"post","link":"https:\/\/portaltela.pt\/noticias\/2026\/01\/30\/encontro-de-cantar-das-janeiras-em-travanca-reune-tres-grupos-folcloricos\/","title":{"rendered":"Encontro de Cantar das Janeiras em Travanca re\u00fane tr\u00eas grupos folcl\u00f3ricos"},"content":{"rendered":"<p>O Centro Social e Paroquial de Travanca recebeu, no s\u00e1bado 24 de janeiro, um encontro de Cantar das Janeiras com a participation de tr\u00eas grupos folcl\u00f3ricos. O evento destacou tradi\u00e7\u00f5es locais e ajudou a manter vivas as festas da regi\u00e3o.<\/p>\n<p>O encontro foi organizado pelo Rancho Infantil As Moleirinhas de Travanca e contou com a presen\u00e7a da vice-presidente da C\u00e2mara Municipal de Cinf\u00e3es, S\u00f3nia Soares. A organiza\u00e7\u00e3o enfatizou a participa\u00e7\u00e3o popular como elemento central.<\/p>\n<p>S\u00f3nia Soares sublinhou a import\u00e2ncia de eventos como este para a preserva\u00e7\u00e3o da cultura local e das tradi\u00e7\u00f5es que caracterizam o concelho de Cinf\u00e3es. O objetivo \u00e9 manter viva a mem\u00f3ria festiva da comunidade.<\/p>\n<p>A iniciativa refor\u00e7ou a participa\u00e7\u00e3o de diversas coletividades locais, promovendo interc\u00e2mbio cultural entre grupos folcl\u00f3ricos de Travanca. O formato reuniu m\u00fasica, cantos e tradi\u00e7\u00f5es que se repetem anualmente.<\/p>\n<p>Uma fotografia associada ao evento \u00e9 creditada \u00e0 C\u00e2mara Municipal de Cinf\u00e3es.<\/p>\n","protected":false},"excerpt":{"rendered":"<ul>\n<li>No passado s\u00e1bado, 24 de janeiro, o Centro Social e Paroquial de Travanca acolheu um encontro de Cantar das Janeiras com tr\u00eas grupos folcl\u00f3ricos.<\/li>\n<li>O evento foi organizado pelo Rancho Infantil As Moleirinhas de Travanca.<\/li>\n<li>A vice-presidente da C\u00e2mara Municipal de Cinf\u00e3es, S\u00f3nia Soares, marcou presen\u00e7a.<\/li>\n<li>S\u00f3nia Soares destacou a import\u00e2ncia de este tipo de iniciativas para a preserva\u00e7\u00e3o da cultura e das tradi\u00e7\u00f5es locais.<\/li>\n<li>Fotografia: CM de Cinf\u00e3es.<\/li>\n<\/ul>\n","protected":false},"author":2,"featured_media":183519,"comment_status":"closed","ping_status":"closed","sticky":false,"template":"","format":"standard","meta":{"footnotes":""},"categories":[1],"tags":[2731,1595,145,3731,122,146],"class_list":["post-183498","post","type-post","status-publish","format-standard","has-post-thumbnail","hentry","category-noticias","tag-cinfaes","tag-coletividades","tag-cultura","tag-eventos","tag-musica","tag-tradicoes"],"yoast_head":"<!-- This site is optimized with the Yoast SEO plugin v27.2 - https:\/\/yoast.com\/product\/yoast-seo-wordpress\/ -->\n<title>Encontro de Cantar das Janeiras em Travanca re\u00fane tr\u00eas grupos folcl\u00f3ricos - Portal Tela Portugal<\/title>\n<meta name=\"robots\" content=\"index, follow, max-snippet:-1, max-image-preview:large, max-video-preview:-1\" \/>\n<meta property=\"og:locale\" content=\"pt_PT\" \/>\n<meta property=\"og:type\" content=\"article\" \/>\n<meta property=\"og:title\" content=\"Encontro de Cantar das Janeiras em Travanca re\u00fane tr\u00eas grupos folcl\u00f3ricos - Portal Tela Portugal\" \/>\n<meta property=\"og:description\" content=\"No passado s\u00e1bado, 24 de janeiro, o Centro Social e Paroquial de Travanca acolheu um encontro de Cantar das Janeiras com tr\u00eas grupos folcl\u00f3ricos. O evento foi organizado pelo Rancho Infantil As Moleirinhas de Travanca. A vice-presidente da C\u00e2mara Municipal de Cinf\u00e3es, S\u00f3nia Soares, marcou presen\u00e7a. S\u00f3nia Soares destacou a import\u00e2ncia de este tipo de iniciativas para a preserva\u00e7\u00e3o da cultura e das tradi\u00e7\u00f5es locais. Fotografia: CM de Cinf\u00e3es.\" \/>\n<meta property=\"og:url\" content=\"https:\/\/portaltela.pt\/noticias\/2026\/01\/30\/encontro-de-cantar-das-janeiras-em-travanca-reune-tres-grupos-folcloricos\/\" \/>\n<meta property=\"og:site_name\" content=\"Portal Tela Portugal\" \/>\n<meta property=\"article:published_time\" content=\"2026-01-30T10:11:22+00:00\" \/>\n<meta name=\"author\" content=\"Telinha\" \/>\n<meta name=\"twitter:card\" content=\"summary_large_image\" \/>\n<meta name=\"twitter:label1\" content=\"Escrito por\" \/>\n\t<meta name=\"twitter:data1\" content=\"Telinha\" \/>\n\t<meta name=\"twitter:label2\" content=\"Tempo estimado de leitura\" \/>\n\t<meta name=\"twitter:data2\" content=\"1 minuto\" \/>\n<script type=\"application\/ld+json\" class=\"yoast-schema-graph\">{\"@context\":\"https:\/\/schema.org\",\"@graph\":[{\"@type\":\"Article\",\"@id\":\"https:\/\/portaltela.pt\/noticias\/2026\/01\/30\/encontro-de-cantar-das-janeiras-em-travanca-reune-tres-grupos-folcloricos\/#article\",\"isPartOf\":{\"@id\":\"https:\/\/portaltela.pt\/noticias\/2026\/01\/30\/encontro-de-cantar-das-janeiras-em-travanca-reune-tres-grupos-folcloricos\/\"},\"author\":{\"name\":\"Telinha\",\"@id\":\"https:\/\/portaltela.pt\/#\/schema\/person\/c4278d4a6028830caff9ee44b42d32ed\"},\"headline\":\"Encontro de Cantar das Janeiras em Travanca re\u00fane tr\u00eas grupos folcl\u00f3ricos\",\"datePublished\":\"2026-01-30T10:11:22+00:00\",\"mainEntityOfPage\":{\"@id\":\"https:\/\/portaltela.pt\/noticias\/2026\/01\/30\/encontro-de-cantar-das-janeiras-em-travanca-reune-tres-grupos-folcloricos\/\"},\"wordCount\":183,\"image\":{\"@id\":\"https:\/\/portaltela.pt\/noticias\/2026\/01\/30\/encontro-de-cantar-das-janeiras-em-travanca-reune-tres-grupos-folcloricos\/#primaryimage\"},\"thumbnailUrl\":\"https:\/\/portaltela.pt\/s.01k8rhncp4jt1\/2026\/01\/Encontro-de-Cantar-das-Janeiras-em-Travanca-reune-tres-grupos-folcloricos.jpg\",\"keywords\":[\"Cinf\u00e3es\",\"coletividades\",\"cultura\",\"eventos\",\"m\u00fasica\",\"tradi\u00e7\u00f5es\"],\"articleSection\":[\"Not\u00edcias\"],\"inLanguage\":\"pt-PT\"},{\"@type\":\"WebPage\",\"@id\":\"https:\/\/portaltela.pt\/noticias\/2026\/01\/30\/encontro-de-cantar-das-janeiras-em-travanca-reune-tres-grupos-folcloricos\/\",\"url\":\"https:\/\/portaltela.pt\/noticias\/2026\/01\/30\/encontro-de-cantar-das-janeiras-em-travanca-reune-tres-grupos-folcloricos\/\",\"name\":\"Encontro de Cantar das Janeiras em Travanca re\u00fane tr\u00eas grupos folcl\u00f3ricos - Portal Tela Portugal\",\"isPartOf\":{\"@id\":\"https:\/\/portaltela.pt\/#website\"},\"primaryImageOfPage\":{\"@id\":\"https:\/\/portaltela.pt\/noticias\/2026\/01\/30\/encontro-de-cantar-das-janeiras-em-travanca-reune-tres-grupos-folcloricos\/#primaryimage\"},\"image\":{\"@id\":\"https:\/\/portaltela.pt\/noticias\/2026\/01\/30\/encontro-de-cantar-das-janeiras-em-travanca-reune-tres-grupos-folcloricos\/#primaryimage\"},\"thumbnailUrl\":\"https:\/\/portaltela.pt\/s.01k8rhncp4jt1\/2026\/01\/Encontro-de-Cantar-das-Janeiras-em-Travanca-reune-tres-grupos-folcloricos.jpg\",\"datePublished\":\"2026-01-30T10:11:22+00:00\",\"author\":{\"@id\":\"https:\/\/portaltela.pt\/#\/schema\/person\/c4278d4a6028830caff9ee44b42d32ed\"},\"breadcrumb\":{\"@id\":\"https:\/\/portaltela.pt\/noticias\/2026\/01\/30\/encontro-de-cantar-das-janeiras-em-travanca-reune-tres-grupos-folcloricos\/#breadcrumb\"},\"inLanguage\":\"pt-PT\",\"potentialAction\":[{\"@type\":\"ReadAction\",\"target\":[\"https:\/\/portaltela.pt\/noticias\/2026\/01\/30\/encontro-de-cantar-das-janeiras-em-travanca-reune-tres-grupos-folcloricos\/\"]}]},{\"@type\":\"ImageObject\",\"inLanguage\":\"pt-PT\",\"@id\":\"https:\/\/portaltela.pt\/noticias\/2026\/01\/30\/encontro-de-cantar-das-janeiras-em-travanca-reune-tres-grupos-folcloricos\/#primaryimage\",\"url\":\"https:\/\/portaltela.pt\/s.01k8rhncp4jt1\/2026\/01\/Encontro-de-Cantar-das-Janeiras-em-Travanca-reune-tres-grupos-folcloricos.jpg\",\"contentUrl\":\"https:\/\/portaltela.pt\/s.01k8rhncp4jt1\/2026\/01\/Encontro-de-Cantar-das-Janeiras-em-Travanca-reune-tres-grupos-folcloricos.jpg\",\"width\":796,\"height\":448,\"caption\":\"Encontro de Cantar das Janeiras em Travanca re\u00fane tr\u00eas grupos folcl\u00f3ricos\"},{\"@type\":\"BreadcrumbList\",\"@id\":\"https:\/\/portaltela.pt\/noticias\/2026\/01\/30\/encontro-de-cantar-das-janeiras-em-travanca-reune-tres-grupos-folcloricos\/#breadcrumb\",\"itemListElement\":[{\"@type\":\"ListItem\",\"position\":1,\"name\":\"In\u00edcio\",\"item\":\"https:\/\/portaltela.pt\/\"},{\"@type\":\"ListItem\",\"position\":2,\"name\":\"Encontro de Cantar das Janeiras em Travanca re\u00fane tr\u00eas grupos folcl\u00f3ricos\"}]},{\"@type\":\"WebSite\",\"@id\":\"https:\/\/portaltela.pt\/#website\",\"url\":\"https:\/\/portaltela.pt\/\",\"name\":\"Portal Tela Portugal\",\"description\":\"\",\"potentialAction\":[{\"@type\":\"SearchAction\",\"target\":{\"@type\":\"EntryPoint\",\"urlTemplate\":\"https:\/\/portaltela.pt\/?s={search_term_string}\"},\"query-input\":{\"@type\":\"PropertyValueSpecification\",\"valueRequired\":true,\"valueName\":\"search_term_string\"}}],\"inLanguage\":\"pt-PT\"},{\"@type\":\"Person\",\"@id\":\"https:\/\/portaltela.pt\/#\/schema\/person\/c4278d4a6028830caff9ee44b42d32ed\",\"name\":\"Telinha\",\"image\":{\"@type\":\"ImageObject\",\"inLanguage\":\"pt-PT\",\"@id\":\"https:\/\/portaltela.pt\/s.01k8rhncp4jt1\/2025\/11\/talking-bot-125x125.png\",\"url\":\"https:\/\/portaltela.pt\/s.01k8rhncp4jt1\/2025\/11\/talking-bot-125x125.png\",\"contentUrl\":\"https:\/\/portaltela.pt\/s.01k8rhncp4jt1\/2025\/11\/talking-bot-125x125.png\",\"caption\":\"Telinha\"},\"sameAs\":[\"https:\/\/portaltela.pt\/\"],\"url\":\"https:\/\/portaltela.pt\/por\/367410592786\/\"}]}<\/script>\n<!-- \/ Yoast SEO plugin. -->","yoast_head_json":{"title":"Encontro de Cantar das Janeiras em Travanca re\u00fane tr\u00eas grupos folcl\u00f3ricos - Portal Tela Portugal","robots":{"index":"index","follow":"follow","max-snippet":"max-snippet:-1","max-image-preview":"max-image-preview:large","max-video-preview":"max-video-preview:-1"},"og_locale":"pt_PT","og_type":"article","og_title":"Encontro de Cantar das Janeiras em Travanca re\u00fane tr\u00eas grupos folcl\u00f3ricos - Portal Tela Portugal","og_description":"No passado s\u00e1bado, 24 de janeiro, o Centro Social e Paroquial de Travanca acolheu um encontro de Cantar das Janeiras com tr\u00eas grupos folcl\u00f3ricos. O evento foi organizado pelo Rancho Infantil As Moleirinhas de Travanca. A vice-presidente da C\u00e2mara Municipal de Cinf\u00e3es, S\u00f3nia Soares, marcou presen\u00e7a. S\u00f3nia Soares destacou a import\u00e2ncia de este tipo de iniciativas para a preserva\u00e7\u00e3o da cultura e das tradi\u00e7\u00f5es locais. Fotografia: CM de Cinf\u00e3es.","og_url":"https:\/\/portaltela.pt\/noticias\/2026\/01\/30\/encontro-de-cantar-das-janeiras-em-travanca-reune-tres-grupos-folcloricos\/","og_site_name":"Portal Tela Portugal","article_published_time":"2026-01-30T10:11:22+00:00","author":"Telinha","twitter_card":"summary_large_image","twitter_misc":{"Escrito por":"Telinha","Tempo estimado de leitura":"1 minuto"},"schema":{"@context":"https:\/\/schema.org","@graph":[{"@type":"Article","@id":"https:\/\/portaltela.pt\/noticias\/2026\/01\/30\/encontro-de-cantar-das-janeiras-em-travanca-reune-tres-grupos-folcloricos\/#article","isPartOf":{"@id":"https:\/\/portaltela.pt\/noticias\/2026\/01\/30\/encontro-de-cantar-das-janeiras-em-travanca-reune-tres-grupos-folcloricos\/"},"author":{"name":"Telinha","@id":"https:\/\/portaltela.pt\/#\/schema\/person\/c4278d4a6028830caff9ee44b42d32ed"},"headline":"Encontro de Cantar das Janeiras em Travanca re\u00fane tr\u00eas grupos folcl\u00f3ricos","datePublished":"2026-01-30T10:11:22+00:00","mainEntityOfPage":{"@id":"https:\/\/portaltela.pt\/noticias\/2026\/01\/30\/encontro-de-cantar-das-janeiras-em-travanca-reune-tres-grupos-folcloricos\/"},"wordCount":183,"image":{"@id":"https:\/\/portaltela.pt\/noticias\/2026\/01\/30\/encontro-de-cantar-das-janeiras-em-travanca-reune-tres-grupos-folcloricos\/#primaryimage"},"thumbnailUrl":"https:\/\/portaltela.pt\/s.01k8rhncp4jt1\/2026\/01\/Encontro-de-Cantar-das-Janeiras-em-Travanca-reune-tres-grupos-folcloricos.jpg","keywords":["Cinf\u00e3es","coletividades","cultura","eventos","m\u00fasica","tradi\u00e7\u00f5es"],"articleSection":["Not\u00edcias"],"inLanguage":"pt-PT"},{"@type":"WebPage","@id":"https:\/\/portaltela.pt\/noticias\/2026\/01\/30\/encontro-de-cantar-das-janeiras-em-travanca-reune-tres-grupos-folcloricos\/","url":"https:\/\/portaltela.pt\/noticias\/2026\/01\/30\/encontro-de-cantar-das-janeiras-em-travanca-reune-tres-grupos-folcloricos\/","name":"Encontro de Cantar das Janeiras em Travanca re\u00fane tr\u00eas grupos folcl\u00f3ricos - Portal Tela Portugal","isPartOf":{"@id":"https:\/\/portaltela.pt\/#website"},"primaryImageOfPage":{"@id":"https:\/\/portaltela.pt\/noticias\/2026\/01\/30\/encontro-de-cantar-das-janeiras-em-travanca-reune-tres-grupos-folcloricos\/#primaryimage"},"image":{"@id":"https:\/\/portaltela.pt\/noticias\/2026\/01\/30\/encontro-de-cantar-das-janeiras-em-travanca-reune-tres-grupos-folcloricos\/#primaryimage"},"thumbnailUrl":"https:\/\/portaltela.pt\/s.01k8rhncp4jt1\/2026\/01\/Encontro-de-Cantar-das-Janeiras-em-Travanca-reune-tres-grupos-folcloricos.jpg","datePublished":"2026-01-30T10:11:22+00:00","author":{"@id":"https:\/\/portaltela.pt\/#\/schema\/person\/c4278d4a6028830caff9ee44b42d32ed"},"breadcrumb":{"@id":"https:\/\/portaltela.pt\/noticias\/2026\/01\/30\/encontro-de-cantar-das-janeiras-em-travanca-reune-tres-grupos-folcloricos\/#breadcrumb"},"inLanguage":"pt-PT","potentialAction":[{"@type":"ReadAction","target":["https:\/\/portaltela.pt\/noticias\/2026\/01\/30\/encontro-de-cantar-das-janeiras-em-travanca-reune-tres-grupos-folcloricos\/"]}]},{"@type":"ImageObject","inLanguage":"pt-PT","@id":"https:\/\/portaltela.pt\/noticias\/2026\/01\/30\/encontro-de-cantar-das-janeiras-em-travanca-reune-tres-grupos-folcloricos\/#primaryimage","url":"https:\/\/portaltela.pt\/s.01k8rhncp4jt1\/2026\/01\/Encontro-de-Cantar-das-Janeiras-em-Travanca-reune-tres-grupos-folcloricos.jpg","contentUrl":"https:\/\/portaltela.pt\/s.01k8rhncp4jt1\/2026\/01\/Encontro-de-Cantar-das-Janeiras-em-Travanca-reune-tres-grupos-folcloricos.jpg","width":796,"height":448,"caption":"Encontro de Cantar das Janeiras em Travanca re\u00fane tr\u00eas grupos folcl\u00f3ricos"},{"@type":"BreadcrumbList","@id":"https:\/\/portaltela.pt\/noticias\/2026\/01\/30\/encontro-de-cantar-das-janeiras-em-travanca-reune-tres-grupos-folcloricos\/#breadcrumb","itemListElement":[{"@type":"ListItem","position":1,"name":"In\u00edcio","item":"https:\/\/portaltela.pt\/"},{"@type":"ListItem","position":2,"name":"Encontro de Cantar das Janeiras em Travanca re\u00fane tr\u00eas grupos folcl\u00f3ricos"}]},{"@type":"WebSite","@id":"https:\/\/portaltela.pt\/#website","url":"https:\/\/portaltela.pt\/","name":"Portal Tela Portugal","description":"","potentialAction":[{"@type":"SearchAction","target":{"@type":"EntryPoint","urlTemplate":"https:\/\/portaltela.pt\/?s={search_term_string}"},"query-input":{"@type":"PropertyValueSpecification","valueRequired":true,"valueName":"search_term_string"}}],"inLanguage":"pt-PT"},{"@type":"Person","@id":"https:\/\/portaltela.pt\/#\/schema\/person\/c4278d4a6028830caff9ee44b42d32ed","name":"Telinha","image":{"@type":"ImageObject","inLanguage":"pt-PT","@id":"https:\/\/portaltela.pt\/s.01k8rhncp4jt1\/2025\/11\/talking-bot-125x125.png","url":"https:\/\/portaltela.pt\/s.01k8rhncp4jt1\/2025\/11\/talking-bot-125x125.png","contentUrl":"https:\/\/portaltela.pt\/s.01k8rhncp4jt1\/2025\/11\/talking-bot-125x125.png","caption":"Telinha"},"sameAs":["https:\/\/portaltela.pt\/"],"url":"https:\/\/portaltela.pt\/por\/367410592786\/"}]}},"_links":{"self":[{"href":"https:\/\/portaltela.pt\/api\/wp\/v2\/posts\/183498","targetHints":{"allow":["GET"]}}],"collection":[{"href":"https:\/\/portaltela.pt\/api\/wp\/v2\/posts"}],"about":[{"href":"https:\/\/portaltela.pt\/api\/wp\/v2\/types\/post"}],"author":[{"embeddable":true,"href":"https:\/\/portaltela.pt\/api\/wp\/v2\/users\/2"}],"replies":[{"embeddable":true,"href":"https:\/\/portaltela.pt\/api\/wp\/v2\/comments?post=183498"}],"version-history":[{"count":0,"href":"https:\/\/portaltela.pt\/api\/wp\/v2\/posts\/183498\/revisions"}],"wp:featuredmedia":[{"embeddable":true,"href":"https:\/\/portaltela.pt\/api\/wp\/v2\/media\/183519"}],"wp:attachment":[{"href":"https:\/\/portaltela.pt\/api\/wp\/v2\/media?parent=183498"}],"wp:term":[{"taxonomy":"category","embeddable":true,"href":"https:\/\/portaltela.pt\/api\/wp\/v2\/categories?post=183498"},{"taxonomy":"post_tag","embeddable":true,"href":"https:\/\/portaltela.pt\/api\/wp\/v2\/tags?post=183498"}],"curies":[{"name":"wp","href":"https:\/\/api.w.org\/{rel}","templated":true}]}}